{"id":2062348,"date":"2026-07-26T07:26:19","date_gmt":"2026-07-26T04:26:19","guid":{"rendered":"https:\/\/analyse.optim.biz\/?p=2062348"},"modified":"2026-07-26T07:26:19","modified_gmt":"2026-07-26T04:26:19","slug":"criza-apei-raurile-din-europa-devin-tot-mai-mici-si-olanda-a-declarat-penurie-dunarea-a-ajuns-la-cel-mai-scazut-nivel-din-1996-si-a-scos-la-suprafata-epave-din-cel-de-al-doilea-razboi-mondial","status":"publish","type":"post","link":"https:\/\/analyse.optim.biz\/?p=2062348","title":{"rendered":"Criza apei: R\u00e2urile din Europa devin tot mai mici \u0219i Olanda a declarat penurie. Dun\u0103rea a ajuns la cel mai sc\u0103zut nivel din 1996 \u0219i a scos la suprafa\u021b\u0103 epave din cel de-al Doilea R\u0103zboi Mondial"},"content":{"rendered":"<p>[analyse_image type=&#8221;featured&#8221; src=&#8221;https:\/\/r3media.ro\/wp-content\/uploads\/2022\/05\/canal-dunarea-marea-neagra-e1653508842764.jpghttps:\/\/r3media.ro\/wp-content\/uploads\/2022\/05\/canal-dunarea-marea-neagra-e1653508842764.jpg&#8221;]<\/p>\n<article id=\"template-id-109\" class=\"post-109 tdb_templates type-tdb_templates status-publish post\">\n<div id=\"tdi_2\" class=\"tdc-zone\">\n<div class=\"tdc_zone tdi_3  wpb_row td-pb-row\">\n<div id=\"tdi_4\" class=\"tdc-row\">\n<div class=\"vc_row tdi_5  wpb_row td-pb-row\">\n<div class=\"vc_column tdi_7  wpb_column vc_column_container tdc-column td-pb-span8\">\n<div class=\"wpb_wrapper\">\n<div class=\"td_block_wrap tdb_breadcrumbs tdi_8 td-pb-border-top td_block_template_1 tdb-breadcrumbs \" data-td-block-uid=\"tdi_8\">\n<div class=\"tdb-block-inner td-fix-index\"><span><a title=\"Vede\u021bi toate articolele \u00een FEATURED\" class=\"tdb-entry-crumb\" href=\"https:\/\/r3media.ro\/category\/featured\/\">FEATURED<\/a><\/span><span class=\"tdb-bred-no-url-last\">Criza apei: R\u00e2urile din Europa devin tot mai mici \u0219i Olanda a&#8230;<\/span><\/div>\n<\/div>\n<div class=\"td_block_wrap tdb_single_categories tdi_9 td-pb-border-top td_block_template_1 \" data-td-block-uid=\"tdi_9\">\n<div class=\"tdb-category td-fix-index\"><a class=\"tdb-entry-category\" href=\"https:\/\/r3media.ro\/category\/featured\/\">FEATURED<\/a><a class=\"tdb-entry-category\" href=\"https:\/\/r3media.ro\/category\/stiri\/\">\u0218TIRI<\/a><\/div>\n<\/div>\n<div class=\"td_block_wrap tdb_title tdi_10 tdb-single-title td-pb-border-top td_block_template_1\" data-td-block-uid=\"tdi_10\">\n<div class=\"tdb-block-inner td-fix-index\">\n<h1 class=\"tdb-title-text\">Criza apei: R\u00e2urile din Europa devin tot mai mici \u0219i Olanda a declarat penurie. Dun\u0103rea a ajuns la cel mai sc\u0103zut nivel din 1996 \u0219i a scos la suprafa\u021b\u0103 epave din cel de-al Doilea R\u0103zboi Mondial<\/h1>\n<\/div>\n<\/div>\n<div class=\"vc_row_inner tdi_12  vc_row vc_inner wpb_row td-pb-row\">\n<div class=\"vc_column_inner tdi_14  wpb_column vc_column_container tdc-inner-column td-pb-span12\">\n<div class=\"vc_column-inner\">\n<div class=\"wpb_wrapper\">\n<div class=\"td_block_wrap tdb_single_author tdi_15 td-pb-border-top td_block_template_1 tdb-post-meta\" data-td-block-uid=\"tdi_15\">\n<div class=\"tdb-block-inner td-fix-index\">\n<div class=\"tdb-author-name-wrap\"><a class=\"tdb-author-name\" href=\"https:\/\/r3media.ro\/author\/oana\/\">Oana Ivan<\/a><\/div>\n<\/div>\n<\/div>\n<div class=\"td_block_wrap tdb_single_date tdi_16 td-pb-border-top td_block_template_1 tdb-post-meta\" data-td-block-uid=\"tdi_16\">\n<div class=\"tdb-block-inner td-fix-index\"><time class=\"entry-date updated td-module-date\" datetime=\"2026-07-26T10:26:19+03:00\">26\/07\/2026<\/time><\/div>\n<\/div>\n<\/div>\n<\/div>\n<\/div>\n<\/div>\n<div class=\"td_block_wrap tdb_single_featured_image tdi_17 tdb-content-horiz-left td-pb-border-top td_block_template_1\" data-td-block-uid=\"tdi_17\">\n<div class=\"tdb-block-inner td-fix-index\">\n<figure><figcaption class=\"tdb-caption-text\">Sursa foto: Agerpres<\/figcaption><\/figure>\n<\/div>\n<\/div>\n<div class=\"td_block_wrap tdb_single_content tdi_18 td-pb-border-top td_block_template_1 td-post-content tagdiv-type\" data-td-block-uid=\"tdi_18\">\n<div class=\"tdb-block-inner td-fix-index\">\n<p><strong>Sc\u0103derea nivelului apei \u00een <a href=\"https:\/\/r3media.ro\/tag\/olanda-tarile-de-jos\/\" target=\"_blank\" rel=\"noopener\">Olanda<\/a> a l\u0103sat expuse \u00eentinderi largi de maluri, iar sectorul transportului maritim se preg\u0103te\u0219te pentru probleme. De\u0219i era o \u021bar\u0103 care se confrunta cu prea mult\u0103 ap\u0103, lucrurile s-au schimbat la 180 de grade, potrivit <a href=\"https:\/\/edition.cnn.com\/2026\/07\/21\/climate\/netherlands-drought-water-crisis-europe-heat\" target=\"_blank\" rel=\"noopener\">CNN<\/a>.<\/strong><\/p>\n<p>Joi, \u021bara a declarat o penurie oficial\u0103 de ap\u0103. R\u0103spunsul na\u021bional la secet\u0103 a fost ridicat la nivelul 2.<\/p>\n<p>\u201eDin cauza secetei persistente, mai pu\u021bin\u0103 ap\u0103 intr\u0103 \u00een \u021bara noastr\u0103 prin ploaie \u0219i r\u00e2uri, \u00een timp ce cererea de ap\u0103 cre\u0219te\u201d, a declarat Ministerul Infrastructurii \u0219i Gospod\u0103ririi Apelor \u00eentr-un comunicat.<\/p>\n<p>Organismele guvernamentale \u0219i companiile de ap\u0103 vor evalua acum ce este necesar pentru a reduce consumul. M\u0103surile ar putea include reducerea pomp\u0103rii apelor subterane \u0219i operarea mai rar a ecluzelor r\u00e2urilor. Ministerul a subliniat c\u0103 apa potabil\u0103 nu va fi afectat\u0103, de\u0219i sf\u0103tuie\u0219te oamenii s\u0103 o foloseasc\u0103 \u201econ\u0219tient\u201d.<\/p>\n<p>Situa\u021bia \u201eeste alarmant\u0103 \u0219i nu o spun cu u\u0219urin\u021b\u0103\u201d, a declarat Hannah Cloke, profesor la Universitatea din Reading, Marea Britanie.<\/p>\n<p>\u201eCalendarul este ceea ce m\u0103 \u00eengrijoreaz\u0103 cel mai mult. Olanda a declarat o penurie real\u0103 de ap\u0103 la mijlocul lunii iulie\u201d, a ad\u0103ugat ea. Mai este mult timp de var\u0103, iar prognozele arat\u0103 pu\u021bine speran\u021be de ameliorare timp de s\u0103pt\u0103m\u00e2ni \u00eentregi.<\/p>\n<h2><strong>Criza apei \u00een toat\u0103 Europa. \u0218i alte \u021b\u0103ri se confrunt\u0103 cu probleme<\/strong><\/h2>\n<p>\u00a0<\/p>\n<p>Probleme similare au loc \u00een multe p\u0103r\u021bi ale Europei. Continentul trece printr-o var\u0103 de valuri de c\u0103ldur\u0103 brutale, care seac\u0103 r\u00e2urile \u0219i amenin\u021b\u0103 rezervele de ap\u0103.<\/p>\n<p>\u201eNu este ghinion\u201d, a spus Cloke.<\/p>\n<p>\u201eC\u0103ldura usuc\u0103 solul, gole\u0219te r\u00e2urile \u0219i cre\u0219te cererea de ap\u0103, totul dintr-o dat\u0103. Aceasta este amprenta unei clime \u00een schimbare\u201d, a ad\u0103ugat ea.<\/p>\n<p>Lipsa de ap\u0103 a Olandei poate p\u0103rea \u0219ocant\u0103. Aceasta este o \u021bar\u0103 umed\u0103 care a \u00eembl\u00e2nzit m\u0103rile \u0219i s-a adaptat la inunda\u021bii \u00eentr-un mod care a atras invidia altor na\u021biuni. Dar, din ce \u00een ce mai mult, se confrunt\u0103 \u0219i cu extrema opus\u0103.<\/p>\n<p>\u201eSecetele sunt noile inunda\u021bii\u201d, a declarat Jan Verkade, hidrometeorolog la Deltares, un institut independent de cercetare a apei din Olanda.<\/p>\n<p>\u021aara se confrunt\u0103 \u00een prezent cu condi\u021bii care nu ar fi de a\u0219teptat p\u00e2n\u0103 la sf\u00e2r\u0219itul verii, dac\u0103 exist\u0103. Nu au existat ploi semnificative \u00een iulie, iar temperaturile sunt peste medie.<\/p>\n<p>Apa din r\u00e2urile Rin \u0219i Meuse este neobi\u0219nuit de cald\u0103 av\u00e2nd aproximativ 25 de grade Celsius. Exist\u0103 rapoarte despre r\u0103sp\u00e2ndirea algelor albastru-verzui \u0219i moartea pe\u0219tilor. Exist\u0103, de asemenea, pericolul ca apele s\u0103 devin\u0103 mai s\u0103rate, deoarece nivelurile \u00een sc\u0103dere permit apei de mare s\u0103 \u00eemping\u0103 mai departe spre continent.<\/p>\n<p>Olanda a avut ultima lips\u0103 de ap\u0103 de Nivel 2 \u00een august 2022 \u0219i nu a mai avut o lips\u0103 de Nivel 3, definit\u0103 drept o \u201e<a href=\"https:\/\/r3media.ro\/tag\/criza-apei\/\" target=\"_blank\" rel=\"noopener\"><strong>criz\u0103 a apei<\/strong><\/a>\u201d, din 2003.<\/p>\n<h2><strong>Criza apei: Dun\u0103rea a ajuns la cel mai sc\u0103zut nivel din 1996. Au ie\u0219it la suprafa\u021b\u0103 epave din cel de-al Doilea R\u0103zboi Mondial<\/strong><\/h2>\n<p>\u00a0<\/p>\n<p>Situa\u021bia nu e departe de a fi grav\u0103 \u0219i \u00een Rom\u00e2nia, unde Dun\u0103rea a ajuns la cel mai cobor\u00e2t nivel dup\u0103 1996. Autorit\u0103\u021bile au fost nevoite s\u0103 impun\u0103 restric\u021bii privind folosirea apei pentru iriga\u021bii. Totodat\u0103, transportul fluvial \u0219i activit\u0103\u021bile turistice de pe fluviu au fost afectate, conform <a href=\"https:\/\/economedia.ro\/dunarea-a-ajuns-la-cel-mai-scazut-nivel-din-ultimii-aproape-30-de-ani-restrictii-la-irigatii-transport-fluvial-afectat-si-probleme-pentru-exporturile-de-cereale.html\" target=\"_blank\" rel=\"noopener\">Economedia<\/a>.<\/p>\n<p>Seceta \u0219i valurile de c\u0103ldur\u0103 au redus nivelul apelor pe mai multe c\u0103i navigabile din Europa. Potrivit Reuters, temperatura maxim\u0103 medie din Europa de Vest era estimat\u0103 luni la 26,2 grade Celsius, cu 2,7 grade peste media obi\u0219nuit\u0103 pentru aceast\u0103 perioad\u0103 a anului.<\/p>\n<p>Reuters a publicat imagini cu por\u021biuni \u00eentinse de nisip pe malurile Dun\u0103rii, la frontiera Rom\u00e2niei cu Bulgaria. Din cauza nivelului sc\u0103zut al apei, mai multe curse de feribot au fost suspendate. De asemenea, barjele care transport\u0103 cereale au r\u0103mas blocate.<\/p>\n<p>Dun\u0103rea reprezint\u0103 o rut\u0103 esen\u021bial\u0103 pentru transportul m\u0103rfurilor, \u00een special pentru cerealele rom\u00e2ne\u0219ti.<\/p>\n<p>\u00cen sud-estul \u021b\u0103rii, autorit\u0103\u021bile au limitat apa disponibil\u0103 pentru iriga\u021bii \u0219i au gestionat rezervele astfel \u00eenc\u00e2t s\u0103 fie asigurat debitul minim necesar pentru r\u0103cirea celor dou\u0103 reactoare ale centralei nucleare de la Cernavod\u0103, operate de Nuclearelectrica.<\/p>\n<p>Potrivit Administra\u021biei Na\u021bionale \u201eApele Rom\u00e2ne\u201d, nivelul Dun\u0103rii ar urma s\u0103 creasc\u0103 treptat \u00eencep\u00e2nd de luni, ca urmare a ploilor abundente c\u0103zute \u00een mai multe jude\u021be.<\/p>\n<p>Reamintim c\u0103 Rom\u00e2nia a decis <strong><a href=\"https:\/\/r3media.ro\/marea-britanie-apa-inteligenta-artificiala-romania-centru-ai-restrictii-consum-apa\/\" target=\"_blank\" rel=\"noopener\">construirea unui centru de date AI<\/a><\/strong> la grani\u021ba jude\u021belor Cluj \u0219i Mure\u0219. Un astfel de obiectiv are nevoie de extrem de mult\u0103 ap\u0103 pentru r\u0103cire, iar consumul ar fi imens.<\/p>\n<p>Mai mult dec\u00e2t at\u00e2t, consumul de energie necesar pentru func\u021bionarea centrului Quantum AI construit de americani este echivalentul a \u201etot consumul de electricitate al Craiovei \u2013 pentru iluminat, electrocasnice \u0219i industrie\u201d. Craiova are o popula\u021bie stabil\u0103 de peste 234.000 de locuitori, iar cu zona metropolitan\u0103 cifra dep\u0103\u0219e\u0219te 356.000 de oameni.<\/p>\n<div class=\"crp_related     crp-masonry\">\n<h2>\u00ceN CONTEXT<\/h2>\n<ul>\n<li><a href=\"https:\/\/r3media.ro\/fara-tine-in-google-r3media-dispare-iata-ce-poti-face-in-10-secunde\/\" class=\"crp_link post-119031\"><span class=\"crp_title\">F\u0103r\u0103 tine \u00een Google, R3media dispare. Iat\u0103 ce po\u021bi face \u00een 10 secunde<\/span><\/a><\/li>\n<li><a href=\"https:\/\/r3media.ro\/se-adevereste-calin-georgescu-criza-apei-coreea-de-sud-consum-rationalizat-presedintele-lee-jae-myung-zona-dezastru-national\/\" class=\"crp_link post-112896\"><span class=\"crp_title\">Se adevere\u0219te tot ce spunea C\u0103lin Georgescu despre criza apei: \u00cen Coreea de Sud, consumul a\u2026<\/span><\/a><\/li>\n<li><a href=\"https:\/\/r3media.ro\/marea-britanie-apa-inteligenta-artificiala-romania-centru-ai-restrictii-consum-apa\/\" class=\"crp_link post-120415\"><span class=\"crp_title\">Marea Britanie nu mai are suficient\u0103 ap\u0103 pentru Inteligen\u021ba Artificial\u0103, dar Rom\u00e2nia vrea s\u0103\u2026<\/span><\/a><\/li>\n<li><a href=\"https:\/\/r3media.ro\/efecte-in-cascada-intrerupere-alimentaare-apa-prahova-dambovita-centrala-electrica-petrom-brazi-oprit-risc-blackout-asigura-10-energia-romaniei\/\" class=\"crp_link post-114363\"><span class=\"crp_title\">Efecte \u00een cascad\u0103 dup\u0103 \u00eentreruperea aliment\u0103rii cu ap\u0103 din Prahova \u0219i D\u00e2mbovi\u021ba: Centrala\u2026<\/span><\/a><\/li>\n<li><a href=\"https:\/\/r3media.ro\/criza-apei-grecia-sapte-insule-stare-de-urgenta-localnici-recolte\/\" class=\"crp_link post-120027\"><span class=\"crp_title\">Criza apei pe \u0219apte insule din Grecia: A fost emis\u0103 stare de urgen\u021b\u0103. Localnicii nu mai au\u2026<\/span><\/a><\/li>\n<li><a href=\"https:\/\/r3media.ro\/olanda-pregateste-o-lege-care-ar-obliga-companiile-private-sa-produca-pentru-armata-in-caz-de-razboi\/\" class=\"crp_link post-119660\"><span class=\"crp_title\">Olanda preg\u0103te\u0219te o lege care ar obliga companiile private s\u0103 produc\u0103 pentru armat\u0103 \u00een caz de r\u0103zboi<\/span><\/a><\/li>\n<\/ul>\n<\/div>\n<\/div>\n<\/div>\n<div class=\"td_block_wrap tdb_single_tags tdi_19 td-pb-border-top td_block_template_1\" data-td-block-uid=\"tdi_19\">\n<div class=\"tdb-block-inner td-fix-index\">\n<ul class=\"tdb-tags\">\n<li><span>SUBIECTE FIERBIN\u021aI<\/span><\/li>\n<li><a href=\"https:\/\/r3media.ro\/tag\/criza-apei\/\">criza apei<\/a><\/li>\n<li><a href=\"https:\/\/r3media.ro\/tag\/dunarea\/\">dunarea<\/a><\/li>\n<li><a href=\"https:\/\/r3media.ro\/tag\/olanda-tarile-de-jos\/\">Olanda (\u021a\u0103rile de jos)<\/a><\/li>\n<\/ul>\n<\/div>\n<\/div>\n<div class=\"td_block_wrap td_block_9 tdi_20 td_with_ajax_pagination td-pb-border-top td_block_template_1 td-column-2 td_block_padding td_block_bot_line\" data-td-block-uid=\"tdi_20\">\n<div class=\"td-block-title-wrap\">\n<h4 class=\"block-title td-block-title\"><span class=\"td-pulldown-size\">CITE\u0218TE MAI MULT<\/span><\/h4>\n<\/div>\n<div id=\"tdi_20\" class=\"td_block_inner\">\n<div class=\"td-block-row\">\n<div class=\"td-block-span6\">\n<div class=\"td_module_8 td_module_wrap\">\n<div class=\"item-details\">\n<h3 class=\"entry-title td-module-title\"><a href=\"https:\/\/r3media.ro\/marea-britanie-apa-inteligenta-artificiala-romania-centru-ai-restrictii-consum-apa\/\" rel=\"bookmark\" title=\"Marea Britanie nu mai are suficient\u0103 ap\u0103 pentru Inteligen\u021ba Artificial\u0103, dar Rom\u00e2nia vrea s\u0103 g\u0103zduiasc\u0103 un centru AI care consum\u0103 c\u00e2t sute de mii de oameni \u0219i impune restric\u021bii la consumul de ap\u0103 al popula\u021biei\">Marea Britanie nu mai are suficient\u0103 ap\u0103 pentru Inteligen\u021ba Artificial\u0103, dar Rom\u00e2nia vrea s\u0103&#8230;<\/a><\/h3>\n<div class=\"td-module-meta-info\"><a href=\"https:\/\/r3media.ro\/category\/stiri-prim-plan\/\" class=\"td-post-category\">PRIM PLAN<\/a><span class=\"td-post-author-name\"><a href=\"https:\/\/r3media.ro\/author\/radu_ursan\/\">Radu Ursan<\/a><span>&#8211;<\/span><\/span><span class=\"td-post-date\"><time class=\"entry-date updated td-module-date\" datetime=\"2026-07-23T11:44:13+03:00\">23\/07\/2026<\/time><\/span><\/div>\n<\/div>\n<\/div>\n<\/div>\n<div class=\"td-block-span6\">\n<div class=\"td_module_8 td_module_wrap\">\n<div class=\"item-details\">\n<h3 class=\"entry-title td-module-title\"><a href=\"https:\/\/r3media.ro\/campion-olimpic-olaf-tufte-mort-subit-50-ani\/\" rel=\"bookmark\" title=\"Campionul olimpic Olaf Tufte a murit subit la 50 de ani\">Campionul olimpic Olaf Tufte a murit subit la 50 de ani<\/a><\/h3>\n<div class=\"td-module-meta-info\"><a href=\"https:\/\/r3media.ro\/category\/actualitate\/\" class=\"td-post-category\">ACTUALITATE<\/a><span class=\"td-post-author-name\"><a href=\"https:\/\/r3media.ro\/author\/oana\/\">Oana Ivan<\/a><span>&#8211;<\/span><\/span><span class=\"td-post-date\"><time class=\"entry-date updated td-module-date\" datetime=\"2026-07-22T12:11:02+03:00\">22\/07\/2026<\/time><\/span><\/div>\n<\/div>\n<\/div>\n<\/div>\n<\/div>\n<div class=\"td-block-row\">\n<div class=\"td-block-span6\">\n<div class=\"td_module_8 td_module_wrap\">\n<div class=\"item-details\">\n<h3 class=\"entry-title td-module-title\"><a href=\"https:\/\/r3media.ro\/explozie-incendiu-fabrica-kronospan-brasov-video\/\" rel=\"bookmark\" title=\"VIDEO | Explozie urmat\u0103 de un incendiu la fabrica Kronospan din Bra\u0219ov. \u00cen timp ce pompierii \u00eencercau s\u0103 sting\u0103 focul s-a produs o alt\u0103 explozie\">VIDEO | Explozie urmat\u0103 de un incendiu la fabrica Kronospan din Bra\u0219ov. \u00cen timp&#8230;<\/a><\/h3>\n<div class=\"td-module-meta-info\"><a href=\"https:\/\/r3media.ro\/category\/actualitate\/\" class=\"td-post-category\">ACTUALITATE<\/a><span class=\"td-post-author-name\"><a href=\"https:\/\/r3media.ro\/author\/oana\/\">Oana Ivan<\/a><span>&#8211;<\/span><\/span><span class=\"td-post-date\"><time class=\"entry-date updated td-module-date\" datetime=\"2026-07-22T10:01:28+03:00\">22\/07\/2026<\/time><\/span><\/div>\n<\/div>\n<\/div>\n<\/div>\n<div class=\"td-block-span6\">\n<div class=\"td_module_8 td_module_wrap\">\n<div class=\"item-details\">\n<h3 class=\"entry-title td-module-title\"><a href=\"https:\/\/r3media.ro\/asa-incepe-compania-openai-afirma-un-model-de-inteligenta-artificiala-a-atacat-din-proprie-initiativa-sistemele-unei-alte-companii\/\" rel=\"bookmark\" title=\"A\u0219a \u00eencepe? Compania OpenAI afirm\u0103 un model de inteligen\u021b\u0103 artificial\u0103 a ATACAT din proprie ini\u021biativ\u0103 sistemele unei alte companii\">A\u0219a \u00eencepe? Compania OpenAI afirm\u0103 un model de inteligen\u021b\u0103 artificial\u0103 a ATACAT din proprie&#8230;<\/a><\/h3>\n<div class=\"td-module-meta-info\"><a href=\"https:\/\/r3media.ro\/category\/actualitate\/\" class=\"td-post-category\">ACTUALITATE<\/a><span class=\"td-post-author-name\"><a href=\"https:\/\/r3media.ro\/author\/teodor_stan\/\">Teodor Stan<\/a><span>&#8211;<\/span><\/span><span class=\"td-post-date\"><time class=\"entry-date updated td-module-date\" datetime=\"2026-07-22T09:10:53+03:00\">22\/07\/2026<\/time><\/span><\/div>\n<\/div>\n<\/div>\n<\/div>\n<\/div>\n<div class=\"td-block-row\">\n<div class=\"td-block-span6\">\n<div class=\"td_module_8 td_module_wrap\">\n<div class=\"item-details\">\n<h3 class=\"entry-title td-module-title\"><a href=\"https:\/\/r3media.ro\/episcopul-husilor-oameni-animale-therieni-degradare-progresism\/\" rel=\"bookmark\" title=\"Episcopul Hu\u0219ilor, despre oamenii care se cred animale: V\u0103 da\u021bi seama c\u00e2t\u0103 degradare uman\u0103 este? De ce? Pentru c\u0103 se \u00eencred \u00een progresism\">Episcopul Hu\u0219ilor, despre oamenii care se cred animale: V\u0103 da\u021bi seama c\u00e2t\u0103 degradare uman\u0103&#8230;<\/a><\/h3>\n<div class=\"td-module-meta-info\"><a href=\"https:\/\/r3media.ro\/category\/actualitate\/\" class=\"td-post-category\">ACTUALITATE<\/a><span class=\"td-post-author-name\"><a href=\"https:\/\/r3media.ro\/author\/radu_ursan\/\">Radu Ursan<\/a><span>&#8211;<\/span><\/span><span class=\"td-post-date\"><time class=\"entry-date updated td-module-date\" datetime=\"2026-07-21T19:30:46+03:00\">21\/07\/2026<\/time><\/span><\/div>\n<\/div>\n<\/div>\n<\/div>\n<div class=\"td-block-span6\">\n<div class=\"td_module_8 td_module_wrap\">\n<div class=\"item-details\">\n<h3 class=\"entry-title td-module-title\"><a href=\"https:\/\/r3media.ro\/video-cult-femeie-dumnezeu-mama-romania\/\" rel=\"bookmark\" title=\"VIDEO | Un cult care consider\u0103 o femeie coreean\u0103 drept \u201eDumnezeu Mama\u201d face prozeli\u021bi \u00een Rom\u00e2nia\">VIDEO | Un cult care consider\u0103 o femeie coreean\u0103 drept \u201eDumnezeu Mama\u201d face prozeli\u021bi&#8230;<\/a><\/h3>\n<div class=\"td-module-meta-info\"><a href=\"https:\/\/r3media.ro\/category\/actualitate\/\" class=\"td-post-category\">ACTUALITATE<\/a><span class=\"td-post-author-name\"><a href=\"https:\/\/r3media.ro\/author\/redactia\/\">Redac\u021bia<\/a><span>&#8211;<\/span><\/span><span class=\"td-post-date\"><time class=\"entry-date updated td-module-date\" datetime=\"2026-07-21T11:14:08+03:00\">21\/07\/2026<\/time><\/span><\/div>\n<\/div>\n<\/div>\n<\/div>\n<\/div>\n<div class=\"td-block-row\">\n<div class=\"td-block-span6\">\n<div class=\"td_module_8 td_module_wrap\">\n<div class=\"item-details\">\n<h3 class=\"entry-title td-module-title\"><a href=\"https:\/\/r3media.ro\/cehia-interzice-telefoanele-in-scoli\/\" rel=\"bookmark\" title=\"Cehia se preg\u0103te\u0219te s\u0103 interzic\u0103 telefoanele mobile \u00een \u0219coli\">Cehia se preg\u0103te\u0219te s\u0103 interzic\u0103 telefoanele mobile \u00een \u0219coli<\/a><\/h3>\n<div class=\"td-module-meta-info\"><a href=\"https:\/\/r3media.ro\/category\/actualitate\/\" class=\"td-post-category\">ACTUALITATE<\/a><span class=\"td-post-author-name\"><a href=\"https:\/\/r3media.ro\/author\/redactia\/\">Redac\u021bia<\/a><span>&#8211;<\/span><\/span><span class=\"td-post-date\"><time class=\"entry-date updated td-module-date\" datetime=\"2026-07-20T22:34:13+03:00\">20\/07\/2026<\/time><\/span><\/div>\n<\/div>\n<\/div>\n<\/div>\n<div class=\"td-block-span6\">\n<div class=\"td_module_8 td_module_wrap\">\n<div class=\"item-details\">\n<h3 class=\"entry-title td-module-title\"><a href=\"https:\/\/r3media.ro\/mihail-neamtu-oblgatie-romania\/\" rel=\"bookmark\" title=\"Mihail Neam\u021bu: Suntem o \u021bar\u0103 mic\u0103, iar singura obliga\u021bie a politicienilor de la Bucure\u0219ti e s\u0103 nu introduc\u0103 Rom\u00e2nia \u00eentr-un r\u0103zboi stupid \u0219i perdant\">Mihail Neam\u021bu: Suntem o \u021bar\u0103 mic\u0103, iar singura obliga\u021bie a politicienilor de la Bucure\u0219ti&#8230;<\/a><\/h3>\n<div class=\"td-module-meta-info\"><a href=\"https:\/\/r3media.ro\/category\/actualitate\/\" class=\"td-post-category\">ACTUALITATE<\/a><span class=\"td-post-author-name\"><a href=\"https:\/\/r3media.ro\/author\/redactia\/\">Redac\u021bia<\/a><span>&#8211;<\/span><\/span><span class=\"td-post-date\"><time class=\"entry-date updated td-module-date\" datetime=\"2026-07-20T22:01:16+03:00\">20\/07\/2026<\/time><\/span><\/div>\n<\/div>\n<\/div>\n<\/div>\n<\/div>\n<div class=\"td-block-row\">\n<div class=\"td-block-span6\">\n<div class=\"td_module_8 td_module_wrap\">\n<div class=\"item-details\">\n<h3 class=\"entry-title td-module-title\"><a href=\"https:\/\/r3media.ro\/petrisor-peiu-conditii-aur-vot-guvernul-vestea-nicusor-dan-solutii-bunastare-romani\/\" rel=\"bookmark\" title=\"Condi\u021biile AUR pentru a vota Guvernul Ve\u0219tea. Petri\u0219or Peiu propune solu\u021bii clare pentru bun\u0103starea rom\u00e2nilor\">Condi\u021biile AUR pentru a vota Guvernul Ve\u0219tea. Petri\u0219or Peiu propune solu\u021bii clare pentru bun\u0103starea&#8230;<\/a><\/h3>\n<div class=\"td-module-meta-info\"><a href=\"https:\/\/r3media.ro\/category\/stiri\/\" class=\"td-post-category\">\u0218TIRI<\/a><span class=\"td-post-author-name\"><a href=\"https:\/\/r3media.ro\/author\/oana\/\">Oana Ivan<\/a><span>&#8211;<\/span><\/span><span class=\"td-post-date\"><time class=\"entry-date updated td-module-date\" datetime=\"2026-06-17T10:10:31+03:00\">17\/06\/2026<\/time><\/span><\/div>\n<\/div>\n<\/div>\n<\/div>\n<div class=\"td-block-span6\">\n<div class=\"td_module_8 td_module_wrap\">\n<div class=\"item-details\">\n<h3 class=\"entry-title td-module-title\"><a href=\"https:\/\/r3media.ro\/mihail-neamtu-neeuropeana-imperiu-birocrati-bruxelles-inarmarea-germaniei\/\" rel=\"bookmark\" title=\"EXCLUSIVITATE Mihail Neam\u021bu: Exist\u0103 o tendin\u021b\u0103 neeuropean\u0103 de a se crea un imperiu condus de birocra\u021bi de la Bruxelles \/ Pericolul \u00eenarm\u0103rii Germaniei\">EXCLUSIVITATE Mihail Neam\u021bu: Exist\u0103 o tendin\u021b\u0103 neeuropean\u0103 de a se crea un imperiu condus&#8230;<\/a><\/h3>\n<div class=\"td-module-meta-info\"><a href=\"https:\/\/r3media.ro\/category\/stiri\/\" class=\"td-post-category\">\u0218TIRI<\/a><span class=\"td-post-author-name\"><a href=\"https:\/\/r3media.ro\/author\/oana\/\">Oana Ivan<\/a><span>&#8211;<\/span><\/span><span class=\"td-post-date\"><time class=\"entry-date updated td-module-date\" datetime=\"2026-06-22T09:02:12+03:00\">22\/06\/2026<\/time><\/span><\/div>\n<\/div>\n<\/div>\n<\/div>\n<\/div>\n<div class=\"td-block-row\">\n<div class=\"td-block-span6\">\n<div class=\"td_module_8 td_module_wrap\">\n<div class=\"item-details\">\n<h3 class=\"entry-title td-module-title\"><a href=\"https:\/\/r3media.ro\/spania-invinge-argentina-castiga-cupa-mondiala\/\" rel=\"bookmark\" title=\"Spania a \u00eenvins Argentina \u0219i a c\u00e2\u0219tigat Cupa Mondial\u0103 pentru a doua oar\u0103 \u00een istorie\">Spania a \u00eenvins Argentina \u0219i a c\u00e2\u0219tigat Cupa Mondial\u0103 pentru a doua oar\u0103 \u00een&#8230;<\/a><\/h3>\n<div class=\"td-module-meta-info\"><a href=\"https:\/\/r3media.ro\/category\/actualitate\/\" class=\"td-post-category\">ACTUALITATE<\/a><span class=\"td-post-author-name\"><a href=\"https:\/\/r3media.ro\/author\/oana\/\">Oana Ivan<\/a><span>&#8211;<\/span><\/span><span class=\"td-post-date\"><time class=\"entry-date updated td-module-date\" datetime=\"2026-07-20T01:04:07+03:00\">20\/07\/2026<\/time><\/span><\/div>\n<\/div>\n<\/div>\n<\/div>\n<div class=\"td-block-span6\">\n<div class=\"td_module_8 td_module_wrap\">\n<div class=\"item-details\">\n<h3 class=\"entry-title td-module-title\"><a href=\"https:\/\/r3media.ro\/prapad-busteni-valea-prahovei-statiuni-ploi-viitura-oameni-raniti-masini-avariate-case-inundate\/\" rel=\"bookmark\" title=\"VIDEO | Pr\u0103p\u0103d la Bu\u0219teni! Ploile au cauzat o viitur\u0103 care a m\u0103turat tot \u00een cale \u00een sta\u021biunile de pe valea Prahovei: oameni r\u0103ni\u021bi, ma\u0219ini avariate \u0219i locuin\u021be inundate\">VIDEO | Pr\u0103p\u0103d la Bu\u0219teni! Ploile au cauzat o viitur\u0103 care a m\u0103turat tot&#8230;<\/a><\/h3>\n<div class=\"td-module-meta-info\"><a href=\"https:\/\/r3media.ro\/category\/actualitate\/\" class=\"td-post-category\">ACTUALITATE<\/a><span class=\"td-post-author-name\"><a href=\"https:\/\/r3media.ro\/author\/oana\/\">Oana Ivan<\/a><span>&#8211;<\/span><\/span><span class=\"td-post-date\"><time class=\"entry-date updated td-module-date\" datetime=\"2026-07-19T19:07:45+03:00\">19\/07\/2026<\/time><\/span><\/div>\n<\/div>\n<\/div>\n<\/div>\n<\/div>\n<\/div>\n<div class=\"td-load-more-wrap td-load-more-infinite-wrap\" id=\"infinite-lm-tdi_20\"><a href=\"https:\/\/r3media.ro\/criza-apei-europa-olanda-penurie-rauri-dunare-nivel-scazut-1996\/\" class=\"td_ajax_load_more td_ajax_load_more_js\" aria-label=\"\u00cenc\u0103rca\u021bi mai multe\" id=\"next-page-tdi_20\" data-td_block_id=\"tdi_20\">\u00cenc\u0103rca\u021bi mai multe<\/a><\/div>\n<\/div>\n<div class=\"td_block_wrap tdb_single_comments tdi_21 tdb-comm-layout2 td-pb-border-top td_block_template_1\" data-td-block-uid=\"tdi_21\">\n<div class=\"tdb-block-inner td-fix-index\">\n<div class=\"comments\" id=\"comments\">\n<div id=\"respond\" class=\"comment-respond\">\n<h3 id=\"reply-title\" class=\"comment-reply-title\">AI CEVA DE SPUS? <small><a rel=\"nofollow\" id=\"cancel-comment-reply-link\" href=\"https:\/\/r3media.ro\/criza-apei-europa-olanda-penurie-rauri-dunare-nivel-scazut-1996\/#respond\">Renun\u021ba\u021bi la r\u0103spuns<\/a><\/small><\/h3>\n<div class=\"comment-form-input-wrap td-form-comment\">\n<div class=\"td-warning-comment\">V\u0103 rug\u0103m s\u0103 introduce\u021bi comentariul dvs.!<\/div>\n<\/div>\n<div class=\"comment-form-input-wrap td-form-author\">\n<div class=\"td-warning-author\">Introduce\u021bi aici numele dvs.<\/div>\n<\/div>\n<div class=\"comment-form-input-wrap td-form-email\">\n<div class=\"td-warning-email-error\">A\u021bi introdus o adres\u0103 de e-mail incorect\u0103!<\/div>\n<div class=\"td-warning-email\">V\u0103 rug\u0103m s\u0103 introduce\u021bi adresa dvs. de e-mail aici<\/div>\n<\/div>\n<\/div>\n<\/div>\n<\/div>\n<\/div>\n<\/div>\n<\/div>\n<div class=\"vc_column tdi_23  wpb_column vc_column_container tdc-column td-pb-span4 td-is-sticky\">\n<div class=\"wpb_wrapper\" data-sticky-enabled-on=\"W3RydWUsdHJ1ZSx0cnVlLHRydWVd\" data-sticky-offset=\"20\" data-sticky-is-width-auto=\"W2ZhbHNlLGZhbHNlLGZhbHNlLGZhbHNlXQ==\">\n<div class=\"wpb_wrapper td_block_wrap vc_widget_sidebar tdi_25 \">\n<div class=\"td_block_wrap td_block_7 td_block_widget tdi_26 td-pb-border-top td_block_template_1 td-column-1 td_block_padding\" data-td-block-uid=\"tdi_26\">\n<div class=\"td-block-title-wrap\">\n<h4 class=\"block-title td-block-title\"><span class=\"td-pulldown-size\">Articole RELA\u021aIONATE<\/span><\/h4>\n<\/div>\n<div id=\"tdi_26\" class=\"td_block_inner\">\n<div class=\"td-block-span12\">\n<div class=\"td_module_6 td_module_wrap td-animation-stack\">\n<div class=\"td-module-thumb\"><a href=\"https:\/\/r3media.ro\/model-romanesc-candidata-afd-germania-interzicere-alegeri-primar\/\" rel=\"bookmark\" class=\"td-image-wrap \" title=\"Know-how rom\u00e2nesc aplicat peste hotare: Unei candidate AfD din Germania i se interzice s\u0103 fie aleas\u0103 \u00een func\u021bia de primar\"><img loading=\"lazy\" decoding=\"async\" class=\"entry-thumb\" src=\"https:\/\/r3media.ro\/wp-content\/uploads\/2022\/10\/AfD-100x70.webp\" alt title=\"Know-how rom\u00e2nesc aplicat peste hotare: Unei candidate AfD din Germania i se interzice s\u0103 fie aleas\u0103 \u00een func\u021bia de primar\" width=\"100\" height=\"70\"><\/a><\/div>\n<div class=\"item-details\">\n<h3 class=\"entry-title td-module-title\"><a href=\"https:\/\/r3media.ro\/model-romanesc-candidata-afd-germania-interzicere-alegeri-primar\/\" rel=\"bookmark\" title=\"Know-how rom\u00e2nesc aplicat peste hotare: Unei candidate AfD din Germania i se interzice s\u0103 fie aleas\u0103 \u00een func\u021bia de primar\">Know-how rom\u00e2nesc aplicat peste hotare: Unei candidate AfD din Germania i&#8230;<\/a><\/h3>\n<div class=\"td-module-meta-info\"><span class=\"td-post-date\"><time class=\"entry-date updated td-module-date\" datetime=\"2026-07-26T09:50:26+03:00\">26\/07\/2026<\/time><\/span><\/div>\n<\/div>\n<\/div>\n<\/div>\n<div class=\"td-block-span12\">\n<div class=\"td_module_6 td_module_wrap td-animation-stack\">\n<div class=\"td-module-thumb\"><a href=\"https:\/\/r3media.ro\/dictatura-forma-suprema-a-democratiei\/\" rel=\"bookmark\" class=\"td-image-wrap \" title=\"Dictatura \u2013 forma suprem\u0103 a democra\u021biei\"><img loading=\"lazy\" decoding=\"async\" class=\"entry-thumb\" src=\"https:\/\/r3media.ro\/wp-content\/uploads\/2023\/09\/ursula-id-digital-100x70.jpg\" alt title=\"Dictatura \u2013 forma suprem\u0103 a democra\u021biei\" width=\"100\" height=\"70\"><\/a><\/div>\n<div class=\"item-details\">\n<h3 class=\"entry-title td-module-title\"><a href=\"https:\/\/r3media.ro\/dictatura-forma-suprema-a-democratiei\/\" rel=\"bookmark\" title=\"Dictatura \u2013 forma suprem\u0103 a democra\u021biei\">Dictatura \u2013 forma suprem\u0103 a democra\u021biei<\/a><\/h3>\n<div class=\"td-module-meta-info\"><span class=\"td-post-date\"><time class=\"entry-date updated td-module-date\" datetime=\"2026-07-25T16:43:11+03:00\">25\/07\/2026<\/time><\/span><\/div>\n<\/div>\n<\/div>\n<\/div>\n<div class=\"td-block-span12\">\n<div class=\"td_module_6 td_module_wrap td-animation-stack\">\n<div class=\"td-module-thumb\"><a href=\"https:\/\/r3media.ro\/ford-recheama-service-500-000-masini-risc-incendiu-motor\/\" rel=\"bookmark\" class=\"td-image-wrap \" title=\"Ford recheam\u0103 \u00een service peste 500.000 de ma\u0219ini din cauza riscului de incendiu la motor\"><img loading=\"lazy\" decoding=\"async\" class=\"entry-thumb\" src=\"https:\/\/r3media.ro\/wp-content\/uploads\/2025\/03\/ford-100x70.png\" alt title=\"Ford recheam\u0103 \u00een service peste 500.000 de ma\u0219ini din cauza riscului de incendiu la motor\" width=\"100\" height=\"70\"><\/a><\/div>\n<div class=\"item-details\">\n<h3 class=\"entry-title td-module-title\"><a href=\"https:\/\/r3media.ro\/ford-recheama-service-500-000-masini-risc-incendiu-motor\/\" rel=\"bookmark\" title=\"Ford recheam\u0103 \u00een service peste 500.000 de ma\u0219ini din cauza riscului de incendiu la motor\">Ford recheam\u0103 \u00een service peste 500.000 de ma\u0219ini din cauza riscului&#8230;<\/a><\/h3>\n<div class=\"td-module-meta-info\"><span class=\"td-post-date\"><time class=\"entry-date updated td-module-date\" datetime=\"2026-07-25T11:44:05+03:00\">25\/07\/2026<\/time><\/span><\/div>\n<\/div>\n<\/div>\n<\/div>\n<div class=\"td-block-span12\">\n<div class=\"td_module_6 td_module_wrap td-animation-stack\">\n<div class=\"td-module-thumb\"><a href=\"https:\/\/r3media.ro\/nicusor-dan-o-noua-drona-doborata-la-10-kilometri-vest-de-sfantu-gheorghe\/\" rel=\"bookmark\" class=\"td-image-wrap \" title=\"Nicu\u0219or Dan: O nou\u0103 dron\u0103 \u2013 dobor\u00e2t\u0103 la 10 kilometri vest de Sf\u00e2ntu Gheorghe\"><img loading=\"lazy\" decoding=\"async\" class=\"entry-thumb\" src=\"https:\/\/r3media.ro\/wp-content\/uploads\/2024\/09\/Romanian_F-16_Fighting_Falcon_lands_at_Borcea_Air_Base_Romania-100x70.jpg\" alt title=\"Nicu\u0219or Dan: O nou\u0103 dron\u0103 \u2013 dobor\u00e2t\u0103 la 10 kilometri vest de Sf\u00e2ntu Gheorghe\" width=\"100\" height=\"70\"><\/a><\/div>\n<div class=\"item-details\">\n<h3 class=\"entry-title td-module-title\"><a href=\"https:\/\/r3media.ro\/nicusor-dan-o-noua-drona-doborata-la-10-kilometri-vest-de-sfantu-gheorghe\/\" rel=\"bookmark\" title=\"Nicu\u0219or Dan: O nou\u0103 dron\u0103 \u2013 dobor\u00e2t\u0103 la 10 kilometri vest de Sf\u00e2ntu Gheorghe\">Nicu\u0219or Dan: O nou\u0103 dron\u0103 \u2013 dobor\u00e2t\u0103 la 10 kilometri vest&#8230;<\/a><\/h3>\n<div class=\"td-module-meta-info\"><span class=\"td-post-date\"><time class=\"entry-date updated td-module-date\" datetime=\"2026-07-25T08:26:54+03:00\">25\/07\/2026<\/time><\/span><\/div>\n<\/div>\n<\/div>\n<\/div>\n<div class=\"td-block-span12\">\n<div class=\"td_module_6 td_module_wrap td-animation-stack\">\n<div class=\"td-module-thumb\"><a href=\"https:\/\/r3media.ro\/25-iulie-inaugurarea-pasajului-bucur-obor-realizat-romani\/\" rel=\"bookmark\" class=\"td-image-wrap \" title=\"Calendarul zilei 25 iulie: 47 de ani de la inaugurarea pasajului Bucur \u2013 Obor. Obiectivul a fost proiectat \u0219i realizat exclusiv de rom\u00e2ni, \u00een doar 15 luni\"><img loading=\"lazy\" decoding=\"async\" class=\"entry-thumb\" src=\"https:\/\/r3media.ro\/wp-content\/uploads\/2022\/07\/pasajul-bucur-obor-e1658696921934-100x70.jpg\" alt title=\"Calendarul zilei 25 iulie: 47 de ani de la inaugurarea pasajului Bucur \u2013 Obor. Obiectivul a fost proiectat \u0219i realizat exclusiv de rom\u00e2ni, \u00een doar 15 luni\" width=\"100\" height=\"70\"><\/a><\/div>\n<div class=\"item-details\">\n<h3 class=\"entry-title td-module-title\"><a href=\"https:\/\/r3media.ro\/25-iulie-inaugurarea-pasajului-bucur-obor-realizat-romani\/\" rel=\"bookmark\" title=\"Calendarul zilei 25 iulie: 47 de ani de la inaugurarea pasajului Bucur \u2013 Obor. Obiectivul a fost proiectat \u0219i realizat exclusiv de rom\u00e2ni, \u00een doar 15 luni\">Calendarul zilei 25 iulie: 47 de ani de la inaugurarea pasajului&#8230;<\/a><\/h3>\n<div class=\"td-module-meta-info\"><span class=\"td-post-date\"><time class=\"entry-date updated td-module-date\" datetime=\"2026-07-24T21:48:54+03:00\">24\/07\/2026<\/time><\/span><\/div>\n<\/div>\n<\/div>\n<\/div>\n<div class=\"td-block-span12\">\n<div class=\"td_module_6 td_module_wrap td-animation-stack\">\n<div class=\"td-module-thumb\"><a href=\"https:\/\/r3media.ro\/25-iulie-adormirea-sfintei-ana-mama-preasfintei-nascatoare-de-dumnezeu\/\" rel=\"bookmark\" class=\"td-image-wrap \" title=\"Calendarul zilei 25 iulie: Adormirea Sfintei Ana, mama Preasfintei N\u0103sc\u0103toare de Dumnezeu\"><img loading=\"lazy\" decoding=\"async\" class=\"entry-thumb\" src=\"https:\/\/r3media.ro\/wp-content\/uploads\/2023\/07\/sddefault-3-100x70.jpg\" alt title=\"Calendarul zilei 25 iulie: Adormirea Sfintei Ana, mama Preasfintei N\u0103sc\u0103toare de Dumnezeu\" width=\"100\" height=\"70\"><\/a><\/div>\n<div class=\"item-details\">\n<h3 class=\"entry-title td-module-title\"><a href=\"https:\/\/r3media.ro\/25-iulie-adormirea-sfintei-ana-mama-preasfintei-nascatoare-de-dumnezeu\/\" rel=\"bookmark\" title=\"Calendarul zilei 25 iulie: Adormirea Sfintei Ana, mama Preasfintei N\u0103sc\u0103toare de Dumnezeu\">Calendarul zilei 25 iulie: Adormirea Sfintei Ana, mama Preasfintei N\u0103sc\u0103toare de&#8230;<\/a><\/h3>\n<div class=\"td-module-meta-info\"><span class=\"td-post-date\"><time class=\"entry-date updated td-module-date\" datetime=\"2026-07-24T20:48:06+03:00\">24\/07\/2026<\/time><\/span><\/div>\n<\/div>\n<\/div>\n<\/div>\n<div class=\"td-block-span12\">\n<div class=\"td_module_6 td_module_wrap td-animation-stack\">\n<div class=\"td-module-thumb\"><a href=\"https:\/\/r3media.ro\/iiccmer-solicita-demolare-statuie-poet-adrian-paunescu-gradina-icoanei-bucuresti\/\" rel=\"bookmark\" class=\"td-image-wrap \" title=\"IICCMER solicit\u0103 demolarea statuii poetului Adrian P\u0103unescu din Gr\u0103dina Icoanei din Bucure\u0219ti\"><img loading=\"lazy\" decoding=\"async\" class=\"entry-thumb\" src=\"https:\/\/r3media.ro\/wp-content\/uploads\/2026\/07\/andrei-si-adrian-paunescu-100x70.jpg\" alt title=\"IICCMER solicit\u0103 demolarea statuii poetului Adrian P\u0103unescu din Gr\u0103dina Icoanei din Bucure\u0219ti\" width=\"100\" height=\"70\"><\/a><\/div>\n<div class=\"item-details\">\n<h3 class=\"entry-title td-module-title\"><a href=\"https:\/\/r3media.ro\/iiccmer-solicita-demolare-statuie-poet-adrian-paunescu-gradina-icoanei-bucuresti\/\" rel=\"bookmark\" title=\"IICCMER solicit\u0103 demolarea statuii poetului Adrian P\u0103unescu din Gr\u0103dina Icoanei din Bucure\u0219ti\">IICCMER solicit\u0103 demolarea statuii poetului Adrian P\u0103unescu din Gr\u0103dina Icoanei din&#8230;<\/a><\/h3>\n<div class=\"td-module-meta-info\"><span class=\"td-post-date\"><time class=\"entry-date updated td-module-date\" datetime=\"2026-07-24T18:53:09+03:00\">24\/07\/2026<\/time><\/span><\/div>\n<\/div>\n<\/div>\n<\/div>\n<\/div>\n<\/div>\n<aside class=\"td_block_template_1 widget widget_recent_comments\">\n<h4 class=\"block-title\"><span>INTR\u0102 \u00ceN DISCU\u021aIE!<\/span><\/h4>\n<ul id=\"recentcomments\">\n<li class=\"recentcomments\"><span class=\"comment-author-link\">Nicu<\/span> la <a href=\"https:\/\/r3media.ro\/ford-recheama-service-500-000-masini-risc-incendiu-motor\/#comment-40311\">Ford recheam\u0103 \u00een service peste 500.000 de ma\u0219ini din cauza riscului de incendiu la motor<\/a><\/li>\n<li class=\"recentcomments\"><span class=\"comment-author-link\">Nicu<\/span> la <a href=\"https:\/\/r3media.ro\/iiccmer-solicita-demolare-statuie-poet-adrian-paunescu-gradina-icoanei-bucuresti\/#comment-40309\">IICCMER solicit\u0103 demolarea statuii poetului Adrian P\u0103unescu din Gr\u0103dina Icoanei din Bucure\u0219ti<\/a><\/li>\n<li class=\"recentcomments\"><span class=\"comment-author-link\">Eu<\/span> la <a href=\"https:\/\/r3media.ro\/mihail-neamtu-aur-transparentizarea-surselor-de-finantare-a-ong-urilor-este-obligatorie-unele-dintre-ele-pun-in-pericol-interesele-romaniei\/#comment-40308\">Mihail Neam\u021bu (AUR): Transparentizarea surselor de finan\u021bare a ONG-urilor este obligatorie! Unele dintre ele pun \u00een pericol interesele Rom\u00e2niei<\/a><\/li>\n<li class=\"recentcomments\"><span class=\"comment-author-link\">Mamarica<\/span> la <a href=\"https:\/\/r3media.ro\/marea-britanie-apa-inteligenta-artificiala-romania-centru-ai-restrictii-consum-apa\/#comment-40307\">Marea Britanie nu mai are suficient\u0103 ap\u0103 pentru Inteligen\u021ba Artificial\u0103, dar Rom\u00e2nia vrea s\u0103 g\u0103zduiasc\u0103 un centru AI care consum\u0103 c\u00e2t sute de mii de oameni \u0219i impune restric\u021bii la consumul de ap\u0103 al popula\u021biei<\/a><\/li>\n<li class=\"recentcomments\"><span class=\"comment-author-link\">Redac\u021bia<\/span> la <a href=\"https:\/\/r3media.ro\/marea-britanie-apa-inteligenta-artificiala-romania-centru-ai-restrictii-consum-apa\/#comment-40306\">Marea Britanie nu mai are suficient\u0103 ap\u0103 pentru Inteligen\u021ba Artificial\u0103, dar Rom\u00e2nia vrea s\u0103 g\u0103zduiasc\u0103 un centru AI care consum\u0103 c\u00e2t sute de mii de oameni \u0219i impune restric\u021bii la consumul de ap\u0103 al popula\u021biei<\/a><\/li>\n<li class=\"recentcomments\"><span class=\"comment-author-link\">Luminita<\/span> la <a href=\"https:\/\/r3media.ro\/marea-britanie-apa-inteligenta-artificiala-romania-centru-ai-restrictii-consum-apa\/#comment-40305\">Marea Britanie nu mai are suficient\u0103 ap\u0103 pentru Inteligen\u021ba Artificial\u0103, dar Rom\u00e2nia vrea s\u0103 g\u0103zduiasc\u0103 un centru AI care consum\u0103 c\u00e2t sute de mii de oameni \u0219i impune restric\u021bii la consumul de ap\u0103 al popula\u021biei<\/a><\/li>\n<li class=\"recentcomments\"><span class=\"comment-author-link\">Redac\u021bia<\/span> la <a href=\"https:\/\/r3media.ro\/marea-britanie-apa-inteligenta-artificiala-romania-centru-ai-restrictii-consum-apa\/#comment-40304\">Marea Britanie nu mai are suficient\u0103 ap\u0103 pentru Inteligen\u021ba Artificial\u0103, dar Rom\u00e2nia vrea s\u0103 g\u0103zduiasc\u0103 un centru AI care consum\u0103 c\u00e2t sute de mii de oameni \u0219i impune restric\u021bii la consumul de ap\u0103 al popula\u021biei<\/a><\/li>\n<\/ul>\n<\/aside>\n<aside class=\"td_block_template_1 widget widget_search\">\n<h4 class=\"block-title\"><span>CAUT\u0102 \u0218I VEI G\u0102SI<\/span><\/h4>\n<\/aside>\n<\/div>\n<\/div>\n<\/div>\n<\/div>\n<\/div>\n<\/div>\n<\/div>\n<p><span class=\"td-page-meta\"><\/span><span class=\"td-page-meta\"><span class=\"td-page-meta\"><\/span><\/span><span class=\"td-page-meta\"><\/span><\/article>\n<\/p>\n<div class=\"td_block_wrap tdb_single_content tdi_18 td-pb-border-top td_block_template_1 td-post-content tagdiv-type\" data-td-block-uid=\"tdi_18\">\n<div class=\"tdb-block-inner td-fix-index\">\n<p><strong>Sc\u0103derea nivelului apei \u00een <a href=\"https:\/\/r3media.ro\/tag\/olanda-tarile-de-jos\/\" target=\"_blank\" rel=\"noopener\">Olanda<\/a> a l\u0103sat expuse \u00eentinderi largi de maluri, iar sectorul transportului maritim se preg\u0103te\u0219te pentru probleme. De\u0219i era o \u021bar\u0103 care se confrunta cu prea mult\u0103 ap\u0103, lucrurile s-au schimbat la 180 de grade, potrivit <a href=\"https:\/\/edition.cnn.com\/2026\/07\/21\/climate\/netherlands-drought-water-crisis-europe-heat\" target=\"_blank\" rel=\"noopener\">CNN<\/a>.<\/strong><\/p>\n<p>Joi, \u021bara a declarat o penurie oficial\u0103 de ap\u0103. R\u0103spunsul na\u021bional la secet\u0103 a fost ridicat la nivelul 2.<\/p>\n<p>\u201eDin cauza secetei persistente, mai pu\u021bin\u0103 ap\u0103 intr\u0103 \u00een \u021bara noastr\u0103 prin ploaie \u0219i r\u00e2uri, \u00een timp ce cererea de ap\u0103 cre\u0219te\u201d, a declarat Ministerul Infrastructurii \u0219i Gospod\u0103ririi Apelor \u00eentr-un comunicat.<\/p>\n<p>Organismele guvernamentale \u0219i companiile de ap\u0103 vor evalua acum ce este necesar pentru a reduce consumul. M\u0103surile ar putea include reducerea pomp\u0103rii apelor subterane \u0219i operarea mai rar a ecluzelor r\u00e2urilor. Ministerul a subliniat c\u0103 apa potabil\u0103 nu va fi afectat\u0103, de\u0219i sf\u0103tuie\u0219te oamenii s\u0103 o foloseasc\u0103 \u201econ\u0219tient\u201d.<\/p>\n<p>Situa\u021bia \u201eeste alarmant\u0103 \u0219i nu o spun cu u\u0219urin\u021b\u0103\u201d, a declarat Hannah Cloke, profesor la Universitatea din Reading, Marea Britanie.<\/p>\n<p>\u201eCalendarul este ceea ce m\u0103 \u00eengrijoreaz\u0103 cel mai mult. Olanda a declarat o penurie real\u0103 de ap\u0103 la mijlocul lunii iulie\u201d, a ad\u0103ugat ea. Mai este mult timp de var\u0103, iar prognozele arat\u0103 pu\u021bine speran\u021be de ameliorare timp de s\u0103pt\u0103m\u00e2ni \u00eentregi.<\/p>\n<h2><strong>Criza apei \u00een toat\u0103 Europa. \u0218i alte \u021b\u0103ri se confrunt\u0103 cu probleme<\/strong><\/h2>\n<p>\u00a0<\/p>\n<p>Probleme similare au loc \u00een multe p\u0103r\u021bi ale Europei. Continentul trece printr-o var\u0103 de valuri de c\u0103ldur\u0103 brutale, care seac\u0103 r\u00e2urile \u0219i amenin\u021b\u0103 rezervele de ap\u0103.<\/p>\n<p>\u201eNu este ghinion\u201d, a spus Cloke.<\/p>\n<p>\u201eC\u0103ldura usuc\u0103 solul, gole\u0219te r\u00e2urile \u0219i cre\u0219te cererea de ap\u0103, totul dintr-o dat\u0103. Aceasta este amprenta unei clime \u00een schimbare\u201d, a ad\u0103ugat ea.<\/p>\n<p>Lipsa de ap\u0103 a Olandei poate p\u0103rea \u0219ocant\u0103. Aceasta este o \u021bar\u0103 umed\u0103 care a \u00eembl\u00e2nzit m\u0103rile \u0219i s-a adaptat la inunda\u021bii \u00eentr-un mod care a atras invidia altor na\u021biuni. Dar, din ce \u00een ce mai mult, se confrunt\u0103 \u0219i cu extrema opus\u0103.<\/p>\n<p>\u201eSecetele sunt noile inunda\u021bii\u201d, a declarat Jan Verkade, hidrometeorolog la Deltares, un institut independent de cercetare a apei din Olanda.<\/p>\n<p>\u021aara se confrunt\u0103 \u00een prezent cu condi\u021bii care nu ar fi de a\u0219teptat p\u00e2n\u0103 la sf\u00e2r\u0219itul verii, dac\u0103 exist\u0103. Nu au existat ploi semnificative \u00een iulie, iar temperaturile sunt peste medie.<\/p>\n<p>Apa din r\u00e2urile Rin \u0219i Meuse este neobi\u0219nuit de cald\u0103 av\u00e2nd aproximativ 25 de grade Celsius. Exist\u0103 rapoarte despre r\u0103sp\u00e2ndirea algelor albastru-verzui \u0219i moartea pe\u0219tilor. Exist\u0103, de asemenea, pericolul ca apele s\u0103 devin\u0103 mai s\u0103rate, deoarece nivelurile \u00een sc\u0103dere permit apei de mare s\u0103 \u00eemping\u0103 mai departe spre continent.<\/p>\n<p>Olanda a avut ultima lips\u0103 de ap\u0103 de Nivel 2 \u00een august 2022 \u0219i nu a mai avut o lips\u0103 de Nivel 3, definit\u0103 drept o \u201e<a href=\"https:\/\/r3media.ro\/tag\/criza-apei\/\" target=\"_blank\" rel=\"noopener\"><strong>criz\u0103 a apei<\/strong><\/a>\u201d, din 2003.<\/p>\n<h2><strong>Criza apei: Dun\u0103rea a ajuns la cel mai sc\u0103zut nivel din 1996. Au ie\u0219it la suprafa\u021b\u0103 epave din cel de-al Doilea R\u0103zboi Mondial<\/strong><\/h2>\n<p>\u00a0<\/p>\n<p>Situa\u021bia nu e departe de a fi grav\u0103 \u0219i \u00een Rom\u00e2nia, unde Dun\u0103rea a ajuns la cel mai cobor\u00e2t nivel dup\u0103 1996. Autorit\u0103\u021bile au fost nevoite s\u0103 impun\u0103 restric\u021bii privind folosirea apei pentru iriga\u021bii. Totodat\u0103, transportul fluvial \u0219i activit\u0103\u021bile turistice de pe fluviu au fost afectate, conform <a href=\"https:\/\/economedia.ro\/dunarea-a-ajuns-la-cel-mai-scazut-nivel-din-ultimii-aproape-30-de-ani-restrictii-la-irigatii-transport-fluvial-afectat-si-probleme-pentru-exporturile-de-cereale.html\" target=\"_blank\" rel=\"noopener\">Economedia<\/a>.<\/p>\n<p>Seceta \u0219i valurile de c\u0103ldur\u0103 au redus nivelul apelor pe mai multe c\u0103i navigabile din Europa. Potrivit Reuters, temperatura maxim\u0103 medie din Europa de Vest era estimat\u0103 luni la 26,2 grade Celsius, cu 2,7 grade peste media obi\u0219nuit\u0103 pentru aceast\u0103 perioad\u0103 a anului.<\/p>\n<p>Reuters a publicat imagini cu por\u021biuni \u00eentinse de nisip pe malurile Dun\u0103rii, la frontiera Rom\u00e2niei cu Bulgaria. Din cauza nivelului sc\u0103zut al apei, mai multe curse de feribot au fost suspendate. De asemenea, barjele care transport\u0103 cereale au r\u0103mas blocate.<\/p>\n<p>Dun\u0103rea reprezint\u0103 o rut\u0103 esen\u021bial\u0103 pentru transportul m\u0103rfurilor, \u00een special pentru cerealele rom\u00e2ne\u0219ti.<\/p>\n<p>\u00cen sud-estul \u021b\u0103rii, autorit\u0103\u021bile au limitat apa disponibil\u0103 pentru iriga\u021bii \u0219i au gestionat rezervele astfel \u00eenc\u00e2t s\u0103 fie asigurat debitul minim necesar pentru r\u0103cirea celor dou\u0103 reactoare ale centralei nucleare de la Cernavod\u0103, operate de Nuclearelectrica.<\/p>\n<p>Potrivit Administra\u021biei Na\u021bionale \u201eApele Rom\u00e2ne\u201d, nivelul Dun\u0103rii ar urma s\u0103 creasc\u0103 treptat \u00eencep\u00e2nd de luni, ca urmare a ploilor abundente c\u0103zute \u00een mai multe jude\u021be.<\/p>\n<p>Reamintim c\u0103 Rom\u00e2nia a decis <strong><a href=\"https:\/\/r3media.ro\/marea-britanie-apa-inteligenta-artificiala-romania-centru-ai-restrictii-consum-apa\/\" target=\"_blank\" rel=\"noopener\">construirea unui centru de date AI<\/a><\/strong> la grani\u021ba jude\u021belor Cluj \u0219i Mure\u0219. Un astfel de obiectiv are nevoie de extrem de mult\u0103 ap\u0103 pentru r\u0103cire, iar consumul ar fi imens.<\/p>\n<p>Mai mult dec\u00e2t at\u00e2t, consumul de energie necesar pentru func\u021bionarea centrului Quantum AI construit de americani este echivalentul a \u201etot consumul de electricitate al Craiovei \u2013 pentru iluminat, electrocasnice \u0219i industrie\u201d. Craiova are o popula\u021bie stabil\u0103 de peste 234.000 de locuitori, iar cu zona metropolitan\u0103 cifra dep\u0103\u0219e\u0219te 356.000 de oameni.<\/p>\n<div class=\"crp_related     crp-masonry\">\n<h2>\u00ceN CONTEXT<\/h2>\n<ul>\n<li><a href=\"https:\/\/r3media.ro\/fara-tine-in-google-r3media-dispare-iata-ce-poti-face-in-10-secunde\/\" class=\"crp_link post-119031\"><span class=\"crp_title\">F\u0103r\u0103 tine \u00een Google, R3media dispare. Iat\u0103 ce po\u021bi face \u00een 10 secunde<\/span><\/a><\/li>\n<li><a href=\"https:\/\/r3media.ro\/se-adevereste-calin-georgescu-criza-apei-coreea-de-sud-consum-rationalizat-presedintele-lee-jae-myung-zona-dezastru-national\/\" class=\"crp_link post-112896\"><span class=\"crp_title\">Se adevere\u0219te tot ce spunea C\u0103lin Georgescu despre criza apei: \u00cen Coreea de Sud, consumul a\u2026<\/span><\/a><\/li>\n<li><a href=\"https:\/\/r3media.ro\/marea-britanie-apa-inteligenta-artificiala-romania-centru-ai-restrictii-consum-apa\/\" class=\"crp_link post-120415\"><span class=\"crp_title\">Marea Britanie nu mai are suficient\u0103 ap\u0103 pentru Inteligen\u021ba Artificial\u0103, dar Rom\u00e2nia vrea s\u0103\u2026<\/span><\/a><\/li>\n<li><a href=\"https:\/\/r3media.ro\/efecte-in-cascada-intrerupere-alimentaare-apa-prahova-dambovita-centrala-electrica-petrom-brazi-oprit-risc-blackout-asigura-10-energia-romaniei\/\" class=\"crp_link post-114363\"><span class=\"crp_title\">Efecte \u00een cascad\u0103 dup\u0103 \u00eentreruperea aliment\u0103rii cu ap\u0103 din Prahova \u0219i D\u00e2mbovi\u021ba: Centrala\u2026<\/span><\/a><\/li>\n<li><a href=\"https:\/\/r3media.ro\/criza-apei-grecia-sapte-insule-stare-de-urgenta-localnici-recolte\/\" class=\"crp_link post-120027\"><span class=\"crp_title\">Criza apei pe \u0219apte insule din Grecia: A fost emis\u0103 stare de urgen\u021b\u0103. Localnicii nu mai au\u2026<\/span><\/a><\/li>\n<li><a href=\"https:\/\/r3media.ro\/olanda-pregateste-o-lege-care-ar-obliga-companiile-private-sa-produca-pentru-armata-in-caz-de-razboi\/\" class=\"crp_link post-119660\"><span class=\"crp_title\">Olanda preg\u0103te\u0219te o lege care ar obliga companiile private s\u0103 produc\u0103 pentru armat\u0103 \u00een caz de r\u0103zboi<\/span><\/a><\/li>\n<\/ul>\n<\/div>\n<\/div>\n<\/div>\n<p>[analyse_source url=&#8221;https:\/\/r3media.ro\/criza-apei-europa-olanda-penurie-rauri-dunare-nivel-scazut-1996\/&#8221;]<\/p>\n","protected":false},"excerpt":{"rendered":"<p>[analyse_image type=&#8221;featured&#8221; src=&#8221;https:\/\/r3media.ro\/wp-content\/uploads\/2022\/05\/canal-dunarea-marea-neagra-e1653508842764.jpghttps:\/\/r3media.ro\/wp-content\/uploads\/2022\/05\/canal-dunarea-marea-neagra-e1653508842764.jpg&#8221;] FEATUREDCriza apei: R\u00e2urile din Europa devin tot mai mici \u0219i Olanda a&#8230; FEATURED\u0218TIRI Criza apei: R\u00e2urile din Europa devin tot mai mici \u0219i Olanda a declarat penurie. Dun\u0103rea a ajuns la cel mai sc\u0103zut nivel din 1996 \u0219i a scos la suprafa\u021b\u0103 epave din cel de-al Doilea R\u0103zboi Mondial Oana Ivan 26\/07\/2026 [&hellip;]<\/p>\n","protected":false},"author":1,"featured_media":0,"comment_status":"open","ping_status":"","sticky":false,"template":"","format":"standard","meta":{"footnotes":""},"categories":[89],"tags":[226,93],"class_list":["post-2062348","post","type-post","status-publish","format-standard","hentry","category-romania","tag-crawlmanager","tag-r3media-ro"],"_links":{"self":[{"href":"https:\/\/analyse.optim.biz\/index.php?rest_route=\/wp\/v2\/posts\/2062348","targetHints":{"allow":["GET"]}}],"collection":[{"href":"https:\/\/analyse.optim.biz\/index.php?rest_route=\/wp\/v2\/posts"}],"about":[{"href":"https:\/\/analyse.optim.biz\/index.php?rest_route=\/wp\/v2\/types\/post"}],"author":[{"embeddable":true,"href":"https:\/\/analyse.optim.biz\/index.php?rest_route=\/wp\/v2\/users\/1"}],"replies":[{"embeddable":true,"href":"https:\/\/analyse.optim.biz\/index.php?rest_route=%2Fwp%2Fv2%2Fcomments&post=2062348"}],"version-history":[{"count":0,"href":"https:\/\/analyse.optim.biz\/index.php?rest_route=\/wp\/v2\/posts\/2062348\/revisions"}],"wp:attachment":[{"href":"https:\/\/analyse.optim.biz\/index.php?rest_route=%2Fwp%2Fv2%2Fmedia&parent=2062348"}],"wp:term":[{"taxonomy":"category","embeddable":true,"href":"https:\/\/analyse.optim.biz\/index.php?rest_route=%2Fwp%2Fv2%2Fcategories&post=2062348"},{"taxonomy":"post_tag","embeddable":true,"href":"https:\/\/analyse.optim.biz\/index.php?rest_route=%2Fwp%2Fv2%2Ftags&post=2062348"}],"curies":[{"name":"wp","href":"https:\/\/api.w.org\/{rel}","templated":true}]}}