{"id":2062345,"date":"2026-07-26T06:50:26","date_gmt":"2026-07-26T03:50:26","guid":{"rendered":"https:\/\/analyse.optim.biz\/?p=2062345"},"modified":"2026-07-26T06:50:26","modified_gmt":"2026-07-26T03:50:26","slug":"know-how-romanesc-aplicat-peste-hotare-unei-candidate-afd-din-germania-i-se-interzice-sa-fie-aleasa-in-functia-de-primar","status":"publish","type":"post","link":"https:\/\/analyse.optim.biz\/?p=2062345","title":{"rendered":"Know-how rom\u00e2nesc aplicat peste hotare: Unei candidate AfD din Germania i se interzice s\u0103 fie aleas\u0103 \u00een func\u021bia de primar"},"content":{"rendered":"<p>[analyse_image type=&#8221;featured&#8221; src=&#8221;https:\/\/r3media.ro\/wp-content\/uploads\/2022\/10\/AfD.webphttps:\/\/r3media.ro\/wp-content\/uploads\/2022\/10\/AfD.webp&#8221;]<\/p>\n<article id=\"template-id-109\" class=\"post-109 tdb_templates type-tdb_templates status-publish post\">\n<div id=\"tdi_2\" class=\"tdc-zone\">\n<div class=\"tdc_zone tdi_3  wpb_row td-pb-row\">\n<div id=\"tdi_4\" class=\"tdc-row\">\n<div class=\"vc_row tdi_5  wpb_row td-pb-row\">\n<div class=\"vc_column tdi_7  wpb_column vc_column_container tdc-column td-pb-span8\">\n<div class=\"wpb_wrapper\">\n<div class=\"td_block_wrap tdb_breadcrumbs tdi_8 td-pb-border-top td_block_template_1 tdb-breadcrumbs \" data-td-block-uid=\"tdi_8\">\n<div class=\"tdb-block-inner td-fix-index\"><span><a title=\"Vede\u021bi toate articolele \u00een FEATURED\" class=\"tdb-entry-crumb\" href=\"https:\/\/r3media.ro\/category\/featured\/\">FEATURED<\/a><\/span><span class=\"tdb-bred-no-url-last\">Know-how rom\u00e2nesc aplicat peste hotare: Unei candidate AfD din Germania i se&#8230;<\/span><\/div>\n<\/div>\n<div class=\"td_block_wrap tdb_single_categories tdi_9 td-pb-border-top td_block_template_1 \" data-td-block-uid=\"tdi_9\">\n<div class=\"tdb-category td-fix-index\"><a class=\"tdb-entry-category\" href=\"https:\/\/r3media.ro\/category\/featured\/\">FEATURED<\/a><a class=\"tdb-entry-category\" href=\"https:\/\/r3media.ro\/category\/stiri\/\">\u0218TIRI<\/a><\/div>\n<\/div>\n<div class=\"td_block_wrap tdb_title tdi_10 tdb-single-title td-pb-border-top td_block_template_1\" data-td-block-uid=\"tdi_10\">\n<div class=\"tdb-block-inner td-fix-index\">\n<h1 class=\"tdb-title-text\">Know-how rom\u00e2nesc aplicat peste hotare: Unei candidate AfD din Germania i se interzice s\u0103 fie aleas\u0103 \u00een func\u021bia de primar<\/h1>\n<\/div>\n<\/div>\n<div class=\"vc_row_inner tdi_12  vc_row vc_inner wpb_row td-pb-row\">\n<div class=\"vc_column_inner tdi_14  wpb_column vc_column_container tdc-inner-column td-pb-span12\">\n<div class=\"vc_column-inner\">\n<div class=\"wpb_wrapper\">\n<div class=\"td_block_wrap tdb_single_author tdi_15 td-pb-border-top td_block_template_1 tdb-post-meta\" data-td-block-uid=\"tdi_15\">\n<div class=\"tdb-block-inner td-fix-index\">\n<div class=\"tdb-author-name-wrap\"><a class=\"tdb-author-name\" href=\"https:\/\/r3media.ro\/author\/oana\/\">Oana Ivan<\/a><\/div>\n<\/div>\n<\/div>\n<div class=\"td_block_wrap tdb_single_date tdi_16 td-pb-border-top td_block_template_1 tdb-post-meta\" data-td-block-uid=\"tdi_16\">\n<div class=\"tdb-block-inner td-fix-index\"><time class=\"entry-date updated td-module-date\" datetime=\"2026-07-26T09:50:26+03:00\">26\/07\/2026<\/time><\/div>\n<\/div>\n<\/div>\n<\/div>\n<\/div>\n<\/div>\n<div class=\"td_block_wrap tdb_single_featured_image tdi_17 tdb-content-horiz-left td-pb-border-top td_block_template_1\" data-td-block-uid=\"tdi_17\">\n<div class=\"tdb-block-inner td-fix-index\">\n<figure><figcaption class=\"tdb-caption-text\">Sursa foto: theguardian.com<\/figcaption><\/figure>\n<\/div>\n<\/div>\n<div class=\"td_block_wrap tdb_single_content tdi_18 td-pb-border-top td_block_template_1 td-post-content tagdiv-type\" data-td-block-uid=\"tdi_18\">\n<div class=\"tdb-block-inner td-fix-index\">\n<p><strong>Unei candidate a partidului Alternativa pentru Germania (AfD) i se interzice s\u0103 fie aleas\u0103 la alegerile din septembrie. Comisia electoral\u0103 din Saxonia Inferioar\u0103 a refuzat s\u0103 o aprobe pe politiciana Reinhild Goes drept candidat\u0103 la func\u021bia de primar. Decizia a dus la o revizuire constitu\u021bional\u0103, potrivit <a href=\"https:\/\/europeanconservative.com\/articles\/news-corner\/electoral-commission-rejects-afd-germany-alternative-fur-deutschland-candidacy\/\" target=\"_blank\" rel=\"noopener\">European Conservative<\/a>.<\/strong><\/p>\n<p>\u00cen conformitate cu procedura normal\u0103, candida\u021bii pentru alegerile municipale sunt examina\u021bi \u00een prezent de comisiile electorale. Mai multe institu\u021bii media au relatat c\u0103 politiciana local\u0103 AfD, Reinhild Goes, a primit deja interdic\u021bie de a candida la func\u021bia de primar \u00een N\u00f6rten-Hardenberg. Totu\u0219i, municipalitatea sus\u021bine c\u0103 acest raport este incomplet: un purt\u0103tor de cuv\u00e2nt al municipalit\u0103\u021bii a declarat pentru Apollo News c\u0103 comisia electoral\u0103 nu a luat \u00eenc\u0103 o decizie final\u0103 cu privire la candidatura lui Goes.<\/p>\n<p>De\u0219i comisia a votat \u00eempotriva aprob\u0103rii imediate a candidatei AfD, a decis \u00een unanimitate s\u0103 \u00eencredin\u021beze autorit\u0103\u021bii municipale de supraveghere a districtului Northeim sarcina de a-i revizui constitu\u021bionalitatea. O decizie privind candidatura este a\u0219teptat\u0103 p\u00e2n\u0103 pe 29 iulie.<\/p>\n<p>Acest lucru provine dintr-o nou\u0103 reglementare din legea alegerilor locale din Saxonia Inferioar\u0103, adoptat\u0103 \u00een aprilie. Aceasta permite comisiilor electorale s\u0103 examineze constitu\u021bionalitatea candida\u021bilor la func\u021biile de primar \u0219i administrator de district. Acest lucru ar putea duce la respingerea nominaliz\u0103rii, ceea ce s-a \u00eent\u00e2mplat deja \u00een cel pu\u021bin un caz. Mai mul\u021bi politicieni AfD din Saxonia Inferioar\u0103 au declarat c\u0103 se confrunt\u0103 cu probleme similare.<\/p>\n<h2><strong>Know-how rom\u00e2nesc aplicat peste hotare: Unei candidate AfD din Germania i se interzice s\u0103 fie aleas\u0103 \u00een func\u021bia de primar<\/strong><\/h2>\n<p>\u00a0<\/p>\n<p>Astfel de situa\u021bii, \u00een care candida\u021bi erau interzi\u0219i \u00een alegeri, erau aproape imposibile \u00een democra\u021biile occidentale. Mai degrab\u0103 \u00een \u021b\u0103rile comuniste, \u00een Rusia sau \u00een spa\u021biul ex-sovietic, politicienii percepu\u021bi ca anti-sistem erau respin\u0219i de comisiile electorale.<\/p>\n<p>\u00cen ultimii ani, dup\u0103 av\u00e2ntul pe care mi\u0219c\u0103rile suveraniste l-au avut \u00een Europa, tot mai mul\u021bi candida\u021bi au fost interzi\u0219i \u00een alegeri. Una dintre primele \u021b\u0103ri din Uniunea European\u0103 care a luat astfel de decizii a fost Rom\u00e2nia. La alegerile preziden\u021biale din 2024, <a href=\"https:\/\/r3media.ro\/ccr-a-anulat-decizia-biroului-electoral-central-privind-candidatura-dianei-sosoaca-la-presedintie\/\" target=\"_blank\" rel=\"noopener\"><strong>Diana Iovanovici-\u0218o\u0219oac\u0103 nu a fost l\u0103sat\u0103 s\u0103 candideze<\/strong><\/a>. Un an mai t\u00e2rziu, la reluarea alegerilor preziden\u021biale, aceea\u0219i Diana \u0218o\u0219oac\u0103, dar \u0219i C\u0103lin Georgescu au fost sco\u0219i de pe lista de vot.<\/p>\n<p>Totodat\u0103, partide precum AUR \u00een Rom\u00e2nia sau AfD \u00een Germania sau Adunarea Na\u021bional\u0103 \u00een Fran\u021ba sunt \u021binute \u00een afara deciziei politice de establishment-ul din aceste \u021b\u0103ri prin a\u0219a-zisul \u201ecordon sanitar\u201c.<\/p>\n<h2><strong>AfD, o voce important\u0103 pe scena politic\u0103 din Germania<\/strong><\/h2>\n<p>\u00a0<\/p>\n<p>Alternativa pentru Germania (AfD) s-a impus \u00een ultima pe scena politic\u0103 din Germania ca o voce contestatar\u0103 important\u0103. Partidul a atras un electorat semnificativ prin pozi\u021biile sale ferme privind suveranitatea na\u021bional\u0103 \u0219i conservatorismul cultural. Fondat pe o platform\u0103 critic\u0103 la adresa politicilor economice \u0219i a direc\u021biei luate de Uniunea European\u0103 \u00een perioada crizei euro, partidul a crescut constant \u00een sondaje. \u00cen prezent a devenit o for\u021b\u0103 politic\u0103 redutabil\u0103 \u00een estul Germaniei, unde mul\u021bi cet\u0103\u021beni rezoneaz\u0103 cu discursul suveranist.<\/p>\n<p>Unul dintre pilonii principali ai mesajului AfD este protejarea intereselor economice ale cet\u0103\u021benilor germani \u0219i reformarea institu\u021biilor europene. Partidul pledeaz\u0103 pentru o Europ\u0103 a na\u021biunilor suverane, \u00een detrimentul unei centraliz\u0103ri excesive la Bruxelles. De asemenea, AfD a criticat constant politicile energetice tradi\u021bionale, cum ar fi tranzi\u021bia for\u021bat\u0103 spre surse alternative f\u0103r\u0103 o plas\u0103 de siguran\u021b\u0103 economic\u0103, argument\u00e2nd c\u0103 acestea afecteaz\u0103 negativ competitivitatea industriei germane \u0219i cresc poverile financiare pentru gospod\u0103riile de r\u00e2nd.<\/p>\n<p>AfD ofer\u0103 o alternativ\u0103 politic\u0103 pentru milioane de germani care se simt ignora\u021bi de partidele tradi\u021bionale din spectrul central. Pentru sus\u021bin\u0103torii s\u0103i, partidul reprezint\u0103 o form\u0103 de democra\u021bie direct\u0103 \u0219i curajoas\u0103, capabil\u0103 s\u0103 pun\u0103 pe agenda public\u0103 subiecte tabu \u0219i s\u0103 corecteze derapajele politice percepute \u00een domenii vitale precum ordinea public\u0103, energia \u0219i politica extern\u0103.<\/p>\n<div class=\"crp_related     crp-masonry\">\n<h2>\u00ceN CONTEXT<\/h2>\n<ul>\n<li><a href=\"https:\/\/r3media.ro\/scenariu-romanesc-aplicat-germania-candidat-primar-joachim-paul-interzis-ludwigshafen-calin-georgescu\/\" class=\"crp_link post-112339\"><span class=\"crp_title\">\u201eModelul rom\u00e2nesc\u201c a fost aplicat ca la carte \u00een Germania: Candidatul AfD la func\u021bia de\u2026<\/span><\/a><\/li>\n<li><a href=\"https:\/\/r3media.ro\/ireal-germania-candidati-afd-mor-capete-campanie-electorala-imposibil-statistic\/\" class=\"crp_link post-112833\"><span class=\"crp_title\">Ireal ce se \u00eent\u00e2mpl\u0103 \u00een Germania! | Candida\u021bii AfD mor pe capete. Alice Weidel: E aproape\u2026<\/span><\/a><\/li>\n<li><a href=\"https:\/\/r3media.ro\/polonezii-plecati-germania-intoarcere-numar-impresionant-tara-lor-crestere-economica-taxe-mici-administratie-eficienta\/\" class=\"crp_link post-112444\"><span class=\"crp_title\">Polonezii pleca\u021bi \u00een Germania se \u00eentorc \u00een num\u0103r impresionant \u00een \u021bara lor, atra\u0219i de\u2026<\/span><\/a><\/li>\n<li><a href=\"https:\/\/r3media.ro\/feminista-germania-europeni-copii-acceptare-migranti-reducere-numar-prunci\/\" class=\"crp_link post-119201\"><span class=\"crp_title\">O feminist\u0103 din Germania le cere europenilor s\u0103 nu mai fac\u0103 copiii \u0219i s\u0103-i accepte pe\u2026<\/span><\/a><\/li>\n<li><a href=\"https:\/\/r3media.ro\/mihail-neamtu-neeuropeana-imperiu-birocrati-bruxelles-inarmarea-germaniei\/\" class=\"crp_link post-118770\"><span class=\"crp_title\">EXCLUSIVITATE Mihail Neam\u021bu: Exist\u0103 o tendin\u021b\u0103 neeuropean\u0103 de a se crea un imperiu condus de\u2026<\/span><\/a><\/li>\n<li><a href=\"https:\/\/r3media.ro\/bolojan-fritz-pnl-si-usr-germania\/\" class=\"crp_link post-118635\"><span class=\"crp_title\">Bolojan, Fritz, PNL \u0219i USR. Adic\u0103 Germania<\/span><\/a><\/li>\n<li><a href=\"https:\/\/r3media.ro\/eurodeputat-branko-grims-exclus-ppe-colaborare-partide-dreapta-parlamentul-european\/\" class=\"crp_link post-119667\"><span class=\"crp_title\">Eurodeputatul sloven Branko Grims a fost exclus din PPE pe motiv c\u0103 a colaborat cu alte\u2026<\/span><\/a><\/li>\n<li><a href=\"https:\/\/r3media.ro\/stefan-popescu-avertisment-germania-hegemon-europa\/\" class=\"crp_link post-117147\"><span class=\"crp_title\">\u0218tefan Popescu avertizeaz\u0103 c\u0103 Germania urm\u0103re\u0219te s\u0103 devin\u0103 hegemonul militar al Europei<\/span><\/a><\/li>\n<\/ul>\n<\/div>\n<\/div>\n<\/div>\n<div class=\"td_block_wrap tdb_single_tags tdi_19 td-pb-border-top td_block_template_1\" data-td-block-uid=\"tdi_19\">\n<div class=\"tdb-block-inner td-fix-index\">\n<ul class=\"tdb-tags\">\n<li><span>SUBIECTE FIERBIN\u021aI<\/span><\/li>\n<li><a href=\"https:\/\/r3media.ro\/tag\/afd\/\">AfD<\/a><\/li>\n<li><a href=\"https:\/\/r3media.ro\/tag\/germania\/\">germania<\/a><\/li>\n<\/ul>\n<\/div>\n<\/div>\n<div class=\"td_block_wrap td_block_9 tdi_20 td_with_ajax_pagination td-pb-border-top td_block_template_1 td-column-2 td_block_padding td_block_bot_line\" data-td-block-uid=\"tdi_20\">\n<div class=\"td-block-title-wrap\">\n<h4 class=\"block-title td-block-title\"><span class=\"td-pulldown-size\">CITE\u0218TE MAI MULT<\/span><\/h4>\n<\/div>\n<div id=\"tdi_20\" class=\"td_block_inner\">\n<div class=\"td-block-row\">\n<div class=\"td-block-span6\">\n<div class=\"td_module_8 td_module_wrap\">\n<div class=\"item-details\">\n<h3 class=\"entry-title td-module-title\"><a href=\"https:\/\/r3media.ro\/marea-britanie-apa-inteligenta-artificiala-romania-centru-ai-restrictii-consum-apa\/\" rel=\"bookmark\" title=\"Marea Britanie nu mai are suficient\u0103 ap\u0103 pentru Inteligen\u021ba Artificial\u0103, dar Rom\u00e2nia vrea s\u0103 g\u0103zduiasc\u0103 un centru AI care consum\u0103 c\u00e2t sute de mii de oameni \u0219i impune restric\u021bii la consumul de ap\u0103 al popula\u021biei\">Marea Britanie nu mai are suficient\u0103 ap\u0103 pentru Inteligen\u021ba Artificial\u0103, dar Rom\u00e2nia vrea s\u0103&#8230;<\/a><\/h3>\n<div class=\"td-module-meta-info\"><a href=\"https:\/\/r3media.ro\/category\/stiri-prim-plan\/\" class=\"td-post-category\">PRIM PLAN<\/a><span class=\"td-post-author-name\"><a href=\"https:\/\/r3media.ro\/author\/radu_ursan\/\">Radu Ursan<\/a><span>&#8211;<\/span><\/span><span class=\"td-post-date\"><time class=\"entry-date updated td-module-date\" datetime=\"2026-07-23T11:44:13+03:00\">23\/07\/2026<\/time><\/span><\/div>\n<\/div>\n<\/div>\n<\/div>\n<div class=\"td-block-span6\">\n<div class=\"td_module_8 td_module_wrap\">\n<div class=\"item-details\">\n<h3 class=\"entry-title td-module-title\"><a href=\"https:\/\/r3media.ro\/campion-olimpic-olaf-tufte-mort-subit-50-ani\/\" rel=\"bookmark\" title=\"Campionul olimpic Olaf Tufte a murit subit la 50 de ani\">Campionul olimpic Olaf Tufte a murit subit la 50 de ani<\/a><\/h3>\n<div class=\"td-module-meta-info\"><a href=\"https:\/\/r3media.ro\/category\/actualitate\/\" class=\"td-post-category\">ACTUALITATE<\/a><span class=\"td-post-author-name\"><a href=\"https:\/\/r3media.ro\/author\/oana\/\">Oana Ivan<\/a><span>&#8211;<\/span><\/span><span class=\"td-post-date\"><time class=\"entry-date updated td-module-date\" datetime=\"2026-07-22T12:11:02+03:00\">22\/07\/2026<\/time><\/span><\/div>\n<\/div>\n<\/div>\n<\/div>\n<\/div>\n<div class=\"td-block-row\">\n<div class=\"td-block-span6\">\n<div class=\"td_module_8 td_module_wrap\">\n<div class=\"item-details\">\n<h3 class=\"entry-title td-module-title\"><a href=\"https:\/\/r3media.ro\/explozie-incendiu-fabrica-kronospan-brasov-video\/\" rel=\"bookmark\" title=\"VIDEO | Explozie urmat\u0103 de un incendiu la fabrica Kronospan din Bra\u0219ov. \u00cen timp ce pompierii \u00eencercau s\u0103 sting\u0103 focul s-a produs o alt\u0103 explozie\">VIDEO | Explozie urmat\u0103 de un incendiu la fabrica Kronospan din Bra\u0219ov. \u00cen timp&#8230;<\/a><\/h3>\n<div class=\"td-module-meta-info\"><a href=\"https:\/\/r3media.ro\/category\/actualitate\/\" class=\"td-post-category\">ACTUALITATE<\/a><span class=\"td-post-author-name\"><a href=\"https:\/\/r3media.ro\/author\/oana\/\">Oana Ivan<\/a><span>&#8211;<\/span><\/span><span class=\"td-post-date\"><time class=\"entry-date updated td-module-date\" datetime=\"2026-07-22T10:01:28+03:00\">22\/07\/2026<\/time><\/span><\/div>\n<\/div>\n<\/div>\n<\/div>\n<div class=\"td-block-span6\">\n<div class=\"td_module_8 td_module_wrap\">\n<div class=\"item-details\">\n<h3 class=\"entry-title td-module-title\"><a href=\"https:\/\/r3media.ro\/asa-incepe-compania-openai-afirma-un-model-de-inteligenta-artificiala-a-atacat-din-proprie-initiativa-sistemele-unei-alte-companii\/\" rel=\"bookmark\" title=\"A\u0219a \u00eencepe? Compania OpenAI afirm\u0103 un model de inteligen\u021b\u0103 artificial\u0103 a ATACAT din proprie ini\u021biativ\u0103 sistemele unei alte companii\">A\u0219a \u00eencepe? Compania OpenAI afirm\u0103 un model de inteligen\u021b\u0103 artificial\u0103 a ATACAT din proprie&#8230;<\/a><\/h3>\n<div class=\"td-module-meta-info\"><a href=\"https:\/\/r3media.ro\/category\/actualitate\/\" class=\"td-post-category\">ACTUALITATE<\/a><span class=\"td-post-author-name\"><a href=\"https:\/\/r3media.ro\/author\/teodor_stan\/\">Teodor Stan<\/a><span>&#8211;<\/span><\/span><span class=\"td-post-date\"><time class=\"entry-date updated td-module-date\" datetime=\"2026-07-22T09:10:53+03:00\">22\/07\/2026<\/time><\/span><\/div>\n<\/div>\n<\/div>\n<\/div>\n<\/div>\n<div class=\"td-block-row\">\n<div class=\"td-block-span6\">\n<div class=\"td_module_8 td_module_wrap\">\n<div class=\"item-details\">\n<h3 class=\"entry-title td-module-title\"><a href=\"https:\/\/r3media.ro\/episcopul-husilor-oameni-animale-therieni-degradare-progresism\/\" rel=\"bookmark\" title=\"Episcopul Hu\u0219ilor, despre oamenii care se cred animale: V\u0103 da\u021bi seama c\u00e2t\u0103 degradare uman\u0103 este? De ce? Pentru c\u0103 se \u00eencred \u00een progresism\">Episcopul Hu\u0219ilor, despre oamenii care se cred animale: V\u0103 da\u021bi seama c\u00e2t\u0103 degradare uman\u0103&#8230;<\/a><\/h3>\n<div class=\"td-module-meta-info\"><a href=\"https:\/\/r3media.ro\/category\/actualitate\/\" class=\"td-post-category\">ACTUALITATE<\/a><span class=\"td-post-author-name\"><a href=\"https:\/\/r3media.ro\/author\/radu_ursan\/\">Radu Ursan<\/a><span>&#8211;<\/span><\/span><span class=\"td-post-date\"><time class=\"entry-date updated td-module-date\" datetime=\"2026-07-21T19:30:46+03:00\">21\/07\/2026<\/time><\/span><\/div>\n<\/div>\n<\/div>\n<\/div>\n<div class=\"td-block-span6\">\n<div class=\"td_module_8 td_module_wrap\">\n<div class=\"item-details\">\n<h3 class=\"entry-title td-module-title\"><a href=\"https:\/\/r3media.ro\/video-cult-femeie-dumnezeu-mama-romania\/\" rel=\"bookmark\" title=\"VIDEO | Un cult care consider\u0103 o femeie coreean\u0103 drept \u201eDumnezeu Mama\u201d face prozeli\u021bi \u00een Rom\u00e2nia\">VIDEO | Un cult care consider\u0103 o femeie coreean\u0103 drept \u201eDumnezeu Mama\u201d face prozeli\u021bi&#8230;<\/a><\/h3>\n<div class=\"td-module-meta-info\"><a href=\"https:\/\/r3media.ro\/category\/actualitate\/\" class=\"td-post-category\">ACTUALITATE<\/a><span class=\"td-post-author-name\"><a href=\"https:\/\/r3media.ro\/author\/redactia\/\">Redac\u021bia<\/a><span>&#8211;<\/span><\/span><span class=\"td-post-date\"><time class=\"entry-date updated td-module-date\" datetime=\"2026-07-21T11:14:08+03:00\">21\/07\/2026<\/time><\/span><\/div>\n<\/div>\n<\/div>\n<\/div>\n<\/div>\n<div class=\"td-block-row\">\n<div class=\"td-block-span6\">\n<div class=\"td_module_8 td_module_wrap\">\n<div class=\"item-details\">\n<h3 class=\"entry-title td-module-title\"><a href=\"https:\/\/r3media.ro\/cehia-interzice-telefoanele-in-scoli\/\" rel=\"bookmark\" title=\"Cehia se preg\u0103te\u0219te s\u0103 interzic\u0103 telefoanele mobile \u00een \u0219coli\">Cehia se preg\u0103te\u0219te s\u0103 interzic\u0103 telefoanele mobile \u00een \u0219coli<\/a><\/h3>\n<div class=\"td-module-meta-info\"><a href=\"https:\/\/r3media.ro\/category\/actualitate\/\" class=\"td-post-category\">ACTUALITATE<\/a><span class=\"td-post-author-name\"><a href=\"https:\/\/r3media.ro\/author\/redactia\/\">Redac\u021bia<\/a><span>&#8211;<\/span><\/span><span class=\"td-post-date\"><time class=\"entry-date updated td-module-date\" datetime=\"2026-07-20T22:34:13+03:00\">20\/07\/2026<\/time><\/span><\/div>\n<\/div>\n<\/div>\n<\/div>\n<div class=\"td-block-span6\">\n<div class=\"td_module_8 td_module_wrap\">\n<div class=\"item-details\">\n<h3 class=\"entry-title td-module-title\"><a href=\"https:\/\/r3media.ro\/mihail-neamtu-oblgatie-romania\/\" rel=\"bookmark\" title=\"Mihail Neam\u021bu: Suntem o \u021bar\u0103 mic\u0103, iar singura obliga\u021bie a politicienilor de la Bucure\u0219ti e s\u0103 nu introduc\u0103 Rom\u00e2nia \u00eentr-un r\u0103zboi stupid \u0219i perdant\">Mihail Neam\u021bu: Suntem o \u021bar\u0103 mic\u0103, iar singura obliga\u021bie a politicienilor de la Bucure\u0219ti&#8230;<\/a><\/h3>\n<div class=\"td-module-meta-info\"><a href=\"https:\/\/r3media.ro\/category\/actualitate\/\" class=\"td-post-category\">ACTUALITATE<\/a><span class=\"td-post-author-name\"><a href=\"https:\/\/r3media.ro\/author\/redactia\/\">Redac\u021bia<\/a><span>&#8211;<\/span><\/span><span class=\"td-post-date\"><time class=\"entry-date updated td-module-date\" datetime=\"2026-07-20T22:01:16+03:00\">20\/07\/2026<\/time><\/span><\/div>\n<\/div>\n<\/div>\n<\/div>\n<\/div>\n<div class=\"td-block-row\">\n<div class=\"td-block-span6\">\n<div class=\"td_module_8 td_module_wrap\">\n<div class=\"item-details\">\n<h3 class=\"entry-title td-module-title\"><a href=\"https:\/\/r3media.ro\/petrisor-peiu-conditii-aur-vot-guvernul-vestea-nicusor-dan-solutii-bunastare-romani\/\" rel=\"bookmark\" title=\"Condi\u021biile AUR pentru a vota Guvernul Ve\u0219tea. Petri\u0219or Peiu propune solu\u021bii clare pentru bun\u0103starea rom\u00e2nilor\">Condi\u021biile AUR pentru a vota Guvernul Ve\u0219tea. Petri\u0219or Peiu propune solu\u021bii clare pentru bun\u0103starea&#8230;<\/a><\/h3>\n<div class=\"td-module-meta-info\"><a href=\"https:\/\/r3media.ro\/category\/stiri\/\" class=\"td-post-category\">\u0218TIRI<\/a><span class=\"td-post-author-name\"><a href=\"https:\/\/r3media.ro\/author\/oana\/\">Oana Ivan<\/a><span>&#8211;<\/span><\/span><span class=\"td-post-date\"><time class=\"entry-date updated td-module-date\" datetime=\"2026-06-17T10:10:31+03:00\">17\/06\/2026<\/time><\/span><\/div>\n<\/div>\n<\/div>\n<\/div>\n<div class=\"td-block-span6\">\n<div class=\"td_module_8 td_module_wrap\">\n<div class=\"item-details\">\n<h3 class=\"entry-title td-module-title\"><a href=\"https:\/\/r3media.ro\/mihail-neamtu-neeuropeana-imperiu-birocrati-bruxelles-inarmarea-germaniei\/\" rel=\"bookmark\" title=\"EXCLUSIVITATE Mihail Neam\u021bu: Exist\u0103 o tendin\u021b\u0103 neeuropean\u0103 de a se crea un imperiu condus de birocra\u021bi de la Bruxelles \/ Pericolul \u00eenarm\u0103rii Germaniei\">EXCLUSIVITATE Mihail Neam\u021bu: Exist\u0103 o tendin\u021b\u0103 neeuropean\u0103 de a se crea un imperiu condus&#8230;<\/a><\/h3>\n<div class=\"td-module-meta-info\"><a href=\"https:\/\/r3media.ro\/category\/stiri\/\" class=\"td-post-category\">\u0218TIRI<\/a><span class=\"td-post-author-name\"><a href=\"https:\/\/r3media.ro\/author\/oana\/\">Oana Ivan<\/a><span>&#8211;<\/span><\/span><span class=\"td-post-date\"><time class=\"entry-date updated td-module-date\" datetime=\"2026-06-22T09:02:12+03:00\">22\/06\/2026<\/time><\/span><\/div>\n<\/div>\n<\/div>\n<\/div>\n<\/div>\n<div class=\"td-block-row\">\n<div class=\"td-block-span6\">\n<div class=\"td_module_8 td_module_wrap\">\n<div class=\"item-details\">\n<h3 class=\"entry-title td-module-title\"><a href=\"https:\/\/r3media.ro\/spania-invinge-argentina-castiga-cupa-mondiala\/\" rel=\"bookmark\" title=\"Spania a \u00eenvins Argentina \u0219i a c\u00e2\u0219tigat Cupa Mondial\u0103 pentru a doua oar\u0103 \u00een istorie\">Spania a \u00eenvins Argentina \u0219i a c\u00e2\u0219tigat Cupa Mondial\u0103 pentru a doua oar\u0103 \u00een&#8230;<\/a><\/h3>\n<div class=\"td-module-meta-info\"><a href=\"https:\/\/r3media.ro\/category\/actualitate\/\" class=\"td-post-category\">ACTUALITATE<\/a><span class=\"td-post-author-name\"><a href=\"https:\/\/r3media.ro\/author\/oana\/\">Oana Ivan<\/a><span>&#8211;<\/span><\/span><span class=\"td-post-date\"><time class=\"entry-date updated td-module-date\" datetime=\"2026-07-20T01:04:07+03:00\">20\/07\/2026<\/time><\/span><\/div>\n<\/div>\n<\/div>\n<\/div>\n<div class=\"td-block-span6\">\n<div class=\"td_module_8 td_module_wrap\">\n<div class=\"item-details\">\n<h3 class=\"entry-title td-module-title\"><a href=\"https:\/\/r3media.ro\/prapad-busteni-valea-prahovei-statiuni-ploi-viitura-oameni-raniti-masini-avariate-case-inundate\/\" rel=\"bookmark\" title=\"VIDEO | Pr\u0103p\u0103d la Bu\u0219teni! Ploile au cauzat o viitur\u0103 care a m\u0103turat tot \u00een cale \u00een sta\u021biunile de pe valea Prahovei: oameni r\u0103ni\u021bi, ma\u0219ini avariate \u0219i locuin\u021be inundate\">VIDEO | Pr\u0103p\u0103d la Bu\u0219teni! Ploile au cauzat o viitur\u0103 care a m\u0103turat tot&#8230;<\/a><\/h3>\n<div class=\"td-module-meta-info\"><a href=\"https:\/\/r3media.ro\/category\/actualitate\/\" class=\"td-post-category\">ACTUALITATE<\/a><span class=\"td-post-author-name\"><a href=\"https:\/\/r3media.ro\/author\/oana\/\">Oana Ivan<\/a><span>&#8211;<\/span><\/span><span class=\"td-post-date\"><time class=\"entry-date updated td-module-date\" datetime=\"2026-07-19T19:07:45+03:00\">19\/07\/2026<\/time><\/span><\/div>\n<\/div>\n<\/div>\n<\/div>\n<\/div>\n<\/div>\n<div class=\"td-load-more-wrap td-load-more-infinite-wrap\" id=\"infinite-lm-tdi_20\"><a href=\"https:\/\/r3media.ro\/model-romanesc-candidata-afd-germania-interzicere-alegeri-primar\/\" class=\"td_ajax_load_more td_ajax_load_more_js\" aria-label=\"\u00cenc\u0103rca\u021bi mai multe\" id=\"next-page-tdi_20\" data-td_block_id=\"tdi_20\">\u00cenc\u0103rca\u021bi mai multe<\/a><\/div>\n<\/div>\n<div class=\"td_block_wrap tdb_single_comments tdi_21 tdb-comm-layout2 td-pb-border-top td_block_template_1\" data-td-block-uid=\"tdi_21\">\n<div class=\"tdb-block-inner td-fix-index\">\n<div class=\"comments\" id=\"comments\">\n<div id=\"respond\" class=\"comment-respond\">\n<h3 id=\"reply-title\" class=\"comment-reply-title\">AI CEVA DE SPUS? <small><a rel=\"nofollow\" id=\"cancel-comment-reply-link\" href=\"https:\/\/r3media.ro\/model-romanesc-candidata-afd-germania-interzicere-alegeri-primar\/#respond\">Renun\u021ba\u021bi la r\u0103spuns<\/a><\/small><\/h3>\n<div class=\"comment-form-input-wrap td-form-comment\">\n<div class=\"td-warning-comment\">V\u0103 rug\u0103m s\u0103 introduce\u021bi comentariul dvs.!<\/div>\n<\/div>\n<div class=\"comment-form-input-wrap td-form-author\">\n<div class=\"td-warning-author\">Introduce\u021bi aici numele dvs.<\/div>\n<\/div>\n<div class=\"comment-form-input-wrap td-form-email\">\n<div class=\"td-warning-email-error\">A\u021bi introdus o adres\u0103 de e-mail incorect\u0103!<\/div>\n<div class=\"td-warning-email\">V\u0103 rug\u0103m s\u0103 introduce\u021bi adresa dvs. de e-mail aici<\/div>\n<\/div>\n<\/div>\n<\/div>\n<\/div>\n<\/div>\n<\/div>\n<\/div>\n<div class=\"vc_column tdi_23  wpb_column vc_column_container tdc-column td-pb-span4 td-is-sticky\">\n<div class=\"wpb_wrapper\" data-sticky-enabled-on=\"W3RydWUsdHJ1ZSx0cnVlLHRydWVd\" data-sticky-offset=\"20\" data-sticky-is-width-auto=\"W2ZhbHNlLGZhbHNlLGZhbHNlLGZhbHNlXQ==\">\n<div class=\"wpb_wrapper td_block_wrap vc_widget_sidebar tdi_25 \">\n<div class=\"td_block_wrap td_block_7 td_block_widget tdi_26 td-pb-border-top td_block_template_1 td-column-1 td_block_padding\" data-td-block-uid=\"tdi_26\">\n<div class=\"td-block-title-wrap\">\n<h4 class=\"block-title td-block-title\"><span class=\"td-pulldown-size\">Articole RELA\u021aIONATE<\/span><\/h4>\n<\/div>\n<div id=\"tdi_26\" class=\"td_block_inner\">\n<div class=\"td-block-span12\">\n<div class=\"td_module_6 td_module_wrap td-animation-stack\">\n<div class=\"td-module-thumb\"><a href=\"https:\/\/r3media.ro\/criza-apei-europa-olanda-penurie-rauri-dunare-nivel-scazut-1996\/\" rel=\"bookmark\" class=\"td-image-wrap \" title=\"Criza apei: R\u00e2urile din Europa devin tot mai mici \u0219i Olanda a declarat penurie. Dun\u0103rea a ajuns la cel mai sc\u0103zut nivel din 1996 \u0219i a scos la suprafa\u021b\u0103 epave din cel de-al Doilea R\u0103zboi Mondial\"><img loading=\"lazy\" decoding=\"async\" class=\"entry-thumb\" src=\"https:\/\/r3media.ro\/wp-content\/uploads\/2022\/05\/canal-dunarea-marea-neagra-e1653508834823-100x70.jpg\" alt title=\"Criza apei: R\u00e2urile din Europa devin tot mai mici \u0219i Olanda a declarat penurie. Dun\u0103rea a ajuns la cel mai sc\u0103zut nivel din 1996 \u0219i a scos la suprafa\u021b\u0103 epave din cel de-al Doilea R\u0103zboi Mondial\" width=\"100\" height=\"70\"><\/a><\/div>\n<div class=\"item-details\">\n<h3 class=\"entry-title td-module-title\"><a href=\"https:\/\/r3media.ro\/criza-apei-europa-olanda-penurie-rauri-dunare-nivel-scazut-1996\/\" rel=\"bookmark\" title=\"Criza apei: R\u00e2urile din Europa devin tot mai mici \u0219i Olanda a declarat penurie. Dun\u0103rea a ajuns la cel mai sc\u0103zut nivel din 1996 \u0219i a scos la suprafa\u021b\u0103 epave din cel de-al Doilea R\u0103zboi Mondial\">Criza apei: R\u00e2urile din Europa devin tot mai mici \u0219i Olanda&#8230;<\/a><\/h3>\n<div class=\"td-module-meta-info\"><span class=\"td-post-date\"><time class=\"entry-date updated td-module-date\" datetime=\"2026-07-26T10:26:19+03:00\">26\/07\/2026<\/time><\/span><\/div>\n<\/div>\n<\/div>\n<\/div>\n<div class=\"td-block-span12\">\n<div class=\"td_module_6 td_module_wrap td-animation-stack\">\n<div class=\"td-module-thumb\"><a href=\"https:\/\/r3media.ro\/dictatura-forma-suprema-a-democratiei\/\" rel=\"bookmark\" class=\"td-image-wrap \" title=\"Dictatura \u2013 forma suprem\u0103 a democra\u021biei\"><img loading=\"lazy\" decoding=\"async\" class=\"entry-thumb\" src=\"https:\/\/r3media.ro\/wp-content\/uploads\/2023\/09\/ursula-id-digital-100x70.jpg\" alt title=\"Dictatura \u2013 forma suprem\u0103 a democra\u021biei\" width=\"100\" height=\"70\"><\/a><\/div>\n<div class=\"item-details\">\n<h3 class=\"entry-title td-module-title\"><a href=\"https:\/\/r3media.ro\/dictatura-forma-suprema-a-democratiei\/\" rel=\"bookmark\" title=\"Dictatura \u2013 forma suprem\u0103 a democra\u021biei\">Dictatura \u2013 forma suprem\u0103 a democra\u021biei<\/a><\/h3>\n<div class=\"td-module-meta-info\"><span class=\"td-post-date\"><time class=\"entry-date updated td-module-date\" datetime=\"2026-07-25T16:43:11+03:00\">25\/07\/2026<\/time><\/span><\/div>\n<\/div>\n<\/div>\n<\/div>\n<div class=\"td-block-span12\">\n<div class=\"td_module_6 td_module_wrap td-animation-stack\">\n<div class=\"td-module-thumb\"><a href=\"https:\/\/r3media.ro\/ford-recheama-service-500-000-masini-risc-incendiu-motor\/\" rel=\"bookmark\" class=\"td-image-wrap \" title=\"Ford recheam\u0103 \u00een service peste 500.000 de ma\u0219ini din cauza riscului de incendiu la motor\"><img loading=\"lazy\" decoding=\"async\" class=\"entry-thumb\" src=\"https:\/\/r3media.ro\/wp-content\/uploads\/2025\/03\/ford-100x70.png\" alt title=\"Ford recheam\u0103 \u00een service peste 500.000 de ma\u0219ini din cauza riscului de incendiu la motor\" width=\"100\" height=\"70\"><\/a><\/div>\n<div class=\"item-details\">\n<h3 class=\"entry-title td-module-title\"><a href=\"https:\/\/r3media.ro\/ford-recheama-service-500-000-masini-risc-incendiu-motor\/\" rel=\"bookmark\" title=\"Ford recheam\u0103 \u00een service peste 500.000 de ma\u0219ini din cauza riscului de incendiu la motor\">Ford recheam\u0103 \u00een service peste 500.000 de ma\u0219ini din cauza riscului&#8230;<\/a><\/h3>\n<div class=\"td-module-meta-info\"><span class=\"td-post-date\"><time class=\"entry-date updated td-module-date\" datetime=\"2026-07-25T11:44:05+03:00\">25\/07\/2026<\/time><\/span><\/div>\n<\/div>\n<\/div>\n<\/div>\n<div class=\"td-block-span12\">\n<div class=\"td_module_6 td_module_wrap td-animation-stack\">\n<div class=\"td-module-thumb\"><a href=\"https:\/\/r3media.ro\/nicusor-dan-o-noua-drona-doborata-la-10-kilometri-vest-de-sfantu-gheorghe\/\" rel=\"bookmark\" class=\"td-image-wrap \" title=\"Nicu\u0219or Dan: O nou\u0103 dron\u0103 \u2013 dobor\u00e2t\u0103 la 10 kilometri vest de Sf\u00e2ntu Gheorghe\"><img loading=\"lazy\" decoding=\"async\" class=\"entry-thumb\" src=\"https:\/\/r3media.ro\/wp-content\/uploads\/2024\/09\/Romanian_F-16_Fighting_Falcon_lands_at_Borcea_Air_Base_Romania-100x70.jpg\" alt title=\"Nicu\u0219or Dan: O nou\u0103 dron\u0103 \u2013 dobor\u00e2t\u0103 la 10 kilometri vest de Sf\u00e2ntu Gheorghe\" width=\"100\" height=\"70\"><\/a><\/div>\n<div class=\"item-details\">\n<h3 class=\"entry-title td-module-title\"><a href=\"https:\/\/r3media.ro\/nicusor-dan-o-noua-drona-doborata-la-10-kilometri-vest-de-sfantu-gheorghe\/\" rel=\"bookmark\" title=\"Nicu\u0219or Dan: O nou\u0103 dron\u0103 \u2013 dobor\u00e2t\u0103 la 10 kilometri vest de Sf\u00e2ntu Gheorghe\">Nicu\u0219or Dan: O nou\u0103 dron\u0103 \u2013 dobor\u00e2t\u0103 la 10 kilometri vest&#8230;<\/a><\/h3>\n<div class=\"td-module-meta-info\"><span class=\"td-post-date\"><time class=\"entry-date updated td-module-date\" datetime=\"2026-07-25T08:26:54+03:00\">25\/07\/2026<\/time><\/span><\/div>\n<\/div>\n<\/div>\n<\/div>\n<div class=\"td-block-span12\">\n<div class=\"td_module_6 td_module_wrap td-animation-stack\">\n<div class=\"td-module-thumb\"><a href=\"https:\/\/r3media.ro\/25-iulie-inaugurarea-pasajului-bucur-obor-realizat-romani\/\" rel=\"bookmark\" class=\"td-image-wrap \" title=\"Calendarul zilei 25 iulie: 47 de ani de la inaugurarea pasajului Bucur \u2013 Obor. Obiectivul a fost proiectat \u0219i realizat exclusiv de rom\u00e2ni, \u00een doar 15 luni\"><img loading=\"lazy\" decoding=\"async\" class=\"entry-thumb\" src=\"https:\/\/r3media.ro\/wp-content\/uploads\/2022\/07\/pasajul-bucur-obor-e1658696921934-100x70.jpg\" alt title=\"Calendarul zilei 25 iulie: 47 de ani de la inaugurarea pasajului Bucur \u2013 Obor. Obiectivul a fost proiectat \u0219i realizat exclusiv de rom\u00e2ni, \u00een doar 15 luni\" width=\"100\" height=\"70\"><\/a><\/div>\n<div class=\"item-details\">\n<h3 class=\"entry-title td-module-title\"><a href=\"https:\/\/r3media.ro\/25-iulie-inaugurarea-pasajului-bucur-obor-realizat-romani\/\" rel=\"bookmark\" title=\"Calendarul zilei 25 iulie: 47 de ani de la inaugurarea pasajului Bucur \u2013 Obor. Obiectivul a fost proiectat \u0219i realizat exclusiv de rom\u00e2ni, \u00een doar 15 luni\">Calendarul zilei 25 iulie: 47 de ani de la inaugurarea pasajului&#8230;<\/a><\/h3>\n<div class=\"td-module-meta-info\"><span class=\"td-post-date\"><time class=\"entry-date updated td-module-date\" datetime=\"2026-07-24T21:48:54+03:00\">24\/07\/2026<\/time><\/span><\/div>\n<\/div>\n<\/div>\n<\/div>\n<div class=\"td-block-span12\">\n<div class=\"td_module_6 td_module_wrap td-animation-stack\">\n<div class=\"td-module-thumb\"><a href=\"https:\/\/r3media.ro\/25-iulie-adormirea-sfintei-ana-mama-preasfintei-nascatoare-de-dumnezeu\/\" rel=\"bookmark\" class=\"td-image-wrap \" title=\"Calendarul zilei 25 iulie: Adormirea Sfintei Ana, mama Preasfintei N\u0103sc\u0103toare de Dumnezeu\"><img loading=\"lazy\" decoding=\"async\" class=\"entry-thumb\" src=\"https:\/\/r3media.ro\/wp-content\/uploads\/2023\/07\/sddefault-3-100x70.jpg\" alt title=\"Calendarul zilei 25 iulie: Adormirea Sfintei Ana, mama Preasfintei N\u0103sc\u0103toare de Dumnezeu\" width=\"100\" height=\"70\"><\/a><\/div>\n<div class=\"item-details\">\n<h3 class=\"entry-title td-module-title\"><a href=\"https:\/\/r3media.ro\/25-iulie-adormirea-sfintei-ana-mama-preasfintei-nascatoare-de-dumnezeu\/\" rel=\"bookmark\" title=\"Calendarul zilei 25 iulie: Adormirea Sfintei Ana, mama Preasfintei N\u0103sc\u0103toare de Dumnezeu\">Calendarul zilei 25 iulie: Adormirea Sfintei Ana, mama Preasfintei N\u0103sc\u0103toare de&#8230;<\/a><\/h3>\n<div class=\"td-module-meta-info\"><span class=\"td-post-date\"><time class=\"entry-date updated td-module-date\" datetime=\"2026-07-24T20:48:06+03:00\">24\/07\/2026<\/time><\/span><\/div>\n<\/div>\n<\/div>\n<\/div>\n<div class=\"td-block-span12\">\n<div class=\"td_module_6 td_module_wrap td-animation-stack\">\n<div class=\"td-module-thumb\"><a href=\"https:\/\/r3media.ro\/iiccmer-solicita-demolare-statuie-poet-adrian-paunescu-gradina-icoanei-bucuresti\/\" rel=\"bookmark\" class=\"td-image-wrap \" title=\"IICCMER solicit\u0103 demolarea statuii poetului Adrian P\u0103unescu din Gr\u0103dina Icoanei din Bucure\u0219ti\"><img loading=\"lazy\" decoding=\"async\" class=\"entry-thumb\" src=\"https:\/\/r3media.ro\/wp-content\/uploads\/2026\/07\/andrei-si-adrian-paunescu-100x70.jpg\" alt title=\"IICCMER solicit\u0103 demolarea statuii poetului Adrian P\u0103unescu din Gr\u0103dina Icoanei din Bucure\u0219ti\" width=\"100\" height=\"70\"><\/a><\/div>\n<div class=\"item-details\">\n<h3 class=\"entry-title td-module-title\"><a href=\"https:\/\/r3media.ro\/iiccmer-solicita-demolare-statuie-poet-adrian-paunescu-gradina-icoanei-bucuresti\/\" rel=\"bookmark\" title=\"IICCMER solicit\u0103 demolarea statuii poetului Adrian P\u0103unescu din Gr\u0103dina Icoanei din Bucure\u0219ti\">IICCMER solicit\u0103 demolarea statuii poetului Adrian P\u0103unescu din Gr\u0103dina Icoanei din&#8230;<\/a><\/h3>\n<div class=\"td-module-meta-info\"><span class=\"td-post-date\"><time class=\"entry-date updated td-module-date\" datetime=\"2026-07-24T18:53:09+03:00\">24\/07\/2026<\/time><\/span><\/div>\n<\/div>\n<\/div>\n<\/div>\n<\/div>\n<\/div>\n<aside class=\"td_block_template_1 widget widget_recent_comments\">\n<h4 class=\"block-title\"><span>INTR\u0102 \u00ceN DISCU\u021aIE!<\/span><\/h4>\n<ul id=\"recentcomments\">\n<li class=\"recentcomments\"><span class=\"comment-author-link\">Nicu<\/span> la <a href=\"https:\/\/r3media.ro\/ford-recheama-service-500-000-masini-risc-incendiu-motor\/#comment-40311\">Ford recheam\u0103 \u00een service peste 500.000 de ma\u0219ini din cauza riscului de incendiu la motor<\/a><\/li>\n<li class=\"recentcomments\"><span class=\"comment-author-link\">Nicu<\/span> la <a href=\"https:\/\/r3media.ro\/iiccmer-solicita-demolare-statuie-poet-adrian-paunescu-gradina-icoanei-bucuresti\/#comment-40309\">IICCMER solicit\u0103 demolarea statuii poetului Adrian P\u0103unescu din Gr\u0103dina Icoanei din Bucure\u0219ti<\/a><\/li>\n<li class=\"recentcomments\"><span class=\"comment-author-link\">Eu<\/span> la <a href=\"https:\/\/r3media.ro\/mihail-neamtu-aur-transparentizarea-surselor-de-finantare-a-ong-urilor-este-obligatorie-unele-dintre-ele-pun-in-pericol-interesele-romaniei\/#comment-40308\">Mihail Neam\u021bu (AUR): Transparentizarea surselor de finan\u021bare a ONG-urilor este obligatorie! Unele dintre ele pun \u00een pericol interesele Rom\u00e2niei<\/a><\/li>\n<li class=\"recentcomments\"><span class=\"comment-author-link\">Mamarica<\/span> la <a href=\"https:\/\/r3media.ro\/marea-britanie-apa-inteligenta-artificiala-romania-centru-ai-restrictii-consum-apa\/#comment-40307\">Marea Britanie nu mai are suficient\u0103 ap\u0103 pentru Inteligen\u021ba Artificial\u0103, dar Rom\u00e2nia vrea s\u0103 g\u0103zduiasc\u0103 un centru AI care consum\u0103 c\u00e2t sute de mii de oameni \u0219i impune restric\u021bii la consumul de ap\u0103 al popula\u021biei<\/a><\/li>\n<li class=\"recentcomments\"><span class=\"comment-author-link\">Redac\u021bia<\/span> la <a href=\"https:\/\/r3media.ro\/marea-britanie-apa-inteligenta-artificiala-romania-centru-ai-restrictii-consum-apa\/#comment-40306\">Marea Britanie nu mai are suficient\u0103 ap\u0103 pentru Inteligen\u021ba Artificial\u0103, dar Rom\u00e2nia vrea s\u0103 g\u0103zduiasc\u0103 un centru AI care consum\u0103 c\u00e2t sute de mii de oameni \u0219i impune restric\u021bii la consumul de ap\u0103 al popula\u021biei<\/a><\/li>\n<li class=\"recentcomments\"><span class=\"comment-author-link\">Luminita<\/span> la <a href=\"https:\/\/r3media.ro\/marea-britanie-apa-inteligenta-artificiala-romania-centru-ai-restrictii-consum-apa\/#comment-40305\">Marea Britanie nu mai are suficient\u0103 ap\u0103 pentru Inteligen\u021ba Artificial\u0103, dar Rom\u00e2nia vrea s\u0103 g\u0103zduiasc\u0103 un centru AI care consum\u0103 c\u00e2t sute de mii de oameni \u0219i impune restric\u021bii la consumul de ap\u0103 al popula\u021biei<\/a><\/li>\n<li class=\"recentcomments\"><span class=\"comment-author-link\">Redac\u021bia<\/span> la <a href=\"https:\/\/r3media.ro\/marea-britanie-apa-inteligenta-artificiala-romania-centru-ai-restrictii-consum-apa\/#comment-40304\">Marea Britanie nu mai are suficient\u0103 ap\u0103 pentru Inteligen\u021ba Artificial\u0103, dar Rom\u00e2nia vrea s\u0103 g\u0103zduiasc\u0103 un centru AI care consum\u0103 c\u00e2t sute de mii de oameni \u0219i impune restric\u021bii la consumul de ap\u0103 al popula\u021biei<\/a><\/li>\n<\/ul>\n<\/aside>\n<aside class=\"td_block_template_1 widget widget_search\">\n<h4 class=\"block-title\"><span>CAUT\u0102 \u0218I VEI G\u0102SI<\/span><\/h4>\n<\/aside>\n<\/div>\n<\/div>\n<\/div>\n<\/div>\n<\/div>\n<\/div>\n<\/div>\n<p><span class=\"td-page-meta\"><\/span><span class=\"td-page-meta\"><span class=\"td-page-meta\"><\/span><\/span><span class=\"td-page-meta\"><\/span><\/article>\n<\/p>\n<div class=\"td_block_wrap tdb_single_content tdi_18 td-pb-border-top td_block_template_1 td-post-content tagdiv-type\" data-td-block-uid=\"tdi_18\">\n<div class=\"tdb-block-inner td-fix-index\">\n<p><strong>Unei candidate a partidului Alternativa pentru Germania (AfD) i se interzice s\u0103 fie aleas\u0103 la alegerile din septembrie. Comisia electoral\u0103 din Saxonia Inferioar\u0103 a refuzat s\u0103 o aprobe pe politiciana Reinhild Goes drept candidat\u0103 la func\u021bia de primar. Decizia a dus la o revizuire constitu\u021bional\u0103, potrivit <a href=\"https:\/\/europeanconservative.com\/articles\/news-corner\/electoral-commission-rejects-afd-germany-alternative-fur-deutschland-candidacy\/\" target=\"_blank\" rel=\"noopener\">European Conservative<\/a>.<\/strong><\/p>\n<p>\u00cen conformitate cu procedura normal\u0103, candida\u021bii pentru alegerile municipale sunt examina\u021bi \u00een prezent de comisiile electorale. Mai multe institu\u021bii media au relatat c\u0103 politiciana local\u0103 AfD, Reinhild Goes, a primit deja interdic\u021bie de a candida la func\u021bia de primar \u00een N\u00f6rten-Hardenberg. Totu\u0219i, municipalitatea sus\u021bine c\u0103 acest raport este incomplet: un purt\u0103tor de cuv\u00e2nt al municipalit\u0103\u021bii a declarat pentru Apollo News c\u0103 comisia electoral\u0103 nu a luat \u00eenc\u0103 o decizie final\u0103 cu privire la candidatura lui Goes.<\/p>\n<p>De\u0219i comisia a votat \u00eempotriva aprob\u0103rii imediate a candidatei AfD, a decis \u00een unanimitate s\u0103 \u00eencredin\u021beze autorit\u0103\u021bii municipale de supraveghere a districtului Northeim sarcina de a-i revizui constitu\u021bionalitatea. O decizie privind candidatura este a\u0219teptat\u0103 p\u00e2n\u0103 pe 29 iulie.<\/p>\n<p>Acest lucru provine dintr-o nou\u0103 reglementare din legea alegerilor locale din Saxonia Inferioar\u0103, adoptat\u0103 \u00een aprilie. Aceasta permite comisiilor electorale s\u0103 examineze constitu\u021bionalitatea candida\u021bilor la func\u021biile de primar \u0219i administrator de district. Acest lucru ar putea duce la respingerea nominaliz\u0103rii, ceea ce s-a \u00eent\u00e2mplat deja \u00een cel pu\u021bin un caz. Mai mul\u021bi politicieni AfD din Saxonia Inferioar\u0103 au declarat c\u0103 se confrunt\u0103 cu probleme similare.<\/p>\n<h2><strong>Know-how rom\u00e2nesc aplicat peste hotare: Unei candidate AfD din Germania i se interzice s\u0103 fie aleas\u0103 \u00een func\u021bia de primar<\/strong><\/h2>\n<p>\u00a0<\/p>\n<p>Astfel de situa\u021bii, \u00een care candida\u021bi erau interzi\u0219i \u00een alegeri, erau aproape imposibile \u00een democra\u021biile occidentale. Mai degrab\u0103 \u00een \u021b\u0103rile comuniste, \u00een Rusia sau \u00een spa\u021biul ex-sovietic, politicienii percepu\u021bi ca anti-sistem erau respin\u0219i de comisiile electorale.<\/p>\n<p>\u00cen ultimii ani, dup\u0103 av\u00e2ntul pe care mi\u0219c\u0103rile suveraniste l-au avut \u00een Europa, tot mai mul\u021bi candida\u021bi au fost interzi\u0219i \u00een alegeri. Una dintre primele \u021b\u0103ri din Uniunea European\u0103 care a luat astfel de decizii a fost Rom\u00e2nia. La alegerile preziden\u021biale din 2024, <a href=\"https:\/\/r3media.ro\/ccr-a-anulat-decizia-biroului-electoral-central-privind-candidatura-dianei-sosoaca-la-presedintie\/\" target=\"_blank\" rel=\"noopener\"><strong>Diana Iovanovici-\u0218o\u0219oac\u0103 nu a fost l\u0103sat\u0103 s\u0103 candideze<\/strong><\/a>. Un an mai t\u00e2rziu, la reluarea alegerilor preziden\u021biale, aceea\u0219i Diana \u0218o\u0219oac\u0103, dar \u0219i C\u0103lin Georgescu au fost sco\u0219i de pe lista de vot.<\/p>\n<p>Totodat\u0103, partide precum AUR \u00een Rom\u00e2nia sau AfD \u00een Germania sau Adunarea Na\u021bional\u0103 \u00een Fran\u021ba sunt \u021binute \u00een afara deciziei politice de establishment-ul din aceste \u021b\u0103ri prin a\u0219a-zisul \u201ecordon sanitar\u201c.<\/p>\n<h2><strong>AfD, o voce important\u0103 pe scena politic\u0103 din Germania<\/strong><\/h2>\n<p>\u00a0<\/p>\n<p>Alternativa pentru Germania (AfD) s-a impus \u00een ultima pe scena politic\u0103 din Germania ca o voce contestatar\u0103 important\u0103. Partidul a atras un electorat semnificativ prin pozi\u021biile sale ferme privind suveranitatea na\u021bional\u0103 \u0219i conservatorismul cultural. Fondat pe o platform\u0103 critic\u0103 la adresa politicilor economice \u0219i a direc\u021biei luate de Uniunea European\u0103 \u00een perioada crizei euro, partidul a crescut constant \u00een sondaje. \u00cen prezent a devenit o for\u021b\u0103 politic\u0103 redutabil\u0103 \u00een estul Germaniei, unde mul\u021bi cet\u0103\u021beni rezoneaz\u0103 cu discursul suveranist.<\/p>\n<p>Unul dintre pilonii principali ai mesajului AfD este protejarea intereselor economice ale cet\u0103\u021benilor germani \u0219i reformarea institu\u021biilor europene. Partidul pledeaz\u0103 pentru o Europ\u0103 a na\u021biunilor suverane, \u00een detrimentul unei centraliz\u0103ri excesive la Bruxelles. De asemenea, AfD a criticat constant politicile energetice tradi\u021bionale, cum ar fi tranzi\u021bia for\u021bat\u0103 spre surse alternative f\u0103r\u0103 o plas\u0103 de siguran\u021b\u0103 economic\u0103, argument\u00e2nd c\u0103 acestea afecteaz\u0103 negativ competitivitatea industriei germane \u0219i cresc poverile financiare pentru gospod\u0103riile de r\u00e2nd.<\/p>\n<p>AfD ofer\u0103 o alternativ\u0103 politic\u0103 pentru milioane de germani care se simt ignora\u021bi de partidele tradi\u021bionale din spectrul central. Pentru sus\u021bin\u0103torii s\u0103i, partidul reprezint\u0103 o form\u0103 de democra\u021bie direct\u0103 \u0219i curajoas\u0103, capabil\u0103 s\u0103 pun\u0103 pe agenda public\u0103 subiecte tabu \u0219i s\u0103 corecteze derapajele politice percepute \u00een domenii vitale precum ordinea public\u0103, energia \u0219i politica extern\u0103.<\/p>\n<div class=\"crp_related     crp-masonry\">\n<h2>\u00ceN CONTEXT<\/h2>\n<ul>\n<li><a href=\"https:\/\/r3media.ro\/scenariu-romanesc-aplicat-germania-candidat-primar-joachim-paul-interzis-ludwigshafen-calin-georgescu\/\" class=\"crp_link post-112339\"><span class=\"crp_title\">\u201eModelul rom\u00e2nesc\u201c a fost aplicat ca la carte \u00een Germania: Candidatul AfD la func\u021bia de\u2026<\/span><\/a><\/li>\n<li><a href=\"https:\/\/r3media.ro\/ireal-germania-candidati-afd-mor-capete-campanie-electorala-imposibil-statistic\/\" class=\"crp_link post-112833\"><span class=\"crp_title\">Ireal ce se \u00eent\u00e2mpl\u0103 \u00een Germania! | Candida\u021bii AfD mor pe capete. Alice Weidel: E aproape\u2026<\/span><\/a><\/li>\n<li><a href=\"https:\/\/r3media.ro\/polonezii-plecati-germania-intoarcere-numar-impresionant-tara-lor-crestere-economica-taxe-mici-administratie-eficienta\/\" class=\"crp_link post-112444\"><span class=\"crp_title\">Polonezii pleca\u021bi \u00een Germania se \u00eentorc \u00een num\u0103r impresionant \u00een \u021bara lor, atra\u0219i de\u2026<\/span><\/a><\/li>\n<li><a href=\"https:\/\/r3media.ro\/feminista-germania-europeni-copii-acceptare-migranti-reducere-numar-prunci\/\" class=\"crp_link post-119201\"><span class=\"crp_title\">O feminist\u0103 din Germania le cere europenilor s\u0103 nu mai fac\u0103 copiii \u0219i s\u0103-i accepte pe\u2026<\/span><\/a><\/li>\n<li><a href=\"https:\/\/r3media.ro\/mihail-neamtu-neeuropeana-imperiu-birocrati-bruxelles-inarmarea-germaniei\/\" class=\"crp_link post-118770\"><span class=\"crp_title\">EXCLUSIVITATE Mihail Neam\u021bu: Exist\u0103 o tendin\u021b\u0103 neeuropean\u0103 de a se crea un imperiu condus de\u2026<\/span><\/a><\/li>\n<li><a href=\"https:\/\/r3media.ro\/bolojan-fritz-pnl-si-usr-germania\/\" class=\"crp_link post-118635\"><span class=\"crp_title\">Bolojan, Fritz, PNL \u0219i USR. Adic\u0103 Germania<\/span><\/a><\/li>\n<li><a href=\"https:\/\/r3media.ro\/eurodeputat-branko-grims-exclus-ppe-colaborare-partide-dreapta-parlamentul-european\/\" class=\"crp_link post-119667\"><span class=\"crp_title\">Eurodeputatul sloven Branko Grims a fost exclus din PPE pe motiv c\u0103 a colaborat cu alte\u2026<\/span><\/a><\/li>\n<li><a href=\"https:\/\/r3media.ro\/stefan-popescu-avertisment-germania-hegemon-europa\/\" class=\"crp_link post-117147\"><span class=\"crp_title\">\u0218tefan Popescu avertizeaz\u0103 c\u0103 Germania urm\u0103re\u0219te s\u0103 devin\u0103 hegemonul militar al Europei<\/span><\/a><\/li>\n<\/ul>\n<\/div>\n<\/div>\n<\/div>\n<p>[analyse_source url=&#8221;https:\/\/r3media.ro\/model-romanesc-candidata-afd-germania-interzicere-alegeri-primar\/&#8221;]<\/p>\n","protected":false},"excerpt":{"rendered":"<p>[analyse_image type=&#8221;featured&#8221; src=&#8221;https:\/\/r3media.ro\/wp-content\/uploads\/2022\/10\/AfD.webphttps:\/\/r3media.ro\/wp-content\/uploads\/2022\/10\/AfD.webp&#8221;] FEATUREDKnow-how rom\u00e2nesc aplicat peste hotare: Unei candidate AfD din Germania i se&#8230; FEATURED\u0218TIRI Know-how rom\u00e2nesc aplicat peste hotare: Unei candidate AfD din Germania i se interzice s\u0103 fie aleas\u0103 \u00een func\u021bia de primar Oana Ivan 26\/07\/2026 Sursa foto: theguardian.com Unei candidate a partidului Alternativa pentru Germania (AfD) i se interzice s\u0103 fie [&hellip;]<\/p>\n","protected":false},"author":1,"featured_media":0,"comment_status":"open","ping_status":"","sticky":false,"template":"","format":"standard","meta":{"footnotes":""},"categories":[89],"tags":[226,93],"class_list":["post-2062345","post","type-post","status-publish","format-standard","hentry","category-romania","tag-crawlmanager","tag-r3media-ro"],"_links":{"self":[{"href":"https:\/\/analyse.optim.biz\/index.php?rest_route=\/wp\/v2\/posts\/2062345","targetHints":{"allow":["GET"]}}],"collection":[{"href":"https:\/\/analyse.optim.biz\/index.php?rest_route=\/wp\/v2\/posts"}],"about":[{"href":"https:\/\/analyse.optim.biz\/index.php?rest_route=\/wp\/v2\/types\/post"}],"author":[{"embeddable":true,"href":"https:\/\/analyse.optim.biz\/index.php?rest_route=\/wp\/v2\/users\/1"}],"replies":[{"embeddable":true,"href":"https:\/\/analyse.optim.biz\/index.php?rest_route=%2Fwp%2Fv2%2Fcomments&post=2062345"}],"version-history":[{"count":0,"href":"https:\/\/analyse.optim.biz\/index.php?rest_route=\/wp\/v2\/posts\/2062345\/revisions"}],"wp:attachment":[{"href":"https:\/\/analyse.optim.biz\/index.php?rest_route=%2Fwp%2Fv2%2Fmedia&parent=2062345"}],"wp:term":[{"taxonomy":"category","embeddable":true,"href":"https:\/\/analyse.optim.biz\/index.php?rest_route=%2Fwp%2Fv2%2Fcategories&post=2062345"},{"taxonomy":"post_tag","embeddable":true,"href":"https:\/\/analyse.optim.biz\/index.php?rest_route=%2Fwp%2Fv2%2Ftags&post=2062345"}],"curies":[{"name":"wp","href":"https:\/\/api.w.org\/{rel}","templated":true}]}}