{"id":2062212,"date":"2026-07-25T08:55:56","date_gmt":"2026-07-25T05:55:56","guid":{"rendered":"https:\/\/analyse.optim.biz\/?p=2062212"},"modified":"2026-07-25T08:55:56","modified_gmt":"2026-07-25T05:55:56","slug":"tradare-nationala-originea-daco-romana-a-poporului-roman-a-fost-contestata-chiar-la-cotroceni-complice-fiind-aceasta-rusine-a-romaniei-pe-nume-nicusor-dan-uitat-sa-i-fie-numele-in-cartile-de-istor","status":"publish","type":"post","link":"https:\/\/analyse.optim.biz\/?p=2062212","title":{"rendered":"TR\u0102DARE NA\u021aIONAL\u0102: Originea daco-roman\u0103 a poporului rom\u00e2n a fost contestat\u0103 chiar la Cotroceni, complice fiind aceast\u0103 ru\u0219ine a Rom\u00e2niei, pe nume Nicu\u0219or Dan, uitat s\u0103-i fie numele \u00een c\u0103r\u021bile de istorie"},"content":{"rendered":"<p>[analyse_image type=&#8221;featured&#8221; src=&#8221;https:\/\/ortodoxinfo.ro\/wp-content\/uploads\/2026\/07\/images-1.jpeghttps:\/\/ortodoxinfo.ro\/wp-content\/uploads\/2026\/07\/images-1.jpeg&#8221;]<\/p>\n<article id=\"post-251795\" class=\"post-251795 post type-post status-publish format-standard has-post-thumbnail category-anti-romanism\">\n<header class=\"single-header\">\n<aside class=\"breadcrumb-wrap breadcrumb-yoast s-breadcrumb\">\n<div class=\"breadcrumb-inner\"><span><span><a href=\"https:\/\/ortodoxinfo.ro\/\">Prima pagin\u0103<\/a><\/span> \u00bb <span><a href=\"https:\/\/ortodoxinfo.ro\/blog\/\">Blog<\/a><\/span> \u00bb <span class=\"breadcrumb_last\" aria-current=\"page\">TR\u0102DARE NA\u021aIONAL\u0102: Originea daco-roman\u0103 a poporului rom\u00e2n a fost contestat\u0103 chiar la Cotroceni, complice fiind aceast\u0103 ru\u0219ine a Rom\u00e2niei, pe nume Nicu\u0219or Dan, uitat s\u0103-i fie numele \u00een c\u0103r\u021bile de istorie<\/span><\/span><\/div>\n<\/aside>\n<h1 class=\"s-title fw-headline\">TR\u0102DARE NA\u021aIONAL\u0102: Originea daco-roman\u0103 a poporului rom\u00e2n a fost contestat\u0103 chiar la Cotroceni, complice fiind aceast\u0103 ru\u0219ine a Rom\u00e2niei, pe nume Nicu\u0219or Dan, uitat s\u0103-i fie numele \u00een c\u0103r\u021bile de istorie<\/h1>\n<div class=\"single-meta meta-s-default yes-0\">\n<div class=\"smeta-in\"><a class=\"meta-el meta-avatar\" href=\"https:\/\/ortodoxinfo.ro\/author\/redactor\/\"><img loading=\"lazy\" decoding=\"async\" alt=\"OrtodoxINFO\" src=\"https:\/\/secure.gravatar.com\/avatar\/21010332354a182ce4de6016685c5586f21c51866d0ec5bc8ef383240b3c3e02?s=120&amp;r=g\" class=\"avatar avatar-120 photo\" height=\"120\" width=\"120\"><\/a><\/p>\n<div class=\"smeta-sec\">\n<div class=\"p-meta\">\n<div class=\"meta-inner is-meta\"><span class=\"meta-el meta-date\"><time datetime=\"2026-07-25T11:55:56+03:00\">25 iulie 2026<\/time><\/span><span class=\"meta-el meta-category meta-bold\"><a class=\"meta-separate category-1534\" href=\"https:\/\/ortodoxinfo.ro\/category\/anti-sistem\/anti-romanism\/\">anti-Rom\u00e2nia<\/a><\/span><span class=\"meta-el meta-view\">19.5k vizualiz\u0103ri\t\t<\/span><span class=\"meta-el meta-comment mobile-last-meta tablet-last-meta\"><a href=\"https:\/\/ortodoxinfo.ro\/2026\/07\/25\/tradare-nationala-originea-daco-romana-a-poporului-roman-a-fost-contestata-chiar-la-cotroceni-complice-fiind-aceasta-rusine-a-romaniei-pe-nume-nicusor-dan-uitat-sa-i-fie-numele-in-cartile-de-istor\/#comments\">1 comentariu<\/a><\/span><\/div>\n<\/div>\n<\/div>\n<\/div>\n<div class=\"smeta-extra\">\n<div class=\"t-shared-sec tooltips-n has-read-meta is-color\">\n<div class=\"t-shared-header is-meta\"><span class=\"share-label\">Share<\/span><\/div>\n<\/div>\n<div class=\"single-right-meta single-time-read is-meta\"><span class=\"meta-el meta-read\">4 Min Read<\/span><\/div>\n<\/div>\n<\/div>\n<\/header>\n<div class=\"grid-container\">\n<div class=\"s-ct\">\n<div class=\"s-feat-outer\">\n<div class=\"s-feat\">\n<div class=\"featured-lightbox-trigger\" data-source=\"https:\/\/ortodoxinfo.ro\/wp-content\/uploads\/2026\/07\/images-1.jpeg\" data-caption data-attribution><img fetchpriority=\"high\" decoding=\"async\" width=\"602\" height=\"297\" src=\"https:\/\/ortodoxinfo.ro\/wp-content\/uploads\/2026\/07\/images-1.jpeg\" class=\"attachment-foxiz_crop_o1 size-foxiz_crop_o1 wp-post-image\" alt loading=\"eager\"><\/div>\n<\/div>\n<\/div>\n<div class=\"s-ct-wrap has-lsl\">\n<div class=\"s-ct-inner\">\n<div class=\"l-shared-sec-outer show-mobile\">\n<div class=\"l-shared-sec\">\n<div class=\"l-shared-header meta-text\"><span class=\"share-label\">SHARE<\/span><\/div>\n<\/div>\n<\/div>\n<div class=\"e-ct-outer\">\n<div class=\"entry-top\">\n<div id=\"custom_html-3\" class=\"widget_text widget entry-widget clearfix widget_custom_html\">\n<div class=\"textwidget custom-html-widget\">\n<div><small><br \/>\n    OrtodoxINFO este supus unui sabotaj sistematic din partea reprezentan\u021bilor Google Rom\u00e2nia, at\u00e2t la afi\u0219\u0103ri c\u00e2t \u0219i \u00een rezultatele de c\u0103utare.<br \/>\n        Astfel c\u0103 veniturile din publicitate au sc\u0103zut de p\u00e2n\u0103 la <strong>10 ori<\/strong>. Situa\u021bia este similar\u0103 \u0219i pe Facebook.<\/p>\n<p>        V\u0103 invit\u0103m s\u0103 accesa\u021bi direct site-ul \u0219i s\u0103 v\u0103 abona\u021bi la notific\u0103ri.<\/p>\n<p>    Dac\u0103 dori\u021bi s\u0103 ne sus\u021bine\u021bi \u00een aceast\u0103 perioad\u0103 dificil\u0103, orice <a href=\"https:\/\/ortodoxinfo.ro\/donatii\/\">dona\u021bie<\/a> este binevenit\u0103.<br \/>\n    Dumnezeu s\u0103 v\u0103 r\u0103spl\u0103teasc\u0103!<br \/>\n<\/small><\/div>\n<\/div>\n<\/div>\n<\/div>\n<div class=\"entry-content rbct clearfix is-highlight-shares\">\n<p><a href=\"https:\/\/share.google\/jbuF31LT1fHtIiYxi\">Raportul Cotroceniului<\/a> privind identitatea na\u021bional\u0103 rom\u00e2neasc\u0103 e plin de erori, \u00eens\u0103 mi-a atras aten\u021bia mai ales paragraful urm\u0103tor:<\/p>\n<p>\u201eContinuitatea \u0219i memoria istoric\u0103. Nara\u021biunea continuit\u0103\u021bii daco-romane este un pilon al imaginarului na\u021bional \u00eenc\u0103 din secolul al XIX-lea. Dincolo de disputele academice privind originile, rolul ei este mai ales simbolic: ofer\u0103 o explica\u021bie a permanen\u021bei \u0219i legitimeaz\u0103 comunitatea politic\u0103.\u201d<\/p>\n<p>Paragraful \u0103sta reprezint\u0103 \u00eencununarea ultimelor decenii de destructurare a identit\u0103\u021bii rom\u00e2ne\u0219ti, consemneaz\u0103 \u00eentr-un raport asumat de pre\u0219edintele Rom\u00e2niei o sintez\u0103 perfect\u0103 a tezelor istoriografice maghiare \u0219i ruse\u0219ti referitoare la rom\u00e2ni. Asta este linia de abordare a istoriei rom\u00e2nilor la Moscova \u0219i Budapesta: continuitatea daco-roman\u0103 este un mit inventat de na\u021bionali\u0219tii rom\u00e2ni \u00een secolul al XIX-lea. Iar acum ideea asta devine politic\u0103 oficial\u0103 a statului rom\u00e2n, Palatul Cotroceni denun\u021b\u0103 teoria continuit\u0103\u021bii. Gheorghe Br\u0103tianu (Dumnezeu s\u0103-l ierte!) s-a transformat \u00een rotisor, pe unde va fi fiind el. Dac\u0103 minunea asta de raport devine lege, c\u00e2t de cur\u00e2nd o s\u0103-i fug\u0103re procurorii pe cei care au prin cas\u0103 volume de Gheorghe Br\u0103tianu, Adolf Armbruster \u0219i al\u021bi extremi\u0219ti.<\/p>\n<p>\u00cen 1404 episcopul sirian Ioan de Sultanieh consemna c\u0103 vorbitorii de \u201elatin\u0103 vulgar\u0103\u201d din zona Dun\u0103rii de jos \u201ese f\u0103lesc c\u0103 sunt urma\u0219i ai romanilor\u201d. Deci pe vremea lui Mircea cel B\u0103tr\u00e2n exista printre rom\u00e2ni ideea continuit\u0103\u021bii, care era motiv de m\u00e2ndrie. Nu mai amintim de polemica lui Miron Costin cu Simion Dasc\u0103lul, restul cronicarilor rom\u00e2ni, cronicarii sa\u0219i, zeci de c\u0103l\u0103tori str\u0103ini prin voievodate, de Dimitrie Cantemir, de Inocen\u021biu Micu-Klein, de Supplex Libellus Valachorum, de pu\u021bin cunoscuta anchet\u0103 a lui Mavrocordat referitoare la originile romane ale rom\u00e2nilor, de \u0218coala Ardelean\u0103. Sute de ani \u00eenainte de secolul al XIX-lea originea roman\u0103 a f\u0103cut parte din con\u0219tiin\u021ba identitar\u0103 a rom\u00e2nilor. P\u00e2n\u0103 \u00een 2026 A.D. c\u00e2nd Pre\u0219edin\u021bia Rom\u00e2niei anun\u021b\u0103 c\u0103 teoria continuit\u0103\u021bii daco-romane este o nara\u021biune imaginar\u0103 de secol XIX, cu un rol simbolic.<\/p>\n<p>De ce are nevoie Palatul Cotroceni s\u0103 se pronun\u021be \u00eentr-o dezbatere \u0219tiin\u021bific\u0103?!? Greu de spus. Urmeaz\u0103 o legiferare a acestei pozi\u021bii asumate de Pre\u0219edin\u021bie? Tradi\u021bia de p\u00e2n\u0103 acum cam \u00een direc\u021bia asta merge, s\u0103 ne a\u0219tept\u0103m la o legiferare a ceea ce avem voie s\u0103 spunem despre teoria continuit\u0103\u021bii daco-romane. Merit\u0103 urm\u0103rite \u0219i reac\u021biile dinspre Budapesta \u0219i Moscova referitoare la acest raport, cum va fi instrumentalizat\u0103 denun\u021barea oficial\u0103 a teoriei continuit\u0103\u021bii.<\/p>\n<p>Pare c\u0103 cineva a tras un semnal de alarm\u0103 cu privire la delegitimarea clasei politice \u0219i a statului rom\u00e2n \u2013 procentul celor care s-au desprins ori se desprind de ceea ce \u00eenseamn\u0103 stat rom\u00e2n este \u00een cre\u0219tere accelerat\u0103. O \u00eentrebare simpl\u0103: c\u00e2\u021bi rom\u00e2ni sunt dispu\u0219i s\u0103 lupte pe front sau s\u0103 \u00eendure priva\u021biuni sub actuala form\u0103 a statului \u0219i cu actuala clas\u0103 politic\u0103? Cred c\u0103 din zona asta provine ideea raportului de la Cotroceni, pentru c\u0103 r\u0103spunsul la aceast\u0103 \u00eentrebare exist\u0103 pe undeva \u0219i nu este unul \u00eencurajator. A\u0219a c\u0103 a ap\u0103rut acest raport minune care vrea s\u0103 defineasc\u0103 identitatea rom\u00e2neasc\u0103. Doar c\u0103 prin repudierea teoriei continuit\u0103\u021bii nu cred c\u0103 se va ajunge la o cre\u0219tere a legitimit\u0103\u021bii statului \u0219i clasei politice. \u0218i asta e doar prima problem\u0103 a raportului, de aici \u00eencolo se cam duc toate la vale.<\/p>\n<p>George Damian<\/p>\n<\/div>\n<\/div>\n<\/div>\n<div class=\"e-shared-sec entry-sec\">\n<div class=\"e-shared-header h4\"><span>Distribuie<\/span><\/div>\n<div class=\"rbbsl tooltips-n effect-fadeout is-bg\"><a class=\"share-action share-trigger icon-facebook\" aria-label=\"Share on Facebook\" href=\"https:\/\/www.facebook.com\/sharer.php?u=https%3A%2F%2Fortodoxinfo.ro%2F2026%2F07%2F25%2Ftradare-nationala-originea-daco-romana-a-poporului-roman-a-fost-contestata-chiar-la-cotroceni-complice-fiind-aceasta-rusine-a-romaniei-pe-nume-nicusor-dan-uitat-sa-i-fie-numele-in-cartile-de-istor%2F\" data-title=\"Facebook\" rel=\"nofollow\"><span>Facebook<\/span><\/a><a class=\"share-action share-trigger icon-twitter\" aria-label=\"Share on X\" href=\"https:\/\/twitter.com\/intent\/tweet?text=TR%C4%82DARE+NA%C8%9AIONAL%C4%82%3A+Originea+daco-roman%C4%83+a+poporului+rom%C3%A2n+a+fost+contestat%C4%83+chiar+la+Cotroceni%2C+complice+fiind+aceast%C4%83+ru%C8%99ine+a+Rom%C3%A2niei%2C+pe+nume+Nicu%C8%99or+Dan%2C+uitat+s%C4%83-i+fie+numele+%C3%AEn+c%C4%83r%C8%9Bile+de+istorie&amp;url=https%3A%2F%2Fortodoxinfo.ro%2F2026%2F07%2F25%2Ftradare-nationala-originea-daco-romana-a-poporului-roman-a-fost-contestata-chiar-la-cotroceni-complice-fiind-aceasta-rusine-a-romaniei-pe-nume-nicusor-dan-uitat-sa-i-fie-numele-in-cartile-de-istor%2F&amp;via=ortodoxinforo\" data-title=\"X\" rel=\"nofollow\"><span>X<\/span><\/a><a class=\"share-action icon-whatsapp is-web\" aria-label=\"Share on Whatsapp\" href=\"https:\/\/web.whatsapp.com\/send?text=TR%C4%82DARE+NA%C8%9AIONAL%C4%82%3A+Originea+daco-roman%C4%83+a+poporului+rom%C3%A2n+a+fost+contestat%C4%83+chiar+la+Cotroceni%2C+complice+fiind+aceast%C4%83+ru%C8%99ine+a+Rom%C3%A2niei%2C+pe+nume+Nicu%C8%99or+Dan%2C+uitat+s%C4%83-i+fie+numele+%C3%AEn+c%C4%83r%C8%9Bile+de+istorie%20%E2%98%9E%20https%3A%2F%2Fortodoxinfo.ro%2F2026%2F07%2F25%2Ftradare-nationala-originea-daco-romana-a-poporului-roman-a-fost-contestata-chiar-la-cotroceni-complice-fiind-aceasta-rusine-a-romaniei-pe-nume-nicusor-dan-uitat-sa-i-fie-numele-in-cartile-de-istor%2F\" target=\"_blank\" data-title=\"WhatsApp\" rel=\"nofollow\"><span>Whatsapp<\/span><\/a><a class=\"share-action icon-whatsapp is-mobile\" aria-label=\"Share on Whatsapp\" href=\"\/\/send?text=TR%C4%82DARE+NA%C8%9AIONAL%C4%82%3A+Originea+daco-roman%C4%83+a+poporului+rom%C3%A2n+a+fost+contestat%C4%83+chiar+la+Cotroceni%2C+complice+fiind+aceast%C4%83+ru%C8%99ine+a+Rom%C3%A2niei%2C+pe+nume+Nicu%C8%99or+Dan%2C+uitat+s%C4%83-i+fie+numele+%C3%AEn+c%C4%83r%C8%9Bile+de+istorie%20%E2%98%9E%20https%3A%2F%2Fortodoxinfo.ro%2F2026%2F07%2F25%2Ftradare-nationala-originea-daco-romana-a-poporului-roman-a-fost-contestata-chiar-la-cotroceni-complice-fiind-aceasta-rusine-a-romaniei-pe-nume-nicusor-dan-uitat-sa-i-fie-numele-in-cartile-de-istor%2F\" target=\"_blank\" data-title=\"WhatsApp\" rel=\"nofollow\"><span>Whatsapp<\/span><\/a><a class=\"share-action share-trigger icon-telegram\" aria-label=\"Share on Telegram\" href=\"https:\/\/t.me\/share\/?url=https%3A%2F%2Fortodoxinfo.ro%2F2026%2F07%2F25%2Ftradare-nationala-originea-daco-romana-a-poporului-roman-a-fost-contestata-chiar-la-cotroceni-complice-fiind-aceasta-rusine-a-romaniei-pe-nume-nicusor-dan-uitat-sa-i-fie-numele-in-cartile-de-istor%2F&amp;text=TR%C4%82DARE+NA%C8%9AIONAL%C4%82%3A+Originea+daco-roman%C4%83+a+poporului+rom%C3%A2n+a+fost+contestat%C4%83+chiar+la+Cotroceni%2C+complice+fiind+aceast%C4%83+ru%C8%99ine+a+Rom%C3%A2niei%2C+pe+nume+Nicu%C8%99or+Dan%2C+uitat+s%C4%83-i+fie+numele+%C3%AEn+c%C4%83r%C8%9Bile+de+istorie\" data-title=\"Telegram\" rel=\"nofollow\"><span>Telegram<\/span><\/a><a class=\"share-action icon-copy copy-trigger\" aria-label=\"Copy Link\" href=\"https:\/\/ortodoxinfo.ro\/2026\/07\/25\/tradare-nationala-originea-daco-romana-a-poporului-roman-a-fost-contestata-chiar-la-cotroceni-complice-fiind-aceasta-rusine-a-romaniei-pe-nume-nicusor-dan-uitat-sa-i-fie-numele-in-cartile-de-istor\/\" data-copied=\"Copied!\" data-link=\"https:\/\/ortodoxinfo.ro\/2026\/07\/25\/tradare-nationala-originea-daco-romana-a-poporului-roman-a-fost-contestata-chiar-la-cotroceni-complice-fiind-aceasta-rusine-a-romaniei-pe-nume-nicusor-dan-uitat-sa-i-fie-numele-in-cartile-de-istor\/\" rel=\"nofollow\" data-copy=\"Copy Link\"><span>Copy Link<\/span><\/a><a class=\"share-action icon-print\" aria-label=\"Print\" rel=\"nofollow\" data-title=\"Print\"><span>Print<\/span><\/a><\/div>\n<\/div>\n<\/div>\n<div id=\"tabs\" class=\"dntplgn_form_wrapper\"><span><\/p>\n<h2>\u0218tirile sunt sub cenzur\u0103! Sprijini\u021bi OrtodoxINFO!<\/h2>\n<p>Guvernul nu dore\u0219te aflarea adev\u0103rului despre lovitura de stat \u0219i \u00eengenuncherea Rom\u00e2niei. \u00cencerc\u0103m s\u0103 men\u021binem viu acest site \u0219i s\u0103 v\u0103 punem la dispozi\u021bie informa\u021bii care s\u0103 fac\u0103 lumin\u0103 \u00een cea mai mare provocare pe care o tr\u0103im. Jurnalismul independent al portalului OrtodoxINFO func\u021bioneaz\u0103 strict cu ajutorul cititorilor.<br \/>\nNe pute\u021bi sprijini printr-o <b><a href=\"https:\/\/ortodoxinfo.ro\/donatii\/\">dona\u021bie bancar\u0103<\/a> sau prin PayPal, complet\u00e2nd formularul de mai jos.<\/b><\/span><\/p>\n<ul>\n<li><a href=\"https:\/\/ortodoxinfo.ro\/2026\/07\/25\/tradare-nationala-originea-daco-romana-a-poporului-roman-a-fost-contestata-chiar-la-cotroceni-complice-fiind-aceasta-rusine-a-romaniei-pe-nume-nicusor-dan-uitat-sa-i-fie-numele-in-cartile-de-istor\/#tabs-1\">Dona\u021bie lunar\u0103<\/a><\/li>\n<li><a href=\"https:\/\/ortodoxinfo.ro\/2026\/07\/25\/tradare-nationala-originea-daco-romana-a-poporului-roman-a-fost-contestata-chiar-la-cotroceni-complice-fiind-aceasta-rusine-a-romaniei-pe-nume-nicusor-dan-uitat-sa-i-fie-numele-in-cartile-de-istor\/#tabs-2\">Doar acum<\/a><\/li>\n<\/ul>\n<div id=\"tabs-1\"><img loading=\"lazy\" decoding=\"async\" alt border=\"0\" src=\"https:\/\/www.paypalobjects.com\/en_US\/i\/scr\/pixel.gif\" width=\"1\" height=\"1\"><\/div>\n<div id=\"tabs-2\">\n<p>\t\t     \u20ac<\/p>\n<p>\t\t    <img loading=\"lazy\" decoding=\"async\" alt border=\"0\" src=\"https:\/\/www.paypalobjects.com\/en_US\/i\/scr\/pixel.gif\" width=\"1\" height=\"1\"><\/div>\n<p>Mul\u021bumim celor care ne-au ajutat p\u00e2n\u0103 acum!\n\t<\/p><\/div>\n<div class=\"comment-box-wrap entry-sec\">\n<div class=\"comment-box-header\"><span class=\"h3\">1 comentariu<\/span><\/div>\n<div class=\"comment-holder\">\n<div id=\"comments\" class=\"comments-area\">\n<div class=\"rb-section\">\n<ul class=\"comment-list entry\">\n<li id=\"comment-250680\" class=\"comment even thread-even depth-1\">\n<article id=\"div-comment-250680\" class=\"comment-body\">\n<footer class=\"comment-meta\">\n<div class=\"comment-author vcard\"><img loading=\"lazy\" decoding=\"async\" alt src=\"https:\/\/secure.gravatar.com\/avatar\/132fd989bad4ee2d55aa9692aa73d0475d12ca598eaa976fcddf813d6586cb5e?s=100&amp;r=g\" class=\"avatar avatar-100 photo\" height=\"100\" width=\"100\"><b class=\"fn\">Magda<\/b><span class=\"says\">spune:<\/span><\/div>\n<div class=\"comment-metadata\"><a href=\"https:\/\/ortodoxinfo.ro\/2026\/07\/25\/tradare-nationala-originea-daco-romana-a-poporului-roman-a-fost-contestata-chiar-la-cotroceni-complice-fiind-aceasta-rusine-a-romaniei-pe-nume-nicusor-dan-uitat-sa-i-fie-numele-in-cartile-de-istor\/#comment-250680\"><time datetime=\"2026-07-25T12:22:57+03:00\">25 iulie 2026 la 12:22<\/time><\/a><\/div>\n<\/footer>\n<div class=\"comment-content\">\n<p>P\u0103i nu trebuie s\u0103 ne mire nimic din partea acestor du\u0219mani ai neamului rom\u00e2nesc. Dup\u0103 uciderea tinerilor revolu\u021bionari rom\u00e2ni, a venit \u021biganul bo\u0219orog, Iliescu \u0219i s-a  proclamat buliba\u0219a rom\u00e2nilor \u0219i mare<br \/>\nr\u0103volu\u021bionar, bre, iar rom\u00e2nii nu doar c\u0103 l-au ales pre\u0219edinte, dar au l\u0103sat \u0219atra psd, transformat\u0103 de cioroi \u00een partid cu acte \u00een regul\u0103, s\u0103 le distrug\u0103 \u021bara, s\u0103 le v\u00e2nd\u0103 fabricile, p\u0103m\u00e2ntul, resursele, i-au l\u0103sat pe cocalarii \u021bigani s\u0103 ii \u021biganizeze, prin manele, clanuri de interlopi, de c\u0103m\u0103tari \u0219i de vr\u0103jitoare \u021big\u0103nci, iar acum sunt proteja\u021bi cioroii \u0219i prin lege, \u00een timp ce rom\u00e2nii au fost abandona\u021bi, persecutat\u021bi de statul terorist \u021big\u0103nesc \u0219i au p\u0103r\u0103sit \u021bara. Iar acest escroc, care a dat lovitura de stat, Nicu\u0219or Dan, nu e nici el rom\u00e2n, ci e kazar kripto evreu edomit, kripto kazari, care lucreaz\u0103 din greu cu \u021biganii pentru distrugerea neamului rom\u00e2nesc \u0219i pentru a ne fura identitatea, \u021bara \u0219i istoria.<\/p>\n<\/div>\n<div class=\"reply\"><a rel=\"nofollow\" class=\"comment-reply-link\" href=\"https:\/\/ortodoxinfo.ro\/2026\/07\/25\/tradare-nationala-originea-daco-romana-a-poporului-roman-a-fost-contestata-chiar-la-cotroceni-complice-fiind-aceasta-rusine-a-romaniei-pe-nume-nicusor-dan-uitat-sa-i-fie-numele-in-cartile-de-istor\/#comment-250680\" data-commentid=\"250680\" data-postid=\"251795\" data-belowelement=\"div-comment-250680\" data-respondelement=\"respond\" data-replyto=\"R\u0103spunde-i lui Magda\" aria-label=\"R\u0103spunde-i lui Magda\">R\u0103spunde<\/a><\/div>\n<\/article>\n<\/li>\n<\/ul>\n<\/div>\n<div id=\"respond\" class=\"comment-respond\">\n<h3 id=\"reply-title\" class=\"comment-reply-title\">Las\u0103 un r\u0103spuns <small><a rel=\"nofollow\" id=\"cancel-comment-reply-link\" href=\"https:\/\/ortodoxinfo.ro\/2026\/07\/25\/tradare-nationala-originea-daco-romana-a-poporului-roman-a-fost-contestata-chiar-la-cotroceni-complice-fiind-aceasta-rusine-a-romaniei-pe-nume-nicusor-dan-uitat-sa-i-fie-numele-in-cartile-de-istor\/#respond\">Anuleaz\u0103 r\u0103spunsul<\/a><\/small><\/h3>\n<p class=\"comment-notes\"><span id=\"email-notes\">Adresa ta de email nu va fi publicat\u0103.<\/span><span class=\"required-field-message\">C\u00e2mpurile obligatorii sunt marcate cu <span class=\"required\">*<\/span><\/span><\/p>\n<\/div>\n<\/div>\n<\/div>\n<\/div>\n<\/div>\n<div class=\"sidebar-wrap single-sidebar\">\n<div class=\"sidebar-inner clearfix\">\n<div id=\"widget-post-2\" class=\"widget rb-section w-sidebar clearfix widget-post\">\n<div class=\"block-h widget-heading heading-layout-1\">\n<div class=\"heading-inner\">\n<h4 class=\"heading-title\"><span>Articole recente<\/span><\/h4>\n<\/div>\n<\/div>\n<div class=\"widget-p-listing\">\n<div class=\"p-wrap p-small p-list-small-2\" data-pid=\"251905\">\n<div class=\"feat-holder\">\n<div class=\"p-featured ratio-v1\"><a class=\"p-flink\" href=\"https:\/\/ortodoxinfo.ro\/2026\/07\/25\/a-inceput-show-ul\/\" title=\"A \u00eenceput show-ul?! \u0218i e pe foarte mul\u021bi bani!\"><img decoding=\"async\" width=\"150\" height=\"150\" src=\"https:\/\/ortodoxinfo.ro\/wp-content\/uploads\/2026\/07\/FB_IMG_1784978060718-150x150.jpg\" class=\"featured-img wp-post-image\" alt loading=\"lazy\"><\/a><\/div>\n<\/div>\n<div class=\"p-content\">\n<h5 class=\"entry-title\"><a class=\"p-url\" href=\"https:\/\/ortodoxinfo.ro\/2026\/07\/25\/a-inceput-show-ul\/\" rel=\"bookmark\">A \u00eenceput show-ul?! \u0218i e pe foarte mul\u021bi bani!<\/a><\/h5>\n<div class=\"p-meta\">\n<div class=\"meta-inner is-meta\"><span class=\"meta-el meta-date\"><time datetime=\"2026-07-25T15:18:36+03:00\">25 iulie 2026<\/time><\/span><span class=\"meta-el meta-category meta-bold\"><a class=\"meta-separate category-1563\" href=\"https:\/\/ortodoxinfo.ro\/category\/anti-sistem\/simbolistica\/reclame\/\">Reclame<\/a><\/span><span class=\"meta-el meta-view\">15k vizualiz\u0103ri\t\t<\/span><\/div>\n<\/div>\n<\/div>\n<\/div>\n<div class=\"p-wrap p-small p-list-small-2\" data-pid=\"251789\">\n<div class=\"feat-holder\">\n<div class=\"p-featured ratio-v1\"><a class=\"p-flink\" href=\"https:\/\/ortodoxinfo.ro\/2026\/07\/25\/demisie-la-cotroceni-din-grupul-de-reflectie-strategica-si-acuzatii-dure-dupa-retragere-ma-delimitez-ferm-de-abordarea-ideologica\/\" title=\"Demisie la Cotroceni din Grupul de Reflec\u021bie Strategic\u0103 \u0219i acuza\u021bii dure dup\u0103 retragere: \u201dM\u0103 delimitez ferm de abordarea ideologic\u0103\u201d\"><img decoding=\"async\" width=\"150\" height=\"150\" src=\"https:\/\/ortodoxinfo.ro\/wp-content\/uploads\/2026\/07\/grup-de-referinta-strategioca.webp-150x150.webp\" class=\"featured-img wp-post-image\" alt loading=\"lazy\"><\/a><\/div>\n<\/div>\n<div class=\"p-content\">\n<h5 class=\"entry-title\"><a class=\"p-url\" href=\"https:\/\/ortodoxinfo.ro\/2026\/07\/25\/demisie-la-cotroceni-din-grupul-de-reflectie-strategica-si-acuzatii-dure-dupa-retragere-ma-delimitez-ferm-de-abordarea-ideologica\/\" rel=\"bookmark\">Demisie la Cotroceni din Grupul de Reflec\u021bie Strategic\u0103 \u0219i acuza\u021bii dure dup\u0103 retragere: \u201dM\u0103 delimitez ferm de abordarea ideologic\u0103\u201d<\/a><\/h5>\n<div class=\"p-meta\">\n<div class=\"meta-inner is-meta\"><span class=\"meta-el meta-date\"><time datetime=\"2026-07-25T03:38:40+03:00\">25 iulie 2026<\/time><\/span><span class=\"meta-el meta-category meta-bold\"><a class=\"meta-separate category-17748\" href=\"https:\/\/ortodoxinfo.ro\/category\/anti-sistem\/globalizare\/neo-marxism\/\">Neo-marxism<\/a><\/span><span class=\"meta-el meta-view\">13.6k vizualiz\u0103ri\t\t<\/span><\/div>\n<\/div>\n<\/div>\n<\/div>\n<div class=\"p-wrap p-small p-list-small-2\" data-pid=\"251738\">\n<div class=\"feat-holder\">\n<div class=\"p-featured ratio-v1\"><a class=\"p-flink\" href=\"https:\/\/ortodoxinfo.ro\/2026\/07\/25\/donald-trump-ameninta-ue-si-o-acuza-de-jaf-dupa-amenzile-record-date-companiilor-americane-europa-nu-ne-va-mai-trata-ca-pe-o-pusculita\/\" title=\"Donald Trump amenin\u021b\u0103 UE \u0219i o acuz\u0103 de jaf dup\u0103 amenzile record date companiilor americane. \u201eEuropa nu ne va mai trata ca pe o pu\u0219culi\u021b\u0103\u201d\"><img decoding=\"async\" width=\"150\" height=\"150\" src=\"https:\/\/ortodoxinfo.ro\/wp-content\/uploads\/2026\/07\/donald-trump-ameninta-ue-si-o-acuza-de-jaf-dupa-amenzile-record-date-companiilor-americane-europa-nu-150x150.png\" class=\"featured-img wp-post-image\" alt loading=\"lazy\"><\/a><\/div>\n<\/div>\n<div class=\"p-content\">\n<h5 class=\"entry-title\"><a class=\"p-url\" href=\"https:\/\/ortodoxinfo.ro\/2026\/07\/25\/donald-trump-ameninta-ue-si-o-acuza-de-jaf-dupa-amenzile-record-date-companiilor-americane-europa-nu-ne-va-mai-trata-ca-pe-o-pusculita\/\" rel=\"bookmark\">Donald Trump amenin\u021b\u0103 UE \u0219i o acuz\u0103 de jaf dup\u0103 amenzile record date companiilor americane. \u201eEuropa nu ne va mai trata ca pe o pu\u0219culi\u021b\u0103\u201d<\/a><\/h5>\n<div class=\"p-meta\">\n<div class=\"meta-inner is-meta\"><span class=\"meta-el meta-date\"><time datetime=\"2026-07-25T03:30:56+03:00\">25 iulie 2026<\/time><\/span><span class=\"meta-el meta-category meta-bold\"><a class=\"meta-separate category-20289\" href=\"https:\/\/ortodoxinfo.ro\/category\/suveranism\/\">Suveranism<\/a><\/span><span class=\"meta-el meta-view\">3.9k vizualiz\u0103ri\t\t<\/span><\/div>\n<\/div>\n<\/div>\n<\/div>\n<div class=\"p-wrap p-small p-list-small-2\" data-pid=\"251484\">\n<div class=\"feat-holder\">\n<div class=\"p-featured ratio-v1\"><a class=\"p-flink\" href=\"https:\/\/ortodoxinfo.ro\/2026\/07\/24\/mihail-neamtu-aur-transparentizarea-surselor-de-finantare-a-ong-urilor-este-obligatorie-unele-dintre-ele-pun-in-pericol-interesele-romaniei\/\" title=\"Mihail Neam\u021bu (AUR): Transparentizarea surselor de finan\u021bare a ONG-urilor este obligatorie! Unele dintre ele pun \u00een pericol interesele Rom\u00e2niei\"><img decoding=\"async\" width=\"150\" height=\"150\" src=\"https:\/\/ortodoxinfo.ro\/wp-content\/uploads\/2026\/07\/mihail-neamtu-camera-deputatilor-e1749655286450-150x150.png\" class=\"featured-img wp-post-image\" alt loading=\"lazy\"><\/a><\/div>\n<\/div>\n<div class=\"p-content\">\n<h5 class=\"entry-title\"><a class=\"p-url\" href=\"https:\/\/ortodoxinfo.ro\/2026\/07\/24\/mihail-neamtu-aur-transparentizarea-surselor-de-finantare-a-ong-urilor-este-obligatorie-unele-dintre-ele-pun-in-pericol-interesele-romaniei\/\" rel=\"bookmark\">Mihail Neam\u021bu (AUR): Transparentizarea surselor de finan\u021bare a ONG-urilor este obligatorie! Unele dintre ele pun \u00een pericol interesele Rom\u00e2niei<\/a><\/h5>\n<div class=\"p-meta\">\n<div class=\"meta-inner is-meta\"><span class=\"meta-el meta-date\"><time datetime=\"2026-07-24T14:59:14+03:00\">24 iulie 2026<\/time><\/span><span class=\"meta-el meta-category meta-bold\"><a class=\"meta-separate category-19866\" href=\"https:\/\/ortodoxinfo.ro\/category\/lupta-pentru-romania\/\">Lupt\u0103 pentru Rom\u00e2nia<\/a><\/span><span class=\"meta-el meta-view\">4.4k vizualiz\u0103ri\t\t<\/span><\/div>\n<\/div>\n<\/div>\n<\/div>\n<\/div>\n<\/div>\n<div id=\"custom_html-2\" class=\"widget_text widget rb-section w-sidebar clearfix widget_custom_html\">\n<div class=\"block-h widget-heading heading-layout-1\">\n<div class=\"heading-inner\">\n<h4 class=\"heading-title\"><span>DONA\u021aII \u00een cont bancar<\/span><\/h4>\n<\/div>\n<\/div>\n<div class=\"textwidget custom-html-widget\">\n<table class=\"donatii\">\n<tbody>\n<tr>\n<th colspan=\"2\"><strong><span>Asicia\u021bia SMI-B<\/span><\/strong><\/th>\n<\/tr>\n<tr>\n<th>Cont LEI<\/th>\n<td>RO67CECEB00030RON2081955<\/td>\n<\/tr>\n<tr>\n<th>Cont EURO<\/th>\n<td>RO33CECEB000C1EUR2081978<\/td>\n<\/tr>\n<tr>\n<th>Cod SWIFT<\/th>\n<td>CECEROBU<\/td>\n<\/tr>\n<tr>\n<th colspan=\"2\"><strong>CEC BANK SA<\/strong><\/th>\n<\/tr>\n<\/tbody>\n<\/table>\n<\/div>\n<\/div>\n<\/div>\n<\/div>\n<\/div>\n<\/article>\n<div class=\"entry-content rbct clearfix is-highlight-shares\">\n<p><a href=\"https:\/\/share.google\/jbuF31LT1fHtIiYxi\">Raportul Cotroceniului<\/a> privind identitatea na\u021bional\u0103 rom\u00e2neasc\u0103 e plin de erori, \u00eens\u0103 mi-a atras aten\u021bia mai ales paragraful urm\u0103tor:<\/p>\n<p>\u201eContinuitatea \u0219i memoria istoric\u0103. Nara\u021biunea continuit\u0103\u021bii daco-romane este un pilon al imaginarului na\u021bional \u00eenc\u0103 din secolul al XIX-lea. Dincolo de disputele academice privind originile, rolul ei este mai ales simbolic: ofer\u0103 o explica\u021bie a permanen\u021bei \u0219i legitimeaz\u0103 comunitatea politic\u0103.\u201d<\/p>\n<p>Paragraful \u0103sta reprezint\u0103 \u00eencununarea ultimelor decenii de destructurare a identit\u0103\u021bii rom\u00e2ne\u0219ti, consemneaz\u0103 \u00eentr-un raport asumat de pre\u0219edintele Rom\u00e2niei o sintez\u0103 perfect\u0103 a tezelor istoriografice maghiare \u0219i ruse\u0219ti referitoare la rom\u00e2ni. Asta este linia de abordare a istoriei rom\u00e2nilor la Moscova \u0219i Budapesta: continuitatea daco-roman\u0103 este un mit inventat de na\u021bionali\u0219tii rom\u00e2ni \u00een secolul al XIX-lea. Iar acum ideea asta devine politic\u0103 oficial\u0103 a statului rom\u00e2n, Palatul Cotroceni denun\u021b\u0103 teoria continuit\u0103\u021bii. Gheorghe Br\u0103tianu (Dumnezeu s\u0103-l ierte!) s-a transformat \u00een rotisor, pe unde va fi fiind el. Dac\u0103 minunea asta de raport devine lege, c\u00e2t de cur\u00e2nd o s\u0103-i fug\u0103re procurorii pe cei care au prin cas\u0103 volume de Gheorghe Br\u0103tianu, Adolf Armbruster \u0219i al\u021bi extremi\u0219ti.<\/p>\n<p>\u00cen 1404 episcopul sirian Ioan de Sultanieh consemna c\u0103 vorbitorii de \u201elatin\u0103 vulgar\u0103\u201d din zona Dun\u0103rii de jos \u201ese f\u0103lesc c\u0103 sunt urma\u0219i ai romanilor\u201d. Deci pe vremea lui Mircea cel B\u0103tr\u00e2n exista printre rom\u00e2ni ideea continuit\u0103\u021bii, care era motiv de m\u00e2ndrie. Nu mai amintim de polemica lui Miron Costin cu Simion Dasc\u0103lul, restul cronicarilor rom\u00e2ni, cronicarii sa\u0219i, zeci de c\u0103l\u0103tori str\u0103ini prin voievodate, de Dimitrie Cantemir, de Inocen\u021biu Micu-Klein, de Supplex Libellus Valachorum, de pu\u021bin cunoscuta anchet\u0103 a lui Mavrocordat referitoare la originile romane ale rom\u00e2nilor, de \u0218coala Ardelean\u0103. Sute de ani \u00eenainte de secolul al XIX-lea originea roman\u0103 a f\u0103cut parte din con\u0219tiin\u021ba identitar\u0103 a rom\u00e2nilor. P\u00e2n\u0103 \u00een 2026 A.D. c\u00e2nd Pre\u0219edin\u021bia Rom\u00e2niei anun\u021b\u0103 c\u0103 teoria continuit\u0103\u021bii daco-romane este o nara\u021biune imaginar\u0103 de secol XIX, cu un rol simbolic.<\/p>\n<p>De ce are nevoie Palatul Cotroceni s\u0103 se pronun\u021be \u00eentr-o dezbatere \u0219tiin\u021bific\u0103?!? Greu de spus. Urmeaz\u0103 o legiferare a acestei pozi\u021bii asumate de Pre\u0219edin\u021bie? Tradi\u021bia de p\u00e2n\u0103 acum cam \u00een direc\u021bia asta merge, s\u0103 ne a\u0219tept\u0103m la o legiferare a ceea ce avem voie s\u0103 spunem despre teoria continuit\u0103\u021bii daco-romane. Merit\u0103 urm\u0103rite \u0219i reac\u021biile dinspre Budapesta \u0219i Moscova referitoare la acest raport, cum va fi instrumentalizat\u0103 denun\u021barea oficial\u0103 a teoriei continuit\u0103\u021bii.<\/p>\n<p>Pare c\u0103 cineva a tras un semnal de alarm\u0103 cu privire la delegitimarea clasei politice \u0219i a statului rom\u00e2n \u2013 procentul celor care s-au desprins ori se desprind de ceea ce \u00eenseamn\u0103 stat rom\u00e2n este \u00een cre\u0219tere accelerat\u0103. O \u00eentrebare simpl\u0103: c\u00e2\u021bi rom\u00e2ni sunt dispu\u0219i s\u0103 lupte pe front sau s\u0103 \u00eendure priva\u021biuni sub actuala form\u0103 a statului \u0219i cu actuala clas\u0103 politic\u0103? Cred c\u0103 din zona asta provine ideea raportului de la Cotroceni, pentru c\u0103 r\u0103spunsul la aceast\u0103 \u00eentrebare exist\u0103 pe undeva \u0219i nu este unul \u00eencurajator. A\u0219a c\u0103 a ap\u0103rut acest raport minune care vrea s\u0103 defineasc\u0103 identitatea rom\u00e2neasc\u0103. Doar c\u0103 prin repudierea teoriei continuit\u0103\u021bii nu cred c\u0103 se va ajunge la o cre\u0219tere a legitimit\u0103\u021bii statului \u0219i clasei politice. \u0218i asta e doar prima problem\u0103 a raportului, de aici \u00eencolo se cam duc toate la vale.<\/p>\n<p>George Damian<\/p>\n<\/div>\n<p>[analyse_source url=&#8221;https:\/\/ortodoxinfo.ro\/2026\/07\/25\/tradare-nationala-originea-daco-romana-a-poporului-roman-a-fost-contestata-chiar-la-cotroceni-complice-fiind-aceasta-rusine-a-romaniei-pe-nume-nicusor-dan-uitat-sa-i-fie-numele-in-cartile-de-istor\/&#8221;]<\/p>\n","protected":false},"excerpt":{"rendered":"<p>[analyse_image type=&#8221;featured&#8221; src=&#8221;https:\/\/ortodoxinfo.ro\/wp-content\/uploads\/2026\/07\/images-1.jpeghttps:\/\/ortodoxinfo.ro\/wp-content\/uploads\/2026\/07\/images-1.jpeg&#8221;] Prima pagin\u0103 \u00bb Blog \u00bb TR\u0102DARE NA\u021aIONAL\u0102: Originea daco-roman\u0103 a poporului rom\u00e2n a fost contestat\u0103 chiar la Cotroceni, complice fiind aceast\u0103 ru\u0219ine a Rom\u00e2niei, pe nume Nicu\u0219or Dan, uitat s\u0103-i fie numele \u00een c\u0103r\u021bile de istorie TR\u0102DARE NA\u021aIONAL\u0102: Originea daco-roman\u0103 a poporului rom\u00e2n a fost contestat\u0103 chiar la Cotroceni, complice fiind aceast\u0103 [&hellip;]<\/p>\n","protected":false},"author":1,"featured_media":0,"comment_status":"open","ping_status":"","sticky":false,"template":"","format":"standard","meta":{"footnotes":""},"categories":[89],"tags":[226,94],"class_list":["post-2062212","post","type-post","status-publish","format-standard","hentry","category-romania","tag-crawlmanager","tag-ortodoxinfo-ro"],"_links":{"self":[{"href":"https:\/\/analyse.optim.biz\/index.php?rest_route=\/wp\/v2\/posts\/2062212","targetHints":{"allow":["GET"]}}],"collection":[{"href":"https:\/\/analyse.optim.biz\/index.php?rest_route=\/wp\/v2\/posts"}],"about":[{"href":"https:\/\/analyse.optim.biz\/index.php?rest_route=\/wp\/v2\/types\/post"}],"author":[{"embeddable":true,"href":"https:\/\/analyse.optim.biz\/index.php?rest_route=\/wp\/v2\/users\/1"}],"replies":[{"embeddable":true,"href":"https:\/\/analyse.optim.biz\/index.php?rest_route=%2Fwp%2Fv2%2Fcomments&post=2062212"}],"version-history":[{"count":0,"href":"https:\/\/analyse.optim.biz\/index.php?rest_route=\/wp\/v2\/posts\/2062212\/revisions"}],"wp:attachment":[{"href":"https:\/\/analyse.optim.biz\/index.php?rest_route=%2Fwp%2Fv2%2Fmedia&parent=2062212"}],"wp:term":[{"taxonomy":"category","embeddable":true,"href":"https:\/\/analyse.optim.biz\/index.php?rest_route=%2Fwp%2Fv2%2Fcategories&post=2062212"},{"taxonomy":"post_tag","embeddable":true,"href":"https:\/\/analyse.optim.biz\/index.php?rest_route=%2Fwp%2Fv2%2Ftags&post=2062212"}],"curies":[{"name":"wp","href":"https:\/\/api.w.org\/{rel}","templated":true}]}}