{"id":2062211,"date":"2026-07-25T04:26:51","date_gmt":"2026-07-25T01:26:51","guid":{"rendered":"https:\/\/analyse.optim.biz\/?p=2062211"},"modified":"2026-07-25T04:26:51","modified_gmt":"2026-07-25T01:26:51","slug":"donald-trump-ameninta-ue-si-o-acuza-de-jaf-dupa-amenzile-record-date-companiilor-americane-europa-nu-ne-va-mai-trata-ca-pe-o-pusculita","status":"publish","type":"post","link":"https:\/\/analyse.optim.biz\/?p=2062211","title":{"rendered":"Donald Trump amenin\u021b\u0103 UE \u0219i o acuz\u0103 de jaf dup\u0103 amenzile record date companiilor americane. \u201eEuropa nu ne va mai trata ca pe o pu\u0219culi\u021b\u0103\u201d"},"content":{"rendered":"<p>[analyse_image type=&#8221;featured&#8221; src=&#8221;https:\/\/ortodoxinfo.ro\/wp-content\/uploads\/2026\/07\/donald-trump-ameninta-ue-si-o-acuza-de-jaf-dupa-amenzile-record-date-companiilor-americane-europa-nu.pnghttps:\/\/ortodoxinfo.ro\/wp-content\/uploads\/2026\/07\/donald-trump-ameninta-ue-si-o-acuza-de-jaf-dupa-amenzile-record-date-companiilor-americane-europa-nu.png&#8221;]<\/p>\n<article id=\"post-251738\" class=\"post-251738 post type-post status-publish format-standard has-post-thumbnail category-suveranism\">\n<header class=\"single-header\">\n<aside class=\"breadcrumb-wrap breadcrumb-yoast s-breadcrumb\">\n<div class=\"breadcrumb-inner\"><span><span><a href=\"https:\/\/ortodoxinfo.ro\/\">Prima pagin\u0103<\/a><\/span> \u00bb <span><a href=\"https:\/\/ortodoxinfo.ro\/blog\/\">Blog<\/a><\/span> \u00bb <span class=\"breadcrumb_last\" aria-current=\"page\">Donald Trump amenin\u021b\u0103 UE \u0219i o acuz\u0103 de jaf dup\u0103 amenzile record date companiilor americane. \u201eEuropa nu ne va mai trata ca pe o pu\u0219culi\u021b\u0103\u201d<\/span><\/span><\/div>\n<\/aside>\n<h1 class=\"s-title fw-headline\">Donald Trump amenin\u021b\u0103 UE \u0219i o acuz\u0103 de jaf dup\u0103 amenzile record date companiilor americane. \u201eEuropa nu ne va mai trata ca pe o pu\u0219culi\u021b\u0103\u201d<\/h1>\n<div class=\"single-meta meta-s-default yes-0\">\n<div class=\"smeta-in\"><a class=\"meta-el meta-avatar\" href=\"https:\/\/ortodoxinfo.ro\/author\/redactor\/\"><img loading=\"lazy\" decoding=\"async\" alt=\"OrtodoxINFO\" src=\"https:\/\/secure.gravatar.com\/avatar\/21010332354a182ce4de6016685c5586f21c51866d0ec5bc8ef383240b3c3e02?s=120&amp;r=g\" class=\"avatar avatar-120 photo\" height=\"120\" width=\"120\"><\/a><\/p>\n<div class=\"smeta-sec\">\n<div class=\"p-meta\">\n<div class=\"meta-inner is-meta\"><span class=\"meta-el meta-date\"><time datetime=\"2026-07-25T03:30:56+03:00\">25 iulie 2026<\/time><\/span><span class=\"meta-el meta-category meta-bold\"><a class=\"meta-separate category-20289\" href=\"https:\/\/ortodoxinfo.ro\/category\/suveranism\/\">Suveranism<\/a><\/span><span class=\"meta-el meta-view\">3.9k vizualiz\u0103ri\t\t<\/span><span class=\"meta-el meta-comment mobile-last-meta tablet-last-meta\"><a href=\"https:\/\/ortodoxinfo.ro\/2026\/07\/25\/donald-trump-ameninta-ue-si-o-acuza-de-jaf-dupa-amenzile-record-date-companiilor-americane-europa-nu-ne-va-mai-trata-ca-pe-o-pusculita\/#comments\">1 comentariu<\/a><\/span><\/div>\n<\/div>\n<\/div>\n<\/div>\n<div class=\"smeta-extra\">\n<div class=\"t-shared-sec tooltips-n has-read-meta is-color\">\n<div class=\"t-shared-header is-meta\"><span class=\"share-label\">Share<\/span><\/div>\n<\/div>\n<div class=\"single-right-meta single-time-read is-meta\"><span class=\"meta-el meta-read\">2 Min Read<\/span><\/div>\n<\/div>\n<\/div>\n<\/header>\n<div class=\"grid-container\">\n<div class=\"s-ct\">\n<div class=\"s-feat-outer\">\n<div class=\"s-feat\">\n<div class=\"featured-lightbox-trigger\" data-source=\"https:\/\/ortodoxinfo.ro\/wp-content\/uploads\/2026\/07\/donald-trump-ameninta-ue-si-o-acuza-de-jaf-dupa-amenzile-record-date-companiilor-americane-europa-nu.png\" data-caption data-attribution><img fetchpriority=\"high\" decoding=\"async\" width=\"860\" height=\"452\" src=\"https:\/\/ortodoxinfo.ro\/wp-content\/uploads\/2026\/07\/donald-trump-ameninta-ue-si-o-acuza-de-jaf-dupa-amenzile-record-date-companiilor-americane-europa-nu-860x452.png\" class=\"attachment-foxiz_crop_o1 size-foxiz_crop_o1 wp-post-image\" alt loading=\"eager\"><\/div>\n<\/div>\n<\/div>\n<div class=\"s-ct-wrap has-lsl\">\n<div class=\"s-ct-inner\">\n<div class=\"l-shared-sec-outer show-mobile\">\n<div class=\"l-shared-sec\">\n<div class=\"l-shared-header meta-text\"><span class=\"share-label\">SHARE<\/span><\/div>\n<\/div>\n<\/div>\n<div class=\"e-ct-outer\">\n<div class=\"entry-top\">\n<div id=\"custom_html-3\" class=\"widget_text widget entry-widget clearfix widget_custom_html\">\n<div class=\"textwidget custom-html-widget\">\n<div><small><br \/>\n    OrtodoxINFO este supus unui sabotaj sistematic din partea reprezentan\u021bilor Google Rom\u00e2nia, at\u00e2t la afi\u0219\u0103ri c\u00e2t \u0219i \u00een rezultatele de c\u0103utare.<br \/>\n        Astfel c\u0103 veniturile din publicitate au sc\u0103zut de p\u00e2n\u0103 la <strong>10 ori<\/strong>. Situa\u021bia este similar\u0103 \u0219i pe Facebook.<\/p>\n<p>        V\u0103 invit\u0103m s\u0103 accesa\u021bi direct site-ul \u0219i s\u0103 v\u0103 abona\u021bi la notific\u0103ri.<\/p>\n<p>    Dac\u0103 dori\u021bi s\u0103 ne sus\u021bine\u021bi \u00een aceast\u0103 perioad\u0103 dificil\u0103, orice <a href=\"https:\/\/ortodoxinfo.ro\/donatii\/\">dona\u021bie<\/a> este binevenit\u0103.<br \/>\n    Dumnezeu s\u0103 v\u0103 r\u0103spl\u0103teasc\u0103!<br \/>\n<\/small><\/div>\n<\/div>\n<\/div>\n<\/div>\n<div class=\"entry-content rbct clearfix is-highlight-shares\">\n<p>Pre\u0219edintele Statelor Unite, Donald J. Trump, a reac\u021bionat dur joi la noile amenzi impuse de Uniunea European\u0103 unor companii americane de tehnologie, acuz\u00e2nd Bruxelles-ul de o practic\u0103 \u201eilegal\u0103 \u0219i extrem de discriminatorie\u201d care vizeaz\u0103 \u00een mod deliberat gigan\u021bii din SUA.<\/p>\n<p>\u00centr-o postare public\u0103, Trump a subliniat c\u0103, dup\u0103 ce a amendat Apple cu 15 miliarde de dolari, Meta cu 3 miliarde de dolari \u0219i Amazon cu 2,5 miliarde de dolari, Comisia European\u0103 a aplicat Google o nou\u0103 amend\u0103 de 1 miliard de dolari. Potrivit pre\u0219edintelui american, suma total\u0103 a sanc\u021biunilor \u00eempotriva Google dep\u0103\u0219e\u0219te acum 18 miliarde de dolari.\u201eUniunea European\u0103 o face din nou \u0219i, ca de obicei, \u021binte\u0219te direct marile companii americane!\u201d, a scris Trump.<\/p>\n<p>El a calificat aceste decizii drept \u201ef\u0103r\u0103 niciun motiv\u201d \u0219i a legat \u00eenceputul acestei \u201epractici\u201d de primul an al administra\u021biei Biden, subliniind c\u0103 situa\u021bia \u201enu va continua \u00een timpul administra\u021biei Trump\u201d.<\/p>\n<p>Pre\u0219edintele a anun\u021bat c\u0103 Statele Unite vor ini\u021bia imediat o anchet\u0103 \u00een baza Sec\u021biunii 301 privind ceea ce a numit \u201ejaf\u201d asupra companiilor americane \u0219i, implicit, asupra contribuabilului american. \u201eStatele Unite ale Americii nu sunt o \u00abpu\u0219culi\u021b\u0103\u00bb pentru Europa \u0219i nici nu vom permite s\u0103 devin\u0103 una!\u201d, a avertizat Trump. El a promis c\u0103 amenzile vor fi anulate \u00een totalitate \u0219i c\u0103 Uniunii Europene i se va impune \u201eun tarif substan\u021bial c\u00e2t mai cur\u00e2nd posibil\u201d.<\/p>\n<p>\u201eUE va pl\u0103ti un pre\u021b foarte mare pentru aceast\u0103 conduit\u0103 ilegal\u0103 \u0219i extrem de lipsit\u0103 de etic\u0103, despre care i-am avertizat \u00een mod constant\u201d, a concluzionat pre\u0219edintele american, invit\u00e2nd publicul s\u0103 \u201er\u0103m\u00e2n\u0103 la curent\u201d.<\/p>\n<p>Declara\u021bia vine pe fondul tensiunilor comerciale tot mai accentuate dintre Washington \u0219i Bruxelles \u00een domeniul reglement\u0103rii pie\u021bei digitale \u0219i al concuren\u021bei.<\/p>\n\n<\/div>\n<\/div>\n<\/div>\n<div class=\"e-shared-sec entry-sec\">\n<div class=\"e-shared-header h4\"><span>Distribuie<\/span><\/div>\n<div class=\"rbbsl tooltips-n effect-fadeout is-bg\"><a class=\"share-action share-trigger icon-facebook\" aria-label=\"Share on Facebook\" href=\"https:\/\/www.facebook.com\/sharer.php?u=https%3A%2F%2Fortodoxinfo.ro%2F2026%2F07%2F25%2Fdonald-trump-ameninta-ue-si-o-acuza-de-jaf-dupa-amenzile-record-date-companiilor-americane-europa-nu-ne-va-mai-trata-ca-pe-o-pusculita%2F\" data-title=\"Facebook\" rel=\"nofollow\"><span>Facebook<\/span><\/a><a class=\"share-action share-trigger icon-twitter\" aria-label=\"Share on X\" href=\"https:\/\/twitter.com\/intent\/tweet?text=Donald+Trump+amenin%C8%9B%C4%83+UE+%C8%99i+o+acuz%C4%83+de+jaf+dup%C4%83+amenzile+record+date+companiilor+americane.+%E2%80%9EEuropa+nu+ne+va+mai+trata+ca+pe+o+pu%C8%99culi%C8%9B%C4%83%E2%80%9D&amp;url=https%3A%2F%2Fortodoxinfo.ro%2F2026%2F07%2F25%2Fdonald-trump-ameninta-ue-si-o-acuza-de-jaf-dupa-amenzile-record-date-companiilor-americane-europa-nu-ne-va-mai-trata-ca-pe-o-pusculita%2F&amp;via=ortodoxinforo\" data-title=\"X\" rel=\"nofollow\"><span>X<\/span><\/a><a class=\"share-action icon-whatsapp is-web\" aria-label=\"Share on Whatsapp\" href=\"https:\/\/web.whatsapp.com\/send?text=Donald+Trump+amenin%C8%9B%C4%83+UE+%C8%99i+o+acuz%C4%83+de+jaf+dup%C4%83+amenzile+record+date+companiilor+americane.+%E2%80%9EEuropa+nu+ne+va+mai+trata+ca+pe+o+pu%C8%99culi%C8%9B%C4%83%E2%80%9D%20%E2%98%9E%20https%3A%2F%2Fortodoxinfo.ro%2F2026%2F07%2F25%2Fdonald-trump-ameninta-ue-si-o-acuza-de-jaf-dupa-amenzile-record-date-companiilor-americane-europa-nu-ne-va-mai-trata-ca-pe-o-pusculita%2F\" target=\"_blank\" data-title=\"WhatsApp\" rel=\"nofollow\"><span>Whatsapp<\/span><\/a><a class=\"share-action icon-whatsapp is-mobile\" aria-label=\"Share on Whatsapp\" href=\"\/\/send?text=Donald+Trump+amenin%C8%9B%C4%83+UE+%C8%99i+o+acuz%C4%83+de+jaf+dup%C4%83+amenzile+record+date+companiilor+americane.+%E2%80%9EEuropa+nu+ne+va+mai+trata+ca+pe+o+pu%C8%99culi%C8%9B%C4%83%E2%80%9D%20%E2%98%9E%20https%3A%2F%2Fortodoxinfo.ro%2F2026%2F07%2F25%2Fdonald-trump-ameninta-ue-si-o-acuza-de-jaf-dupa-amenzile-record-date-companiilor-americane-europa-nu-ne-va-mai-trata-ca-pe-o-pusculita%2F\" target=\"_blank\" data-title=\"WhatsApp\" rel=\"nofollow\"><span>Whatsapp<\/span><\/a><a class=\"share-action share-trigger icon-telegram\" aria-label=\"Share on Telegram\" href=\"https:\/\/t.me\/share\/?url=https%3A%2F%2Fortodoxinfo.ro%2F2026%2F07%2F25%2Fdonald-trump-ameninta-ue-si-o-acuza-de-jaf-dupa-amenzile-record-date-companiilor-americane-europa-nu-ne-va-mai-trata-ca-pe-o-pusculita%2F&amp;text=Donald+Trump+amenin%C8%9B%C4%83+UE+%C8%99i+o+acuz%C4%83+de+jaf+dup%C4%83+amenzile+record+date+companiilor+americane.+%E2%80%9EEuropa+nu+ne+va+mai+trata+ca+pe+o+pu%C8%99culi%C8%9B%C4%83%E2%80%9D\" data-title=\"Telegram\" rel=\"nofollow\"><span>Telegram<\/span><\/a><a class=\"share-action icon-copy copy-trigger\" aria-label=\"Copy Link\" href=\"https:\/\/ortodoxinfo.ro\/2026\/07\/25\/donald-trump-ameninta-ue-si-o-acuza-de-jaf-dupa-amenzile-record-date-companiilor-americane-europa-nu-ne-va-mai-trata-ca-pe-o-pusculita\/\" data-copied=\"Copied!\" data-link=\"https:\/\/ortodoxinfo.ro\/2026\/07\/25\/donald-trump-ameninta-ue-si-o-acuza-de-jaf-dupa-amenzile-record-date-companiilor-americane-europa-nu-ne-va-mai-trata-ca-pe-o-pusculita\/\" rel=\"nofollow\" data-copy=\"Copy Link\"><span>Copy Link<\/span><\/a><a class=\"share-action icon-print\" aria-label=\"Print\" rel=\"nofollow\" data-title=\"Print\"><span>Print<\/span><\/a><\/div>\n<\/div>\n<\/div>\n<div id=\"tabs\" class=\"dntplgn_form_wrapper\"><span><\/p>\n<h2>\u0218tirile sunt sub cenzur\u0103! Sprijini\u021bi OrtodoxINFO!<\/h2>\n<p>Guvernul nu dore\u0219te aflarea adev\u0103rului despre lovitura de stat \u0219i \u00eengenuncherea Rom\u00e2niei. \u00cencerc\u0103m s\u0103 men\u021binem viu acest site \u0219i s\u0103 v\u0103 punem la dispozi\u021bie informa\u021bii care s\u0103 fac\u0103 lumin\u0103 \u00een cea mai mare provocare pe care o tr\u0103im. Jurnalismul independent al portalului OrtodoxINFO func\u021bioneaz\u0103 strict cu ajutorul cititorilor.<br \/>\nNe pute\u021bi sprijini printr-o <b><a href=\"https:\/\/ortodoxinfo.ro\/donatii\/\">dona\u021bie bancar\u0103<\/a> sau prin PayPal, complet\u00e2nd formularul de mai jos.<\/b><\/span><\/p>\n<ul>\n<li><a href=\"https:\/\/ortodoxinfo.ro\/2026\/07\/25\/donald-trump-ameninta-ue-si-o-acuza-de-jaf-dupa-amenzile-record-date-companiilor-americane-europa-nu-ne-va-mai-trata-ca-pe-o-pusculita\/#tabs-1\">Dona\u021bie lunar\u0103<\/a><\/li>\n<li><a href=\"https:\/\/ortodoxinfo.ro\/2026\/07\/25\/donald-trump-ameninta-ue-si-o-acuza-de-jaf-dupa-amenzile-record-date-companiilor-americane-europa-nu-ne-va-mai-trata-ca-pe-o-pusculita\/#tabs-2\">Doar acum<\/a><\/li>\n<\/ul>\n<div id=\"tabs-1\"><img loading=\"lazy\" decoding=\"async\" alt border=\"0\" src=\"https:\/\/www.paypalobjects.com\/en_US\/i\/scr\/pixel.gif\" width=\"1\" height=\"1\"><\/div>\n<div id=\"tabs-2\">\n<p>\t\t     \u20ac<\/p>\n<p>\t\t    <img loading=\"lazy\" decoding=\"async\" alt border=\"0\" src=\"https:\/\/www.paypalobjects.com\/en_US\/i\/scr\/pixel.gif\" width=\"1\" height=\"1\"><\/div>\n<p>Mul\u021bumim celor care ne-au ajutat p\u00e2n\u0103 acum!\n\t<\/p><\/div>\n<div class=\"comment-box-wrap entry-sec\">\n<div class=\"comment-box-header\"><span class=\"h3\">1 comentariu<\/span><\/div>\n<div class=\"comment-holder\">\n<div id=\"comments\" class=\"comments-area\">\n<div class=\"rb-section\">\n<ul class=\"comment-list entry\">\n<li id=\"comment-250682\" class=\"comment even thread-even depth-1\">\n<article id=\"div-comment-250682\" class=\"comment-body\">\n<footer class=\"comment-meta\">\n<div class=\"comment-author vcard\"><img loading=\"lazy\" decoding=\"async\" alt src=\"https:\/\/secure.gravatar.com\/avatar\/699adac981c3beeeddfcf116aef4c42479b7679e0c7aff82f3a548c6b4ea1deb?s=100&amp;r=g\" class=\"avatar avatar-100 photo\" height=\"100\" width=\"100\"><b class=\"fn\">Kh-47M2 Kinzhal<\/b><span class=\"says\">spune:<\/span><\/div>\n<div class=\"comment-metadata\"><a href=\"https:\/\/ortodoxinfo.ro\/2026\/07\/25\/donald-trump-ameninta-ue-si-o-acuza-de-jaf-dupa-amenzile-record-date-companiilor-americane-europa-nu-ne-va-mai-trata-ca-pe-o-pusculita\/#comment-250682\"><time datetime=\"2026-07-25T14:12:03+03:00\">25 iulie 2026 la 14:12<\/time><\/a><\/div>\n<\/footer>\n<div class=\"comment-content\">\n<p>Ai naibii yankeii \u00eempu\u021bi\u021bi, america e o un cadavru \u00een putrefac\u021bie din punct de vedere social \u0219i moral\u2026<\/p>\n<\/div>\n<div class=\"reply\"><a rel=\"nofollow\" class=\"comment-reply-link\" href=\"https:\/\/ortodoxinfo.ro\/2026\/07\/25\/donald-trump-ameninta-ue-si-o-acuza-de-jaf-dupa-amenzile-record-date-companiilor-americane-europa-nu-ne-va-mai-trata-ca-pe-o-pusculita\/#comment-250682\" data-commentid=\"250682\" data-postid=\"251738\" data-belowelement=\"div-comment-250682\" data-respondelement=\"respond\" data-replyto=\"R\u0103spunde-i lui Kh-47M2 Kinzhal\" aria-label=\"R\u0103spunde-i lui Kh-47M2 Kinzhal\">R\u0103spunde<\/a><\/div>\n<\/article>\n<\/li>\n<\/ul>\n<\/div>\n<div id=\"respond\" class=\"comment-respond\">\n<h3 id=\"reply-title\" class=\"comment-reply-title\">Las\u0103 un r\u0103spuns <small><a rel=\"nofollow\" id=\"cancel-comment-reply-link\" href=\"https:\/\/ortodoxinfo.ro\/2026\/07\/25\/donald-trump-ameninta-ue-si-o-acuza-de-jaf-dupa-amenzile-record-date-companiilor-americane-europa-nu-ne-va-mai-trata-ca-pe-o-pusculita\/#respond\">Anuleaz\u0103 r\u0103spunsul<\/a><\/small><\/h3>\n<p class=\"comment-notes\"><span id=\"email-notes\">Adresa ta de email nu va fi publicat\u0103.<\/span><span class=\"required-field-message\">C\u00e2mpurile obligatorii sunt marcate cu <span class=\"required\">*<\/span><\/span><\/p>\n<\/div>\n<\/div>\n<\/div>\n<\/div>\n<\/div>\n<div class=\"sidebar-wrap single-sidebar\">\n<div class=\"sidebar-inner clearfix\">\n<div id=\"widget-post-2\" class=\"widget rb-section w-sidebar clearfix widget-post\">\n<div class=\"block-h widget-heading heading-layout-1\">\n<div class=\"heading-inner\">\n<h4 class=\"heading-title\"><span>Articole recente<\/span><\/h4>\n<\/div>\n<\/div>\n<div class=\"widget-p-listing\">\n<div class=\"p-wrap p-small p-list-small-2\" data-pid=\"251905\">\n<div class=\"feat-holder\">\n<div class=\"p-featured ratio-v1\"><a class=\"p-flink\" href=\"https:\/\/ortodoxinfo.ro\/2026\/07\/25\/a-inceput-show-ul\/\" title=\"A \u00eenceput show-ul?! \u0218i e pe foarte mul\u021bi bani!\"><img decoding=\"async\" width=\"150\" height=\"150\" src=\"https:\/\/ortodoxinfo.ro\/wp-content\/uploads\/2026\/07\/FB_IMG_1784978060718-150x150.jpg\" class=\"featured-img wp-post-image\" alt loading=\"lazy\"><\/a><\/div>\n<\/div>\n<div class=\"p-content\">\n<h5 class=\"entry-title\"><a class=\"p-url\" href=\"https:\/\/ortodoxinfo.ro\/2026\/07\/25\/a-inceput-show-ul\/\" rel=\"bookmark\">A \u00eenceput show-ul?! \u0218i e pe foarte mul\u021bi bani!<\/a><\/h5>\n<div class=\"p-meta\">\n<div class=\"meta-inner is-meta\"><span class=\"meta-el meta-date\"><time datetime=\"2026-07-25T15:18:36+03:00\">25 iulie 2026<\/time><\/span><span class=\"meta-el meta-category meta-bold\"><a class=\"meta-separate category-1563\" href=\"https:\/\/ortodoxinfo.ro\/category\/anti-sistem\/simbolistica\/reclame\/\">Reclame<\/a><\/span><span class=\"meta-el meta-view\">15k vizualiz\u0103ri\t\t<\/span><\/div>\n<\/div>\n<\/div>\n<\/div>\n<div class=\"p-wrap p-small p-list-small-2\" data-pid=\"251795\">\n<div class=\"feat-holder\">\n<div class=\"p-featured ratio-v1\"><a class=\"p-flink\" href=\"https:\/\/ortodoxinfo.ro\/2026\/07\/25\/tradare-nationala-originea-daco-romana-a-poporului-roman-a-fost-contestata-chiar-la-cotroceni-complice-fiind-aceasta-rusine-a-romaniei-pe-nume-nicusor-dan-uitat-sa-i-fie-numele-in-cartile-de-istor\/\" title=\"TR\u0102DARE NA\u021aIONAL\u0102: Originea daco-roman\u0103 a poporului rom\u00e2n a fost contestat\u0103 chiar la Cotroceni, complice fiind aceast\u0103 ru\u0219ine a Rom\u00e2niei, pe nume Nicu\u0219or Dan, uitat s\u0103-i fie numele \u00een c\u0103r\u021bile de istorie\"><img decoding=\"async\" width=\"150\" height=\"150\" src=\"https:\/\/ortodoxinfo.ro\/wp-content\/uploads\/2026\/07\/images-1-150x150.jpeg\" class=\"featured-img wp-post-image\" alt loading=\"lazy\"><\/a><\/div>\n<\/div>\n<div class=\"p-content\">\n<h5 class=\"entry-title\"><a class=\"p-url\" href=\"https:\/\/ortodoxinfo.ro\/2026\/07\/25\/tradare-nationala-originea-daco-romana-a-poporului-roman-a-fost-contestata-chiar-la-cotroceni-complice-fiind-aceasta-rusine-a-romaniei-pe-nume-nicusor-dan-uitat-sa-i-fie-numele-in-cartile-de-istor\/\" rel=\"bookmark\">TR\u0102DARE NA\u021aIONAL\u0102: Originea daco-roman\u0103 a poporului rom\u00e2n a fost contestat\u0103 chiar la Cotroceni, complice fiind aceast\u0103 ru\u0219ine a Rom\u00e2niei, pe nume Nicu\u0219or Dan, uitat s\u0103-i fie numele \u00een c\u0103r\u021bile de istorie<\/a><\/h5>\n<div class=\"p-meta\">\n<div class=\"meta-inner is-meta\"><span class=\"meta-el meta-date\"><time datetime=\"2026-07-25T11:55:56+03:00\">25 iulie 2026<\/time><\/span><span class=\"meta-el meta-category meta-bold\"><a class=\"meta-separate category-1534\" href=\"https:\/\/ortodoxinfo.ro\/category\/anti-sistem\/anti-romanism\/\">anti-Rom\u00e2nia<\/a><\/span><span class=\"meta-el meta-view\">19.5k vizualiz\u0103ri\t\t<\/span><\/div>\n<\/div>\n<\/div>\n<\/div>\n<div class=\"p-wrap p-small p-list-small-2\" data-pid=\"251789\">\n<div class=\"feat-holder\">\n<div class=\"p-featured ratio-v1\"><a class=\"p-flink\" href=\"https:\/\/ortodoxinfo.ro\/2026\/07\/25\/demisie-la-cotroceni-din-grupul-de-reflectie-strategica-si-acuzatii-dure-dupa-retragere-ma-delimitez-ferm-de-abordarea-ideologica\/\" title=\"Demisie la Cotroceni din Grupul de Reflec\u021bie Strategic\u0103 \u0219i acuza\u021bii dure dup\u0103 retragere: \u201dM\u0103 delimitez ferm de abordarea ideologic\u0103\u201d\"><img decoding=\"async\" width=\"150\" height=\"150\" src=\"https:\/\/ortodoxinfo.ro\/wp-content\/uploads\/2026\/07\/grup-de-referinta-strategioca.webp-150x150.webp\" class=\"featured-img wp-post-image\" alt loading=\"lazy\"><\/a><\/div>\n<\/div>\n<div class=\"p-content\">\n<h5 class=\"entry-title\"><a class=\"p-url\" href=\"https:\/\/ortodoxinfo.ro\/2026\/07\/25\/demisie-la-cotroceni-din-grupul-de-reflectie-strategica-si-acuzatii-dure-dupa-retragere-ma-delimitez-ferm-de-abordarea-ideologica\/\" rel=\"bookmark\">Demisie la Cotroceni din Grupul de Reflec\u021bie Strategic\u0103 \u0219i acuza\u021bii dure dup\u0103 retragere: \u201dM\u0103 delimitez ferm de abordarea ideologic\u0103\u201d<\/a><\/h5>\n<div class=\"p-meta\">\n<div class=\"meta-inner is-meta\"><span class=\"meta-el meta-date\"><time datetime=\"2026-07-25T03:38:40+03:00\">25 iulie 2026<\/time><\/span><span class=\"meta-el meta-category meta-bold\"><a class=\"meta-separate category-17748\" href=\"https:\/\/ortodoxinfo.ro\/category\/anti-sistem\/globalizare\/neo-marxism\/\">Neo-marxism<\/a><\/span><span class=\"meta-el meta-view\">13.6k vizualiz\u0103ri\t\t<\/span><\/div>\n<\/div>\n<\/div>\n<\/div>\n<div class=\"p-wrap p-small p-list-small-2\" data-pid=\"251484\">\n<div class=\"feat-holder\">\n<div class=\"p-featured ratio-v1\"><a class=\"p-flink\" href=\"https:\/\/ortodoxinfo.ro\/2026\/07\/24\/mihail-neamtu-aur-transparentizarea-surselor-de-finantare-a-ong-urilor-este-obligatorie-unele-dintre-ele-pun-in-pericol-interesele-romaniei\/\" title=\"Mihail Neam\u021bu (AUR): Transparentizarea surselor de finan\u021bare a ONG-urilor este obligatorie! Unele dintre ele pun \u00een pericol interesele Rom\u00e2niei\"><img decoding=\"async\" width=\"150\" height=\"150\" src=\"https:\/\/ortodoxinfo.ro\/wp-content\/uploads\/2026\/07\/mihail-neamtu-camera-deputatilor-e1749655286450-150x150.png\" class=\"featured-img wp-post-image\" alt loading=\"lazy\"><\/a><\/div>\n<\/div>\n<div class=\"p-content\">\n<h5 class=\"entry-title\"><a class=\"p-url\" href=\"https:\/\/ortodoxinfo.ro\/2026\/07\/24\/mihail-neamtu-aur-transparentizarea-surselor-de-finantare-a-ong-urilor-este-obligatorie-unele-dintre-ele-pun-in-pericol-interesele-romaniei\/\" rel=\"bookmark\">Mihail Neam\u021bu (AUR): Transparentizarea surselor de finan\u021bare a ONG-urilor este obligatorie! Unele dintre ele pun \u00een pericol interesele Rom\u00e2niei<\/a><\/h5>\n<div class=\"p-meta\">\n<div class=\"meta-inner is-meta\"><span class=\"meta-el meta-date\"><time datetime=\"2026-07-24T14:59:14+03:00\">24 iulie 2026<\/time><\/span><span class=\"meta-el meta-category meta-bold\"><a class=\"meta-separate category-19866\" href=\"https:\/\/ortodoxinfo.ro\/category\/lupta-pentru-romania\/\">Lupt\u0103 pentru Rom\u00e2nia<\/a><\/span><span class=\"meta-el meta-view\">4.4k vizualiz\u0103ri\t\t<\/span><\/div>\n<\/div>\n<\/div>\n<\/div>\n<\/div>\n<\/div>\n<div id=\"custom_html-2\" class=\"widget_text widget rb-section w-sidebar clearfix widget_custom_html\">\n<div class=\"block-h widget-heading heading-layout-1\">\n<div class=\"heading-inner\">\n<h4 class=\"heading-title\"><span>DONA\u021aII \u00een cont bancar<\/span><\/h4>\n<\/div>\n<\/div>\n<div class=\"textwidget custom-html-widget\">\n<table class=\"donatii\">\n<tbody>\n<tr>\n<th colspan=\"2\"><strong><span>Asicia\u021bia SMI-B<\/span><\/strong><\/th>\n<\/tr>\n<tr>\n<th>Cont LEI<\/th>\n<td>RO67CECEB00030RON2081955<\/td>\n<\/tr>\n<tr>\n<th>Cont EURO<\/th>\n<td>RO33CECEB000C1EUR2081978<\/td>\n<\/tr>\n<tr>\n<th>Cod SWIFT<\/th>\n<td>CECEROBU<\/td>\n<\/tr>\n<tr>\n<th colspan=\"2\"><strong>CEC BANK SA<\/strong><\/th>\n<\/tr>\n<\/tbody>\n<\/table>\n<\/div>\n<\/div>\n<\/div>\n<\/div>\n<\/div>\n<\/article>\n<div class=\"entry-content rbct clearfix is-highlight-shares\">\n<p>Pre\u0219edintele Statelor Unite, Donald J. Trump, a reac\u021bionat dur joi la noile amenzi impuse de Uniunea European\u0103 unor companii americane de tehnologie, acuz\u00e2nd Bruxelles-ul de o practic\u0103 \u201eilegal\u0103 \u0219i extrem de discriminatorie\u201d care vizeaz\u0103 \u00een mod deliberat gigan\u021bii din SUA.<\/p>\n<p>\u00centr-o postare public\u0103, Trump a subliniat c\u0103, dup\u0103 ce a amendat Apple cu 15 miliarde de dolari, Meta cu 3 miliarde de dolari \u0219i Amazon cu 2,5 miliarde de dolari, Comisia European\u0103 a aplicat Google o nou\u0103 amend\u0103 de 1 miliard de dolari. Potrivit pre\u0219edintelui american, suma total\u0103 a sanc\u021biunilor \u00eempotriva Google dep\u0103\u0219e\u0219te acum 18 miliarde de dolari.\u201eUniunea European\u0103 o face din nou \u0219i, ca de obicei, \u021binte\u0219te direct marile companii americane!\u201d, a scris Trump.<\/p>\n<p>El a calificat aceste decizii drept \u201ef\u0103r\u0103 niciun motiv\u201d \u0219i a legat \u00eenceputul acestei \u201epractici\u201d de primul an al administra\u021biei Biden, subliniind c\u0103 situa\u021bia \u201enu va continua \u00een timpul administra\u021biei Trump\u201d.<\/p>\n<p>Pre\u0219edintele a anun\u021bat c\u0103 Statele Unite vor ini\u021bia imediat o anchet\u0103 \u00een baza Sec\u021biunii 301 privind ceea ce a numit \u201ejaf\u201d asupra companiilor americane \u0219i, implicit, asupra contribuabilului american. \u201eStatele Unite ale Americii nu sunt o \u00abpu\u0219culi\u021b\u0103\u00bb pentru Europa \u0219i nici nu vom permite s\u0103 devin\u0103 una!\u201d, a avertizat Trump. El a promis c\u0103 amenzile vor fi anulate \u00een totalitate \u0219i c\u0103 Uniunii Europene i se va impune \u201eun tarif substan\u021bial c\u00e2t mai cur\u00e2nd posibil\u201d.<\/p>\n<p>\u201eUE va pl\u0103ti un pre\u021b foarte mare pentru aceast\u0103 conduit\u0103 ilegal\u0103 \u0219i extrem de lipsit\u0103 de etic\u0103, despre care i-am avertizat \u00een mod constant\u201d, a concluzionat pre\u0219edintele american, invit\u00e2nd publicul s\u0103 \u201er\u0103m\u00e2n\u0103 la curent\u201d.<\/p>\n<p>Declara\u021bia vine pe fondul tensiunilor comerciale tot mai accentuate dintre Washington \u0219i Bruxelles \u00een domeniul reglement\u0103rii pie\u021bei digitale \u0219i al concuren\u021bei.<\/p>\n\n<\/div>\n<p>[analyse_source url=&#8221;https:\/\/ortodoxinfo.ro\/2026\/07\/25\/donald-trump-ameninta-ue-si-o-acuza-de-jaf-dupa-amenzile-record-date-companiilor-americane-europa-nu-ne-va-mai-trata-ca-pe-o-pusculita\/&#8221;]<\/p>\n","protected":false},"excerpt":{"rendered":"<p>[analyse_image type=&#8221;featured&#8221; src=&#8221;https:\/\/ortodoxinfo.ro\/wp-content\/uploads\/2026\/07\/donald-trump-ameninta-ue-si-o-acuza-de-jaf-dupa-amenzile-record-date-companiilor-americane-europa-nu.pnghttps:\/\/ortodoxinfo.ro\/wp-content\/uploads\/2026\/07\/donald-trump-ameninta-ue-si-o-acuza-de-jaf-dupa-amenzile-record-date-companiilor-americane-europa-nu.png&#8221;] Prima pagin\u0103 \u00bb Blog \u00bb Donald Trump amenin\u021b\u0103 UE \u0219i o acuz\u0103 de jaf dup\u0103 amenzile record date companiilor americane. \u201eEuropa nu ne va mai trata ca pe o pu\u0219culi\u021b\u0103\u201d Donald Trump amenin\u021b\u0103 UE \u0219i o acuz\u0103 de jaf dup\u0103 amenzile record date companiilor americane. \u201eEuropa nu ne va mai trata ca [&hellip;]<\/p>\n","protected":false},"author":1,"featured_media":0,"comment_status":"open","ping_status":"","sticky":false,"template":"","format":"standard","meta":{"footnotes":""},"categories":[89],"tags":[226,94],"class_list":["post-2062211","post","type-post","status-publish","format-standard","hentry","category-romania","tag-crawlmanager","tag-ortodoxinfo-ro"],"_links":{"self":[{"href":"https:\/\/analyse.optim.biz\/index.php?rest_route=\/wp\/v2\/posts\/2062211","targetHints":{"allow":["GET"]}}],"collection":[{"href":"https:\/\/analyse.optim.biz\/index.php?rest_route=\/wp\/v2\/posts"}],"about":[{"href":"https:\/\/analyse.optim.biz\/index.php?rest_route=\/wp\/v2\/types\/post"}],"author":[{"embeddable":true,"href":"https:\/\/analyse.optim.biz\/index.php?rest_route=\/wp\/v2\/users\/1"}],"replies":[{"embeddable":true,"href":"https:\/\/analyse.optim.biz\/index.php?rest_route=%2Fwp%2Fv2%2Fcomments&post=2062211"}],"version-history":[{"count":0,"href":"https:\/\/analyse.optim.biz\/index.php?rest_route=\/wp\/v2\/posts\/2062211\/revisions"}],"wp:attachment":[{"href":"https:\/\/analyse.optim.biz\/index.php?rest_route=%2Fwp%2Fv2%2Fmedia&parent=2062211"}],"wp:term":[{"taxonomy":"category","embeddable":true,"href":"https:\/\/analyse.optim.biz\/index.php?rest_route=%2Fwp%2Fv2%2Fcategories&post=2062211"},{"taxonomy":"post_tag","embeddable":true,"href":"https:\/\/analyse.optim.biz\/index.php?rest_route=%2Fwp%2Fv2%2Ftags&post=2062211"}],"curies":[{"name":"wp","href":"https:\/\/api.w.org\/{rel}","templated":true}]}}