{"id":2062210,"date":"2026-07-25T05:27:12","date_gmt":"2026-07-25T02:27:12","guid":{"rendered":"https:\/\/analyse.optim.biz\/?p=2062210"},"modified":"2026-07-25T05:27:12","modified_gmt":"2026-07-25T02:27:12","slug":"demisie-la-cotroceni-din-grupul-de-reflectie-strategica-si-acuzatii-dure-dupa-retragere-ma-delimitez-ferm-de-abordarea-ideologica","status":"publish","type":"post","link":"https:\/\/analyse.optim.biz\/?p=2062210","title":{"rendered":"Demisie la Cotroceni din Grupul de Reflec\u021bie Strategic\u0103 \u0219i acuza\u021bii dure dup\u0103 retragere: \u201dM\u0103 delimitez ferm de abordarea ideologic\u0103\u201d"},"content":{"rendered":"<p>[analyse_image type=&#8221;featured&#8221; src=&#8221;https:\/\/ortodoxinfo.ro\/wp-content\/uploads\/2026\/07\/grup-de-referinta-strategioca.webp.webphttps:\/\/ortodoxinfo.ro\/wp-content\/uploads\/2026\/07\/grup-de-referinta-strategioca.webp.webp&#8221;]<\/p>\n<article id=\"post-251789\" class=\"post-251789 post type-post status-publish format-standard has-post-thumbnail category-neo-marxism\">\n<header class=\"single-header\">\n<aside class=\"breadcrumb-wrap breadcrumb-yoast s-breadcrumb\">\n<div class=\"breadcrumb-inner\"><span><span><a href=\"https:\/\/ortodoxinfo.ro\/\">Prima pagin\u0103<\/a><\/span> \u00bb <span><a href=\"https:\/\/ortodoxinfo.ro\/blog\/\">Blog<\/a><\/span> \u00bb <span class=\"breadcrumb_last\" aria-current=\"page\">Demisie la Cotroceni din Grupul de Reflec\u021bie Strategic\u0103 \u0219i acuza\u021bii dure dup\u0103 retragere: \u201dM\u0103 delimitez ferm de abordarea ideologic\u0103\u201d<\/span><\/span><\/div>\n<\/aside>\n<h1 class=\"s-title fw-headline\">Demisie la Cotroceni din Grupul de Reflec\u021bie Strategic\u0103 \u0219i acuza\u021bii dure dup\u0103 retragere: \u201dM\u0103 delimitez ferm de abordarea ideologic\u0103\u201d<\/h1>\n<div class=\"single-meta meta-s-default yes-0\">\n<div class=\"smeta-in\"><a class=\"meta-el meta-avatar\" href=\"https:\/\/ortodoxinfo.ro\/author\/redactor\/\"><img loading=\"lazy\" decoding=\"async\" alt=\"OrtodoxINFO\" src=\"https:\/\/secure.gravatar.com\/avatar\/21010332354a182ce4de6016685c5586f21c51866d0ec5bc8ef383240b3c3e02?s=120&amp;r=g\" class=\"avatar avatar-120 photo\" height=\"120\" width=\"120\"><\/a><\/p>\n<div class=\"smeta-sec\">\n<div class=\"p-meta\">\n<div class=\"meta-inner is-meta\"><span class=\"meta-el meta-date\"><time datetime=\"2026-07-25T03:38:40+03:00\">25 iulie 2026<\/time><\/span><span class=\"meta-el meta-category meta-bold\"><a class=\"meta-separate category-17748\" href=\"https:\/\/ortodoxinfo.ro\/category\/anti-sistem\/globalizare\/neo-marxism\/\">Neo-marxism<\/a><\/span><span class=\"meta-el meta-view\">13.6k vizualiz\u0103ri\t\t<\/span><span class=\"meta-el meta-comment mobile-last-meta tablet-last-meta\"><a href=\"https:\/\/ortodoxinfo.ro\/2026\/07\/25\/demisie-la-cotroceni-din-grupul-de-reflectie-strategica-si-acuzatii-dure-dupa-retragere-ma-delimitez-ferm-de-abordarea-ideologica\/#respond\">Comentarii<\/a><\/span><\/div>\n<\/div>\n<\/div>\n<\/div>\n<div class=\"smeta-extra\">\n<div class=\"t-shared-sec tooltips-n has-read-meta is-color\">\n<div class=\"t-shared-header is-meta\"><span class=\"share-label\">Share<\/span><\/div>\n<\/div>\n<div class=\"single-right-meta single-time-read is-meta\"><span class=\"meta-el meta-read\">4 Min Read<\/span><\/div>\n<\/div>\n<\/div>\n<\/header>\n<div class=\"grid-container\">\n<div class=\"s-ct\">\n<div class=\"s-feat-outer\">\n<div class=\"s-feat\">\n<div class=\"featured-lightbox-trigger\" data-source=\"https:\/\/ortodoxinfo.ro\/wp-content\/uploads\/2026\/07\/grup-de-referinta-strategioca.webp.webp\" data-caption data-attribution><img fetchpriority=\"high\" decoding=\"async\" width=\"860\" height=\"573\" src=\"https:\/\/ortodoxinfo.ro\/wp-content\/uploads\/2026\/07\/grup-de-referinta-strategioca.webp-860x573.webp\" class=\"attachment-foxiz_crop_o1 size-foxiz_crop_o1 wp-post-image\" alt loading=\"eager\"><\/div>\n<\/div>\n<\/div>\n<div class=\"s-ct-wrap has-lsl\">\n<div class=\"s-ct-inner\">\n<div class=\"l-shared-sec-outer show-mobile\">\n<div class=\"l-shared-sec\">\n<div class=\"l-shared-header meta-text\"><span class=\"share-label\">SHARE<\/span><\/div>\n<\/div>\n<\/div>\n<div class=\"e-ct-outer\">\n<div class=\"entry-top\">\n<div id=\"custom_html-3\" class=\"widget_text widget entry-widget clearfix widget_custom_html\">\n<div class=\"textwidget custom-html-widget\">\n<div><small><br \/>\n    OrtodoxINFO este supus unui sabotaj sistematic din partea reprezentan\u021bilor Google Rom\u00e2nia, at\u00e2t la afi\u0219\u0103ri c\u00e2t \u0219i \u00een rezultatele de c\u0103utare.<br \/>\n        Astfel c\u0103 veniturile din publicitate au sc\u0103zut de p\u00e2n\u0103 la <strong>10 ori<\/strong>. Situa\u021bia este similar\u0103 \u0219i pe Facebook.<\/p>\n<p>        V\u0103 invit\u0103m s\u0103 accesa\u021bi direct site-ul \u0219i s\u0103 v\u0103 abona\u021bi la notific\u0103ri.<\/p>\n<p>    Dac\u0103 dori\u021bi s\u0103 ne sus\u021bine\u021bi \u00een aceast\u0103 perioad\u0103 dificil\u0103, orice <a href=\"https:\/\/ortodoxinfo.ro\/donatii\/\">dona\u021bie<\/a> este binevenit\u0103.<br \/>\n    Dumnezeu s\u0103 v\u0103 r\u0103spl\u0103teasc\u0103!<br \/>\n<\/small><\/div>\n<\/div>\n<\/div>\n<\/div>\n<div class=\"entry-content rbct clearfix is-highlight-shares\">\n<div class=\"ruby-table-contents rbtoc table-left table-fw-single-col\">\n<div class=\"toc-header\"><span class=\"h3\">Sumar<\/span><\/div>\n<div class=\"toc-content h5\"><a href=\"https:\/\/ortodoxinfo.ro\/2026\/07\/25\/demisie-la-cotroceni-din-grupul-de-reflectie-strategica-si-acuzatii-dure-dupa-retragere-ma-delimitez-ferm-de-abordarea-ideologica\/#oana-popescu-zamfir-sia-anuntat-retragerea-din-grupul-de-reflectie-strategica\" class=\"table-link no-link anchor-link\" data-index=\"rb-heading-index-0\">Oana Popescu Zamfir \u0219i-a anun\u021bat retragerea din Grupul de Reflec\u021bie Strategic\u0103<\/a><a href=\"https:\/\/ortodoxinfo.ro\/2026\/07\/25\/demisie-la-cotroceni-din-grupul-de-reflectie-strategica-si-acuzatii-dure-dupa-retragere-ma-delimitez-ferm-de-abordarea-ideologica\/#oana-zamfir-retragerea-mea-nu-este-legata-doar-de-raportul-despre-identitate-si-populism-recent-publicat-pe-siteul-administratiei-prezidentiale\" class=\"table-link no-link anchor-link\" data-index=\"rb-heading-index-1\">Oana Zamfir: \u201dRetragerea mea nu este legat\u0103 DOAR de raportul despre identitate \u0219i populism recent publicat pe site-ul Administra\u021biei Preziden\u021biale\u201d<\/a><\/div>\n<\/div>\n<p id=\"p-0\">Vineri, Oana Popescu Zamfir, analist de politic\u0103 extern\u0103 \u0219i expert \u00een rela\u021bii interna\u021bionale, \u0219i-a anun\u021bat, <span><a href=\"https:\/\/www.facebook.com\/oana.popescu.942\">printr-o postare pe re\u021belele de socializare<\/a><\/span>, <span><a href=\"https:\/\/ortodoxinfo.ro\/2026\/07\/23\/stransura-mare-la-cotroceni-de-trepanati-expirati-si-ideologi-mercenari-ca-sa-l-vopseasca-pe-nimicu-in-patriot-hai-ca-au-ramas-sa-va-mai-creada-doar-scursurile-societatii\/\">retragerea din \u201eGrupul de Reflec\u021bie Strategic\u0103\u201d al Palatului Cotroceni<\/a><\/span>\u0219i a lansat o serie de acuza\u021bii. Decizia sa vine dup\u0103 ce, pe data de 22 iulie, a fost publicat raportul intitulat \u201eIdentitate na\u021bional\u0103, identitate european\u0103 \u0219i provocarea populismului\u201d.<\/p>\n<h3 id=\"oana-popescu-zamfir-sia-anuntat-retragerea-din-grupul-de-reflectie-strategica\" class=\"rb-heading-index-0\">Oana Popescu Zamfir \u0219i-a anun\u021bat retragerea din Grupul de Reflec\u021bie Strategic\u0103<\/h3>\n<p id=\"p-7\">Oana Popescu Zamfir precizeaz\u0103 c\u0103 sus\u021bine, \u00een principiu, \u00eenfiin\u021barea unui astfel de consiliu consultativ, consider\u00e2nd-o o ini\u021biativ\u0103 oportun\u0103 \u00een contextul provoc\u0103rilor europene \u0219i interna\u021bionale, \u00eens\u0103 sus\u021bine c\u0103 un astfel de grup poate avea valoare doar dac\u0103 sunt \u00eendeplinite mai multe condi\u021bii, printre care: existen\u021ba unei pluralit\u0103\u021bi reale de opinii,onestitate intelectual\u0103 \u0219i contribu\u021bii de calitate, teme relevante at\u00e2t strategic, c\u00e2t \u0219i pentru agenda european\u0103 curent\u0103.<\/p>\n<p id=\"p-9\">Aceasta sus\u021bine c\u0103 retragerea nu reprezint\u0103 o critic\u0103 la adresa ideii de a avea un astfel de consiliu, ci semnaleaz\u0103 c\u0103, \u00een opinia sa, nu sunt \u00eentrunite condi\u021biile necesare pentru ca acesta s\u0103 func\u021bioneze eficient.<\/p>\n<p>\u201dAm comunicat ast\u0103zi domnului consilier preziden\u021bial Valentin Naumescu decizia mea de a m\u0103 retrage din grupul de reflec\u021bie strategic\u0103 pe afaceri europene de la Cotroceni.<\/p>\n<p>Plec cu convingerea c\u0103 ini\u021biativa \u00eenfiin\u021b\u0103rii unui astfel de consiliu consultativ este \u00een principiu oportun\u0103, av\u00e2nd \u00een vedere provoc\u0103rile mediului interna\u021bional \u0219i nevoia de ac\u021biune eficient\u0103 a Rom\u00e2niei la nivel european.<\/p>\n<p>Am apreciat efortul Administra\u021biei Preziden\u021biale de deschidere c\u0103tre societatea civil\u0103 \u0219i participarea personal\u0103 a pre\u0219edintelui la c\u00e2teva \u00eent\u00e2lniri.<\/p>\n<p>Dar pentru ca un astfel de format de lucru s\u0103 produc\u0103 valoare real\u0103, trebuie \u00eendeplinite c\u00e2teva condi\u021bii:<\/p>\n<p>\u2022 pluralitatea real\u0103 de opinii, derivat\u0103 din compozi\u021bia grupului;<\/p>\n<p>\u2022 onestitatea intelectual\u0103 \u0219i calitatea \u0219tiin\u021bific\u0103 a tuturor contribu\u021biilor;<\/p>\n<div class=\"inline-single-ad ad_single_3_index alignfull\">\n<div class=\"ad-wrap ad-script-wrap\">\n<div class=\"ad-script non-adsense edge-padding\">\n<div>\n\u203c\ufe0f\u203c\ufe0f NU recunoa\u0219tem ca pre\u0219edinte al Rom\u00e2niei pe marioneta retard\u0103 Nicu\u0219or Dan! Rom\u00e2ni, boicota\u021bi aceast\u0103 f\u0103c\u0103tur\u0103, care ne face \u021bara de r\u00e2s! NU rom\u00e2nii l-au votat pe Nicusoro\u0219 &#8211; cu unele excep\u021bii de persoane infantile, manipulabile \u0219i chiar idioate &#8211; ci l-au ajutat Maia Soro\u0219, Emanuel Macrou \u0219i tr\u0103d\u0103torii de la B.E.C. \u0219i CCR!<br \/>\n La \u00eenchisoare cu cei care au fraudat alegerile!\n<\/div>\n<\/div>\n<\/div>\n<\/div>\n<p>\u2022 oportunitatea temelor, care s\u0103 se decline \u00een viziune strategic\u0103, dar s\u0103 fie \u0219i relevante pentru agenda curent\u0103 european\u0103;<\/p>\n<p>\u2022 alinierea demersului la interesele \u0219i strategiile na\u021bionale ale Rom\u00e2niei, c\u00e2t \u0219i la valorile europene \u0219i democratice;<\/p>\n<p>\u2022 s\u0103 beneficieze \u00een mod real de disponibilitatea Administra\u021biei Preziden\u021biale de a prelua \u00een procesul decizional opiniile speciali\u0219tilor invita\u021bi\u201d, a precizat Oana Zamfir.<\/p>\n<h3 id=\"oana-zamfir-retragerea-mea-nu-este-legata-doar-de-raportul-despre-identitate-si-populism-recent-publicat-pe-siteul-administratiei-prezidentiale\" class=\"rb-heading-index-1\">Oana Zamfir: \u201dRetragerea mea nu este legat\u0103 DOAR de raportul despre identitate \u0219i populism recent publicat pe site-ul Administra\u021biei Preziden\u021biale\u201d<\/h3>\n<p>Aceasta a criticat abord\u0103rile din interior \u0219i a \u021binut s\u0103 sublinieze c\u0103, de\u0219i apare \u00een fotografiile postate de Administra\u021bia Preziden\u021bial\u0103, aceasta nu a contribuit la raportul publicat pe site-ul institu\u021biei.<\/p>\n<p>\u201dRetragerea mea din Grupul de Reflec\u021bie pe Afaceri Europene de la Cotroceni nu este legat\u0103 DOAR de raportul despre identitate \u0219i populism recent publicat pe site-ul Administra\u021biei Preziden\u021biale.<\/p>\n<p>\u00cens\u0103 \u021bin \u00een mod deosebit s\u0103 specific c\u0103, de\u0219i fotografiile postate de Administra\u021bia Preziden\u021bial\u0103 \u0219i membrii ei m\u0103 includ \u0219i pe mine, nu m\u0103 aflu printre autorii acestui raport, nu am dorit s\u0103 contribui la el sub nicio form\u0103, nu \u00eei recunosc vreo calitate \u0219tiin\u021bific\u0103 \u0219i mai ales m\u0103 delimitez ferm de valorile \u0219i abordarea ideologic\u0103 pe care le reflect\u0103\u201d, a scris aceasta.<\/p>\n<\/div>\n<\/div>\n<\/div>\n<div class=\"e-shared-sec entry-sec\">\n<div class=\"e-shared-header h4\"><span>Distribuie<\/span><\/div>\n<div class=\"rbbsl tooltips-n effect-fadeout is-bg\"><a class=\"share-action share-trigger icon-facebook\" aria-label=\"Share on Facebook\" href=\"https:\/\/www.facebook.com\/sharer.php?u=https%3A%2F%2Fortodoxinfo.ro%2F2026%2F07%2F25%2Fdemisie-la-cotroceni-din-grupul-de-reflectie-strategica-si-acuzatii-dure-dupa-retragere-ma-delimitez-ferm-de-abordarea-ideologica%2F\" data-title=\"Facebook\" rel=\"nofollow\"><span>Facebook<\/span><\/a><a class=\"share-action share-trigger icon-twitter\" aria-label=\"Share on X\" href=\"https:\/\/twitter.com\/intent\/tweet?text=Demisie+la+Cotroceni+din+Grupul+de+Reflec%C8%9Bie+Strategic%C4%83+%C8%99i+acuza%C8%9Bii+dure+dup%C4%83+retragere%3A+%E2%80%9DM%C4%83+delimitez+ferm+de+abordarea+ideologic%C4%83%E2%80%9D&amp;url=https%3A%2F%2Fortodoxinfo.ro%2F2026%2F07%2F25%2Fdemisie-la-cotroceni-din-grupul-de-reflectie-strategica-si-acuzatii-dure-dupa-retragere-ma-delimitez-ferm-de-abordarea-ideologica%2F&amp;via=ortodoxinforo\" data-title=\"X\" rel=\"nofollow\"><span>X<\/span><\/a><a class=\"share-action icon-whatsapp is-web\" aria-label=\"Share on Whatsapp\" href=\"https:\/\/web.whatsapp.com\/send?text=Demisie+la+Cotroceni+din+Grupul+de+Reflec%C8%9Bie+Strategic%C4%83+%C8%99i+acuza%C8%9Bii+dure+dup%C4%83+retragere%3A+%E2%80%9DM%C4%83+delimitez+ferm+de+abordarea+ideologic%C4%83%E2%80%9D%20%E2%98%9E%20https%3A%2F%2Fortodoxinfo.ro%2F2026%2F07%2F25%2Fdemisie-la-cotroceni-din-grupul-de-reflectie-strategica-si-acuzatii-dure-dupa-retragere-ma-delimitez-ferm-de-abordarea-ideologica%2F\" target=\"_blank\" data-title=\"WhatsApp\" rel=\"nofollow\"><span>Whatsapp<\/span><\/a><a class=\"share-action icon-whatsapp is-mobile\" aria-label=\"Share on Whatsapp\" href=\"\/\/send?text=Demisie+la+Cotroceni+din+Grupul+de+Reflec%C8%9Bie+Strategic%C4%83+%C8%99i+acuza%C8%9Bii+dure+dup%C4%83+retragere%3A+%E2%80%9DM%C4%83+delimitez+ferm+de+abordarea+ideologic%C4%83%E2%80%9D%20%E2%98%9E%20https%3A%2F%2Fortodoxinfo.ro%2F2026%2F07%2F25%2Fdemisie-la-cotroceni-din-grupul-de-reflectie-strategica-si-acuzatii-dure-dupa-retragere-ma-delimitez-ferm-de-abordarea-ideologica%2F\" target=\"_blank\" data-title=\"WhatsApp\" rel=\"nofollow\"><span>Whatsapp<\/span><\/a><a class=\"share-action share-trigger icon-telegram\" aria-label=\"Share on Telegram\" href=\"https:\/\/t.me\/share\/?url=https%3A%2F%2Fortodoxinfo.ro%2F2026%2F07%2F25%2Fdemisie-la-cotroceni-din-grupul-de-reflectie-strategica-si-acuzatii-dure-dupa-retragere-ma-delimitez-ferm-de-abordarea-ideologica%2F&amp;text=Demisie+la+Cotroceni+din+Grupul+de+Reflec%C8%9Bie+Strategic%C4%83+%C8%99i+acuza%C8%9Bii+dure+dup%C4%83+retragere%3A+%E2%80%9DM%C4%83+delimitez+ferm+de+abordarea+ideologic%C4%83%E2%80%9D\" data-title=\"Telegram\" rel=\"nofollow\"><span>Telegram<\/span><\/a><a class=\"share-action icon-copy copy-trigger\" aria-label=\"Copy Link\" href=\"https:\/\/ortodoxinfo.ro\/2026\/07\/25\/demisie-la-cotroceni-din-grupul-de-reflectie-strategica-si-acuzatii-dure-dupa-retragere-ma-delimitez-ferm-de-abordarea-ideologica\/\" data-copied=\"Copied!\" data-link=\"https:\/\/ortodoxinfo.ro\/2026\/07\/25\/demisie-la-cotroceni-din-grupul-de-reflectie-strategica-si-acuzatii-dure-dupa-retragere-ma-delimitez-ferm-de-abordarea-ideologica\/\" rel=\"nofollow\" data-copy=\"Copy Link\"><span>Copy Link<\/span><\/a><a class=\"share-action icon-print\" aria-label=\"Print\" rel=\"nofollow\" data-title=\"Print\"><span>Print<\/span><\/a><\/div>\n<\/div>\n<\/div>\n<div id=\"tabs\" class=\"dntplgn_form_wrapper\"><span><\/p>\n<h2>\u0218tirile sunt sub cenzur\u0103! Sprijini\u021bi OrtodoxINFO!<\/h2>\n<p>Guvernul nu dore\u0219te aflarea adev\u0103rului despre lovitura de stat \u0219i \u00eengenuncherea Rom\u00e2niei. \u00cencerc\u0103m s\u0103 men\u021binem viu acest site \u0219i s\u0103 v\u0103 punem la dispozi\u021bie informa\u021bii care s\u0103 fac\u0103 lumin\u0103 \u00een cea mai mare provocare pe care o tr\u0103im. Jurnalismul independent al portalului OrtodoxINFO func\u021bioneaz\u0103 strict cu ajutorul cititorilor.<br \/>\nNe pute\u021bi sprijini printr-o <b><a href=\"https:\/\/ortodoxinfo.ro\/donatii\/\">dona\u021bie bancar\u0103<\/a> sau prin PayPal, complet\u00e2nd formularul de mai jos.<\/b><\/span><\/p>\n<ul>\n<li><a href=\"https:\/\/ortodoxinfo.ro\/2026\/07\/25\/demisie-la-cotroceni-din-grupul-de-reflectie-strategica-si-acuzatii-dure-dupa-retragere-ma-delimitez-ferm-de-abordarea-ideologica\/#tabs-1\">Dona\u021bie lunar\u0103<\/a><\/li>\n<li><a href=\"https:\/\/ortodoxinfo.ro\/2026\/07\/25\/demisie-la-cotroceni-din-grupul-de-reflectie-strategica-si-acuzatii-dure-dupa-retragere-ma-delimitez-ferm-de-abordarea-ideologica\/#tabs-2\">Doar acum<\/a><\/li>\n<\/ul>\n<div id=\"tabs-1\"><img loading=\"lazy\" decoding=\"async\" alt border=\"0\" src=\"https:\/\/www.paypalobjects.com\/en_US\/i\/scr\/pixel.gif\" width=\"1\" height=\"1\"><\/div>\n<div id=\"tabs-2\">\n<p>\t\t     \u20ac<\/p>\n<p>\t\t    <img loading=\"lazy\" decoding=\"async\" alt border=\"0\" src=\"https:\/\/www.paypalobjects.com\/en_US\/i\/scr\/pixel.gif\" width=\"1\" height=\"1\"><\/div>\n<p>Mul\u021bumim celor care ne-au ajutat p\u00e2n\u0103 acum!\n\t<\/p><\/div>\n<div class=\"comment-box-wrap entry-sec\">\n<div class=\"comment-box-header\"><span class=\"h3\">Las\u0103 un comentariu<\/span><\/div>\n<div class=\"comment-holder no-comment\">\n<div id=\"comments\" class=\"comments-area\">\n<div id=\"respond\" class=\"comment-respond\">\n<h3 id=\"reply-title\" class=\"comment-reply-title\">Las\u0103 un r\u0103spuns <small><a rel=\"nofollow\" id=\"cancel-comment-reply-link\" href=\"https:\/\/ortodoxinfo.ro\/2026\/07\/25\/demisie-la-cotroceni-din-grupul-de-reflectie-strategica-si-acuzatii-dure-dupa-retragere-ma-delimitez-ferm-de-abordarea-ideologica\/#respond\">Anuleaz\u0103 r\u0103spunsul<\/a><\/small><\/h3>\n<p class=\"comment-notes\"><span id=\"email-notes\">Adresa ta de email nu va fi publicat\u0103.<\/span><span class=\"required-field-message\">C\u00e2mpurile obligatorii sunt marcate cu <span class=\"required\">*<\/span><\/span><\/p>\n<\/div>\n<\/div>\n<\/div>\n<\/div>\n<\/div>\n<div class=\"sidebar-wrap single-sidebar\">\n<div class=\"sidebar-inner clearfix\">\n<div id=\"widget-post-2\" class=\"widget rb-section w-sidebar clearfix widget-post\">\n<div class=\"block-h widget-heading heading-layout-1\">\n<div class=\"heading-inner\">\n<h4 class=\"heading-title\"><span>Articole recente<\/span><\/h4>\n<\/div>\n<\/div>\n<div class=\"widget-p-listing\">\n<div class=\"p-wrap p-small p-list-small-2\" data-pid=\"251905\">\n<div class=\"feat-holder\">\n<div class=\"p-featured ratio-v1\"><a class=\"p-flink\" href=\"https:\/\/ortodoxinfo.ro\/2026\/07\/25\/a-inceput-show-ul\/\" title=\"A \u00eenceput show-ul?! \u0218i e pe foarte mul\u021bi bani!\"><img decoding=\"async\" width=\"150\" height=\"150\" src=\"https:\/\/ortodoxinfo.ro\/wp-content\/uploads\/2026\/07\/FB_IMG_1784978060718-150x150.jpg\" class=\"featured-img wp-post-image\" alt loading=\"lazy\"><\/a><\/div>\n<\/div>\n<div class=\"p-content\">\n<h5 class=\"entry-title\"><a class=\"p-url\" href=\"https:\/\/ortodoxinfo.ro\/2026\/07\/25\/a-inceput-show-ul\/\" rel=\"bookmark\">A \u00eenceput show-ul?! \u0218i e pe foarte mul\u021bi bani!<\/a><\/h5>\n<div class=\"p-meta\">\n<div class=\"meta-inner is-meta\"><span class=\"meta-el meta-date\"><time datetime=\"2026-07-25T15:18:36+03:00\">25 iulie 2026<\/time><\/span><span class=\"meta-el meta-category meta-bold\"><a class=\"meta-separate category-1563\" href=\"https:\/\/ortodoxinfo.ro\/category\/anti-sistem\/simbolistica\/reclame\/\">Reclame<\/a><\/span><span class=\"meta-el meta-view\">15k vizualiz\u0103ri\t\t<\/span><\/div>\n<\/div>\n<\/div>\n<\/div>\n<div class=\"p-wrap p-small p-list-small-2\" data-pid=\"251795\">\n<div class=\"feat-holder\">\n<div class=\"p-featured ratio-v1\"><a class=\"p-flink\" href=\"https:\/\/ortodoxinfo.ro\/2026\/07\/25\/tradare-nationala-originea-daco-romana-a-poporului-roman-a-fost-contestata-chiar-la-cotroceni-complice-fiind-aceasta-rusine-a-romaniei-pe-nume-nicusor-dan-uitat-sa-i-fie-numele-in-cartile-de-istor\/\" title=\"TR\u0102DARE NA\u021aIONAL\u0102: Originea daco-roman\u0103 a poporului rom\u00e2n a fost contestat\u0103 chiar la Cotroceni, complice fiind aceast\u0103 ru\u0219ine a Rom\u00e2niei, pe nume Nicu\u0219or Dan, uitat s\u0103-i fie numele \u00een c\u0103r\u021bile de istorie\"><img decoding=\"async\" width=\"150\" height=\"150\" src=\"https:\/\/ortodoxinfo.ro\/wp-content\/uploads\/2026\/07\/images-1-150x150.jpeg\" class=\"featured-img wp-post-image\" alt loading=\"lazy\"><\/a><\/div>\n<\/div>\n<div class=\"p-content\">\n<h5 class=\"entry-title\"><a class=\"p-url\" href=\"https:\/\/ortodoxinfo.ro\/2026\/07\/25\/tradare-nationala-originea-daco-romana-a-poporului-roman-a-fost-contestata-chiar-la-cotroceni-complice-fiind-aceasta-rusine-a-romaniei-pe-nume-nicusor-dan-uitat-sa-i-fie-numele-in-cartile-de-istor\/\" rel=\"bookmark\">TR\u0102DARE NA\u021aIONAL\u0102: Originea daco-roman\u0103 a poporului rom\u00e2n a fost contestat\u0103 chiar la Cotroceni, complice fiind aceast\u0103 ru\u0219ine a Rom\u00e2niei, pe nume Nicu\u0219or Dan, uitat s\u0103-i fie numele \u00een c\u0103r\u021bile de istorie<\/a><\/h5>\n<div class=\"p-meta\">\n<div class=\"meta-inner is-meta\"><span class=\"meta-el meta-date\"><time datetime=\"2026-07-25T11:55:56+03:00\">25 iulie 2026<\/time><\/span><span class=\"meta-el meta-category meta-bold\"><a class=\"meta-separate category-1534\" href=\"https:\/\/ortodoxinfo.ro\/category\/anti-sistem\/anti-romanism\/\">anti-Rom\u00e2nia<\/a><\/span><span class=\"meta-el meta-view\">19.5k vizualiz\u0103ri\t\t<\/span><\/div>\n<\/div>\n<\/div>\n<\/div>\n<div class=\"p-wrap p-small p-list-small-2\" data-pid=\"251738\">\n<div class=\"feat-holder\">\n<div class=\"p-featured ratio-v1\"><a class=\"p-flink\" href=\"https:\/\/ortodoxinfo.ro\/2026\/07\/25\/donald-trump-ameninta-ue-si-o-acuza-de-jaf-dupa-amenzile-record-date-companiilor-americane-europa-nu-ne-va-mai-trata-ca-pe-o-pusculita\/\" title=\"Donald Trump amenin\u021b\u0103 UE \u0219i o acuz\u0103 de jaf dup\u0103 amenzile record date companiilor americane. \u201eEuropa nu ne va mai trata ca pe o pu\u0219culi\u021b\u0103\u201d\"><img decoding=\"async\" width=\"150\" height=\"150\" src=\"https:\/\/ortodoxinfo.ro\/wp-content\/uploads\/2026\/07\/donald-trump-ameninta-ue-si-o-acuza-de-jaf-dupa-amenzile-record-date-companiilor-americane-europa-nu-150x150.png\" class=\"featured-img wp-post-image\" alt loading=\"lazy\"><\/a><\/div>\n<\/div>\n<div class=\"p-content\">\n<h5 class=\"entry-title\"><a class=\"p-url\" href=\"https:\/\/ortodoxinfo.ro\/2026\/07\/25\/donald-trump-ameninta-ue-si-o-acuza-de-jaf-dupa-amenzile-record-date-companiilor-americane-europa-nu-ne-va-mai-trata-ca-pe-o-pusculita\/\" rel=\"bookmark\">Donald Trump amenin\u021b\u0103 UE \u0219i o acuz\u0103 de jaf dup\u0103 amenzile record date companiilor americane. \u201eEuropa nu ne va mai trata ca pe o pu\u0219culi\u021b\u0103\u201d<\/a><\/h5>\n<div class=\"p-meta\">\n<div class=\"meta-inner is-meta\"><span class=\"meta-el meta-date\"><time datetime=\"2026-07-25T03:30:56+03:00\">25 iulie 2026<\/time><\/span><span class=\"meta-el meta-category meta-bold\"><a class=\"meta-separate category-20289\" href=\"https:\/\/ortodoxinfo.ro\/category\/suveranism\/\">Suveranism<\/a><\/span><span class=\"meta-el meta-view\">3.9k vizualiz\u0103ri\t\t<\/span><\/div>\n<\/div>\n<\/div>\n<\/div>\n<div class=\"p-wrap p-small p-list-small-2\" data-pid=\"251484\">\n<div class=\"feat-holder\">\n<div class=\"p-featured ratio-v1\"><a class=\"p-flink\" href=\"https:\/\/ortodoxinfo.ro\/2026\/07\/24\/mihail-neamtu-aur-transparentizarea-surselor-de-finantare-a-ong-urilor-este-obligatorie-unele-dintre-ele-pun-in-pericol-interesele-romaniei\/\" title=\"Mihail Neam\u021bu (AUR): Transparentizarea surselor de finan\u021bare a ONG-urilor este obligatorie! Unele dintre ele pun \u00een pericol interesele Rom\u00e2niei\"><img decoding=\"async\" width=\"150\" height=\"150\" src=\"https:\/\/ortodoxinfo.ro\/wp-content\/uploads\/2026\/07\/mihail-neamtu-camera-deputatilor-e1749655286450-150x150.png\" class=\"featured-img wp-post-image\" alt loading=\"lazy\"><\/a><\/div>\n<\/div>\n<div class=\"p-content\">\n<h5 class=\"entry-title\"><a class=\"p-url\" href=\"https:\/\/ortodoxinfo.ro\/2026\/07\/24\/mihail-neamtu-aur-transparentizarea-surselor-de-finantare-a-ong-urilor-este-obligatorie-unele-dintre-ele-pun-in-pericol-interesele-romaniei\/\" rel=\"bookmark\">Mihail Neam\u021bu (AUR): Transparentizarea surselor de finan\u021bare a ONG-urilor este obligatorie! Unele dintre ele pun \u00een pericol interesele Rom\u00e2niei<\/a><\/h5>\n<div class=\"p-meta\">\n<div class=\"meta-inner is-meta\"><span class=\"meta-el meta-date\"><time datetime=\"2026-07-24T14:59:14+03:00\">24 iulie 2026<\/time><\/span><span class=\"meta-el meta-category meta-bold\"><a class=\"meta-separate category-19866\" href=\"https:\/\/ortodoxinfo.ro\/category\/lupta-pentru-romania\/\">Lupt\u0103 pentru Rom\u00e2nia<\/a><\/span><span class=\"meta-el meta-view\">4.4k vizualiz\u0103ri\t\t<\/span><\/div>\n<\/div>\n<\/div>\n<\/div>\n<\/div>\n<\/div>\n<div id=\"custom_html-2\" class=\"widget_text widget rb-section w-sidebar clearfix widget_custom_html\">\n<div class=\"block-h widget-heading heading-layout-1\">\n<div class=\"heading-inner\">\n<h4 class=\"heading-title\"><span>DONA\u021aII \u00een cont bancar<\/span><\/h4>\n<\/div>\n<\/div>\n<div class=\"textwidget custom-html-widget\">\n<table class=\"donatii\">\n<tbody>\n<tr>\n<th colspan=\"2\"><strong><span>Asicia\u021bia SMI-B<\/span><\/strong><\/th>\n<\/tr>\n<tr>\n<th>Cont LEI<\/th>\n<td>RO67CECEB00030RON2081955<\/td>\n<\/tr>\n<tr>\n<th>Cont EURO<\/th>\n<td>RO33CECEB000C1EUR2081978<\/td>\n<\/tr>\n<tr>\n<th>Cod SWIFT<\/th>\n<td>CECEROBU<\/td>\n<\/tr>\n<tr>\n<th colspan=\"2\"><strong>CEC BANK SA<\/strong><\/th>\n<\/tr>\n<\/tbody>\n<\/table>\n<\/div>\n<\/div>\n<\/div>\n<\/div>\n<\/div>\n<\/article>\n<div class=\"entry-content rbct clearfix is-highlight-shares\">\n<div class=\"ruby-table-contents rbtoc table-left table-fw-single-col\">\n<div class=\"toc-header\"><span class=\"h3\">Sumar<\/span><\/div>\n<div class=\"toc-content h5\"><a href=\"https:\/\/ortodoxinfo.ro\/2026\/07\/25\/demisie-la-cotroceni-din-grupul-de-reflectie-strategica-si-acuzatii-dure-dupa-retragere-ma-delimitez-ferm-de-abordarea-ideologica\/#oana-popescu-zamfir-sia-anuntat-retragerea-din-grupul-de-reflectie-strategica\" class=\"table-link no-link anchor-link\" data-index=\"rb-heading-index-0\">Oana Popescu Zamfir \u0219i-a anun\u021bat retragerea din Grupul de Reflec\u021bie Strategic\u0103<\/a><a href=\"https:\/\/ortodoxinfo.ro\/2026\/07\/25\/demisie-la-cotroceni-din-grupul-de-reflectie-strategica-si-acuzatii-dure-dupa-retragere-ma-delimitez-ferm-de-abordarea-ideologica\/#oana-zamfir-retragerea-mea-nu-este-legata-doar-de-raportul-despre-identitate-si-populism-recent-publicat-pe-siteul-administratiei-prezidentiale\" class=\"table-link no-link anchor-link\" data-index=\"rb-heading-index-1\">Oana Zamfir: \u201dRetragerea mea nu este legat\u0103 DOAR de raportul despre identitate \u0219i populism recent publicat pe site-ul Administra\u021biei Preziden\u021biale\u201d<\/a><\/div>\n<\/div>\n<p id=\"p-0\">Vineri, Oana Popescu Zamfir, analist de politic\u0103 extern\u0103 \u0219i expert \u00een rela\u021bii interna\u021bionale, \u0219i-a anun\u021bat, <span><a href=\"https:\/\/www.facebook.com\/oana.popescu.942\">printr-o postare pe re\u021belele de socializare<\/a><\/span>, <span><a href=\"https:\/\/ortodoxinfo.ro\/2026\/07\/23\/stransura-mare-la-cotroceni-de-trepanati-expirati-si-ideologi-mercenari-ca-sa-l-vopseasca-pe-nimicu-in-patriot-hai-ca-au-ramas-sa-va-mai-creada-doar-scursurile-societatii\/\">retragerea din \u201eGrupul de Reflec\u021bie Strategic\u0103\u201d al Palatului Cotroceni<\/a><\/span>\u0219i a lansat o serie de acuza\u021bii. Decizia sa vine dup\u0103 ce, pe data de 22 iulie, a fost publicat raportul intitulat \u201eIdentitate na\u021bional\u0103, identitate european\u0103 \u0219i provocarea populismului\u201d.<\/p>\n<h3 id=\"oana-popescu-zamfir-sia-anuntat-retragerea-din-grupul-de-reflectie-strategica\" class=\"rb-heading-index-0\">Oana Popescu Zamfir \u0219i-a anun\u021bat retragerea din Grupul de Reflec\u021bie Strategic\u0103<\/h3>\n<p id=\"p-7\">Oana Popescu Zamfir precizeaz\u0103 c\u0103 sus\u021bine, \u00een principiu, \u00eenfiin\u021barea unui astfel de consiliu consultativ, consider\u00e2nd-o o ini\u021biativ\u0103 oportun\u0103 \u00een contextul provoc\u0103rilor europene \u0219i interna\u021bionale, \u00eens\u0103 sus\u021bine c\u0103 un astfel de grup poate avea valoare doar dac\u0103 sunt \u00eendeplinite mai multe condi\u021bii, printre care: existen\u021ba unei pluralit\u0103\u021bi reale de opinii,onestitate intelectual\u0103 \u0219i contribu\u021bii de calitate, teme relevante at\u00e2t strategic, c\u00e2t \u0219i pentru agenda european\u0103 curent\u0103.<\/p>\n<p id=\"p-9\">Aceasta sus\u021bine c\u0103 retragerea nu reprezint\u0103 o critic\u0103 la adresa ideii de a avea un astfel de consiliu, ci semnaleaz\u0103 c\u0103, \u00een opinia sa, nu sunt \u00eentrunite condi\u021biile necesare pentru ca acesta s\u0103 func\u021bioneze eficient.<\/p>\n<p>\u201dAm comunicat ast\u0103zi domnului consilier preziden\u021bial Valentin Naumescu decizia mea de a m\u0103 retrage din grupul de reflec\u021bie strategic\u0103 pe afaceri europene de la Cotroceni.<\/p>\n<p>Plec cu convingerea c\u0103 ini\u021biativa \u00eenfiin\u021b\u0103rii unui astfel de consiliu consultativ este \u00een principiu oportun\u0103, av\u00e2nd \u00een vedere provoc\u0103rile mediului interna\u021bional \u0219i nevoia de ac\u021biune eficient\u0103 a Rom\u00e2niei la nivel european.<\/p>\n<p>Am apreciat efortul Administra\u021biei Preziden\u021biale de deschidere c\u0103tre societatea civil\u0103 \u0219i participarea personal\u0103 a pre\u0219edintelui la c\u00e2teva \u00eent\u00e2lniri.<\/p>\n<p>Dar pentru ca un astfel de format de lucru s\u0103 produc\u0103 valoare real\u0103, trebuie \u00eendeplinite c\u00e2teva condi\u021bii:<\/p>\n<p>\u2022 pluralitatea real\u0103 de opinii, derivat\u0103 din compozi\u021bia grupului;<\/p>\n<p>\u2022 onestitatea intelectual\u0103 \u0219i calitatea \u0219tiin\u021bific\u0103 a tuturor contribu\u021biilor;<\/p>\n<div class=\"inline-single-ad ad_single_3_index alignfull\">\n<div class=\"ad-wrap ad-script-wrap\">\n<div class=\"ad-script non-adsense edge-padding\">\n<div>\n\u203c\ufe0f\u203c\ufe0f NU recunoa\u0219tem ca pre\u0219edinte al Rom\u00e2niei pe marioneta retard\u0103 Nicu\u0219or Dan! Rom\u00e2ni, boicota\u021bi aceast\u0103 f\u0103c\u0103tur\u0103, care ne face \u021bara de r\u00e2s! NU rom\u00e2nii l-au votat pe Nicusoro\u0219 &#8211; cu unele excep\u021bii de persoane infantile, manipulabile \u0219i chiar idioate &#8211; ci l-au ajutat Maia Soro\u0219, Emanuel Macrou \u0219i tr\u0103d\u0103torii de la B.E.C. \u0219i CCR!<br \/>\n La \u00eenchisoare cu cei care au fraudat alegerile!\n<\/div>\n<\/div>\n<\/div>\n<\/div>\n<p>\u2022 oportunitatea temelor, care s\u0103 se decline \u00een viziune strategic\u0103, dar s\u0103 fie \u0219i relevante pentru agenda curent\u0103 european\u0103;<\/p>\n<p>\u2022 alinierea demersului la interesele \u0219i strategiile na\u021bionale ale Rom\u00e2niei, c\u00e2t \u0219i la valorile europene \u0219i democratice;<\/p>\n<p>\u2022 s\u0103 beneficieze \u00een mod real de disponibilitatea Administra\u021biei Preziden\u021biale de a prelua \u00een procesul decizional opiniile speciali\u0219tilor invita\u021bi\u201d, a precizat Oana Zamfir.<\/p>\n<h3 id=\"oana-zamfir-retragerea-mea-nu-este-legata-doar-de-raportul-despre-identitate-si-populism-recent-publicat-pe-siteul-administratiei-prezidentiale\" class=\"rb-heading-index-1\">Oana Zamfir: \u201dRetragerea mea nu este legat\u0103 DOAR de raportul despre identitate \u0219i populism recent publicat pe site-ul Administra\u021biei Preziden\u021biale\u201d<\/h3>\n<p>Aceasta a criticat abord\u0103rile din interior \u0219i a \u021binut s\u0103 sublinieze c\u0103, de\u0219i apare \u00een fotografiile postate de Administra\u021bia Preziden\u021bial\u0103, aceasta nu a contribuit la raportul publicat pe site-ul institu\u021biei.<\/p>\n<p>\u201dRetragerea mea din Grupul de Reflec\u021bie pe Afaceri Europene de la Cotroceni nu este legat\u0103 DOAR de raportul despre identitate \u0219i populism recent publicat pe site-ul Administra\u021biei Preziden\u021biale.<\/p>\n<p>\u00cens\u0103 \u021bin \u00een mod deosebit s\u0103 specific c\u0103, de\u0219i fotografiile postate de Administra\u021bia Preziden\u021bial\u0103 \u0219i membrii ei m\u0103 includ \u0219i pe mine, nu m\u0103 aflu printre autorii acestui raport, nu am dorit s\u0103 contribui la el sub nicio form\u0103, nu \u00eei recunosc vreo calitate \u0219tiin\u021bific\u0103 \u0219i mai ales m\u0103 delimitez ferm de valorile \u0219i abordarea ideologic\u0103 pe care le reflect\u0103\u201d, a scris aceasta.<\/p>\n<\/div>\n<p>[analyse_source url=&#8221;https:\/\/ortodoxinfo.ro\/2026\/07\/25\/demisie-la-cotroceni-din-grupul-de-reflectie-strategica-si-acuzatii-dure-dupa-retragere-ma-delimitez-ferm-de-abordarea-ideologica\/&#8221;]<\/p>\n","protected":false},"excerpt":{"rendered":"<p>[analyse_image type=&#8221;featured&#8221; src=&#8221;https:\/\/ortodoxinfo.ro\/wp-content\/uploads\/2026\/07\/grup-de-referinta-strategioca.webp.webphttps:\/\/ortodoxinfo.ro\/wp-content\/uploads\/2026\/07\/grup-de-referinta-strategioca.webp.webp&#8221;] Prima pagin\u0103 \u00bb Blog \u00bb Demisie la Cotroceni din Grupul de Reflec\u021bie Strategic\u0103 \u0219i acuza\u021bii dure dup\u0103 retragere: \u201dM\u0103 delimitez ferm de abordarea ideologic\u0103\u201d Demisie la Cotroceni din Grupul de Reflec\u021bie Strategic\u0103 \u0219i acuza\u021bii dure dup\u0103 retragere: \u201dM\u0103 delimitez ferm de abordarea ideologic\u0103\u201d 25 iulie 2026Neo-marxism13.6k vizualiz\u0103ri Comentarii Share 4 Min Read [&hellip;]<\/p>\n","protected":false},"author":1,"featured_media":0,"comment_status":"open","ping_status":"","sticky":false,"template":"","format":"standard","meta":{"footnotes":""},"categories":[89],"tags":[226,94],"class_list":["post-2062210","post","type-post","status-publish","format-standard","hentry","category-romania","tag-crawlmanager","tag-ortodoxinfo-ro"],"_links":{"self":[{"href":"https:\/\/analyse.optim.biz\/index.php?rest_route=\/wp\/v2\/posts\/2062210","targetHints":{"allow":["GET"]}}],"collection":[{"href":"https:\/\/analyse.optim.biz\/index.php?rest_route=\/wp\/v2\/posts"}],"about":[{"href":"https:\/\/analyse.optim.biz\/index.php?rest_route=\/wp\/v2\/types\/post"}],"author":[{"embeddable":true,"href":"https:\/\/analyse.optim.biz\/index.php?rest_route=\/wp\/v2\/users\/1"}],"replies":[{"embeddable":true,"href":"https:\/\/analyse.optim.biz\/index.php?rest_route=%2Fwp%2Fv2%2Fcomments&post=2062210"}],"version-history":[{"count":0,"href":"https:\/\/analyse.optim.biz\/index.php?rest_route=\/wp\/v2\/posts\/2062210\/revisions"}],"wp:attachment":[{"href":"https:\/\/analyse.optim.biz\/index.php?rest_route=%2Fwp%2Fv2%2Fmedia&parent=2062210"}],"wp:term":[{"taxonomy":"category","embeddable":true,"href":"https:\/\/analyse.optim.biz\/index.php?rest_route=%2Fwp%2Fv2%2Fcategories&post=2062210"},{"taxonomy":"post_tag","embeddable":true,"href":"https:\/\/analyse.optim.biz\/index.php?rest_route=%2Fwp%2Fv2%2Ftags&post=2062210"}],"curies":[{"name":"wp","href":"https:\/\/api.w.org\/{rel}","templated":true}]}}