{"id":2062201,"date":"2026-07-24T07:25:18","date_gmt":"2026-07-24T04:25:18","guid":{"rendered":"https:\/\/analyse.optim.biz\/?p=2062201"},"modified":"2026-07-24T07:25:18","modified_gmt":"2026-07-24T04:25:18","slug":"festivalul-international-plaiurile-mioritei-a-debutat-in-aplauzele-buzoienilor","status":"publish","type":"post","link":"https:\/\/analyse.optim.biz\/?p=2062201","title":{"rendered":"Festivalul Interna\u021bional \u201ePlaiurile Miori\u021bei\u201d a debutat \u00een aplauzele buzoienilor"},"content":{"rendered":"<p>[analyse_image type=&#8221;featured&#8221; src=&#8221;https:\/\/www.observatorulbuzoian.ro\/wp-content\/uploads\/2026\/07\/Festival-Plaiurile-Mioritei-Ziua-1-25.jpg&#8221;]<\/p>\n<div class=\"td-post-content tagdiv-type\">\n<p>Prima sear\u0103 a Festivalului Interna\u021bional de Folclor \u201ePlaiurile Miori\u021bei\u201d a transformat centrul municipiului Buz\u0103u \u0219i Parcul Centrului Muzeal I.C. Br\u0103tianu \u00eentr-o adev\u0103rat\u0103 scen\u0103 a tradi\u021biilor lumii. Sute de buzoieni au ie\u0219it s\u0103 admire parada ansamblurilor participante \u0219i spectacolul de deschidere al edi\u021biei cu num\u0103rul XI, eveniment care reune\u0219te arti\u0219ti din opt \u021b\u0103ri.<\/p>\n<p>\u00cembr\u0103ca\u021bi \u00een costume tradi\u021bionale specifice fiec\u0103rei regiuni pe care o reprezint\u0103, dansatorii din Letonia, Republica Coreea, Serbia, Slovacia, Spania, Statele Unite ale Americii, Rom\u00e2nia \u0219i Cipru de Nord au oferit \u00eenc\u0103 din prima zi un adev\u0103rat festival de culoare, muzic\u0103 \u0219i dans.<\/p>\n<p>                    #tdi_63  .td-doubleSlider-2 .td-item1 {<br \/>\n                        background: url(https:\/\/www.observatorulbuzoian.ro\/wp-content\/uploads\/2026\/07\/Festival-Plaiurile-Mioritei-Ziua-1-11-80&#215;60.jpg) 0 0 no-repeat;<br \/>\n                    }<br \/>\n                    #tdi_63  .td-doubleSlider-2 .td-item2 {<br \/>\n                        background: url(https:\/\/www.observatorulbuzoian.ro\/wp-content\/uploads\/2026\/07\/Festival-Plaiurile-Mioritei-Ziua-1-12-80&#215;60.jpg) 0 0 no-repeat;<br \/>\n                    }<br \/>\n                    #tdi_63  .td-doubleSlider-2 .td-item3 {<br \/>\n                        background: url(https:\/\/www.observatorulbuzoian.ro\/wp-content\/uploads\/2026\/07\/Festival-Plaiurile-Mioritei-Ziua-1-13-80&#215;60.jpg) 0 0 no-repeat;<br \/>\n                    }<br \/>\n                    #tdi_63  .td-doubleSlider-2 .td-item4 {<br \/>\n                        background: url(https:\/\/www.observatorulbuzoian.ro\/wp-content\/uploads\/2026\/07\/Festival-Plaiurile-Mioritei-Ziua-1-14-80&#215;60.jpg) 0 0 no-repeat;<br \/>\n                    }<br \/>\n                    #tdi_63  .td-doubleSlider-2 .td-item5 {<br \/>\n                        background: url(https:\/\/www.observatorulbuzoian.ro\/wp-content\/uploads\/2026\/07\/Festival-Plaiurile-Mioritei-Ziua-1-15-80&#215;60.jpg) 0 0 no-repeat;<br \/>\n                    }<br \/>\n                    #tdi_63  .td-doubleSlider-2 .td-item6 {<br \/>\n                        background: url(https:\/\/www.observatorulbuzoian.ro\/wp-content\/uploads\/2026\/07\/Festival-Plaiurile-Mioritei-Ziua-1-16-80&#215;60.jpg) 0 0 no-repeat;<br \/>\n                    }<br \/>\n                    #tdi_63  .td-doubleSlider-2 .td-item7 {<br \/>\n                        background: url(https:\/\/www.observatorulbuzoian.ro\/wp-content\/uploads\/2026\/07\/Festival-Plaiurile-Mioritei-Ziua-1-17-80&#215;60.jpg) 0 0 no-repeat;<br \/>\n                    }<br \/>\n                    #tdi_63  .td-doubleSlider-2 .td-item8 {<br \/>\n                        background: url(https:\/\/www.observatorulbuzoian.ro\/wp-content\/uploads\/2026\/07\/Festival-Plaiurile-Mioritei-Ziua-1-18-80&#215;60.jpg) 0 0 no-repeat;<br \/>\n                    }<br \/>\n                    #tdi_63  .td-doubleSlider-2 .td-item9 {<br \/>\n                        background: url(https:\/\/www.observatorulbuzoian.ro\/wp-content\/uploads\/2026\/07\/Festival-Plaiurile-Mioritei-Ziua-1-19-80&#215;60.jpg) 0 0 no-repeat;<br \/>\n                    }<br \/>\n                    #tdi_63  .td-doubleSlider-2 .td-item10 {<br \/>\n                        background: url(https:\/\/www.observatorulbuzoian.ro\/wp-content\/uploads\/2026\/07\/Festival-Plaiurile-Mioritei-Ziua-1-20-80&#215;60.jpg) 0 0 no-repeat;<br \/>\n                    }<br \/>\n                    #tdi_63  .td-doubleSlider-2 .td-item11 {<br \/>\n                        background: url(https:\/\/www.observatorulbuzoian.ro\/wp-content\/uploads\/2026\/07\/Festival-Plaiurile-Mioritei-Ziua-1-21-80&#215;60.jpg) 0 0 no-repeat;<br \/>\n                    }<br \/>\n                    #tdi_63  .td-doubleSlider-2 .td-item12 {<br \/>\n                        background: url(https:\/\/www.observatorulbuzoian.ro\/wp-content\/uploads\/2026\/07\/Festival-Plaiurile-Mioritei-Ziua-1-22-80&#215;60.jpg) 0 0 no-repeat;<br \/>\n                    }<br \/>\n                    #tdi_63  .td-doubleSlider-2 .td-item13 {<br \/>\n                        background: url(https:\/\/www.observatorulbuzoian.ro\/wp-content\/uploads\/2026\/07\/Festival-Plaiurile-Mioritei-Ziua-1-23-80&#215;60.jpg) 0 0 no-repeat;<br \/>\n                    }<br \/>\n                    #tdi_63  .td-doubleSlider-2 .td-item14 {<br \/>\n                        background: url(https:\/\/www.observatorulbuzoian.ro\/wp-content\/uploads\/2026\/07\/Festival-Plaiurile-Mioritei-Ziua-1-24-80&#215;60.jpg) 0 0 no-repeat;<br \/>\n                    }<br \/>\n                    #tdi_63  .td-doubleSlider-2 .td-item15 {<br \/>\n                        background: url(https:\/\/www.observatorulbuzoian.ro\/wp-content\/uploads\/2026\/07\/Festival-Plaiurile-Mioritei-Ziua-1-25-80&#215;60.jpg) 0 0 no-repeat;<br \/>\n                    }<br \/>\n                    #tdi_63  .td-doubleSlider-2 .td-item16 {<br \/>\n                        background: url(https:\/\/www.observatorulbuzoian.ro\/wp-content\/uploads\/2026\/07\/Festival-Plaiurile-Mioritei-Ziua-1-26-80&#215;60.jpg) 0 0 no-repeat;<br \/>\n                    }<br \/>\n                    #tdi_63  .td-doubleSlider-2 .td-item17 {<br \/>\n                        background: url(https:\/\/www.observatorulbuzoian.ro\/wp-content\/uploads\/2026\/07\/Festival-Plaiurile-Mioritei-Ziua-1-27-80&#215;60.jpg) 0 0 no-repeat;<br \/>\n                    }<br \/>\n                    #tdi_63  .td-doubleSlider-2 .td-item18 {<br \/>\n                        background: url(https:\/\/www.observatorulbuzoian.ro\/wp-content\/uploads\/2026\/07\/Festival-Plaiurile-Mioritei-Ziua-1-28-80&#215;60.jpg) 0 0 no-repeat;<br \/>\n                    }<br \/>\n                    #tdi_63  .td-doubleSlider-2 .td-item19 {<br \/>\n                        background: url(https:\/\/www.observatorulbuzoian.ro\/wp-content\/uploads\/2026\/07\/Festival-Plaiurile-Mioritei-Ziua-1-29-80&#215;60.jpg) 0 0 no-repeat;<br \/>\n                    }<br \/>\n                    #tdi_63  .td-doubleSlider-2 .td-item20 {<br \/>\n                        background: url(https:\/\/www.observatorulbuzoian.ro\/wp-content\/uploads\/2026\/07\/Festival-Plaiurile-Mioritei-Ziua-1-30-80&#215;60.jpg) 0 0 no-repeat;<br \/>\n                    }<br \/>\n                    #tdi_63  .td-doubleSlider-2 .td-item21 {<br \/>\n                        background: url(https:\/\/www.observatorulbuzoian.ro\/wp-content\/uploads\/2026\/07\/Festival-Plaiurile-Mioritei-Ziua-1-31-80&#215;60.jpg) 0 0 no-repeat;<br \/>\n                    }<br \/>\n                    #tdi_63  .td-doubleSlider-2 .td-item22 {<br \/>\n                        background: url(https:\/\/www.observatorulbuzoian.ro\/wp-content\/uploads\/2026\/07\/Festival-Plaiurile-Mioritei-Ziua-1-32-80&#215;60.jpg) 0 0 no-repeat;<br \/>\n                    }<br \/>\n                    #tdi_63  .td-doubleSlider-2 .td-item23 {<br \/>\n                        background: url(https:\/\/www.observatorulbuzoian.ro\/wp-content\/uploads\/2026\/07\/Festival-Plaiurile-Mioritei-Ziua-1-33-80&#215;60.jpg) 0 0 no-repeat;<br \/>\n                    }<br \/>\n                    #tdi_63  .td-doubleSlider-2 .td-item24 {<br \/>\n                        background: url(https:\/\/www.observatorulbuzoian.ro\/wp-content\/uploads\/2026\/07\/Festival-Plaiurile-Mioritei-Ziua-1-34-80&#215;60.jpg) 0 0 no-repeat;<br \/>\n                    }<br \/>\n                    #tdi_63  .td-doubleSlider-2 .td-item25 {<br \/>\n                        background: url(https:\/\/www.observatorulbuzoian.ro\/wp-content\/uploads\/2026\/07\/Festival-Plaiurile-Mioritei-Ziua-1-35-80&#215;60.jpg) 0 0 no-repeat;<br \/>\n                    }<br \/>\n                    #tdi_63  .td-doubleSlider-2 .td-item26 {<br \/>\n                        background: url(https:\/\/www.observatorulbuzoian.ro\/wp-content\/uploads\/2026\/07\/Festival-Plaiurile-Mioritei-Ziua-1-36-80&#215;60.jpg) 0 0 no-repeat;<br \/>\n                    }<br \/>\n                    #tdi_63  .td-doubleSlider-2 .td-item27 {<br \/>\n                        background: url(https:\/\/www.observatorulbuzoian.ro\/wp-content\/uploads\/2026\/07\/Festival-Plaiurile-Mioritei-Ziua-1-37-80&#215;60.jpg) 0 0 no-repeat;<br \/>\n                    }<br \/>\n                    #tdi_63  .td-doubleSlider-2 .td-item28 {<br \/>\n                        background: url(https:\/\/www.observatorulbuzoian.ro\/wp-content\/uploads\/2026\/07\/Festival-Plaiurile-Mioritei-Ziua-1-38-80&#215;60.jpg) 0 0 no-repeat;<br \/>\n                    }<br \/>\n                    #tdi_63  .td-doubleSlider-2 .td-item29 {<br \/>\n                        background: url(https:\/\/www.observatorulbuzoian.ro\/wp-content\/uploads\/2026\/07\/Festival-Plaiurile-Mioritei-Ziua-1-39-80&#215;60.jpg) 0 0 no-repeat;<br \/>\n                    }<br \/>\n                    #tdi_63  .td-doubleSlider-2 .td-item30 {<br \/>\n                        background: url(https:\/\/www.observatorulbuzoian.ro\/wp-content\/uploads\/2026\/07\/Festival-Plaiurile-Mioritei-Ziua-1-40-80&#215;60.jpg) 0 0 no-repeat;<br \/>\n                    }<\/p>\n<div id=\"tdi_63\" class=\"td-gallery td-slide-on-2-columns\">\n<div class=\"post_td_gallery\">\n<div class=\"td-gallery-slide-top\">\n<div class=\"td-gallery-controls-wrapper\">\n<div class=\"td-gallery-slide-count\"><span class=\"td-gallery-slide-item-focus\">1<\/span> de 30<\/div>\n<\/div>\n<\/div>\n<div class=\"td-doubleSlider-1 \">\n<div class=\"td-slider\">\n<div class=\"td-slide-item td-item1\">\n<figure class=\"td-slide-galery-figure td-slide-popup-gallery\"><a class=\"slide-gallery-image-link\" href=\"https:\/\/www.observatorulbuzoian.ro\/wp-content\/uploads\/2026\/07\/Festival-Plaiurile-Mioritei-Ziua-1-11.jpg\" title=\"Festival Plaiurile Mioritei Ziua 1 -11\" data-caption data-description><img decoding=\"async\" src=\"https:\/\/www.observatorulbuzoian.ro\/wp-content\/uploads\/2026\/07\/Festival-Plaiurile-Mioritei-Ziua-1-11-629x420.jpg\" alt><img decoding=\"async\" src=\"https:\/\/www.observatorulbuzoian.ro\/wp-content\/uploads\/2026\/07\/Festival-Plaiurile-Mioritei-Ziua-1-11-629x420.jpg\" alt><\/a><\/figure>\n<\/div>\n<div class=\"td-slide-item td-item2\">\n<figure class=\"td-slide-galery-figure td-slide-popup-gallery\"><a class=\"slide-gallery-image-link\" href=\"https:\/\/www.observatorulbuzoian.ro\/wp-content\/uploads\/2026\/07\/Festival-Plaiurile-Mioritei-Ziua-1-12.jpg\" title=\"Festival Plaiurile Mioritei Ziua 1 -12\" data-caption data-description><img decoding=\"async\" src=\"https:\/\/www.observatorulbuzoian.ro\/wp-content\/uploads\/2026\/07\/Festival-Plaiurile-Mioritei-Ziua-1-12-280x420.jpg\" alt><img decoding=\"async\" src=\"https:\/\/www.observatorulbuzoian.ro\/wp-content\/uploads\/2026\/07\/Festival-Plaiurile-Mioritei-Ziua-1-12-280x420.jpg\" alt><\/a><\/figure>\n<\/div>\n<div class=\"td-slide-item td-item3\">\n<figure class=\"td-slide-galery-figure td-slide-popup-gallery\"><a class=\"slide-gallery-image-link\" href=\"https:\/\/www.observatorulbuzoian.ro\/wp-content\/uploads\/2026\/07\/Festival-Plaiurile-Mioritei-Ziua-1-13.jpg\" title=\"Festival Plaiurile Mioritei Ziua 1 -13\" data-caption data-description><img decoding=\"async\" src=\"https:\/\/www.observatorulbuzoian.ro\/wp-content\/uploads\/2026\/07\/Festival-Plaiurile-Mioritei-Ziua-1-13-629x420.jpg\" alt><img decoding=\"async\" src=\"https:\/\/www.observatorulbuzoian.ro\/wp-content\/uploads\/2026\/07\/Festival-Plaiurile-Mioritei-Ziua-1-13-629x420.jpg\" alt><\/a><\/figure>\n<\/div>\n<div class=\"td-slide-item td-item4\">\n<figure class=\"td-slide-galery-figure td-slide-popup-gallery\"><a class=\"slide-gallery-image-link\" href=\"https:\/\/www.observatorulbuzoian.ro\/wp-content\/uploads\/2026\/07\/Festival-Plaiurile-Mioritei-Ziua-1-14.jpg\" title=\"Festival Plaiurile Mioritei Ziua 1 -14\" data-caption data-description><img decoding=\"async\" src=\"https:\/\/www.observatorulbuzoian.ro\/wp-content\/uploads\/2026\/07\/Festival-Plaiurile-Mioritei-Ziua-1-14-630x420.jpg\" alt><img decoding=\"async\" src=\"https:\/\/www.observatorulbuzoian.ro\/wp-content\/uploads\/2026\/07\/Festival-Plaiurile-Mioritei-Ziua-1-14-630x420.jpg\" alt><\/a><\/figure>\n<\/div>\n<div class=\"td-slide-item td-item5\">\n<figure class=\"td-slide-galery-figure td-slide-popup-gallery\"><a class=\"slide-gallery-image-link\" href=\"https:\/\/www.observatorulbuzoian.ro\/wp-content\/uploads\/2026\/07\/Festival-Plaiurile-Mioritei-Ziua-1-15.jpg\" title=\"Festival Plaiurile Mioritei Ziua 1 -15\" data-caption data-description><img decoding=\"async\" src=\"https:\/\/www.observatorulbuzoian.ro\/wp-content\/uploads\/2026\/07\/Festival-Plaiurile-Mioritei-Ziua-1-15-630x420.jpg\" alt><img decoding=\"async\" src=\"https:\/\/www.observatorulbuzoian.ro\/wp-content\/uploads\/2026\/07\/Festival-Plaiurile-Mioritei-Ziua-1-15-630x420.jpg\" alt><\/a><\/figure>\n<\/div>\n<div class=\"td-slide-item td-item6\">\n<figure class=\"td-slide-galery-figure td-slide-popup-gallery\"><a class=\"slide-gallery-image-link\" href=\"https:\/\/www.observatorulbuzoian.ro\/wp-content\/uploads\/2026\/07\/Festival-Plaiurile-Mioritei-Ziua-1-16.jpg\" title=\"Festival Plaiurile Mioritei Ziua 1 -16\" data-caption data-description><img decoding=\"async\" src=\"https:\/\/www.observatorulbuzoian.ro\/wp-content\/uploads\/2026\/07\/Festival-Plaiurile-Mioritei-Ziua-1-16-628x420.jpg\" alt><img decoding=\"async\" src=\"https:\/\/www.observatorulbuzoian.ro\/wp-content\/uploads\/2026\/07\/Festival-Plaiurile-Mioritei-Ziua-1-16-628x420.jpg\" alt><\/a><\/figure>\n<\/div>\n<div class=\"td-slide-item td-item7\">\n<figure class=\"td-slide-galery-figure td-slide-popup-gallery\"><a class=\"slide-gallery-image-link\" href=\"https:\/\/www.observatorulbuzoian.ro\/wp-content\/uploads\/2026\/07\/Festival-Plaiurile-Mioritei-Ziua-1-17.jpg\" title=\"Festival Plaiurile Mioritei Ziua 1 -17\" data-caption data-description><img decoding=\"async\" src=\"https:\/\/www.observatorulbuzoian.ro\/wp-content\/uploads\/2026\/07\/Festival-Plaiurile-Mioritei-Ziua-1-17-629x420.jpg\" alt><img decoding=\"async\" src=\"https:\/\/www.observatorulbuzoian.ro\/wp-content\/uploads\/2026\/07\/Festival-Plaiurile-Mioritei-Ziua-1-17-629x420.jpg\" alt><\/a><\/figure>\n<\/div>\n<div class=\"td-slide-item td-item8\">\n<figure class=\"td-slide-galery-figure td-slide-popup-gallery\"><a class=\"slide-gallery-image-link\" href=\"https:\/\/www.observatorulbuzoian.ro\/wp-content\/uploads\/2026\/07\/Festival-Plaiurile-Mioritei-Ziua-1-18.jpg\" title=\"Festival Plaiurile Mioritei Ziua 1 -18\" data-caption data-description><img decoding=\"async\" src=\"https:\/\/www.observatorulbuzoian.ro\/wp-content\/uploads\/2026\/07\/Festival-Plaiurile-Mioritei-Ziua-1-18-627x420.jpg\" alt><img decoding=\"async\" src=\"https:\/\/www.observatorulbuzoian.ro\/wp-content\/uploads\/2026\/07\/Festival-Plaiurile-Mioritei-Ziua-1-18-627x420.jpg\" alt><\/a><\/figure>\n<\/div>\n<div class=\"td-slide-item td-item9\">\n<figure class=\"td-slide-galery-figure td-slide-popup-gallery\"><a class=\"slide-gallery-image-link\" href=\"https:\/\/www.observatorulbuzoian.ro\/wp-content\/uploads\/2026\/07\/Festival-Plaiurile-Mioritei-Ziua-1-19.jpg\" title=\"Festival Plaiurile Mioritei Ziua 1 -19\" data-caption data-description><img decoding=\"async\" src=\"https:\/\/www.observatorulbuzoian.ro\/wp-content\/uploads\/2026\/07\/Festival-Plaiurile-Mioritei-Ziua-1-19-628x420.jpg\" alt><img decoding=\"async\" src=\"https:\/\/www.observatorulbuzoian.ro\/wp-content\/uploads\/2026\/07\/Festival-Plaiurile-Mioritei-Ziua-1-19-628x420.jpg\" alt><\/a><\/figure>\n<\/div>\n<div class=\"td-slide-item td-item10\">\n<figure class=\"td-slide-galery-figure td-slide-popup-gallery\"><a class=\"slide-gallery-image-link\" href=\"https:\/\/www.observatorulbuzoian.ro\/wp-content\/uploads\/2026\/07\/Festival-Plaiurile-Mioritei-Ziua-1-20.jpg\" title=\"Festival Plaiurile Mioritei Ziua 1 -20\" data-caption data-description><img decoding=\"async\" src=\"https:\/\/www.observatorulbuzoian.ro\/wp-content\/uploads\/2026\/07\/Festival-Plaiurile-Mioritei-Ziua-1-20-629x420.jpg\" alt><img decoding=\"async\" src=\"https:\/\/www.observatorulbuzoian.ro\/wp-content\/uploads\/2026\/07\/Festival-Plaiurile-Mioritei-Ziua-1-20-629x420.jpg\" alt><\/a><\/figure>\n<\/div>\n<div class=\"td-slide-item td-item11\">\n<figure class=\"td-slide-galery-figure td-slide-popup-gallery\"><a class=\"slide-gallery-image-link\" href=\"https:\/\/www.observatorulbuzoian.ro\/wp-content\/uploads\/2026\/07\/Festival-Plaiurile-Mioritei-Ziua-1-21.jpg\" title=\"Festival Plaiurile Mioritei Ziua 1 -21\" data-caption data-description><img decoding=\"async\" src=\"https:\/\/www.observatorulbuzoian.ro\/wp-content\/uploads\/2026\/07\/Festival-Plaiurile-Mioritei-Ziua-1-21-627x420.jpg\" alt><img decoding=\"async\" src=\"https:\/\/www.observatorulbuzoian.ro\/wp-content\/uploads\/2026\/07\/Festival-Plaiurile-Mioritei-Ziua-1-21-627x420.jpg\" alt><\/a><\/figure>\n<\/div>\n<div class=\"td-slide-item td-item12\">\n<figure class=\"td-slide-galery-figure td-slide-popup-gallery\"><a class=\"slide-gallery-image-link\" href=\"https:\/\/www.observatorulbuzoian.ro\/wp-content\/uploads\/2026\/07\/Festival-Plaiurile-Mioritei-Ziua-1-22.jpg\" title=\"Festival Plaiurile Mioritei Ziua 1 -22\" data-caption data-description><img decoding=\"async\" src=\"https:\/\/www.observatorulbuzoian.ro\/wp-content\/uploads\/2026\/07\/Festival-Plaiurile-Mioritei-Ziua-1-22-629x420.jpg\" alt><img decoding=\"async\" src=\"https:\/\/www.observatorulbuzoian.ro\/wp-content\/uploads\/2026\/07\/Festival-Plaiurile-Mioritei-Ziua-1-22-629x420.jpg\" alt><\/a><\/figure>\n<\/div>\n<div class=\"td-slide-item td-item13\">\n<figure class=\"td-slide-galery-figure td-slide-popup-gallery\"><a class=\"slide-gallery-image-link\" href=\"https:\/\/www.observatorulbuzoian.ro\/wp-content\/uploads\/2026\/07\/Festival-Plaiurile-Mioritei-Ziua-1-23.jpg\" title=\"Festival Plaiurile Mioritei Ziua 1 -23\" data-caption data-description><img decoding=\"async\" src=\"https:\/\/www.observatorulbuzoian.ro\/wp-content\/uploads\/2026\/07\/Festival-Plaiurile-Mioritei-Ziua-1-23-630x420.jpg\" alt><img decoding=\"async\" src=\"https:\/\/www.observatorulbuzoian.ro\/wp-content\/uploads\/2026\/07\/Festival-Plaiurile-Mioritei-Ziua-1-23-630x420.jpg\" alt><\/a><\/figure>\n<\/div>\n<div class=\"td-slide-item td-item14\">\n<figure class=\"td-slide-galery-figure td-slide-popup-gallery\"><a class=\"slide-gallery-image-link\" href=\"https:\/\/www.observatorulbuzoian.ro\/wp-content\/uploads\/2026\/07\/Festival-Plaiurile-Mioritei-Ziua-1-24.jpg\" title=\"Festival Plaiurile Mioritei Ziua 1 -24\" data-caption data-description><img decoding=\"async\" src=\"https:\/\/www.observatorulbuzoian.ro\/wp-content\/uploads\/2026\/07\/Festival-Plaiurile-Mioritei-Ziua-1-24-283x420.jpg\" alt><img decoding=\"async\" src=\"https:\/\/www.observatorulbuzoian.ro\/wp-content\/uploads\/2026\/07\/Festival-Plaiurile-Mioritei-Ziua-1-24-283x420.jpg\" alt><\/a><\/figure>\n<\/div>\n<div class=\"td-slide-item td-item15\">\n<figure class=\"td-slide-galery-figure td-slide-popup-gallery\"><a class=\"slide-gallery-image-link\" href=\"https:\/\/www.observatorulbuzoian.ro\/wp-content\/uploads\/2026\/07\/Festival-Plaiurile-Mioritei-Ziua-1-25.jpg\" title=\"Festival Plaiurile Mioritei Ziua 1 -25\" data-caption data-description><img decoding=\"async\" src=\"https:\/\/www.observatorulbuzoian.ro\/wp-content\/uploads\/2026\/07\/Festival-Plaiurile-Mioritei-Ziua-1-25-628x420.jpg\" alt><img decoding=\"async\" src=\"https:\/\/www.observatorulbuzoian.ro\/wp-content\/uploads\/2026\/07\/Festival-Plaiurile-Mioritei-Ziua-1-25-628x420.jpg\" alt><\/a><\/figure>\n<\/div>\n<div class=\"td-slide-item td-item16\">\n<figure class=\"td-slide-galery-figure td-slide-popup-gallery\"><a class=\"slide-gallery-image-link\" href=\"https:\/\/www.observatorulbuzoian.ro\/wp-content\/uploads\/2026\/07\/Festival-Plaiurile-Mioritei-Ziua-1-26.jpg\" title=\"Festival Plaiurile Mioritei Ziua 1 -26\" data-caption data-description><img decoding=\"async\" src=\"https:\/\/www.observatorulbuzoian.ro\/wp-content\/uploads\/2026\/07\/Festival-Plaiurile-Mioritei-Ziua-1-26-625x420.jpg\" alt><img decoding=\"async\" src=\"https:\/\/www.observatorulbuzoian.ro\/wp-content\/uploads\/2026\/07\/Festival-Plaiurile-Mioritei-Ziua-1-26-625x420.jpg\" alt><\/a><\/figure>\n<\/div>\n<div class=\"td-slide-item td-item17\">\n<figure class=\"td-slide-galery-figure td-slide-popup-gallery\"><a class=\"slide-gallery-image-link\" href=\"https:\/\/www.observatorulbuzoian.ro\/wp-content\/uploads\/2026\/07\/Festival-Plaiurile-Mioritei-Ziua-1-27.jpg\" title=\"Festival Plaiurile Mioritei Ziua 1 -27\" data-caption data-description><img decoding=\"async\" src=\"https:\/\/www.observatorulbuzoian.ro\/wp-content\/uploads\/2026\/07\/Festival-Plaiurile-Mioritei-Ziua-1-27-627x420.jpg\" alt><img decoding=\"async\" src=\"https:\/\/www.observatorulbuzoian.ro\/wp-content\/uploads\/2026\/07\/Festival-Plaiurile-Mioritei-Ziua-1-27-627x420.jpg\" alt><\/a><\/figure>\n<\/div>\n<div class=\"td-slide-item td-item18\">\n<figure class=\"td-slide-galery-figure td-slide-popup-gallery\"><a class=\"slide-gallery-image-link\" href=\"https:\/\/www.observatorulbuzoian.ro\/wp-content\/uploads\/2026\/07\/Festival-Plaiurile-Mioritei-Ziua-1-28.jpg\" title=\"Festival Plaiurile Mioritei Ziua 1 -28\" data-caption data-description><img decoding=\"async\" src=\"https:\/\/www.observatorulbuzoian.ro\/wp-content\/uploads\/2026\/07\/Festival-Plaiurile-Mioritei-Ziua-1-28-624x420.jpg\" alt><img decoding=\"async\" src=\"https:\/\/www.observatorulbuzoian.ro\/wp-content\/uploads\/2026\/07\/Festival-Plaiurile-Mioritei-Ziua-1-28-624x420.jpg\" alt><\/a><\/figure>\n<\/div>\n<div class=\"td-slide-item td-item19\">\n<figure class=\"td-slide-galery-figure td-slide-popup-gallery\"><a class=\"slide-gallery-image-link\" href=\"https:\/\/www.observatorulbuzoian.ro\/wp-content\/uploads\/2026\/07\/Festival-Plaiurile-Mioritei-Ziua-1-29.jpg\" title=\"Festival Plaiurile Mioritei Ziua 1 -29\" data-caption data-description><img decoding=\"async\" src=\"https:\/\/www.observatorulbuzoian.ro\/wp-content\/uploads\/2026\/07\/Festival-Plaiurile-Mioritei-Ziua-1-29-627x420.jpg\" alt><img decoding=\"async\" src=\"https:\/\/www.observatorulbuzoian.ro\/wp-content\/uploads\/2026\/07\/Festival-Plaiurile-Mioritei-Ziua-1-29-627x420.jpg\" alt><\/a><\/figure>\n<\/div>\n<div class=\"td-slide-item td-item20\">\n<figure class=\"td-slide-galery-figure td-slide-popup-gallery\"><a class=\"slide-gallery-image-link\" href=\"https:\/\/www.observatorulbuzoian.ro\/wp-content\/uploads\/2026\/07\/Festival-Plaiurile-Mioritei-Ziua-1-30.jpg\" title=\"Festival Plaiurile Mioritei Ziua 1 -30\" data-caption data-description><img decoding=\"async\" src=\"https:\/\/www.observatorulbuzoian.ro\/wp-content\/uploads\/2026\/07\/Festival-Plaiurile-Mioritei-Ziua-1-30-626x420.jpg\" alt><img decoding=\"async\" src=\"https:\/\/www.observatorulbuzoian.ro\/wp-content\/uploads\/2026\/07\/Festival-Plaiurile-Mioritei-Ziua-1-30-626x420.jpg\" alt><\/a><\/figure>\n<\/div>\n<div class=\"td-slide-item td-item21\">\n<figure class=\"td-slide-galery-figure td-slide-popup-gallery\"><a class=\"slide-gallery-image-link\" href=\"https:\/\/www.observatorulbuzoian.ro\/wp-content\/uploads\/2026\/07\/Festival-Plaiurile-Mioritei-Ziua-1-31.jpg\" title=\"Festival Plaiurile Mioritei Ziua 1 -31\" data-caption data-description><img decoding=\"async\" src=\"https:\/\/www.observatorulbuzoian.ro\/wp-content\/uploads\/2026\/07\/Festival-Plaiurile-Mioritei-Ziua-1-31-627x420.jpg\" alt><img decoding=\"async\" src=\"https:\/\/www.observatorulbuzoian.ro\/wp-content\/uploads\/2026\/07\/Festival-Plaiurile-Mioritei-Ziua-1-31-627x420.jpg\" alt><\/a><\/figure>\n<\/div>\n<div class=\"td-slide-item td-item22\">\n<figure class=\"td-slide-galery-figure td-slide-popup-gallery\"><a class=\"slide-gallery-image-link\" href=\"https:\/\/www.observatorulbuzoian.ro\/wp-content\/uploads\/2026\/07\/Festival-Plaiurile-Mioritei-Ziua-1-32.jpg\" title=\"Festival Plaiurile Mioritei Ziua 1 -32\" data-caption data-description><img decoding=\"async\" src=\"https:\/\/www.observatorulbuzoian.ro\/wp-content\/uploads\/2026\/07\/Festival-Plaiurile-Mioritei-Ziua-1-32-280x420.jpg\" alt><img decoding=\"async\" src=\"https:\/\/www.observatorulbuzoian.ro\/wp-content\/uploads\/2026\/07\/Festival-Plaiurile-Mioritei-Ziua-1-32-280x420.jpg\" alt><\/a><\/figure>\n<\/div>\n<div class=\"td-slide-item td-item23\">\n<figure class=\"td-slide-galery-figure td-slide-popup-gallery\"><a class=\"slide-gallery-image-link\" href=\"https:\/\/www.observatorulbuzoian.ro\/wp-content\/uploads\/2026\/07\/Festival-Plaiurile-Mioritei-Ziua-1-33.jpg\" title=\"Festival Plaiurile Mioritei Ziua 1 -33\" data-caption data-description><img decoding=\"async\" src=\"https:\/\/www.observatorulbuzoian.ro\/wp-content\/uploads\/2026\/07\/Festival-Plaiurile-Mioritei-Ziua-1-33-630x420.jpg\" alt><img decoding=\"async\" src=\"https:\/\/www.observatorulbuzoian.ro\/wp-content\/uploads\/2026\/07\/Festival-Plaiurile-Mioritei-Ziua-1-33-630x420.jpg\" alt><\/a><\/figure>\n<\/div>\n<div class=\"td-slide-item td-item24\">\n<figure class=\"td-slide-galery-figure td-slide-popup-gallery\"><a class=\"slide-gallery-image-link\" href=\"https:\/\/www.observatorulbuzoian.ro\/wp-content\/uploads\/2026\/07\/Festival-Plaiurile-Mioritei-Ziua-1-34.jpg\" title=\"Festival Plaiurile Mioritei Ziua 1 -34\" data-caption data-description><img decoding=\"async\" src=\"https:\/\/www.observatorulbuzoian.ro\/wp-content\/uploads\/2026\/07\/Festival-Plaiurile-Mioritei-Ziua-1-34-627x420.jpg\" alt><img decoding=\"async\" src=\"https:\/\/www.observatorulbuzoian.ro\/wp-content\/uploads\/2026\/07\/Festival-Plaiurile-Mioritei-Ziua-1-34-627x420.jpg\" alt><\/a><\/figure>\n<\/div>\n<div class=\"td-slide-item td-item25\">\n<figure class=\"td-slide-galery-figure td-slide-popup-gallery\"><a class=\"slide-gallery-image-link\" href=\"https:\/\/www.observatorulbuzoian.ro\/wp-content\/uploads\/2026\/07\/Festival-Plaiurile-Mioritei-Ziua-1-35.jpg\" title=\"Festival Plaiurile Mioritei Ziua 1 -35\" data-caption data-description><img decoding=\"async\" src=\"https:\/\/www.observatorulbuzoian.ro\/wp-content\/uploads\/2026\/07\/Festival-Plaiurile-Mioritei-Ziua-1-35-628x420.jpg\" alt><img decoding=\"async\" src=\"https:\/\/www.observatorulbuzoian.ro\/wp-content\/uploads\/2026\/07\/Festival-Plaiurile-Mioritei-Ziua-1-35-628x420.jpg\" alt><\/a><\/figure>\n<\/div>\n<div class=\"td-slide-item td-item26\">\n<figure class=\"td-slide-galery-figure td-slide-popup-gallery\"><a class=\"slide-gallery-image-link\" href=\"https:\/\/www.observatorulbuzoian.ro\/wp-content\/uploads\/2026\/07\/Festival-Plaiurile-Mioritei-Ziua-1-36.jpg\" title=\"Festival Plaiurile Mioritei Ziua 1 -36\" data-caption data-description><img decoding=\"async\" src=\"https:\/\/www.observatorulbuzoian.ro\/wp-content\/uploads\/2026\/07\/Festival-Plaiurile-Mioritei-Ziua-1-36-282x420.jpg\" alt><img decoding=\"async\" src=\"https:\/\/www.observatorulbuzoian.ro\/wp-content\/uploads\/2026\/07\/Festival-Plaiurile-Mioritei-Ziua-1-36-282x420.jpg\" alt><\/a><\/figure>\n<\/div>\n<div class=\"td-slide-item td-item27\">\n<figure class=\"td-slide-galery-figure td-slide-popup-gallery\"><a class=\"slide-gallery-image-link\" href=\"https:\/\/www.observatorulbuzoian.ro\/wp-content\/uploads\/2026\/07\/Festival-Plaiurile-Mioritei-Ziua-1-37.jpg\" title=\"Festival Plaiurile Mioritei Ziua 1 -37\" data-caption data-description><img decoding=\"async\" src=\"https:\/\/www.observatorulbuzoian.ro\/wp-content\/uploads\/2026\/07\/Festival-Plaiurile-Mioritei-Ziua-1-37-282x420.jpg\" alt><img decoding=\"async\" src=\"https:\/\/www.observatorulbuzoian.ro\/wp-content\/uploads\/2026\/07\/Festival-Plaiurile-Mioritei-Ziua-1-37-282x420.jpg\" alt><\/a><\/figure>\n<\/div>\n<div class=\"td-slide-item td-item28\">\n<figure class=\"td-slide-galery-figure td-slide-popup-gallery\"><a class=\"slide-gallery-image-link\" href=\"https:\/\/www.observatorulbuzoian.ro\/wp-content\/uploads\/2026\/07\/Festival-Plaiurile-Mioritei-Ziua-1-38.jpg\" title=\"Festival Plaiurile Mioritei Ziua 1 -38\" data-caption data-description><img decoding=\"async\" src=\"https:\/\/www.observatorulbuzoian.ro\/wp-content\/uploads\/2026\/07\/Festival-Plaiurile-Mioritei-Ziua-1-38-282x420.jpg\" alt><img decoding=\"async\" src=\"https:\/\/www.observatorulbuzoian.ro\/wp-content\/uploads\/2026\/07\/Festival-Plaiurile-Mioritei-Ziua-1-38-282x420.jpg\" alt><\/a><\/figure>\n<\/div>\n<div class=\"td-slide-item td-item29\">\n<figure class=\"td-slide-galery-figure td-slide-popup-gallery\"><a class=\"slide-gallery-image-link\" href=\"https:\/\/www.observatorulbuzoian.ro\/wp-content\/uploads\/2026\/07\/Festival-Plaiurile-Mioritei-Ziua-1-39.jpg\" title=\"Festival Plaiurile Mioritei Ziua 1 -39\" data-caption data-description><img decoding=\"async\" src=\"https:\/\/www.observatorulbuzoian.ro\/wp-content\/uploads\/2026\/07\/Festival-Plaiurile-Mioritei-Ziua-1-39-631x420.jpg\" alt><img decoding=\"async\" src=\"https:\/\/www.observatorulbuzoian.ro\/wp-content\/uploads\/2026\/07\/Festival-Plaiurile-Mioritei-Ziua-1-39-631x420.jpg\" alt><\/a><\/figure>\n<\/div>\n<div class=\"td-slide-item td-item30\">\n<figure class=\"td-slide-galery-figure td-slide-popup-gallery\"><a class=\"slide-gallery-image-link\" href=\"https:\/\/www.observatorulbuzoian.ro\/wp-content\/uploads\/2026\/07\/Festival-Plaiurile-Mioritei-Ziua-1-40.jpg\" title=\"Festival Plaiurile Mioritei Ziua 1 -40\" data-caption data-description><img decoding=\"async\" src=\"https:\/\/www.observatorulbuzoian.ro\/wp-content\/uploads\/2026\/07\/Festival-Plaiurile-Mioritei-Ziua-1-40-281x420.jpg\" alt><img decoding=\"async\" src=\"https:\/\/www.observatorulbuzoian.ro\/wp-content\/uploads\/2026\/07\/Festival-Plaiurile-Mioritei-Ziua-1-40-281x420.jpg\" alt><\/a><\/figure>\n<\/div>\n<\/div>\n<\/div>\n<\/div>\n<\/div>\n<p>Evenimentul a debutat cu parada participan\u021bilor pe Bulevardul Nicolae B\u0103lcescu, unde arti\u0219tii au fost \u00eent\u00e2mpina\u021bi cu aplauze de numero\u0219i buzoieni. Defilarea s-a \u00eencheiat la Centrul Muzeal \u201eI.C. Br\u0103tianu\u201d, locul \u00een care a avut loc ceremonia oficial\u0103 de deschidere \u0219i primul spectacol al festivalului. Dansatorii au fost primi\u021bi, conform tradi\u021biei, cu p\u00e2ine \u0219i sare si au fost invita\u021bi pe scen\u0103 unde \u0219i-au prezentat o parte din programul artistic. Seara s-a \u00eencheiat cu recitalul sus\u021binut de \u00eendr\u0103gita interpret\u0103 Emilia Ghinescu, care a ridicat publicul \u00een picioare \u0219i a completat atmosfera de s\u0103rb\u0103toare a primei zile de festival.<\/p>\n<p>Festivalul continu\u0103 p\u00e2n\u0103 pe 26 iulie cu noi spectacole folclorice, demonstra\u021bii de dans, T\u00e2rgul de Me\u0219te\u0219uguri \u0219i Artizanat \u0219i recitaluri sus\u021binute de arti\u0219ti \u00eendr\u0103gi\u021bi ai muzicii populare. Accesul la toate manifest\u0103rile este gratuit.<\/p>\n<\/div>\n<p>[analyse_source url=&#8221;https:\/\/www.observatorulbuzoian.ro\/festivalul-international-plaiurile-mioritei-a-debutat-in-aplauzele-buzoienilor\/&#8221;]<\/p>\n","protected":false},"excerpt":{"rendered":"<p>[analyse_image type=&#8221;featured&#8221; src=&#8221;https:\/\/www.observatorulbuzoian.ro\/wp-content\/uploads\/2026\/07\/Festival-Plaiurile-Mioritei-Ziua-1-25.jpg&#8221;] Prima sear\u0103 a Festivalului Interna\u021bional de Folclor \u201ePlaiurile Miori\u021bei\u201d a transformat centrul municipiului Buz\u0103u \u0219i Parcul Centrului Muzeal I.C. Br\u0103tianu \u00eentr-o adev\u0103rat\u0103 scen\u0103 a tradi\u021biilor lumii. Sute de buzoieni au ie\u0219it s\u0103 admire parada ansamblurilor participante \u0219i spectacolul de deschidere al edi\u021biei cu num\u0103rul XI, eveniment care reune\u0219te arti\u0219ti din opt \u021b\u0103ri. [&hellip;]<\/p>\n","protected":false},"author":1,"featured_media":0,"comment_status":"open","ping_status":"","sticky":false,"template":"","format":"standard","meta":{"footnotes":""},"categories":[2],"tags":[226,82],"class_list":["post-2062201","post","type-post","status-publish","format-standard","hentry","category-politics","tag-crawlmanager","tag-observatorulbuzoian-ro"],"_links":{"self":[{"href":"https:\/\/analyse.optim.biz\/index.php?rest_route=\/wp\/v2\/posts\/2062201","targetHints":{"allow":["GET"]}}],"collection":[{"href":"https:\/\/analyse.optim.biz\/index.php?rest_route=\/wp\/v2\/posts"}],"about":[{"href":"https:\/\/analyse.optim.biz\/index.php?rest_route=\/wp\/v2\/types\/post"}],"author":[{"embeddable":true,"href":"https:\/\/analyse.optim.biz\/index.php?rest_route=\/wp\/v2\/users\/1"}],"replies":[{"embeddable":true,"href":"https:\/\/analyse.optim.biz\/index.php?rest_route=%2Fwp%2Fv2%2Fcomments&post=2062201"}],"version-history":[{"count":0,"href":"https:\/\/analyse.optim.biz\/index.php?rest_route=\/wp\/v2\/posts\/2062201\/revisions"}],"wp:attachment":[{"href":"https:\/\/analyse.optim.biz\/index.php?rest_route=%2Fwp%2Fv2%2Fmedia&parent=2062201"}],"wp:term":[{"taxonomy":"category","embeddable":true,"href":"https:\/\/analyse.optim.biz\/index.php?rest_route=%2Fwp%2Fv2%2Fcategories&post=2062201"},{"taxonomy":"post_tag","embeddable":true,"href":"https:\/\/analyse.optim.biz\/index.php?rest_route=%2Fwp%2Fv2%2Ftags&post=2062201"}],"curies":[{"name":"wp","href":"https:\/\/api.w.org\/{rel}","templated":true}]}}