{"id":2062196,"date":"2026-07-25T14:52:45","date_gmt":"2026-07-25T11:52:45","guid":{"rendered":"https:\/\/analyse.optim.biz\/?p=2062196"},"modified":"2026-07-25T14:52:45","modified_gmt":"2026-07-25T11:52:45","slug":"povestea-din-spatele-cofetariei-care-a-cucerit-maracineniul-in-mai-putin-de-o-saptamana-maria-magda","status":"publish","type":"post","link":"https:\/\/analyse.optim.biz\/?p=2062196","title":{"rendered":"Povestea din spatele cofet\u0103riei care a cucerit M\u0103r\u0103cineniul \u00een mai pu\u021bin de o s\u0103pt\u0103m\u00e2n\u0103. Maria \u201eMagda\u201d"},"content":{"rendered":"<p>[analyse_image type=&#8221;featured&#8221; src=&#8221;https:\/\/stiridinsursebuzau.ro\/wp-content\/uploads\/2026\/07\/dulce-amintire-1.jpg&#8221;]<\/p>\n<article class=\"page-content-single small single\">\n<div id=\"stiri-2933196503\" class=\"stiri-inainte-de-continut-3 stiri-entity-placement\"><a href=\"https:\/\/buzau.21k.ro\/\" aria-label=\"900\u00d7200\"><img decoding=\"async\" loading=\"lazy\" src=\"https:\/\/stiridinsursebuzau.ro\/wp-content\/uploads\/2026\/07\/900x200.gif\" alt width=\"900\" height=\"200\"><\/a><\/div>\n<p><strong>\u00centr-o perioad\u0103 \u00een care multe afaceri se lupt\u0103 s\u0103 atrag\u0103 clien\u021bi, o mic\u0103 cofet\u0103rie deschis\u0103 \u00een comuna M\u0103r\u0103cineni a reu\u0219it s\u0103 devin\u0103, \u00een mai pu\u021bin de o s\u0103pt\u0103m\u00e2n\u0103, unul dintre cele mai discutate locuri din zon\u0103.<\/strong><\/p>\n<p>Nu prin campanii spectaculoase de marketing, ci printr-o re\u021bet\u0103 simpl\u0103: pasiune, munc\u0103 \u0219i pr\u0103jituri f\u0103cute de la zero.<\/p>\n<p>\u00cen spatele cofet\u0103riei<strong> \u201eDulce Amintire by Magda\u201d<\/strong> se afl\u0103 <strong>Moraru Maria<\/strong>, cunoscut\u0103 de aproape toat\u0103 lumea drept Magda, un antreprenor care a ales s\u0103 transforme o pasiune de familie \u00eentr-o afacere construit\u0103 cu r\u0103bdare \u0219i mult\u0103 munc\u0103. Magda a acceptat cu deschidere invita\u021bia noastr\u0103 de a sta de vorb\u0103 \u0219i de a r\u0103spunde la c\u00e2teva \u00eentreb\u0103ri, oferindu-ne ocazia s\u0103 descoperim povestea din spatele acestei afaceri \u0219i drumul parcurs p\u00e2n\u0103 la deschiderea cofet\u0103riei.<\/p>\n<h2 class=\"wp-block-heading\">\u201eTotul a pornit din pasiunea mamei\u201d<\/h2>\n<p>Magda spune c\u0103 ideea cofet\u0103riei nu i-a apar\u021binut doar ei.<\/p>\n<blockquote class=\"wp-block-quote is-layout-flow wp-block-quote-is-layout-flow\">\n<p><em><strong>\u201ePrima dat\u0103 a fost pasiunea mamei. Ea \u0219i-a dorit cel mai mult acest lucru. Am \u00eenceput s\u0103 ne promov\u0103m u\u0219or pe Facebook \u0219i am v\u0103zut c\u0103 exist\u0103 interes. Atunci am spus: hai s\u0103 \u00eencerc\u0103m.\u201d<\/strong><\/em><\/p>\n<\/blockquote>\n<p>Primele produse au fost realizate \u00eentr-un laborator mic, iar una dintre primele pr\u0103jituri care le-a dat \u00eencredere a fost Amandina.<\/p>\n<p>Ast\u0103zi \u00eens\u0103, fiecare produs are propriii admiratori.<\/p>\n<blockquote class=\"wp-block-quote is-layout-flow wp-block-quote-is-layout-flow\">\n<p><em>\u201eSavarinele sunt apreciate pentru c\u0103 sunt foarte mari. La fel \u0219i Boema. Dar, sincer, toate produsele sunt foarte bine primite.\u201d<\/em><\/p>\n<\/blockquote>\n<h2 class=\"wp-block-heading\">O cofet\u0103rie care nu se a\u0219tepta la un asemenea \u00eenceput<\/h2>\n<figure class=\"wp-block-image size-large\"><img loading=\"lazy\" decoding=\"async\" width=\"1024\" height=\"573\" src=\"https:\/\/stiridinsursebuzau.ro\/wp-content\/uploads\/2026\/07\/ChatGPT-Image-25-iul.-2026-17_41_59-1024x573.png\" alt class=\"wp-image-48238\"><\/figure>\n<p>Deschiderea oficial\u0103 a venit cu o surpriz\u0103.<\/p>\n<p>Familia se a\u0219tepta ca oamenii s\u0103 vin\u0103 din curiozitate, \u00eens\u0103 ceea ce a urmat a dep\u0103\u0219it orice a\u0219teptare.<\/p>\n<blockquote class=\"wp-block-quote is-layout-flow wp-block-quote-is-layout-flow\">\n<p><em>\u201eNe g\u00e2ndeam c\u0103 lumea vine s\u0103 vad\u0103 despre ce este vorba. Doar c\u0103 acea curiozitate s-a transformat \u0219i \u00een \u00eencas\u0103ri. Nu ne a\u0219teptam la un asemenea \u00eenceput.\u201d<\/em><\/p>\n<\/blockquote>\n<p>Mai mult dec\u00e2t at\u00e2t, mul\u021bi dintre primii clien\u021bi au revenit deja.<\/p>\n<blockquote class=\"wp-block-quote is-layout-flow wp-block-quote-is-layout-flow\">\n<p><em>\u201eSunt persoane care vin \u00een fiecare zi. Pentru mine acesta este cel mai frumos lucru.\u201d<\/em><\/p>\n<\/blockquote>\n<h2 class=\"wp-block-heading\">Gustul copil\u0103riei, nu al produselor de serie<\/h2>\n<p>Numele <strong>\u201eDulce Amintire\u201d<\/strong> nu a fost ales \u00eent\u00e2mpl\u0103tor.<\/p>\n<p>Dup\u0103 ce prima variant\u0103 dorit\u0103 era deja \u00eenregistrat\u0103 la OSIM, Magda a ales un nume care descrie exact ceea ce \u00eencearc\u0103 s\u0103 ofere.<\/p>\n<blockquote class=\"wp-block-quote is-layout-flow wp-block-quote-is-layout-flow\">\n<p><em>\u201eAm vrut s\u0103 ne duc\u0103 cu g\u00e2ndul la pr\u0103jiturile copil\u0103riei. Savarine, nuci, foi, deserturile pe care le f\u0103ceau mamele \u0219i bunicile.\u201d<\/em><\/p>\n<\/blockquote>\n<p>De altfel, multe dintre produsele care \u00een alte laboratoare sunt cump\u0103rate gata f\u0103cute sunt realizate aici manual.<\/p>\n<blockquote class=\"wp-block-quote is-layout-flow wp-block-quote-is-layout-flow\">\n<p><em>\u201eNi s-au oferit coji pentru tarte \u0219i nuci gata f\u0103cute, dar am refuzat. Prefer\u0103m s\u0103 le facem noi. Este mai mult\u0103 munc\u0103, dar cred c\u0103 diferen\u021ba se simte.\u201d<\/em><\/p>\n<\/blockquote>\n<h2 class=\"wp-block-heading\">\u201eNu alegem ingredientele dup\u0103 pre\u021b\u201d<\/h2>\n<p>Unul dintre principiile pe care familia nu dore\u0219te s\u0103 le schimbe este calitatea ingredientelor.<\/p>\n<blockquote class=\"wp-block-quote is-layout-flow wp-block-quote-is-layout-flow\">\n<p><em>\u201eNu alegem ingredientele dup\u0103 pre\u021b, ci dup\u0103 calitate. Prefer\u0103m calitate, nu cantitate.\u201d<\/em><\/p>\n<\/blockquote>\n<p>Re\u021betele sunt preg\u0103tite f\u0103r\u0103 premixuri.<\/p>\n<blockquote class=\"wp-block-quote is-layout-flow wp-block-quote-is-layout-flow\">\n<p><em>\u201eFolosim ciocolat\u0103, ou\u0103, f\u0103in\u0103, ap\u0103 \u0219i zah\u0103r. At\u00e2t. Prefer\u0103m s\u0103 muncim mai mult \u0219i s\u0103 ias\u0103 un produs bun.\u201d<\/em><\/p>\n<\/blockquote>\n<h2 class=\"wp-block-heading\">Re\u021beta de familie care a ajuns p\u00e2n\u0103 la concursul lui C\u0103t\u0103lin M\u0103ru\u021b\u0103<\/h2>\n<p>Dintre toate produsele, unul ocup\u0103 un loc special.<\/p>\n<p>Este cozonacul realizat dup\u0103 re\u021beta mo\u0219tenit\u0103 din familie.<\/p>\n<blockquote class=\"wp-block-quote is-layout-flow wp-block-quote-is-layout-flow\">\n<p><em>\u201eEste re\u021beta mea de familie. Cu acest cozonac am participat \u0219i la concursul organizat de C\u0103t\u0103lin M\u0103ru\u021b\u0103. Este unul dintre produsele de care sunt foarte m\u00e2ndr\u0103.\u201d<\/em><\/p>\n<\/blockquote>\n<h2 class=\"wp-block-heading\">Programul se termin\u0103\u2026 la 2-3 noaptea<\/h2>\n<p>Pu\u021bini dintre clien\u021bi v\u0103d ce se \u00eent\u00e2mpl\u0103 dup\u0103 \u00eenchiderea u\u0219ilor.<\/p>\n<p>Programul oficial se \u00eencheie seara, \u00eens\u0103 munca continu\u0103 ore bune.<\/p>\n<blockquote class=\"wp-block-quote is-layout-flow wp-block-quote-is-layout-flow\">\n<p><em>\u201eNoi nu putem face pr\u0103jituri diminea\u021ba \u0219i s\u0103 le vindem imediat. Ele au nevoie de timp. Dup\u0103 \u00eenchiderea programului r\u0103m\u00e2nem p\u00e2n\u0103 la 12, 1, chiar 2-3 noaptea, iar diminea\u021ba revenim pentru ornat \u0219i preg\u0103tirea vitrinei.\u201d<\/em><\/p>\n<\/blockquote>\n<h2 class=\"wp-block-heading\">Sacrificiul cel mai greu<\/h2>\n<p>Dincolo de oboseal\u0103 \u0219i programul lung, exist\u0103 un lucru care o apas\u0103 cel mai mult.<\/p>\n<p>Timpul petrecut departe de copii.<\/p>\n<blockquote class=\"wp-block-quote is-layout-flow wp-block-quote-is-layout-flow\">\n<p><em>\u201eAcesta este cel mai mare sacrificiu. Am doi b\u0103ie\u021bi, unul de opt ani \u0219i unul de doi ani. Ei stau mult cu bunicii. Asta este partea cea mai grea.\u201d<\/em><\/p>\n<\/blockquote>\n<h2 class=\"wp-block-heading\">Planurile pentru urm\u0103torii ani<\/h2>\n<figure class=\"wp-block-image size-large\"><img decoding=\"async\" loading=\"lazy\" width=\"683\" height=\"1024\" src=\"https:\/\/stiridinsursebuzau.ro\/wp-content\/uploads\/2026\/07\/DULCE-AMINTIRE-3-683x1024.jpg\" alt class=\"wp-image-48239\"><\/figure>\n<p>De\u0219i afacerea este \u00eenc\u0103 la \u00eenceput, planurile sunt deja conturate.<\/p>\n<p>Magda \u00ee\u0219i dore\u0219te un laborator separat \u0219i o cofet\u0103rie mai mare.<\/p>\n<p>P\u00e2n\u0103 atunci \u00eens\u0103, preg\u0103te\u0219te produse noi.<\/p>\n<blockquote class=\"wp-block-quote is-layout-flow wp-block-quote-is-layout-flow\">\n<p><em>\u201eVreau s\u0103 introducem torturi la felie, ca oamenii s\u0103 poat\u0103 \u00eencerca mai multe sortimente f\u0103r\u0103 s\u0103 cumpere un tort \u00eentreg. De asemenea, \u00eencepem s\u0103 facem pl\u0103cinte tradi\u021bionale de cas\u0103, exact cum se f\u0103ceau odinioar\u0103.\u201d<\/em><\/p>\n<\/blockquote>\n<h2 class=\"wp-block-heading\">\u201eDac\u0103 ar fi un singur cuv\u00e2nt, ar fi \u00abfamilie\u00bb\u201d<\/h2>\n<p>\u00centrebat\u0103 cum ar descrie cofet\u0103ria \u00eentr-un singur cuv\u00e2nt, r\u0103spunsul a venit f\u0103r\u0103 ezitare.<\/p>\n<blockquote class=\"wp-block-quote is-layout-flow wp-block-quote-is-layout-flow\">\n<p><em>\u201eFamilie.\u201d<\/em><\/p>\n<\/blockquote>\n<p>Iar defini\u021bia succesului este la fel de simpl\u0103.<\/p>\n<blockquote class=\"wp-block-quote is-layout-flow wp-block-quote-is-layout-flow\">\n<p><em>\u201eSuccesul este atunci c\u00e2nd clientul revine pe u\u0219\u0103.\u201d<\/em><\/p>\n<\/blockquote>\n<h2 class=\"wp-block-heading\">Adrenalina care o face s\u0103 mearg\u0103 mai departe<\/h2>\n<p>La finalul interviului, Magda recunoa\u0219te c\u0103 nu doar pasiunea o motiveaz\u0103.<\/p>\n<blockquote class=\"wp-block-quote is-layout-flow wp-block-quote-is-layout-flow\">\n<p><em>\u201eCred c\u0103 \u00eemi place nebunia. Adrenalina m\u0103 face s\u0103 m\u0103 trezesc \u00een fiecare diminea\u021b\u0103.\u201d<\/em><\/p>\n<\/blockquote>\n<p>Iar peste dou\u0103zeci de ani sper\u0103 ca oamenii s\u0103 spun\u0103 acela\u0219i lucru despre cofet\u0103ria ei.<\/p>\n<blockquote class=\"wp-block-quote is-layout-flow wp-block-quote-is-layout-flow\">\n<p><em>\u201eC\u0103 ne-am p\u0103strat acelea\u0219i standarde \u0219i aceea\u0219i calitate. S\u0103 revin\u0103 pentru acelea\u0219i gusturi care le aduc aminte de copil\u0103rie.\u201d<\/em><\/p>\n<\/blockquote>\n<h2 class=\"wp-block-heading\">Cine este Magda?<\/h2>\n<p>De\u0219i \u00een acte se nume\u0219te <strong>Moraru Maria<\/strong>, aproape to\u021bi cei care o cunosc \u00eei spun <strong>Magda<\/strong>.<\/p>\n<p>Este <strong>inginer economist<\/strong>, a lucrat ani la r\u00e2nd \u00een domeniul farmaceutic, \u00een promovare \u0219i distribu\u021bie medical\u0103, iar \u00een 2025 a ob\u021binut o <strong>diplom\u0103 interna\u021bional recunoscut\u0103 de buc\u0103tar la Horeca Culinary School<\/strong>, transform\u00e2nd pasiunea pentru cofet\u0103rie \u00eentr-un nou \u00eenceput profesional.<\/p>\n<hr class=\"wp-block-separator has-alpha-channel-opacity\">\n<h3 class=\"wp-block-heading\"><strong>\u201eOameni pentru oameni \u2013 <em>Pove\u0219ti care inspir\u0103 comunitatea<\/em>\u201d<\/strong><\/h3>\n<p>Acest reportaj face parte din campania editorial\u0103 <strong>\u201eOameni pentru oameni \u2013 <em>Pove\u0219ti care inspir\u0103 comunitatea<\/em>\u201d<\/strong>, prin care <strong>\u0218tiri din Surse Buz\u0103u<\/strong> \u00ee\u0219i propune s\u0103 aduc\u0103 \u00een fa\u021ba publicului pove\u0219tile oamenilor care construiesc, inspir\u0103 \u0219i contribuie la dezvoltarea comunit\u0103\u021bii. Campania este dedicat\u0103 antreprenorilor afla\u021bi la \u00eenceput de drum, oamenilor implica\u021bi \u0219i tuturor celor ale c\u0103ror experien\u021be merit\u0103 s\u0103 fie cunoscute.<\/p>\n<p><strong>Acest material este realizat exclusiv \u00een scop jurnalistic \u0219i nu reprezint\u0103 publicitate pl\u0103tit\u0103.<\/strong><\/p>\n<div class=\"post-views content-post post-48235 entry-meta load-static\"><span class=\"post-views-label\">Vizualiz\u0103ri \u0219tire:<\/span><span class=\"post-views-count\">1.967<\/span><\/div>\n<div id=\"stiri-3177250721\" class=\"stiri-dupa-continut-2 stiri-entity-placement\"><a href=\"https:\/\/rapidservicebuzau.ro\/\" aria-label=\"RAPID SUPER SERVICE\"><img decoding=\"async\" loading=\"lazy\" src=\"https:\/\/stiridinsursebuzau.ro\/wp-content\/uploads\/2026\/02\/ChatGPT-Image-10-feb.-2026-22_24_01.png\" alt width=\"1536\" height=\"1024\"><\/a><\/div>\n<div id=\"stiri-784737831\" class=\"stiri-dupa-continut_2 stiri-entity-placement\"><a href=\"https:\/\/www.facebook.com\/profile.php?id=61564932526740\" aria-label=\"Glamour Pizza &quot;la patrat&quot;\"><img decoding=\"async\" loading=\"lazy\" src=\"https:\/\/stiridinsursebuzau.ro\/wp-content\/uploads\/2026\/02\/ChatGPT-Image-10-feb.-2026-21_57_13.png\" alt=\"Glamour Pizza &quot;la patrat&quot;\" width=\"1536\" height=\"1024\"><\/a><\/div>\n<div id=\"stiri-189038538\" class=\"stiri-dupa-continut_3 stiri-entity-placement\"><a href=\"https:\/\/www.facebook.com\/profile.php?id=61573613380169&amp;locale=ro_RO\" aria-label=\"ChatGPT Image 10 feb. 2026, 22_10_50\"><img decoding=\"async\" loading=\"lazy\" src=\"https:\/\/stiridinsursebuzau.ro\/wp-content\/uploads\/2026\/02\/ChatGPT-Image-10-feb.-2026-22_10_50.png\" alt width=\"1536\" height=\"1024\"><\/a><\/div>\n<div id=\"stiri-1838012181\" class=\"stiri-dupa-continut_4 stiri-entity-placement\"><a href=\"https:\/\/www.facebook.com\/profile.php?id=100077377992379\" aria-label=\"1536 cu 1024 pixeli\"><img decoding=\"async\" loading=\"lazy\" src=\"https:\/\/stiridinsursebuzau.ro\/wp-content\/uploads\/2026\/02\/ChatGPT-Image-20-feb.-2026-14_05_15.png\" alt=\"1536 cu 1024 pixeli\" width=\"1536\" height=\"1024\"><\/a><\/div>\n<div id=\"stiri-1929237027\" class=\"stiri-dupa-continut_5 stiri-entity-placement\"><img decoding=\"async\" loading=\"lazy\" src=\"https:\/\/stiridinsursebuzau.ro\/wp-content\/uploads\/2026\/02\/ChatGPT-Image-10-feb.-2026-23_00_56.png\" alt=\"piese tractoare\" width=\"1536\" height=\"1024\"><\/div>\n<nav class=\"navigation post-navigation\" aria-label=\"Articole\">\n<h2 class=\"screen-reader-text\">Navigare \u00een articole<\/h2>\n<div class=\"nav-links\">\n<div class=\"nav-previous\"><a href=\"https:\/\/stiridinsursebuzau.ro\/buzaul-devine-timp-de-patru-zile-capitala-folclorului-international-a-inceput-festivalul-plaiurile-mioritei\/\" rel=\"prev\">Buz\u0103ul devine, timp de patru zile, capitala folclorului interna\u021bional. A \u00eenceput Festivalul \u201ePlaiurile Miori\u021bei\u201d <\/a><\/div>\n<div class=\"nav-next\"><a href=\"https:\/\/stiridinsursebuzau.ro\/din-buzau-spre-cer-povestea-lui-armani-stoica-tanarul-care-si-a-construit-viitorul-la-doar-18-ani\/\" rel=\"next\"> Din Buz\u0103u spre cer. Povestea lui Armani Stoica, t\u00e2n\u0103rul care \u0219i-a construit viitorul la doar 18 ani<\/a><\/div>\n<\/div>\n<\/nav>\n<\/article>\n<article class=\"page-content-single small single\">\n<div id=\"stiri-2933196503\" class=\"stiri-inainte-de-continut-3 stiri-entity-placement\"><a href=\"https:\/\/buzau.21k.ro\/\" aria-label=\"900\u00d7200\"><img decoding=\"async\" loading=\"lazy\" src=\"https:\/\/stiridinsursebuzau.ro\/wp-content\/uploads\/2026\/07\/900x200.gif\" alt width=\"900\" height=\"200\"><\/a><\/div>\n<p><strong>\u00centr-o perioad\u0103 \u00een care multe afaceri se lupt\u0103 s\u0103 atrag\u0103 clien\u021bi, o mic\u0103 cofet\u0103rie deschis\u0103 \u00een comuna M\u0103r\u0103cineni a reu\u0219it s\u0103 devin\u0103, \u00een mai pu\u021bin de o s\u0103pt\u0103m\u00e2n\u0103, unul dintre cele mai discutate locuri din zon\u0103.<\/strong><\/p>\n<p>Nu prin campanii spectaculoase de marketing, ci printr-o re\u021bet\u0103 simpl\u0103: pasiune, munc\u0103 \u0219i pr\u0103jituri f\u0103cute de la zero.<\/p>\n<p>\u00cen spatele cofet\u0103riei<strong> \u201eDulce Amintire by Magda\u201d<\/strong> se afl\u0103 <strong>Moraru Maria<\/strong>, cunoscut\u0103 de aproape toat\u0103 lumea drept Magda, un antreprenor care a ales s\u0103 transforme o pasiune de familie \u00eentr-o afacere construit\u0103 cu r\u0103bdare \u0219i mult\u0103 munc\u0103. Magda a acceptat cu deschidere invita\u021bia noastr\u0103 de a sta de vorb\u0103 \u0219i de a r\u0103spunde la c\u00e2teva \u00eentreb\u0103ri, oferindu-ne ocazia s\u0103 descoperim povestea din spatele acestei afaceri \u0219i drumul parcurs p\u00e2n\u0103 la deschiderea cofet\u0103riei.<\/p>\n<h2 class=\"wp-block-heading\">\u201eTotul a pornit din pasiunea mamei\u201d<\/h2>\n<p>Magda spune c\u0103 ideea cofet\u0103riei nu i-a apar\u021binut doar ei.<\/p>\n<blockquote class=\"wp-block-quote is-layout-flow wp-block-quote-is-layout-flow\">\n<p><em><strong>\u201ePrima dat\u0103 a fost pasiunea mamei. Ea \u0219i-a dorit cel mai mult acest lucru. Am \u00eenceput s\u0103 ne promov\u0103m u\u0219or pe Facebook \u0219i am v\u0103zut c\u0103 exist\u0103 interes. Atunci am spus: hai s\u0103 \u00eencerc\u0103m.\u201d<\/strong><\/em><\/p>\n<\/blockquote>\n<p>Primele produse au fost realizate \u00eentr-un laborator mic, iar una dintre primele pr\u0103jituri care le-a dat \u00eencredere a fost Amandina.<\/p>\n<p>Ast\u0103zi \u00eens\u0103, fiecare produs are propriii admiratori.<\/p>\n<blockquote class=\"wp-block-quote is-layout-flow wp-block-quote-is-layout-flow\">\n<p><em>\u201eSavarinele sunt apreciate pentru c\u0103 sunt foarte mari. La fel \u0219i Boema. Dar, sincer, toate produsele sunt foarte bine primite.\u201d<\/em><\/p>\n<\/blockquote>\n<h2 class=\"wp-block-heading\">O cofet\u0103rie care nu se a\u0219tepta la un asemenea \u00eenceput<\/h2>\n<figure class=\"wp-block-image size-large\"><img loading=\"lazy\" decoding=\"async\" width=\"1024\" height=\"573\" src=\"https:\/\/stiridinsursebuzau.ro\/wp-content\/uploads\/2026\/07\/ChatGPT-Image-25-iul.-2026-17_41_59-1024x573.png\" alt class=\"wp-image-48238\"><\/figure>\n<p>Deschiderea oficial\u0103 a venit cu o surpriz\u0103.<\/p>\n<p>Familia se a\u0219tepta ca oamenii s\u0103 vin\u0103 din curiozitate, \u00eens\u0103 ceea ce a urmat a dep\u0103\u0219it orice a\u0219teptare.<\/p>\n<blockquote class=\"wp-block-quote is-layout-flow wp-block-quote-is-layout-flow\">\n<p><em>\u201eNe g\u00e2ndeam c\u0103 lumea vine s\u0103 vad\u0103 despre ce este vorba. Doar c\u0103 acea curiozitate s-a transformat \u0219i \u00een \u00eencas\u0103ri. Nu ne a\u0219teptam la un asemenea \u00eenceput.\u201d<\/em><\/p>\n<\/blockquote>\n<p>Mai mult dec\u00e2t at\u00e2t, mul\u021bi dintre primii clien\u021bi au revenit deja.<\/p>\n<blockquote class=\"wp-block-quote is-layout-flow wp-block-quote-is-layout-flow\">\n<p><em>\u201eSunt persoane care vin \u00een fiecare zi. Pentru mine acesta este cel mai frumos lucru.\u201d<\/em><\/p>\n<\/blockquote>\n<h2 class=\"wp-block-heading\">Gustul copil\u0103riei, nu al produselor de serie<\/h2>\n<p>Numele <strong>\u201eDulce Amintire\u201d<\/strong> nu a fost ales \u00eent\u00e2mpl\u0103tor.<\/p>\n<p>Dup\u0103 ce prima variant\u0103 dorit\u0103 era deja \u00eenregistrat\u0103 la OSIM, Magda a ales un nume care descrie exact ceea ce \u00eencearc\u0103 s\u0103 ofere.<\/p>\n<blockquote class=\"wp-block-quote is-layout-flow wp-block-quote-is-layout-flow\">\n<p><em>\u201eAm vrut s\u0103 ne duc\u0103 cu g\u00e2ndul la pr\u0103jiturile copil\u0103riei. Savarine, nuci, foi, deserturile pe care le f\u0103ceau mamele \u0219i bunicile.\u201d<\/em><\/p>\n<\/blockquote>\n<p>De altfel, multe dintre produsele care \u00een alte laboratoare sunt cump\u0103rate gata f\u0103cute sunt realizate aici manual.<\/p>\n<blockquote class=\"wp-block-quote is-layout-flow wp-block-quote-is-layout-flow\">\n<p><em>\u201eNi s-au oferit coji pentru tarte \u0219i nuci gata f\u0103cute, dar am refuzat. Prefer\u0103m s\u0103 le facem noi. Este mai mult\u0103 munc\u0103, dar cred c\u0103 diferen\u021ba se simte.\u201d<\/em><\/p>\n<\/blockquote>\n<h2 class=\"wp-block-heading\">\u201eNu alegem ingredientele dup\u0103 pre\u021b\u201d<\/h2>\n<p>Unul dintre principiile pe care familia nu dore\u0219te s\u0103 le schimbe este calitatea ingredientelor.<\/p>\n<blockquote class=\"wp-block-quote is-layout-flow wp-block-quote-is-layout-flow\">\n<p><em>\u201eNu alegem ingredientele dup\u0103 pre\u021b, ci dup\u0103 calitate. Prefer\u0103m calitate, nu cantitate.\u201d<\/em><\/p>\n<\/blockquote>\n<p>Re\u021betele sunt preg\u0103tite f\u0103r\u0103 premixuri.<\/p>\n<blockquote class=\"wp-block-quote is-layout-flow wp-block-quote-is-layout-flow\">\n<p><em>\u201eFolosim ciocolat\u0103, ou\u0103, f\u0103in\u0103, ap\u0103 \u0219i zah\u0103r. At\u00e2t. Prefer\u0103m s\u0103 muncim mai mult \u0219i s\u0103 ias\u0103 un produs bun.\u201d<\/em><\/p>\n<\/blockquote>\n<h2 class=\"wp-block-heading\">Re\u021beta de familie care a ajuns p\u00e2n\u0103 la concursul lui C\u0103t\u0103lin M\u0103ru\u021b\u0103<\/h2>\n<p>Dintre toate produsele, unul ocup\u0103 un loc special.<\/p>\n<p>Este cozonacul realizat dup\u0103 re\u021beta mo\u0219tenit\u0103 din familie.<\/p>\n<blockquote class=\"wp-block-quote is-layout-flow wp-block-quote-is-layout-flow\">\n<p><em>\u201eEste re\u021beta mea de familie. Cu acest cozonac am participat \u0219i la concursul organizat de C\u0103t\u0103lin M\u0103ru\u021b\u0103. Este unul dintre produsele de care sunt foarte m\u00e2ndr\u0103.\u201d<\/em><\/p>\n<\/blockquote>\n<h2 class=\"wp-block-heading\">Programul se termin\u0103\u2026 la 2-3 noaptea<\/h2>\n<p>Pu\u021bini dintre clien\u021bi v\u0103d ce se \u00eent\u00e2mpl\u0103 dup\u0103 \u00eenchiderea u\u0219ilor.<\/p>\n<p>Programul oficial se \u00eencheie seara, \u00eens\u0103 munca continu\u0103 ore bune.<\/p>\n<blockquote class=\"wp-block-quote is-layout-flow wp-block-quote-is-layout-flow\">\n<p><em>\u201eNoi nu putem face pr\u0103jituri diminea\u021ba \u0219i s\u0103 le vindem imediat. Ele au nevoie de timp. Dup\u0103 \u00eenchiderea programului r\u0103m\u00e2nem p\u00e2n\u0103 la 12, 1, chiar 2-3 noaptea, iar diminea\u021ba revenim pentru ornat \u0219i preg\u0103tirea vitrinei.\u201d<\/em><\/p>\n<\/blockquote>\n<h2 class=\"wp-block-heading\">Sacrificiul cel mai greu<\/h2>\n<p>Dincolo de oboseal\u0103 \u0219i programul lung, exist\u0103 un lucru care o apas\u0103 cel mai mult.<\/p>\n<p>Timpul petrecut departe de copii.<\/p>\n<blockquote class=\"wp-block-quote is-layout-flow wp-block-quote-is-layout-flow\">\n<p><em>\u201eAcesta este cel mai mare sacrificiu. Am doi b\u0103ie\u021bi, unul de opt ani \u0219i unul de doi ani. Ei stau mult cu bunicii. Asta este partea cea mai grea.\u201d<\/em><\/p>\n<\/blockquote>\n<h2 class=\"wp-block-heading\">Planurile pentru urm\u0103torii ani<\/h2>\n<figure class=\"wp-block-image size-large\"><img decoding=\"async\" loading=\"lazy\" width=\"683\" height=\"1024\" src=\"https:\/\/stiridinsursebuzau.ro\/wp-content\/uploads\/2026\/07\/DULCE-AMINTIRE-3-683x1024.jpg\" alt class=\"wp-image-48239\"><\/figure>\n<p>De\u0219i afacerea este \u00eenc\u0103 la \u00eenceput, planurile sunt deja conturate.<\/p>\n<p>Magda \u00ee\u0219i dore\u0219te un laborator separat \u0219i o cofet\u0103rie mai mare.<\/p>\n<p>P\u00e2n\u0103 atunci \u00eens\u0103, preg\u0103te\u0219te produse noi.<\/p>\n<blockquote class=\"wp-block-quote is-layout-flow wp-block-quote-is-layout-flow\">\n<p><em>\u201eVreau s\u0103 introducem torturi la felie, ca oamenii s\u0103 poat\u0103 \u00eencerca mai multe sortimente f\u0103r\u0103 s\u0103 cumpere un tort \u00eentreg. De asemenea, \u00eencepem s\u0103 facem pl\u0103cinte tradi\u021bionale de cas\u0103, exact cum se f\u0103ceau odinioar\u0103.\u201d<\/em><\/p>\n<\/blockquote>\n<h2 class=\"wp-block-heading\">\u201eDac\u0103 ar fi un singur cuv\u00e2nt, ar fi \u00abfamilie\u00bb\u201d<\/h2>\n<p>\u00centrebat\u0103 cum ar descrie cofet\u0103ria \u00eentr-un singur cuv\u00e2nt, r\u0103spunsul a venit f\u0103r\u0103 ezitare.<\/p>\n<blockquote class=\"wp-block-quote is-layout-flow wp-block-quote-is-layout-flow\">\n<p><em>\u201eFamilie.\u201d<\/em><\/p>\n<\/blockquote>\n<p>Iar defini\u021bia succesului este la fel de simpl\u0103.<\/p>\n<blockquote class=\"wp-block-quote is-layout-flow wp-block-quote-is-layout-flow\">\n<p><em>\u201eSuccesul este atunci c\u00e2nd clientul revine pe u\u0219\u0103.\u201d<\/em><\/p>\n<\/blockquote>\n<h2 class=\"wp-block-heading\">Adrenalina care o face s\u0103 mearg\u0103 mai departe<\/h2>\n<p>La finalul interviului, Magda recunoa\u0219te c\u0103 nu doar pasiunea o motiveaz\u0103.<\/p>\n<blockquote class=\"wp-block-quote is-layout-flow wp-block-quote-is-layout-flow\">\n<p><em>\u201eCred c\u0103 \u00eemi place nebunia. Adrenalina m\u0103 face s\u0103 m\u0103 trezesc \u00een fiecare diminea\u021b\u0103.\u201d<\/em><\/p>\n<\/blockquote>\n<p>Iar peste dou\u0103zeci de ani sper\u0103 ca oamenii s\u0103 spun\u0103 acela\u0219i lucru despre cofet\u0103ria ei.<\/p>\n<blockquote class=\"wp-block-quote is-layout-flow wp-block-quote-is-layout-flow\">\n<p><em>\u201eC\u0103 ne-am p\u0103strat acelea\u0219i standarde \u0219i aceea\u0219i calitate. S\u0103 revin\u0103 pentru acelea\u0219i gusturi care le aduc aminte de copil\u0103rie.\u201d<\/em><\/p>\n<\/blockquote>\n<h2 class=\"wp-block-heading\">Cine este Magda?<\/h2>\n<p>De\u0219i \u00een acte se nume\u0219te <strong>Moraru Maria<\/strong>, aproape to\u021bi cei care o cunosc \u00eei spun <strong>Magda<\/strong>.<\/p>\n<p>Este <strong>inginer economist<\/strong>, a lucrat ani la r\u00e2nd \u00een domeniul farmaceutic, \u00een promovare \u0219i distribu\u021bie medical\u0103, iar \u00een 2025 a ob\u021binut o <strong>diplom\u0103 interna\u021bional recunoscut\u0103 de buc\u0103tar la Horeca Culinary School<\/strong>, transform\u00e2nd pasiunea pentru cofet\u0103rie \u00eentr-un nou \u00eenceput profesional.<\/p>\n<hr class=\"wp-block-separator has-alpha-channel-opacity\">\n<h3 class=\"wp-block-heading\"><strong>\u201eOameni pentru oameni \u2013 <em>Pove\u0219ti care inspir\u0103 comunitatea<\/em>\u201d<\/strong><\/h3>\n<p>Acest reportaj face parte din campania editorial\u0103 <strong>\u201eOameni pentru oameni \u2013 <em>Pove\u0219ti care inspir\u0103 comunitatea<\/em>\u201d<\/strong>, prin care <strong>\u0218tiri din Surse Buz\u0103u<\/strong> \u00ee\u0219i propune s\u0103 aduc\u0103 \u00een fa\u021ba publicului pove\u0219tile oamenilor care construiesc, inspir\u0103 \u0219i contribuie la dezvoltarea comunit\u0103\u021bii. Campania este dedicat\u0103 antreprenorilor afla\u021bi la \u00eenceput de drum, oamenilor implica\u021bi \u0219i tuturor celor ale c\u0103ror experien\u021be merit\u0103 s\u0103 fie cunoscute.<\/p>\n<p><strong>Acest material este realizat exclusiv \u00een scop jurnalistic \u0219i nu reprezint\u0103 publicitate pl\u0103tit\u0103.<\/strong><\/p>\n<div class=\"post-views content-post post-48235 entry-meta load-static\"><span class=\"post-views-label\">Vizualiz\u0103ri \u0219tire:<\/span><span class=\"post-views-count\">1.967<\/span><\/div>\n<div id=\"stiri-3177250721\" class=\"stiri-dupa-continut-2 stiri-entity-placement\"><a href=\"https:\/\/rapidservicebuzau.ro\/\" aria-label=\"RAPID SUPER SERVICE\"><img decoding=\"async\" loading=\"lazy\" src=\"https:\/\/stiridinsursebuzau.ro\/wp-content\/uploads\/2026\/02\/ChatGPT-Image-10-feb.-2026-22_24_01.png\" alt width=\"1536\" height=\"1024\"><\/a><\/div>\n<div id=\"stiri-784737831\" class=\"stiri-dupa-continut_2 stiri-entity-placement\"><a href=\"https:\/\/www.facebook.com\/profile.php?id=61564932526740\" aria-label=\"Glamour Pizza &quot;la patrat&quot;\"><img decoding=\"async\" loading=\"lazy\" src=\"https:\/\/stiridinsursebuzau.ro\/wp-content\/uploads\/2026\/02\/ChatGPT-Image-10-feb.-2026-21_57_13.png\" alt=\"Glamour Pizza &quot;la patrat&quot;\" width=\"1536\" height=\"1024\"><\/a><\/div>\n<div id=\"stiri-189038538\" class=\"stiri-dupa-continut_3 stiri-entity-placement\"><a href=\"https:\/\/www.facebook.com\/profile.php?id=61573613380169&amp;locale=ro_RO\" aria-label=\"ChatGPT Image 10 feb. 2026, 22_10_50\"><img decoding=\"async\" loading=\"lazy\" src=\"https:\/\/stiridinsursebuzau.ro\/wp-content\/uploads\/2026\/02\/ChatGPT-Image-10-feb.-2026-22_10_50.png\" alt width=\"1536\" height=\"1024\"><\/a><\/div>\n<div id=\"stiri-1838012181\" class=\"stiri-dupa-continut_4 stiri-entity-placement\"><a href=\"https:\/\/www.facebook.com\/profile.php?id=100077377992379\" aria-label=\"1536 cu 1024 pixeli\"><img decoding=\"async\" loading=\"lazy\" src=\"https:\/\/stiridinsursebuzau.ro\/wp-content\/uploads\/2026\/02\/ChatGPT-Image-20-feb.-2026-14_05_15.png\" alt=\"1536 cu 1024 pixeli\" width=\"1536\" height=\"1024\"><\/a><\/div>\n<div id=\"stiri-1929237027\" class=\"stiri-dupa-continut_5 stiri-entity-placement\"><img decoding=\"async\" loading=\"lazy\" src=\"https:\/\/stiridinsursebuzau.ro\/wp-content\/uploads\/2026\/02\/ChatGPT-Image-10-feb.-2026-23_00_56.png\" alt=\"piese tractoare\" width=\"1536\" height=\"1024\"><\/div>\n<nav class=\"navigation post-navigation\" aria-label=\"Articole\">\n<h2 class=\"screen-reader-text\">Navigare \u00een articole<\/h2>\n<div class=\"nav-links\">\n<div class=\"nav-previous\"><a href=\"https:\/\/stiridinsursebuzau.ro\/buzaul-devine-timp-de-patru-zile-capitala-folclorului-international-a-inceput-festivalul-plaiurile-mioritei\/\" rel=\"prev\">Buz\u0103ul devine, timp de patru zile, capitala folclorului interna\u021bional. A \u00eenceput Festivalul \u201ePlaiurile Miori\u021bei\u201d <\/a><\/div>\n<div class=\"nav-next\"><a href=\"https:\/\/stiridinsursebuzau.ro\/din-buzau-spre-cer-povestea-lui-armani-stoica-tanarul-care-si-a-construit-viitorul-la-doar-18-ani\/\" rel=\"next\"> Din Buz\u0103u spre cer. Povestea lui Armani Stoica, t\u00e2n\u0103rul care \u0219i-a construit viitorul la doar 18 ani<\/a><\/div>\n<\/div>\n<\/nav>\n<\/article>\n<p>[analyse_source url=&#8221;https:\/\/stiridinsursebuzau.ro\/povestea-din-spatele-cofetariei-care-a-cucerit-maracineniul-in-mai-putin-de-o-saptamana-maria-magda-moraru-succesul-este-atunci-cand-clientul-revine-pe-usa\/&#8221;]<\/p>\n","protected":false},"excerpt":{"rendered":"<p>[analyse_image type=&#8221;featured&#8221; src=&#8221;https:\/\/stiridinsursebuzau.ro\/wp-content\/uploads\/2026\/07\/dulce-amintire-1.jpg&#8221;] \u00centr-o perioad\u0103 \u00een care multe afaceri se lupt\u0103 s\u0103 atrag\u0103 clien\u021bi, o mic\u0103 cofet\u0103rie deschis\u0103 \u00een comuna M\u0103r\u0103cineni a reu\u0219it s\u0103 devin\u0103, \u00een mai pu\u021bin de o s\u0103pt\u0103m\u00e2n\u0103, unul dintre cele mai discutate locuri din zon\u0103. Nu prin campanii spectaculoase de marketing, ci printr-o re\u021bet\u0103 simpl\u0103: pasiune, munc\u0103 \u0219i pr\u0103jituri f\u0103cute de [&hellip;]<\/p>\n","protected":false},"author":1,"featured_media":0,"comment_status":"open","ping_status":"","sticky":false,"template":"","format":"standard","meta":{"footnotes":""},"categories":[2],"tags":[226,60],"class_list":["post-2062196","post","type-post","status-publish","format-standard","hentry","category-politics","tag-crawlmanager","tag-stiridinsursebuzau-ro"],"_links":{"self":[{"href":"https:\/\/analyse.optim.biz\/index.php?rest_route=\/wp\/v2\/posts\/2062196","targetHints":{"allow":["GET"]}}],"collection":[{"href":"https:\/\/analyse.optim.biz\/index.php?rest_route=\/wp\/v2\/posts"}],"about":[{"href":"https:\/\/analyse.optim.biz\/index.php?rest_route=\/wp\/v2\/types\/post"}],"author":[{"embeddable":true,"href":"https:\/\/analyse.optim.biz\/index.php?rest_route=\/wp\/v2\/users\/1"}],"replies":[{"embeddable":true,"href":"https:\/\/analyse.optim.biz\/index.php?rest_route=%2Fwp%2Fv2%2Fcomments&post=2062196"}],"version-history":[{"count":0,"href":"https:\/\/analyse.optim.biz\/index.php?rest_route=\/wp\/v2\/posts\/2062196\/revisions"}],"wp:attachment":[{"href":"https:\/\/analyse.optim.biz\/index.php?rest_route=%2Fwp%2Fv2%2Fmedia&parent=2062196"}],"wp:term":[{"taxonomy":"category","embeddable":true,"href":"https:\/\/analyse.optim.biz\/index.php?rest_route=%2Fwp%2Fv2%2Fcategories&post=2062196"},{"taxonomy":"post_tag","embeddable":true,"href":"https:\/\/analyse.optim.biz\/index.php?rest_route=%2Fwp%2Fv2%2Ftags&post=2062196"}],"curies":[{"name":"wp","href":"https:\/\/api.w.org\/{rel}","templated":true}]}}