{"id":2062188,"date":"2026-07-25T15:32:45","date_gmt":"2026-07-25T12:32:45","guid":{"rendered":"https:\/\/analyse.optim.biz\/?p=2062188"},"modified":"2026-07-25T15:32:45","modified_gmt":"2026-07-25T12:32:45","slug":"tour-de-france-stage-21-preview-montmartre-returns-with-a-twist","status":"publish","type":"post","link":"https:\/\/analyse.optim.biz\/?p=2062188","title":{"rendered":"Tour de France Stage 21 Preview: Montmartre Returns With a Twist"},"content":{"rendered":"<p>[analyse_image type=&#8221;featured&#8221; src=&#8221;https:\/\/velo-cdn.outsideonline.com\/wp-content\/uploads\/2026\/06\/stage-21.jpg&#8221;]<\/p>\n<div class=\"content-wrap fp-contentTarget\">\n<div class=\"article-body\">\n<div class=\"mb-base-loose flex flex-wrap gap-(--spacing-base)\">\n<div class=\"fp-remove flex items-center justify-start gap-(--spacing-base-tight)\"><span class=\"font-utility-2 font-bold text-primary\">Andrew Hood<\/span><\/div>\n<\/div>\n<div class=\"pub-date font-utility-2 text-secondary\">Updated July 25, 2026 09:38AM<\/div>\n<\/div>\n<p><em>Update: Stage 21 has been shortened in order to redirect safety resources to help combat wild<\/em><em>fires. It will now start in Paris from the finish line with an extra lap of the Champs \u00c9lys\u00e9es. Full details here.<\/em><\/p>\n<hr>\n<p><strong>Thoiry to Paris Champs-\u00c9lys\u00e9es: 133km\/1000m<\/strong><\/p>\n<p>The Tour de France ends with the climbing circuit that turned last year\u2019s finale on its head.<\/p>\n<p>The spectacular, controversial ascent of Montmartre is back for a second year, bringing the race up the crowd-packed Rue Lepic and beneath the Sacr\u00e9-C\u0153ur before the traditional finish on the Champs-\u00c9lys\u00e9es.<\/p>\n<p>Not everyone loved it, but fans certainly did.<\/p>\n<p>Last year, Wout van Aert delivered one of the most emotional victories of his career, attacking clear on the final passage of Montmartre while Poga\u010dar wisely chose caution over risk on the rain-slick cobbles rather than gamble his Tour victory on the final day.<\/p>\n<p>Organizers brought back Montmartre, but they\u2019ve added a new twist for 2026.<\/p>\n<div class=\"ad-placeholder-wrapper relative w-full border-t border-b border-border-light col-span-full my-3 md:col-span-10 md:col-start-2\">\n<div class=\"mb-[30px] min-h-[30px] text-center\"><span class=\"font-utility-4 font-medium tracking-[1px] text-neutral-500 uppercase\">ADVERTISEMENT<\/span><\/div>\n<\/div>\n<p>This time there will be nearly 15km between the final ascent of Montmartre and the finish line, perhaps giving hope for the sprinters to chase back any high-octane attacks to set up a wild final gallop down France\u2019s most famous boulevard at the Champs-\u00c9lys\u00e9es.<\/p>\n<p>After three weeks of racing, nobody will have much left in the tank.<\/p>\n<h2>Daily Poll<\/h2>\n<div id=\"message-list_1784391094.578949\" aria-labelledby=\"primary-D01P8C7NK7B-1784391094.578949-sender primary-D01P8C7NK7B-1784391094.578949-message_text primary-D01P8C7NK7B-1784391094.578949-alt_text primary-D01P8C7NK7B-1784391094.578949-date_time primary-D01P8C7NK7B-1784391094.578949-reaction_count primary-D01P8C7NK7B-1784391094.578949-reply_count primary-D01P8C7NK7B-1784391094.578949-link_count primary-D01P8C7NK7B-1784391094.578949-attachment_count primary-D01P8C7NK7B-1784391094.578949-has_draft_reply primary-D01P8C7NK7B-1784391094.578949-pinned_state primary-D01P8C7NK7B-1784391094.578949-edited_state primary-D01P8C7NK7B-1784391094.578949-later_state primary-D01P8C7NK7B-1784391094.578949-broadcast_state primary-D01P8C7NK7B-1784391094.578949-broadcast_thread_root_message primary-D01P8C7NK7B-1784391094.578949-translated_state\">\n<div>\n<div>\n<div>\n<div>\n<div>\n<div>\n<div>\n<div>\n<div>\n<div>\n<div><\/div>\n<\/div>\n<\/div>\n<\/div>\n<\/div>\n<\/div>\n<\/div>\n<\/div>\n<\/div>\n<\/div>\n<\/div>\n<\/div>\n<\/div>\n<div class=\"article-body\">\n<div class=\"mb-base-loose flex flex-wrap gap-(--spacing-base)\">\n<div class=\"fp-remove flex items-center justify-start gap-(--spacing-base-tight)\"><span class=\"font-utility-2 font-bold text-primary\">Andrew Hood<\/span><\/div>\n<\/div>\n<div class=\"pub-date font-utility-2 text-secondary\">Updated July 25, 2026 09:38AM<\/div>\n<\/div>\n<p>[analyse_source url=&#8221;https:\/\/velo.outsideonline.com\/road\/road-racing\/tour-de-france\/tour-de-france-stage-21-preview-2026\/&#8221;]<\/p>\n","protected":false},"excerpt":{"rendered":"<p>[analyse_image type=&#8221;featured&#8221; src=&#8221;https:\/\/velo-cdn.outsideonline.com\/wp-content\/uploads\/2026\/06\/stage-21.jpg&#8221;] Andrew Hood Updated July 25, 2026 09:38AM Update: Stage 21 has been shortened in order to redirect safety resources to help combat wildfires. It will now start in Paris from the finish line with an extra lap of the Champs \u00c9lys\u00e9es. Full details here. Thoiry to Paris Champs-\u00c9lys\u00e9es: 133km\/1000m The Tour de [&hellip;]<\/p>\n","protected":false},"author":1,"featured_media":0,"comment_status":"open","ping_status":"","sticky":false,"template":"","format":"standard","meta":{"footnotes":""},"categories":[2],"tags":[226,71],"class_list":["post-2062188","post","type-post","status-publish","format-standard","hentry","category-politics","tag-crawlmanager","tag-velo-outsideonline-com"],"_links":{"self":[{"href":"https:\/\/analyse.optim.biz\/index.php?rest_route=\/wp\/v2\/posts\/2062188","targetHints":{"allow":["GET"]}}],"collection":[{"href":"https:\/\/analyse.optim.biz\/index.php?rest_route=\/wp\/v2\/posts"}],"about":[{"href":"https:\/\/analyse.optim.biz\/index.php?rest_route=\/wp\/v2\/types\/post"}],"author":[{"embeddable":true,"href":"https:\/\/analyse.optim.biz\/index.php?rest_route=\/wp\/v2\/users\/1"}],"replies":[{"embeddable":true,"href":"https:\/\/analyse.optim.biz\/index.php?rest_route=%2Fwp%2Fv2%2Fcomments&post=2062188"}],"version-history":[{"count":0,"href":"https:\/\/analyse.optim.biz\/index.php?rest_route=\/wp\/v2\/posts\/2062188\/revisions"}],"wp:attachment":[{"href":"https:\/\/analyse.optim.biz\/index.php?rest_route=%2Fwp%2Fv2%2Fmedia&parent=2062188"}],"wp:term":[{"taxonomy":"category","embeddable":true,"href":"https:\/\/analyse.optim.biz\/index.php?rest_route=%2Fwp%2Fv2%2Fcategories&post=2062188"},{"taxonomy":"post_tag","embeddable":true,"href":"https:\/\/analyse.optim.biz\/index.php?rest_route=%2Fwp%2Fv2%2Ftags&post=2062188"}],"curies":[{"name":"wp","href":"https:\/\/api.w.org\/{rel}","templated":true}]}}