{"id":2061724,"date":"2026-07-21T00:00:00","date_gmt":"2026-07-20T21:00:00","guid":{"rendered":"https:\/\/analyse.optim.biz\/?p=2061724"},"modified":"2026-07-21T00:00:00","modified_gmt":"2026-07-20T21:00:00","slug":"eroii-unirii-readuce-memoria-luptelor-din-august-1917-in-centrul-focsaniului","status":"publish","type":"post","link":"https:\/\/analyse.optim.biz\/?p=2061724","title":{"rendered":"\u201eEroii Unirii\u201d readuce memoria luptelor din august 1917 \u00een centrul Foc\u0219aniului"},"content":{"rendered":"<p>[analyse_image type=&#8221;featured&#8221; src=&#8221;https:\/\/zdvi.cname.ro\/_\/eroii-unirii-readuce-memoria-luptelor-din-august-1917-in-centrul-focsaniului\/mediaPool\/uhq6qNg.jpg&#8221;]<\/p>\n<div class=\"main-content detaliu-articol\"><a class=\"titlu-cat-list\" href=\"https:\/\/ziaruldevrancea.ro\/promo\/evenimente-speciale\">Evenimente speciale<\/a><\/p>\n<h1>\u201eEroii Unirii\u201d readuce memoria luptelor din august 1917 \u00een centrul Foc\u0219aniului<\/h1>\n<div class=\"date-articol clearfix\">\n<div class=\"distribuie-articol dropdown\">\n    Distribuie: \u00a0<br \/>\n    <em>|<\/em><\/div>\n<div class=\"autor-articol\"><a href=\"https:\/\/ziaruldevrancea.ro\/autor\/camelia-marin\/\"><img decoding=\"async\" class=\"img-circle\" src=\"https:\/\/zdvi.cname.ro\/50_50\/articleAuthor\/camelia-marin\/articleAuthor\/u9DOVkc.jpg\" alt><\/a><\/p>\n<h5><a href=\"https:\/\/ziaruldevrancea.ro\/autor\/camelia-marin\/\">Camelia Marin<\/a><\/h5>\n<div class=\"grup-spatiere\"><span class=\"cu-spatiere\">21 iul 2026<\/span><span class=\"cu-spatiere\">615 vizualiz\u0103ri<\/span><\/div>\n<\/div>\n<\/div>\n<div class=\"poza-mare\"><a href class=\"openGallery\"><img decoding=\"async\" class=\"img-responsive\" src=\"https:\/\/zdvi.cname.ro\/850_530\/eroii-unirii-readuce-memoria-luptelor-din-august-1917-in-centrul-focsaniului\/article\/mediaPool\/uhq6qNg.jpg\" alt><\/a><\/div>\n<p><strong>Trei zile de ceremonii \u0219i spectacole dedicate eroilor Vrancei.<\/strong><\/p>\n<p><strong>\u00centre 5 \u0219i 7 august 2026, Municipiul Foc\u0219ani organizeaz\u0103 seria de manifest\u0103ri \u201eEroii Unirii\u201d, care \u00eembin\u0103 ceremonialele comemorative cu evenimente culturale dedicate memoriei militarilor c\u0103zu\u021bi \u00een Primul R\u0103zboi Mondial. Programul include ceremonii militare, recitaluri patriotice \u0219i un concert sus\u021binut de Paula Seling \u00een Pia\u021ba Unirii.<\/strong><\/p>\n<hr>\n<p><strong>\u201eEroii Unirii\u201d readuce memoria luptelor din august 1917 \u00een centrul Foc\u0219aniului. Trei zile de ceremonii \u0219i spectacole dedicate eroilor Vrancei<\/strong><\/p>\n<p>Municipiul Foc\u0219ani va g\u0103zdui, \u00een perioada <strong>5\u20137 august 2026<\/strong>, o serie de manifest\u0103ri comemorative \u0219i culturale reunite sub genericul <strong>\u201eEroii Unirii \u2013 Zile de comemorare \u0219i recuno\u0219tin\u021b\u0103\u201d<\/strong>, dedicate memoriei militarilor rom\u00e2ni care \u0219i-au pierdut via\u021ba \u00een timpul Primului R\u0103zboi Mondial.<\/p>\n<p>Potrivit unei inform\u0103ri publicate mar\u021bi, <strong>21 iulie 2026<\/strong>, pe pagina oficial\u0103 de Facebook a <strong>Prim\u0103riei Municipiului Foc\u0219ani<\/strong>, evenimentele sunt organizate de administra\u021bia local\u0103 prin <strong>Teatrul Municipal \u201eMaior Gh. Pastia\u201d<\/strong> \u0219i au ca obiectiv evocarea luptelor purtate \u00een zona Foc\u0219aniului \u00een vara anului 1917, considerate decisive pentru ap\u0103rarea statului rom\u00e2n.<\/p>\n<p>\u00cen mesajul transmis publicului este subliniat rolul istoric al Foc\u0219aniului, ora\u0219 asociat at\u00e2t cu momentul <strong>Unirii Principatelor Rom\u00e2ne din 24 ianuarie 1859<\/strong>, c\u00e2t \u0219i cu luptele din august 1917, c\u00e2nd rezisten\u021ba armatei rom\u00e2ne a contribuit la oprirea ofensivei Puterilor Centrale.<\/p>\n<p>Organizatorii apreciaz\u0103 c\u0103 sacrificiul militarilor din acea perioad\u0103 a reprezentat unul dintre factorii care au f\u0103cut posibil\u0103 realizarea Marii Uniri de la 1 Decembrie 1918.<\/p>\n<p><strong>Programul manifest\u0103rilor<\/strong><\/p>\n<p>Seria evenimentelor va \u00eencepe <strong>miercuri, 5 august<\/strong>, la ora <strong>20:00<\/strong>, la <strong>Mausoleul Eroilor din Sud<\/strong>, unde interpreta <strong>Maria Murgoci<\/strong>, \u00eempreun\u0103 cu <strong>Ansamblul Folcloric \u201e\u021aara Vrancei\u201d<\/strong>, vor sus\u021bine un recital de c\u00e2ntece patriotice.<\/p>\n<p>\u00cen ziua de <strong>6 august<\/strong>, c\u00e2nd este s\u0103rb\u0103torit\u0103 <strong>Schimbarea la Fa\u021b\u0103 a Domnului<\/strong>, programul va continua cu manifest\u0103rile oficiale dedicate comemor\u0103rii eroilor.<\/p>\n<p>De la <strong>ora 12:30<\/strong>, la Mausoleul Eroilor din Sud va avea loc un <strong>ceremonial militar-religios<\/strong>, urmat de depuneri de coroane \u0219i de defilarea militarilor din Garnizoana Foc\u0219ani.<\/p>\n<p>Seara, \u00een <strong>Pia\u021ba Unirii<\/strong>, publicul este invitat la un program artistic. De la <strong>ora 19:30<\/strong>, artista foc\u0219\u0103nean\u0103 <strong>Andreea Racovi\u021beanu<\/strong> va sus\u021bine un recital de pian \u0219i voce, iar de la <strong>ora 20:30<\/strong> este programat concertul sus\u021binut de <strong>Paula Seling<\/strong>, una dintre cele mai cunoscute interprete ale muzicii rom\u00e2ne\u0219ti.<\/p>\n<p>Manifest\u0103rile se vor \u00eencheia <strong>vineri, 7 august<\/strong>, de la <strong>ora 19:00<\/strong>, \u00een amfiteatrul din <strong>Parcul \u201eNicolae B\u0103lcescu\u201d<\/strong>, unde Maria Murgoci \u0219i Ansamblul Folcloric \u201e\u021aara Vrancei\u201d vor sus\u021bine un nou spectacol omagial.<\/p>\n<p><strong>O combina\u021bie \u00eentre comemorare \u0219i manifest\u0103ri culturale<\/strong><\/p>\n<p>Potrivit organizatorilor, evenimentele urm\u0103resc s\u0103 ofere publicului at\u00e2t momente de reculegere \u0219i comemorare, c\u00e2t \u0219i manifest\u0103ri culturale inspirate de istoria na\u021bional\u0103 \u0219i de memoria celor care au luptat \u00een Primul R\u0103zboi Mondial.<\/p>\n<p>Prin organizarea acestor activit\u0103\u021bi \u00een mai multe spa\u021bii reprezentative ale municipiului \u2013 Mausoleul Eroilor, Pia\u021ba Unirii \u0219i Parcul \u201eNicolae B\u0103lcescu\u201d \u2013 administra\u021bia local\u0103 \u00ee\u0219i propune s\u0103 aduc\u0103 \u00een aten\u021bia comunit\u0103\u021bii unul dintre cele mai importante momente din istoria Vrancei \u0219i a Rom\u00e2niei.<\/p>\n<p>Manifest\u0103rile sunt deschise publicului, iar accesul este gratuit.<\/p>\n<p><strong>Camelia Marin\u00a0<\/strong><\/p>\n<hr>\n<div class=\"bloc-widget widget-rosu\">\n<p>\u00cen lipsa unui acord scris din partea Ziarului de Vrancea, pute\u0163i prelua maxim 500 de caractere din acest articol dac\u0103 preciza\u0163i sursa \u015fi insera\u0163i vizibil link-ul articolului:\u00a0<span>#insertcurrentlinkhere<\/span><\/p>\n<\/div>\n<div class=\"extra-articol listing-anunturi\">\n<h6>Anun\u021buri <span class=\"text-primary\">ZdV<\/span> Premium<\/h6>\n<div class=\"row\">\n<div class=\"col-lg-4 col-md-6 bloc-egal\"><a class=\"card-anunt\" href=\"https:\/\/ziaruldevrancea.ro\/anunturi\/imobiliare\/vanzari-case\/vand-casa-si-teren-in-panciu-anunt-72818\"><strong class=\"titlu\">V\u00e2nz\u0103ri case<\/strong><span class=\"text-anunt\">V\u00e2nd cas\u0103 cu 2 camere, buc\u0103t\u0103rie, baie,&#8230;<\/span><span class=\"data-anunt\">23.07.2026  <\/span><\/a><\/div>\n<div class=\"col-lg-4 col-md-6 bloc-egal\"><a class=\"card-anunt\" href=\"https:\/\/ziaruldevrancea.ro\/anunturi\/angajari\/cereri-angajari\/doresc-angajare-anunt-72815\"><strong class=\"titlu\">Cereri<\/strong><span class=\"text-anunt\">Doresc s\u0103 am grij\u0103 de un copil de&#8230;<\/span><span class=\"data-anunt\">21.07.2026  <\/span><\/a><\/div>\n<div class=\"col-lg-4 col-md-6 bloc-egal\"><a class=\"card-anunt\" href=\"https:\/\/ziaruldevrancea.ro\/anunturi\/inchirieri\/locuinte-oferte\/primesc-in-gazda-anunt-72816\"><strong class=\"titlu\">Locuin\u021be oferte<\/strong><span class=\"text-anunt\">\u00a0Primesc \u00een gazd\u0103 la cas\u0103.<\/p>\n<p>Tel&#8230;.<\/span><span class=\"data-anunt\">21.07.2026  <\/span><\/a><\/div>\n<\/div>\n<\/div>\n<div class=\"extra-articol alte-articole\">\n<div class=\"row\">\n<div class=\"col-lg-6 bloc-egal\">\n<div class=\"card articol-listing\">\n<h6>\u00cen categoria <a href=\"https:\/\/ziaruldevrancea.ro\/promo\/evenimente-speciale\">Evenimente speciale<\/a><\/h6>\n<div class=\"grup-articol-listing\">\n<div class=\"cont-pils\"><a href=\"https:\/\/ziaruldevrancea.ro\/promo\/evenimente-speciale\/hram-la-spitalul-judetean-focsani-slujbe-religioase-si-300-de-pachete-pentru-pacienti-de-sfantul-pantelimon\"><img decoding=\"async\" src=\"https:\/\/zdvi.cname.ro\/180_135\/promo\/evenimente-speciale\/hram-la-spitalul-judetean-focsani-slujbe-religioase-si-300-de-pachete-pentru-pacienti-de-sfantul-pantelimon\/mediaPool\/ukoruCX.jpg\" class=\"img-responsive img-180\" alt><\/a><\/div>\n<h2><a class=\"link-titlu\" href=\"https:\/\/ziaruldevrancea.ro\/promo\/evenimente-speciale\/hram-la-spitalul-judetean-focsani-slujbe-religioase-si-300-de-pachete-pentru-pacienti-de-sfantul-pantelimon\">Hram la Spitalul Jude\u021bean Foc\u0219ani: slujbe religioase \u0219i 300 de pachete pentru pacien\u021bi, de Sf\u00e2ntul Pantelimon<\/a><\/h2>\n<div class=\"date-post\"><a href=\"https:\/\/ziaruldevrancea.ro\/autor\/camelia-marin\">Camelia Marin<\/a>, 24 iul 2026  <\/div>\n<\/div>\n<div class=\"grup-articol-listing\">\n<div class=\"cont-pils\"><a href=\"https:\/\/ziaruldevrancea.ro\/promo\/evenimente-speciale\/foto-cum-a-fost-sarbatorita-ziua-isu-vrancea-2026\"><img decoding=\"async\" src=\"https:\/\/zdvi.cname.ro\/180_135\/promo\/evenimente-speciale\/foto-cum-a-fost-sarbatorita-ziua-isu-vrancea-2026\/mediaPool\/uV9HJ7T.jpg\" class=\"img-responsive img-180\" alt><\/a><\/div>\n<h2><a class=\"link-titlu\" href=\"https:\/\/ziaruldevrancea.ro\/promo\/evenimente-speciale\/foto-cum-a-fost-sarbatorita-ziua-isu-vrancea-2026\">Foto | Cum a fost s\u0103rb\u0103torit\u0103 Ziua ISU Vrancea 2026<\/a><\/h2>\n<div class=\"date-post\"><a href=\"https:\/\/ziaruldevrancea.ro\/autor\/petre-paraschiv\">Petre Paraschiv<\/a>, 23 iul 2026  <\/div>\n<\/div>\n<div class=\"grup-articol-listing\">\n<div class=\"cont-pils\"><a href=\"https:\/\/ziaruldevrancea.ro\/promo\/evenimente-speciale\/boovie-2026-festivalul-nascut-in-vrancea-care-reuneste-peste-5.700-de-participanti-incepe-astazi-la-bucuresti\"><img decoding=\"async\" src=\"https:\/\/zdvi.cname.ro\/180_135\/promo\/evenimente-speciale\/boovie-2026-festivalul-nascut-in-vrancea-care-reuneste-peste-5.700-de-participanti-incepe-astazi-la-bucuresti\/mediaPool\/uH922Bq.jpg\" class=\"img-responsive img-180\" alt><\/a><\/div>\n<h2><a class=\"link-titlu\" href=\"https:\/\/ziaruldevrancea.ro\/promo\/evenimente-speciale\/boovie-2026-festivalul-nascut-in-vrancea-care-reuneste-peste-5.700-de-participanti-incepe-astazi-la-bucuresti\">Boovie 2026, festivalul n\u0103scut \u00een Vrancea care reune\u0219te peste 5.700 de participan\u021bi \u00eencepe ast\u0103zi la Bucure\u0219ti<\/a><\/h2>\n<div class=\"date-post\"><a href=\"https:\/\/ziaruldevrancea.ro\/autor\/camelia-marin\">Camelia Marin<\/a>, 23 iul 2026  <\/div>\n<\/div>\n<\/div>\n<\/div>\n<div class=\"col-lg-6 bloc-egal\">\n<div class=\"card articol-listing\">\n<h6>De acela\u0219i <a href=\"https:\/\/ziaruldevrancea.ro\/autor\/camelia-marin\/\">autor<\/a><\/h6>\n<div class=\"grup-articol-listing\">\n<div class=\"cont-pils\"><a href=\"https:\/\/ziaruldevrancea.ro\/actualitatea\/stiri-locale\/locuri-de-munca-pe-alese-pentru-vranceni-147-in-judet-si-124-in-ue\"><img decoding=\"async\" src=\"https:\/\/zdvi.cname.ro\/180_135\/actualitatea\/stiri-locale\/locuri-de-munca-pe-alese-pentru-vranceni-147-in-judet-si-124-in-ue\/mediaPool\/u6Eupe7.jpg\" class=\"img-responsive img-180\" alt><\/a><\/div>\n<h2><a class=\"link-titlu\" href=\"https:\/\/ziaruldevrancea.ro\/actualitatea\/stiri-locale\/locuri-de-munca-pe-alese-pentru-vranceni-147-in-judet-si-124-in-ue\">Locuri de munc\u0103 pe alese pentru vr\u00e2nceni: 147 \u00een jude\u021b \u0219i 124 \u00een UE. Angajatorii caut\u0103 muncitori, v\u00e2nz\u0103tori, \u0219oferi \u0219i personal pentru HoReCa<\/a><\/h2>\n<div class=\"date-post\"><a href=\"https:\/\/ziaruldevrancea.ro\/autor\/camelia-marin\">Camelia Marin<\/a>, 24 iul 2026  <\/div>\n<\/div>\n<div class=\"grup-articol-listing\">\n<div class=\"cont-pils\"><a href=\"https:\/\/ziaruldevrancea.ro\/promo\/evenimente-speciale\/video--foto-vrancea-a-marcat-109-ani-de-la-batalia-de-la-marasti.-apel-la-unitate-si-responsabilitate-in-memoria-eroilor-din-primul-razboi-mondial\"><img decoding=\"async\" src=\"https:\/\/zdvi.cname.ro\/180_135\/promo\/evenimente-speciale\/video--foto-vrancea-a-marcat-109-ani-de-la-batalia-de-la-marasti.-apel-la-unitate-si-responsabilitate-in-memoria-eroilor-din-primul-razboi-mondial\/mediaPool\/ud47hWp.jpeg\" class=\"img-responsive img-180\" alt><\/a><\/div>\n<h2><a class=\"link-titlu\" href=\"https:\/\/ziaruldevrancea.ro\/promo\/evenimente-speciale\/video--foto-vrancea-a-marcat-109-ani-de-la-batalia-de-la-marasti.-apel-la-unitate-si-responsabilitate-in-memoria-eroilor-din-primul-razboi-mondial\">VIDEO + Foto | Vrancea a marcat 109 ani de la B\u0103t\u0103lia de la M\u0103r\u0103\u0219ti. Apel la unitate \u0219i responsabilitate \u00een memoria eroilor din Primul R\u0103zboi Mondial<\/a><\/h2>\n<div class=\"date-post\"><a href=\"https:\/\/ziaruldevrancea.ro\/autor\/camelia-marin\">Camelia Marin<\/a>, 23 iul 2026  <\/div>\n<\/div>\n<div class=\"grup-articol-listing\">\n<div class=\"cont-pils\"><a href=\"https:\/\/ziaruldevrancea.ro\/actualitatea\/stiri-locale\/politistii-au-dus-lectii-de-siguranta-si-bucurie-in-tabara-de-vara-la-noi-acasa-din-parohia-verdea\"><img decoding=\"async\" src=\"https:\/\/zdvi.cname.ro\/180_135\/actualitatea\/stiri-locale\/politistii-au-dus-lectii-de-siguranta-si-bucurie-in-tabara-de-vara-la-noi-acasa-din-parohia-verdea\/mediaPool\/uIwZOhP.jpg\" class=\"img-responsive img-180\" alt><\/a><\/div>\n<h2><a class=\"link-titlu\" href=\"https:\/\/ziaruldevrancea.ro\/actualitatea\/stiri-locale\/politistii-au-dus-lectii-de-siguranta-si-bucurie-in-tabara-de-vara-la-noi-acasa-din-parohia-verdea\">Poli\u021bi\u0219tii au dus lec\u021bii de siguran\u021b\u0103 \u0219i bucurie \u00een Tab\u0103ra de var\u0103 \u201eLa noi acas\u0103\u201d din Parohia Verdea<\/a><\/h2>\n<div class=\"date-post\"><a href=\"https:\/\/ziaruldevrancea.ro\/autor\/camelia-marin\">Camelia Marin<\/a>, 22 iul 2026  <\/div>\n<\/div>\n<\/div>\n<\/div>\n<\/div>\n<\/div>\n<div class=\"extra-articol listing-anunturi\">\n<h6>Anun\u021buri <span class=\"text-primary\">ZdV<\/span> Premium<\/h6>\n<div class=\"row\">\n<div class=\"col-lg-4 col-md-6 bloc-egal\"><a class=\"card-anunt\" href=\"https:\/\/ziaruldevrancea.ro\/anunturi\/inchirieri\/locuinte-oferte\/primesc-in-gazda-anunt-72817\"><strong class=\"titlu\">Locuin\u021be oferte<\/strong><span class=\"text-anunt\">Primesc \u00een gazd\u0103 la bloc o elev\u0103. <\/p>\n<p>Tel&#8230;.<\/span><span class=\"data-anunt\">21.07.2026  <\/span><\/a><\/div>\n<div class=\"col-lg-4 col-md-6 bloc-egal\"><a class=\"card-anunt\" href=\"https:\/\/ziaruldevrancea.ro\/anunturi\/altele\/matrimoniale\/Imi-caut-sufletul-pereche-anunt-72811\"><strong class=\"titlu\">Matrimoniale<\/strong><span class=\"text-anunt\">Domn serios caut doamn\u0103 serioas\u0103, v\u00e2rsta&#8230;<\/span><span class=\"data-anunt\">20.07.2026  <\/span><\/a><\/div>\n<div class=\"col-lg-4 col-md-6 bloc-egal\"><a class=\"card-anunt\" href=\"https:\/\/ziaruldevrancea.ro\/anunturi\/altele\/matrimoniale\/Imi-caut-sufletul-pereche-anunt-72809\"><strong class=\"titlu\">Matrimoniale<\/strong><span class=\"text-anunt\">Domn de la \u021bar\u0103, 55 de ani, cu locuin\u021b\u0103, teren&#8230;<\/span><span class=\"data-anunt\">16.07.2026  <\/span><\/a><\/div>\n<\/div>\n<\/div>\n<div class=\"bloc-widget widget-albastru\">\n    Ziarul de Vrancea \u00a0nu este responsabil juridic pentru con\u0163inutul textelor din comentariile de mai jos. Responsabilitatea pentru mesajele dumneavoastra v\u0103 revine \u00een exclusivitate.\n<\/div>\n<div class=\"comentarii-articol\" id=\"comentarii\">\n<h3>Comentarii: <span class=\"text-primary\">0<\/span><\/h3>\n<p><a href=\"https:\/\/ziaruldevrancea.ro\/promo\/evenimente-speciale\/eroii-unirii-readuce-memoria-luptelor-din-august-1917-in-centrul-focsaniului\" class=\"btn btn-success btn-adauga-com\" data-toggle=\"modal\" data-parent=\"0\" data-target=\"#commentModal\">Adaug\u0103 comentariu<\/a><\/p>\n<div class=\"loadMask comments-mask\"><img decoding=\"async\" src=\"https:\/\/zdvs.cname.ro\/images\/loader_40.gif\"><\/div>\n<div class=\"comenteaza-jos\">Trebuie s\u0103 fii <a href=\"https:\/\/ziaruldevrancea.ro\/account\">autentificat<\/a> pentru a putea <a href=\"https:\/\/ziaruldevrancea.ro\/promo\/evenimente-speciale\/eroii-unirii-readuce-memoria-luptelor-din-august-1917-in-centrul-focsaniului\" class data-toggle=\"modal\" data-parent=\"0\" data-target=\"#commentModal\">posta un comentariu<\/a>.<\/div>\n<\/div>\n<div class=\"modal fade\" id=\"commentModal\" role=\"dialog\" aria-labelledby=\"commentModalLabel\">\n<div class=\"modal-dialog modal-lg\" role=\"document\">\n<div class=\"modal-content\">\n<div class=\"modal-header\">\n<h3 class=\"modal-title\" id=\"commentModalLabel\">Comenteaz\u0103<\/h3>\n<\/div>\n<div class=\"modal-body\">\n<div class=\"tabel tabel-full\">\n<div class=\"celula\">\n              Trebuie s\u0103 fii <a href=\"https:\/\/ziaruldevrancea.ro\/account\">autentificat<\/a> pentru a putea posta un comentariu.\n            <\/div>\n<\/div>\n<\/div>\n<div class=\"modal-footer\">\n<div id=\"commentPending\" class=\"formPending pull-left\"><img decoding=\"async\" src=\"https:\/\/zdvs.cname.ro\/images\/loader_40.gif\"> In curs de procesare&#8230;<\/div>\n<p><a href=\"https:\/\/ziaruldevrancea.ro\/promo\/evenimente-speciale\/eroii-unirii-readuce-memoria-luptelor-din-august-1917-in-centrul-focsaniului\" class=\"btn btn-default\" data-dismiss=\"modal\">Anuleaz\u0103<\/a><\/div>\n<\/div>\n<\/div>\n<\/div>\n<div class=\"modal fade\" id=\"commentReportModal\" role=\"dialog\" aria-labelledby=\"commentReportModalLabel\">\n<div class=\"modal-dialog modal-lg\" role=\"document\">\n<div class=\"modal-content\">\n<div class=\"modal-header\">\n<h3 class=\"modal-title\" id=\"commentReportModalLabel\">Raporteaza comentariu<\/h3>\n<\/div>\n<div class=\"modal-body\">\n<div class=\"tabel tabel-full\">\n<div class=\"celula\">\n              Trebuie s\u0103 fii <a href=\"https:\/\/ziaruldevrancea.ro\/account\">autentificat<\/a> pentru a putea raporta un comentariu.\n            <\/div>\n<\/div>\n<\/div>\n<div class=\"modal-footer\">\n<div id=\"commentReportPending\" class=\"formPending pull-left\"><img decoding=\"async\" src=\"https:\/\/zdvs.cname.ro\/images\/loader_40.gif\"> In curs de procesare&#8230;<\/div>\n<p><a href=\"https:\/\/ziaruldevrancea.ro\/promo\/evenimente-speciale\/eroii-unirii-readuce-memoria-luptelor-din-august-1917-in-centrul-focsaniului\" class=\"btn btn-default\" data-dismiss=\"modal\">Anuleaz\u0103<\/a><\/div>\n<\/div>\n<\/div>\n<\/div>\n<div class=\"modal fade\" id=\"commentLikeModal\" role=\"dialog\" aria-labelledby=\"commentLikeModalLabel\">\n<div class=\"modal-dialog modal-lg\" role=\"document\">\n<div class=\"modal-content\">\n<div class=\"modal-header\">\n<h3 class=\"modal-title\" id=\"commentReportModalLabel\">Apreciaza comentariu<\/h3>\n<\/div>\n<div class=\"modal-body\">\n<div class=\"tabel tabel-full\">\n<div class=\"celula\">\n            Trebuie s\u0103 fii <a href=\"https:\/\/ziaruldevrancea.ro\/account\">autentificat<\/a> pentru a putea aprecia un comentariu.\n          <\/div>\n<\/div>\n<\/div>\n<div class=\"modal-footer\"><a href=\"https:\/\/ziaruldevrancea.ro\/promo\/evenimente-speciale\/eroii-unirii-readuce-memoria-luptelor-din-august-1917-in-centrul-focsaniului\" class=\"btn btn-default\" data-dismiss=\"modal\">Anuleaz\u0103<\/a><\/div>\n<\/div>\n<\/div>\n<\/div>\n<div class=\"bloc-widget widget-rosu\"><span><small>Ziarul de Vrancea doreste ca acest site sa fie un spatiu al discutiilor civilizate, al comentariilor de bun simt. Din acest motiv, cei care posteaza comentarii la articole trebuie sa respecte urmatoarele reguli:<br \/>\n1. Sa se refere doar la articolul la care posteaza comentarii.<br \/>\n2. Sa foloseasca un limbaj civilizat, fara injurii, calomnii, comentarii antisemite, xenofobe sau rasiste.<br \/>\n3. Sunt interzise atacurile la adresa autorilor, daca acestea nu au legatura cu textul.<br \/>\n4. Username-ul sa nu fie nume de personalitati ale vietii publice sau parodieri ale acestora.<br \/>\nAutorul unui articol poate fi criticat pentru eventuale greseli, incoerenta, lipsa de documentare etc.<br \/>\nNerespectarea regulilor mentionate mai sus va duce la stergerea comentariilor, fara avertisment si fara explicatii.<br \/>\nAbaterile repetate vor avea drept consecinta interdictia accesului la aceasta facilitate a site-ului.<\/small><\/span><\/div>\n<\/div>\n<p>[analyse_source url=&#8221;https:\/\/ziaruldevrancea.ro\/promo\/evenimente-speciale\/eroii-unirii-readuce-memoria-luptelor-din-august-1917-in-centrul-focsaniului&#8221;]<\/p>\n","protected":false},"excerpt":{"rendered":"<p>[analyse_image type=&#8221;featured&#8221; src=&#8221;https:\/\/zdvi.cname.ro\/_\/eroii-unirii-readuce-memoria-luptelor-din-august-1917-in-centrul-focsaniului\/mediaPool\/uhq6qNg.jpg&#8221;] Evenimente speciale \u201eEroii Unirii\u201d readuce memoria luptelor din august 1917 \u00een centrul Foc\u0219aniului Distribuie: \u00a0 | Camelia Marin 21 iul 2026615 vizualiz\u0103ri Trei zile de ceremonii \u0219i spectacole dedicate eroilor Vrancei. \u00centre 5 \u0219i 7 august 2026, Municipiul Foc\u0219ani organizeaz\u0103 seria de manifest\u0103ri \u201eEroii Unirii\u201d, care \u00eembin\u0103 ceremonialele comemorative cu evenimente culturale [&hellip;]<\/p>\n","protected":false},"author":1,"featured_media":0,"comment_status":"open","ping_status":"","sticky":false,"template":"","format":"standard","meta":{"footnotes":""},"categories":[89],"tags":[226,208],"class_list":["post-2061724","post","type-post","status-publish","format-standard","hentry","category-romania","tag-crawlmanager","tag-ziaruldevrancea-ro"],"_links":{"self":[{"href":"https:\/\/analyse.optim.biz\/index.php?rest_route=\/wp\/v2\/posts\/2061724","targetHints":{"allow":["GET"]}}],"collection":[{"href":"https:\/\/analyse.optim.biz\/index.php?rest_route=\/wp\/v2\/posts"}],"about":[{"href":"https:\/\/analyse.optim.biz\/index.php?rest_route=\/wp\/v2\/types\/post"}],"author":[{"embeddable":true,"href":"https:\/\/analyse.optim.biz\/index.php?rest_route=\/wp\/v2\/users\/1"}],"replies":[{"embeddable":true,"href":"https:\/\/analyse.optim.biz\/index.php?rest_route=%2Fwp%2Fv2%2Fcomments&post=2061724"}],"version-history":[{"count":0,"href":"https:\/\/analyse.optim.biz\/index.php?rest_route=\/wp\/v2\/posts\/2061724\/revisions"}],"wp:attachment":[{"href":"https:\/\/analyse.optim.biz\/index.php?rest_route=%2Fwp%2Fv2%2Fmedia&parent=2061724"}],"wp:term":[{"taxonomy":"category","embeddable":true,"href":"https:\/\/analyse.optim.biz\/index.php?rest_route=%2Fwp%2Fv2%2Fcategories&post=2061724"},{"taxonomy":"post_tag","embeddable":true,"href":"https:\/\/analyse.optim.biz\/index.php?rest_route=%2Fwp%2Fv2%2Ftags&post=2061724"}],"curies":[{"name":"wp","href":"https:\/\/api.w.org\/{rel}","templated":true}]}}