{"id":2061706,"date":"2026-07-24T06:00:53","date_gmt":"2026-07-24T03:00:53","guid":{"rendered":"https:\/\/analyse.optim.biz\/?p=2061706"},"modified":"2026-07-24T06:00:53","modified_gmt":"2026-07-24T03:00:53","slug":"prima-cununie-civila-oficiata-in-curtea-primariei-macin-ziarul-delta-tulcea","status":"publish","type":"post","link":"https:\/\/analyse.optim.biz\/?p=2061706","title":{"rendered":"Prima cununie civil\u0103 oficiat\u0103 \u00een curtea Prim\u0103riei M\u0103cin &#8211; Ziarul Delta Tulcea"},"content":{"rendered":"<p>[analyse_image type=&#8221;featured&#8221; src=&#8221;https:\/\/ziaruldelta.ro\/wp-content\/uploads\/2026\/07\/prima-casatorie.jpg&#8221;]<\/p>\n<article id=\"post-37634\" class=\"module single-post-module post-37634 post type-post status-publish format-standard has-post-thumbnail hentry category-politica-administratie et-has-post-format-content et_post_format-et-post-format-standard\">\n<div class=\"post-header\">\n<h1 class=\"entry-title\">Prima cununie civil\u0103 oficiat\u0103 \u00een curtea Prim\u0103riei M\u0103cin<\/h1>\n<div class=\"post-meta vcard\">\n<p>Posted by <a href=\"https:\/\/ziaruldelta.ro\/author\/claudia-ionescu\/\" class=\"url fn\" title=\"Posts by Claudia Ionescu\" rel=\"author\">Claudia Ionescu<\/a> | <span class=\"updated\">Jul 24, 2026<\/span> | <a href=\"https:\/\/ziaruldelta.ro\/category\/politica-administratie\/\" rel=\"tag\">Politica &#8211; Administratie<\/a> | <\/p>\n<\/div>\n<\/div>\n<div class=\"post-thumbnail header\"><img decoding=\"async\" src=\"https:\/\/ziaruldelta.ro\/wp-content\/uploads\/2026\/07\/prima-casatorie.jpg\" alt=\"Prima cununie civil\u0103 oficiat\u0103 \u00een curtea Prim\u0103riei M\u0103cin\"><\/div>\n<div class=\"post-wrap\">\n<div class=\"post-content entry-content\">\n<p>Prima cununie oficiat\u0103 \u00een curtea Prim\u0103riei M\u0103cin a avut loc duminica trecut\u0103, \u00eentr-un cadru deosebit. Ceremonia s-a desf\u0103\u015furat \u00een aer liber, pe iarba verde din curtea institu\u0163iei, oferind o atmosfer\u0103 inedit\u0103, marcat\u0103 de soare \u015fi clipe de neuitat pentru a celebra un moment at\u00e2t de important \u00een vie\u0163ile celor doi tineri so\u0163i.<\/p>\n<p><img loading=\"lazy\" decoding=\"async\" class=\"size-medium wp-image-37636 aligncenter\" src=\"https:\/\/ziaruldelta.ro\/wp-content\/uploads\/2026\/07\/prima-casatorie-2-610x343.jpg\" alt width=\"610\" height=\"343\">Viceprimarul ora\u015fului M\u0103cin, Anca V\u0103rzaru, a fost cea care a oficiat c\u0103s\u0103toria.<\/p>\n<blockquote>\n<p>\u201eUn moment deosebit pentru mine \u015fi, sper, un \u00eenceput al unei frumoase tradi\u0163ii la M\u0103cin. Ast\u0103zi am avut bucuria de a oficializa prima cununie civil\u0103 \u00een aer liber, chiar \u00een curtea Prim\u0103riei M\u0103cin. \u00cei felicit din suflet pe tinerii c\u0103s\u0103tori\u0163i \u015fi le doresc o via\u0163\u0103 plin\u0103 de iubire, \u00een\u0163elegere \u015fi \u00eempliniri\u201d, a declarat Anca V\u0103rzaru.<\/p>\n<\/blockquote>\n<p>Viceprimarul ora\u015fului M\u0103cin invit\u0103 \u015fi alte cupluri s\u0103 aleag\u0103 aceast\u0103 variant\u0103 de oficiere a c\u0103s\u0103toriei.<\/p>\n<blockquote>\n<p>\u201eDac\u0103 \u015fi voi visa\u0163i la o cununie civil\u0103 \u00eentr-un decor de poveste, v\u0103 a\u015ftept\u0103m cu drag s\u0103 alege\u0163i aceast\u0103 variant\u0103. Curtea Prim\u0103riei este preg\u0103tit\u0103 s\u0103 g\u0103zduiasc\u0103 astfel de momente frumoase, iar noi ne dorim s\u0103 fim al\u0103turi de voi \u00eentr-una dintre cele mai importante zile din via\u0163\u0103\u201d, a spus Anca V\u0103rzaru.<\/p>\n<\/blockquote>\n<p>C\u0103s\u0103toriile civile \u00een curtea prim\u0103riei sau \u00een alte spa\u0163ii exterioare se pot organiza doar cu aprobarea prealabil\u0103 a primarului \u015fi a ofi\u0163erului de stare civil\u0103. Procedura necesit\u0103 depunerea unei cereri specifice, \u00eendeplinirea unor condi\u0163ii logistice \u015fi, de obicei, achitarea unei taxe speciale pentru deplasarea \u00een afara sediului.<\/p>\n<p>\u00a0<\/p>\n<p>\u00a0<\/p>\n<\/div>\n<\/div>\n<div class=\"post-footer\">\n<div class=\"social-icons ed-social-share-icons\">\n<p class=\"share-title\">Share:<\/p>\n<\/div>\n<div class=\"rating-stars\">\n<p id=\"rate-title\" class=\"rate-title\">Rate:<\/p>\n<\/div>\n<\/div>\n<\/article>\n<div class=\"post-content entry-content\">\n<p>Prima cununie oficiat\u0103 \u00een curtea Prim\u0103riei M\u0103cin a avut loc duminica trecut\u0103, \u00eentr-un cadru deosebit. Ceremonia s-a desf\u0103\u015furat \u00een aer liber, pe iarba verde din curtea institu\u0163iei, oferind o atmosfer\u0103 inedit\u0103, marcat\u0103 de soare \u015fi clipe de neuitat pentru a celebra un moment at\u00e2t de important \u00een vie\u0163ile celor doi tineri so\u0163i.<\/p>\n<p><img loading=\"lazy\" decoding=\"async\" class=\"size-medium wp-image-37636 aligncenter\" src=\"https:\/\/ziaruldelta.ro\/wp-content\/uploads\/2026\/07\/prima-casatorie-2-610x343.jpg\" alt width=\"610\" height=\"343\">Viceprimarul ora\u015fului M\u0103cin, Anca V\u0103rzaru, a fost cea care a oficiat c\u0103s\u0103toria.<\/p>\n<blockquote>\n<p>\u201eUn moment deosebit pentru mine \u015fi, sper, un \u00eenceput al unei frumoase tradi\u0163ii la M\u0103cin. Ast\u0103zi am avut bucuria de a oficializa prima cununie civil\u0103 \u00een aer liber, chiar \u00een curtea Prim\u0103riei M\u0103cin. \u00cei felicit din suflet pe tinerii c\u0103s\u0103tori\u0163i \u015fi le doresc o via\u0163\u0103 plin\u0103 de iubire, \u00een\u0163elegere \u015fi \u00eempliniri\u201d, a declarat Anca V\u0103rzaru.<\/p>\n<\/blockquote>\n<p>Viceprimarul ora\u015fului M\u0103cin invit\u0103 \u015fi alte cupluri s\u0103 aleag\u0103 aceast\u0103 variant\u0103 de oficiere a c\u0103s\u0103toriei.<\/p>\n<blockquote>\n<p>\u201eDac\u0103 \u015fi voi visa\u0163i la o cununie civil\u0103 \u00eentr-un decor de poveste, v\u0103 a\u015ftept\u0103m cu drag s\u0103 alege\u0163i aceast\u0103 variant\u0103. Curtea Prim\u0103riei este preg\u0103tit\u0103 s\u0103 g\u0103zduiasc\u0103 astfel de momente frumoase, iar noi ne dorim s\u0103 fim al\u0103turi de voi \u00eentr-una dintre cele mai importante zile din via\u0163\u0103\u201d, a spus Anca V\u0103rzaru.<\/p>\n<\/blockquote>\n<p>C\u0103s\u0103toriile civile \u00een curtea prim\u0103riei sau \u00een alte spa\u0163ii exterioare se pot organiza doar cu aprobarea prealabil\u0103 a primarului \u015fi a ofi\u0163erului de stare civil\u0103. Procedura necesit\u0103 depunerea unei cereri specifice, \u00eendeplinirea unor condi\u0163ii logistice \u015fi, de obicei, achitarea unei taxe speciale pentru deplasarea \u00een afara sediului.<\/p>\n<p>\u00a0<\/p>\n<p>\u00a0<\/p>\n<\/div>\n<div class=\"post-content entry-content\">\n<p>Prima cununie oficiat\u0103 \u00een curtea Prim\u0103riei M\u0103cin a avut loc duminica trecut\u0103, \u00eentr-un cadru deosebit. Ceremonia s-a desf\u0103\u015furat \u00een aer liber, pe iarba verde din curtea institu\u0163iei, oferind o atmosfer\u0103 inedit\u0103, marcat\u0103 de soare \u015fi clipe de neuitat pentru a celebra un moment at\u00e2t de important \u00een vie\u0163ile celor doi tineri so\u0163i.<\/p>\n<p><img loading=\"lazy\" decoding=\"async\" class=\"size-medium wp-image-37636 aligncenter\" src=\"https:\/\/ziaruldelta.ro\/wp-content\/uploads\/2026\/07\/prima-casatorie-2-610x343.jpg\" alt width=\"610\" height=\"343\">Viceprimarul ora\u015fului M\u0103cin, Anca V\u0103rzaru, a fost cea care a oficiat c\u0103s\u0103toria.<\/p>\n<blockquote>\n<p>\u201eUn moment deosebit pentru mine \u015fi, sper, un \u00eenceput al unei frumoase tradi\u0163ii la M\u0103cin. Ast\u0103zi am avut bucuria de a oficializa prima cununie civil\u0103 \u00een aer liber, chiar \u00een curtea Prim\u0103riei M\u0103cin. \u00cei felicit din suflet pe tinerii c\u0103s\u0103tori\u0163i \u015fi le doresc o via\u0163\u0103 plin\u0103 de iubire, \u00een\u0163elegere \u015fi \u00eempliniri\u201d, a declarat Anca V\u0103rzaru.<\/p>\n<\/blockquote>\n<p>Viceprimarul ora\u015fului M\u0103cin invit\u0103 \u015fi alte cupluri s\u0103 aleag\u0103 aceast\u0103 variant\u0103 de oficiere a c\u0103s\u0103toriei.<\/p>\n<blockquote>\n<p>\u201eDac\u0103 \u015fi voi visa\u0163i la o cununie civil\u0103 \u00eentr-un decor de poveste, v\u0103 a\u015ftept\u0103m cu drag s\u0103 alege\u0163i aceast\u0103 variant\u0103. Curtea Prim\u0103riei este preg\u0103tit\u0103 s\u0103 g\u0103zduiasc\u0103 astfel de momente frumoase, iar noi ne dorim s\u0103 fim al\u0103turi de voi \u00eentr-una dintre cele mai importante zile din via\u0163\u0103\u201d, a spus Anca V\u0103rzaru.<\/p>\n<\/blockquote>\n<p>C\u0103s\u0103toriile civile \u00een curtea prim\u0103riei sau \u00een alte spa\u0163ii exterioare se pot organiza doar cu aprobarea prealabil\u0103 a primarului \u015fi a ofi\u0163erului de stare civil\u0103. Procedura necesit\u0103 depunerea unei cereri specifice, \u00eendeplinirea unor condi\u0163ii logistice \u015fi, de obicei, achitarea unei taxe speciale pentru deplasarea \u00een afara sediului.<\/p>\n<p>\u00a0<\/p>\n<p>\u00a0<\/p>\n<\/div>\n<p>[analyse_source url=&#8221;https:\/\/ziaruldelta.ro\/2026\/07\/24\/prima-cununie-civila-oficiata-in-curtea-primariei-macin\/&#8221;]<\/p>\n","protected":false},"excerpt":{"rendered":"<p>[analyse_image type=&#8221;featured&#8221; src=&#8221;https:\/\/ziaruldelta.ro\/wp-content\/uploads\/2026\/07\/prima-casatorie.jpg&#8221;] Prima cununie civil\u0103 oficiat\u0103 \u00een curtea Prim\u0103riei M\u0103cin Posted by Claudia Ionescu | Jul 24, 2026 | Politica &#8211; Administratie | Prima cununie oficiat\u0103 \u00een curtea Prim\u0103riei M\u0103cin a avut loc duminica trecut\u0103, \u00eentr-un cadru deosebit. Ceremonia s-a desf\u0103\u015furat \u00een aer liber, pe iarba verde din curtea institu\u0163iei, oferind o atmosfer\u0103 inedit\u0103, [&hellip;]<\/p>\n","protected":false},"author":1,"featured_media":0,"comment_status":"open","ping_status":"","sticky":false,"template":"","format":"standard","meta":{"footnotes":""},"categories":[89],"tags":[226,206],"class_list":["post-2061706","post","type-post","status-publish","format-standard","hentry","category-romania","tag-crawlmanager","tag-ziaruldelta-ro"],"_links":{"self":[{"href":"https:\/\/analyse.optim.biz\/index.php?rest_route=\/wp\/v2\/posts\/2061706","targetHints":{"allow":["GET"]}}],"collection":[{"href":"https:\/\/analyse.optim.biz\/index.php?rest_route=\/wp\/v2\/posts"}],"about":[{"href":"https:\/\/analyse.optim.biz\/index.php?rest_route=\/wp\/v2\/types\/post"}],"author":[{"embeddable":true,"href":"https:\/\/analyse.optim.biz\/index.php?rest_route=\/wp\/v2\/users\/1"}],"replies":[{"embeddable":true,"href":"https:\/\/analyse.optim.biz\/index.php?rest_route=%2Fwp%2Fv2%2Fcomments&post=2061706"}],"version-history":[{"count":0,"href":"https:\/\/analyse.optim.biz\/index.php?rest_route=\/wp\/v2\/posts\/2061706\/revisions"}],"wp:attachment":[{"href":"https:\/\/analyse.optim.biz\/index.php?rest_route=%2Fwp%2Fv2%2Fmedia&parent=2061706"}],"wp:term":[{"taxonomy":"category","embeddable":true,"href":"https:\/\/analyse.optim.biz\/index.php?rest_route=%2Fwp%2Fv2%2Fcategories&post=2061706"},{"taxonomy":"post_tag","embeddable":true,"href":"https:\/\/analyse.optim.biz\/index.php?rest_route=%2Fwp%2Fv2%2Ftags&post=2061706"}],"curies":[{"name":"wp","href":"https:\/\/api.w.org\/{rel}","templated":true}]}}