{"id":2061526,"date":"2026-07-25T14:01:12","date_gmt":"2026-07-25T11:01:12","guid":{"rendered":"https:\/\/analyse.optim.biz\/?p=2061526"},"modified":"2026-07-25T14:01:12","modified_gmt":"2026-07-25T11:01:12","slug":"la-babeni-primarul-stefan-bizic-scoate-din-traseu-microbuzul-uzat-si-pune-la-dispozitia-elevilor-un-autovehicul-nou","status":"publish","type":"post","link":"https:\/\/analyse.optim.biz\/?p=2061526","title":{"rendered":"La B\u0103beni, primarul \u0218tefan B\u00eez\u00eec scoate din traseu microbuzul uzat \u0219i pune la dispozi\u021bia elevilor un autovehicul nou"},"content":{"rendered":"<p>[analyse_image type=&#8221;featured&#8221; src=&#8221;https:\/\/www.impactreal.ro\/wp-content\/uploads\/2026\/07\/BABENI-STEFAN-BIZIC-IULIE-2026-1024&#215;768.png&#8221;]<\/p>\n<div class=\"single-news-content\">\n<div class=\"news-image\"><img loading=\"lazy\" decoding=\"async\" width=\"1448\" height=\"1086\" src=\"https:\/\/www.impactreal.ro\/wp-content\/uploads\/2026\/07\/BABENI-STEFAN-BIZIC-IULIE-2026.png\" class=\"img-responsive wp-post-image\" alt=\"La B\u0103beni, primarul \u0218tefan B\u00eez\u00eec scoate din traseu microbuzul uzat \u0219i pune la dispozi\u021bia elevilor un autovehicul nou\"><\/div>\n<div class=\"news-detail clearfix\">\n<div class=\"entry-meta\"><span class=\"posted-date\"><a href=\"https:\/\/www.impactreal.ro\/2026\/07\/25\/la-babeni-primarul-stefan-bizic-scoate-din-traseu-microbuzul-uzat-si-pune-la-dispozitia-elevilor-un-autovehicul-nou\/\" rel=\"bookmark\"><time class=\"entry-date published updated\" datetime=\"2026-07-25T17:01:12+03:00\">25 iulie 2026<\/time><\/a><\/span><span class=\"author vcard\"><a href=\"https:\/\/www.impactreal.ro\/author\/claudia-schiopu\/\">Claudia Schiopu<\/a><\/span><span class=\"cat-links\"><a href=\"https:\/\/www.impactreal.ro\/category\/administratie\/\" rel=\"category tag\">Administra\u0163ie<\/a><a href=\"https:\/\/www.impactreal.ro\/category\/babeni\/\" rel=\"category tag\">Babeni<\/a><\/span><\/div>\n<div class=\"news-content editor-content-entry\">\n<p>Prim\u0103ria ora\u0219ului B\u0103beni a cump\u0103rat un microbuz nou pentru transportul elevilor c\u0103tre unit\u0103\u021bile de \u00eenv\u0103\u021b\u0103m\u00e2nt. Autovehiculul va \u00eenlocui unul dintre cele trei microbuze aflate \u00een dotarea institu\u021biei, care ajunsese \u00eentr-o stare avansat\u0103 de uzur\u0103.<\/p>\n<p><strong><u>Microbuzul vechi va fi \u00eenlocuit<\/u><\/strong><\/p>\n<p>Costurile necesare pentru repararea vehiculului vechi nu mai justificau p\u0103strarea acestuia. Prim\u0103ria a ales s\u0103 cumpere un microbuz nou, consider\u00e2nd c\u0103 transportul copiilor trebuie f\u0103cut cu un autovehicul sigur \u0219i adaptat acestui serviciu.<\/p>\n<p>Primarul ora\u0219ului B\u0103beni, \u0218tefan B\u00eez\u00eec, spune c\u0103 achizi\u021bia respect\u0103 promisiunea f\u0103cut\u0103 elevilor \u0219i p\u0103rin\u021bilor:\u201e<strong><em>A\u0219a cum le-am promis copiilor \u0219i p\u0103rin\u021bilor, Prim\u0103ria Ora\u0219ului B\u0103beni a achizi\u021bionat un nou microbuz pentru transportul \u0219colar, destinat transportului copiilor c\u0103tre unit\u0103\u021bile de \u00eenv\u0103\u021b\u0103m\u00e2nt. Unul dintre cele trei microbuze aflate \u00een dotarea Prim\u0103riei era \u00eentr-o stare avansat\u0103 de uzur\u0103. Costurile de repara\u021bie nu mai justificau men\u021binerea acestuia. Mai presus de orice, siguran\u021ba copiilor no\u0219tri este prioritatea noastr\u0103, motiv pentru care am decis \u00eenlocuirea lui cu un autovehicul nou, modern \u0219i sigur<\/em><\/strong>\u201d, a declarat \u0218tefan B\u00eez\u00eec.<\/p>\n<p><strong>Consiliul Local a sus\u021binut achizi\u021bia<\/strong><\/p>\n<p>Cump\u0103rarea microbuzului a fost aprobat\u0103 prin votul Consiliului Local al Ora\u0219ului B\u0103beni. Primarul le-a mul\u021bumit consilierilor locali pentru sus\u021binerea acordat\u0103.<\/p>\n<p>Noul autovehicul va fi folosit pentru deplasarea elevilor c\u0103tre unit\u0103\u021bile de \u00eenv\u0103\u021b\u0103m\u00e2nt din ora\u0219, \u00eenlocuind microbuzul ale c\u0103rui repara\u021bii deveniser\u0103 prea costisitoare.<\/p>\n<p>\u00a0<\/p>\n<\/div>\n<\/div>\n<\/div>\n<div class=\"news-content editor-content-entry\">\n<p>Prim\u0103ria ora\u0219ului B\u0103beni a cump\u0103rat un microbuz nou pentru transportul elevilor c\u0103tre unit\u0103\u021bile de \u00eenv\u0103\u021b\u0103m\u00e2nt. Autovehiculul va \u00eenlocui unul dintre cele trei microbuze aflate \u00een dotarea institu\u021biei, care ajunsese \u00eentr-o stare avansat\u0103 de uzur\u0103.<\/p>\n<p><strong><u>Microbuzul vechi va fi \u00eenlocuit<\/u><\/strong><\/p>\n<p>Costurile necesare pentru repararea vehiculului vechi nu mai justificau p\u0103strarea acestuia. Prim\u0103ria a ales s\u0103 cumpere un microbuz nou, consider\u00e2nd c\u0103 transportul copiilor trebuie f\u0103cut cu un autovehicul sigur \u0219i adaptat acestui serviciu.<\/p>\n<p>Primarul ora\u0219ului B\u0103beni, \u0218tefan B\u00eez\u00eec, spune c\u0103 achizi\u021bia respect\u0103 promisiunea f\u0103cut\u0103 elevilor \u0219i p\u0103rin\u021bilor:\u201e<strong><em>A\u0219a cum le-am promis copiilor \u0219i p\u0103rin\u021bilor, Prim\u0103ria Ora\u0219ului B\u0103beni a achizi\u021bionat un nou microbuz pentru transportul \u0219colar, destinat transportului copiilor c\u0103tre unit\u0103\u021bile de \u00eenv\u0103\u021b\u0103m\u00e2nt. Unul dintre cele trei microbuze aflate \u00een dotarea Prim\u0103riei era \u00eentr-o stare avansat\u0103 de uzur\u0103. Costurile de repara\u021bie nu mai justificau men\u021binerea acestuia. Mai presus de orice, siguran\u021ba copiilor no\u0219tri este prioritatea noastr\u0103, motiv pentru care am decis \u00eenlocuirea lui cu un autovehicul nou, modern \u0219i sigur<\/em><\/strong>\u201d, a declarat \u0218tefan B\u00eez\u00eec.<\/p>\n<p><strong>Consiliul Local a sus\u021binut achizi\u021bia<\/strong><\/p>\n<p>Cump\u0103rarea microbuzului a fost aprobat\u0103 prin votul Consiliului Local al Ora\u0219ului B\u0103beni. Primarul le-a mul\u021bumit consilierilor locali pentru sus\u021binerea acordat\u0103.<\/p>\n<p>Noul autovehicul va fi folosit pentru deplasarea elevilor c\u0103tre unit\u0103\u021bile de \u00eenv\u0103\u021b\u0103m\u00e2nt din ora\u0219, \u00eenlocuind microbuzul ale c\u0103rui repara\u021bii deveniser\u0103 prea costisitoare.<\/p>\n<p>\u00a0<\/p>\n<\/div>\n<div class=\"news-content editor-content-entry\">\n<p>Prim\u0103ria ora\u0219ului B\u0103beni a cump\u0103rat un microbuz nou pentru transportul elevilor c\u0103tre unit\u0103\u021bile de \u00eenv\u0103\u021b\u0103m\u00e2nt. Autovehiculul va \u00eenlocui unul dintre cele trei microbuze aflate \u00een dotarea institu\u021biei, care ajunsese \u00eentr-o stare avansat\u0103 de uzur\u0103.<\/p>\n<p><strong><u>Microbuzul vechi va fi \u00eenlocuit<\/u><\/strong><\/p>\n<p>Costurile necesare pentru repararea vehiculului vechi nu mai justificau p\u0103strarea acestuia. Prim\u0103ria a ales s\u0103 cumpere un microbuz nou, consider\u00e2nd c\u0103 transportul copiilor trebuie f\u0103cut cu un autovehicul sigur \u0219i adaptat acestui serviciu.<\/p>\n<p>Primarul ora\u0219ului B\u0103beni, \u0218tefan B\u00eez\u00eec, spune c\u0103 achizi\u021bia respect\u0103 promisiunea f\u0103cut\u0103 elevilor \u0219i p\u0103rin\u021bilor:\u201e<strong><em>A\u0219a cum le-am promis copiilor \u0219i p\u0103rin\u021bilor, Prim\u0103ria Ora\u0219ului B\u0103beni a achizi\u021bionat un nou microbuz pentru transportul \u0219colar, destinat transportului copiilor c\u0103tre unit\u0103\u021bile de \u00eenv\u0103\u021b\u0103m\u00e2nt. Unul dintre cele trei microbuze aflate \u00een dotarea Prim\u0103riei era \u00eentr-o stare avansat\u0103 de uzur\u0103. Costurile de repara\u021bie nu mai justificau men\u021binerea acestuia. Mai presus de orice, siguran\u021ba copiilor no\u0219tri este prioritatea noastr\u0103, motiv pentru care am decis \u00eenlocuirea lui cu un autovehicul nou, modern \u0219i sigur<\/em><\/strong>\u201d, a declarat \u0218tefan B\u00eez\u00eec.<\/p>\n<p><strong>Consiliul Local a sus\u021binut achizi\u021bia<\/strong><\/p>\n<p>Cump\u0103rarea microbuzului a fost aprobat\u0103 prin votul Consiliului Local al Ora\u0219ului B\u0103beni. Primarul le-a mul\u021bumit consilierilor locali pentru sus\u021binerea acordat\u0103.<\/p>\n<p>Noul autovehicul va fi folosit pentru deplasarea elevilor c\u0103tre unit\u0103\u021bile de \u00eenv\u0103\u021b\u0103m\u00e2nt din ora\u0219, \u00eenlocuind microbuzul ale c\u0103rui repara\u021bii deveniser\u0103 prea costisitoare.<\/p>\n<p>\u00a0<\/p>\n<\/div>\n<p>[analyse_source url=&#8221;https:\/\/www.impactreal.ro\/2026\/07\/25\/la-babeni-primarul-stefan-bizic-scoate-din-traseu-microbuzul-uzat-si-pune-la-dispozitia-elevilor-un-autovehicul-nou\/&#8221;]<\/p>\n","protected":false},"excerpt":{"rendered":"<p>[analyse_image type=&#8221;featured&#8221; src=&#8221;https:\/\/www.impactreal.ro\/wp-content\/uploads\/2026\/07\/BABENI-STEFAN-BIZIC-IULIE-2026-1024&#215;768.png&#8221;] 25 iulie 2026Claudia SchiopuAdministra\u0163ieBabeni Prim\u0103ria ora\u0219ului B\u0103beni a cump\u0103rat un microbuz nou pentru transportul elevilor c\u0103tre unit\u0103\u021bile de \u00eenv\u0103\u021b\u0103m\u00e2nt. Autovehiculul va \u00eenlocui unul dintre cele trei microbuze aflate \u00een dotarea institu\u021biei, care ajunsese \u00eentr-o stare avansat\u0103 de uzur\u0103. Microbuzul vechi va fi \u00eenlocuit Costurile necesare pentru repararea vehiculului vechi nu mai justificau [&hellip;]<\/p>\n","protected":false},"author":1,"featured_media":0,"comment_status":"open","ping_status":"","sticky":false,"template":"","format":"standard","meta":{"footnotes":""},"categories":[89],"tags":[226,212],"class_list":["post-2061526","post","type-post","status-publish","format-standard","hentry","category-romania","tag-crawlmanager","tag-impactreal-ro"],"_links":{"self":[{"href":"https:\/\/analyse.optim.biz\/index.php?rest_route=\/wp\/v2\/posts\/2061526","targetHints":{"allow":["GET"]}}],"collection":[{"href":"https:\/\/analyse.optim.biz\/index.php?rest_route=\/wp\/v2\/posts"}],"about":[{"href":"https:\/\/analyse.optim.biz\/index.php?rest_route=\/wp\/v2\/types\/post"}],"author":[{"embeddable":true,"href":"https:\/\/analyse.optim.biz\/index.php?rest_route=\/wp\/v2\/users\/1"}],"replies":[{"embeddable":true,"href":"https:\/\/analyse.optim.biz\/index.php?rest_route=%2Fwp%2Fv2%2Fcomments&post=2061526"}],"version-history":[{"count":0,"href":"https:\/\/analyse.optim.biz\/index.php?rest_route=\/wp\/v2\/posts\/2061526\/revisions"}],"wp:attachment":[{"href":"https:\/\/analyse.optim.biz\/index.php?rest_route=%2Fwp%2Fv2%2Fmedia&parent=2061526"}],"wp:term":[{"taxonomy":"category","embeddable":true,"href":"https:\/\/analyse.optim.biz\/index.php?rest_route=%2Fwp%2Fv2%2Fcategories&post=2061526"},{"taxonomy":"post_tag","embeddable":true,"href":"https:\/\/analyse.optim.biz\/index.php?rest_route=%2Fwp%2Fv2%2Ftags&post=2061526"}],"curies":[{"name":"wp","href":"https:\/\/api.w.org\/{rel}","templated":true}]}}