{"id":2061522,"date":"2026-07-25T08:23:10","date_gmt":"2026-07-25T05:23:10","guid":{"rendered":"https:\/\/analyse.optim.biz\/?p=2061522"},"modified":"2026-07-25T08:23:10","modified_gmt":"2026-07-25T05:23:10","slug":"festivalul-fii-cool-la-cule-aduce-trei-seri-de-concerte-in-zona-horezu-artisti-cunoscuti-urca-pe-scena-la-maldaresti","status":"publish","type":"post","link":"https:\/\/analyse.optim.biz\/?p=2061522","title":{"rendered":"Festivalul \u201eFii cool la cule\u201d aduce trei seri de concerte \u00een zona Horezu: arti\u0219ti cunoscu\u021bi urc\u0103 pe scen\u0103 la M\u0103ld\u0103re\u0219ti"},"content":{"rendered":"<p>[analyse_image type=&#8221;featured&#8221; src=&#8221;https:\/\/www.impactreal.ro\/wp-content\/uploads\/2026\/07\/cool-la-maldaresti-2026-e10320a0-1b81-4d61-a191-f04a38cf9b10.png&#8221;]<\/p>\n<div class=\"single-news-content\">\n<div class=\"news-image\"><img loading=\"lazy\" decoding=\"async\" width=\"1491\" height=\"1055\" src=\"https:\/\/www.impactreal.ro\/wp-content\/uploads\/2026\/07\/cool-la-maldaresti-2026-e10320a0-1b81-4d61-a191-f04a38cf9b10.png\" class=\"img-responsive wp-post-image\" alt=\"Festivalul \u201eFii cool la cule\u201d aduce trei seri de concerte \u00een zona Horezu: arti\u0219ti cunoscu\u021bi urc\u0103 pe scen\u0103 la M\u0103ld\u0103re\u0219ti\"><\/div>\n<div class=\"news-detail clearfix\">\n<div class=\"entry-meta\"><span class=\"posted-date\"><a href=\"https:\/\/www.impactreal.ro\/2026\/07\/25\/festivalul-fii-cool-la-cule-aduce-trei-seri-de-concerte-in-zona-horezu-artisti-cunoscuti-urca-pe-scena-la-maldaresti\/\" rel=\"bookmark\"><time class=\"entry-date published updated\" datetime=\"2026-07-25T11:23:10+03:00\">25 iulie 2026<\/time><\/a><\/span><span class=\"author vcard\"><a href=\"https:\/\/www.impactreal.ro\/author\/claudia-schiopu\/\">Claudia Schiopu<\/a><\/span><span class=\"cat-links\"><a href=\"https:\/\/www.impactreal.ro\/category\/eveniment\/\" rel=\"category tag\">Eveniment<\/a><a href=\"https:\/\/www.impactreal.ro\/category\/local\/\" rel=\"category tag\">Local<\/a><\/span><\/div>\n<div class=\"news-content editor-content-entry\">\n<p>Comuna M\u0103ld\u0103re\u0219ti, din zona Horezu, g\u0103zduie\u0219te, \u00een perioada 31 iulie \u2013 2 august 2026, cea de-a cincea edi\u021bie a Festivalului \u201eFii cool la cule\u201d. Evenimentul se va desf\u0103\u0219ura l\u00e2ng\u0103 Culele Duca \u0219i Greceanu, monumente cunoscute pentru istoria \u0219i arhitectura lor. Intrarea este liber\u0103.<\/p>\n<p>Timp de trei seri, publicul \u00eei va putea vedea pe Vali Vijelie, Iuliana Beregoi, Johny Romano, Connect-R, Georgiana Lobon\u021b, Anna Lesko, Ionu\u021b Fulea, Azur \u0219i Nelu Vlad. \u00cen program a fost inclus \u0219i un spectacol al Orchestrei \u201eRapsodia V\u00e2lcean\u0103\u201d.<\/p>\n<p><strong><u>Festivalul \u00eencepe vineri, 31 iulie, la ora 19.00<\/u><\/strong>, cu DJ \u0219i MC. Orchestra \u201eRapsodia V\u00e2lcean\u0103\u201d va c\u00e2nta de la ora 20.00, urmat\u0103 de Ionu\u021b Fulea, la ora 21.00, \u0219i Georgiana Lobon\u021b, la ora 22.00. Prima sear\u0103 se \u00eencheie cu muzic\u0103 prezentat\u0103 de DJ \u0219i MC.<\/p>\n<p><strong><u>S\u00e2mb\u0103t\u0103, 1 august, programul \u00eencepe la ora 19.00<\/u><\/strong>. Iuliana Beregoi va urca pe scen\u0103 la ora 20.00, Connect-R va concerta de la ora 21.00, iar Anna Lesko de la ora 22.00. Ultima or\u0103 a serii este rezervat\u0103 programului sus\u021binut de DJ \u0219i MC.<\/p>\n<p><strong>Duminic\u0103, 2 august, <\/strong>Azur \u0219i Nelu Vlad vor c\u00e2nta de la ora 20.00. Johny Romano este programat la ora 21.00, urmat de Vali Vijelie, de la ora 22.00. Festivalul se \u00eencheie la miezul nop\u021bii.<\/p>\n<p>Evenimentul este organizat de Consiliul Jude\u021bean V\u00e2lcea \u0219i Centrul Jude\u021bean pentru Conservarea \u0219i Promovarea Culturii Tradi\u021bionale V\u00e2lcea.<\/p>\n<p>\u00a0<\/p>\n<\/div>\n<\/div>\n<\/div>\n<div class=\"news-content editor-content-entry\">\n<p>Comuna M\u0103ld\u0103re\u0219ti, din zona Horezu, g\u0103zduie\u0219te, \u00een perioada 31 iulie \u2013 2 august 2026, cea de-a cincea edi\u021bie a Festivalului \u201eFii cool la cule\u201d. Evenimentul se va desf\u0103\u0219ura l\u00e2ng\u0103 Culele Duca \u0219i Greceanu, monumente cunoscute pentru istoria \u0219i arhitectura lor. Intrarea este liber\u0103.<\/p>\n<p>Timp de trei seri, publicul \u00eei va putea vedea pe Vali Vijelie, Iuliana Beregoi, Johny Romano, Connect-R, Georgiana Lobon\u021b, Anna Lesko, Ionu\u021b Fulea, Azur \u0219i Nelu Vlad. \u00cen program a fost inclus \u0219i un spectacol al Orchestrei \u201eRapsodia V\u00e2lcean\u0103\u201d.<\/p>\n<p><strong><u>Festivalul \u00eencepe vineri, 31 iulie, la ora 19.00<\/u><\/strong>, cu DJ \u0219i MC. Orchestra \u201eRapsodia V\u00e2lcean\u0103\u201d va c\u00e2nta de la ora 20.00, urmat\u0103 de Ionu\u021b Fulea, la ora 21.00, \u0219i Georgiana Lobon\u021b, la ora 22.00. Prima sear\u0103 se \u00eencheie cu muzic\u0103 prezentat\u0103 de DJ \u0219i MC.<\/p>\n<p><strong><u>S\u00e2mb\u0103t\u0103, 1 august, programul \u00eencepe la ora 19.00<\/u><\/strong>. Iuliana Beregoi va urca pe scen\u0103 la ora 20.00, Connect-R va concerta de la ora 21.00, iar Anna Lesko de la ora 22.00. Ultima or\u0103 a serii este rezervat\u0103 programului sus\u021binut de DJ \u0219i MC.<\/p>\n<p><strong>Duminic\u0103, 2 august, <\/strong>Azur \u0219i Nelu Vlad vor c\u00e2nta de la ora 20.00. Johny Romano este programat la ora 21.00, urmat de Vali Vijelie, de la ora 22.00. Festivalul se \u00eencheie la miezul nop\u021bii.<\/p>\n<p>Evenimentul este organizat de Consiliul Jude\u021bean V\u00e2lcea \u0219i Centrul Jude\u021bean pentru Conservarea \u0219i Promovarea Culturii Tradi\u021bionale V\u00e2lcea.<\/p>\n<p>\u00a0<\/p>\n<\/div>\n<div class=\"news-content editor-content-entry\">\n<p>Comuna M\u0103ld\u0103re\u0219ti, din zona Horezu, g\u0103zduie\u0219te, \u00een perioada 31 iulie \u2013 2 august 2026, cea de-a cincea edi\u021bie a Festivalului \u201eFii cool la cule\u201d. Evenimentul se va desf\u0103\u0219ura l\u00e2ng\u0103 Culele Duca \u0219i Greceanu, monumente cunoscute pentru istoria \u0219i arhitectura lor. Intrarea este liber\u0103.<\/p>\n<p>Timp de trei seri, publicul \u00eei va putea vedea pe Vali Vijelie, Iuliana Beregoi, Johny Romano, Connect-R, Georgiana Lobon\u021b, Anna Lesko, Ionu\u021b Fulea, Azur \u0219i Nelu Vlad. \u00cen program a fost inclus \u0219i un spectacol al Orchestrei \u201eRapsodia V\u00e2lcean\u0103\u201d.<\/p>\n<p><strong><u>Festivalul \u00eencepe vineri, 31 iulie, la ora 19.00<\/u><\/strong>, cu DJ \u0219i MC. Orchestra \u201eRapsodia V\u00e2lcean\u0103\u201d va c\u00e2nta de la ora 20.00, urmat\u0103 de Ionu\u021b Fulea, la ora 21.00, \u0219i Georgiana Lobon\u021b, la ora 22.00. Prima sear\u0103 se \u00eencheie cu muzic\u0103 prezentat\u0103 de DJ \u0219i MC.<\/p>\n<p><strong><u>S\u00e2mb\u0103t\u0103, 1 august, programul \u00eencepe la ora 19.00<\/u><\/strong>. Iuliana Beregoi va urca pe scen\u0103 la ora 20.00, Connect-R va concerta de la ora 21.00, iar Anna Lesko de la ora 22.00. Ultima or\u0103 a serii este rezervat\u0103 programului sus\u021binut de DJ \u0219i MC.<\/p>\n<p><strong>Duminic\u0103, 2 august, <\/strong>Azur \u0219i Nelu Vlad vor c\u00e2nta de la ora 20.00. Johny Romano este programat la ora 21.00, urmat de Vali Vijelie, de la ora 22.00. Festivalul se \u00eencheie la miezul nop\u021bii.<\/p>\n<p>Evenimentul este organizat de Consiliul Jude\u021bean V\u00e2lcea \u0219i Centrul Jude\u021bean pentru Conservarea \u0219i Promovarea Culturii Tradi\u021bionale V\u00e2lcea.<\/p>\n<p>\u00a0<\/p>\n<\/div>\n<p>[analyse_source url=&#8221;https:\/\/www.impactreal.ro\/2026\/07\/25\/festivalul-fii-cool-la-cule-aduce-trei-seri-de-concerte-in-zona-horezu-artisti-cunoscuti-urca-pe-scena-la-maldaresti\/&#8221;]<\/p>\n","protected":false},"excerpt":{"rendered":"<p>[analyse_image type=&#8221;featured&#8221; src=&#8221;https:\/\/www.impactreal.ro\/wp-content\/uploads\/2026\/07\/cool-la-maldaresti-2026-e10320a0-1b81-4d61-a191-f04a38cf9b10.png&#8221;] 25 iulie 2026Claudia SchiopuEvenimentLocal Comuna M\u0103ld\u0103re\u0219ti, din zona Horezu, g\u0103zduie\u0219te, \u00een perioada 31 iulie \u2013 2 august 2026, cea de-a cincea edi\u021bie a Festivalului \u201eFii cool la cule\u201d. Evenimentul se va desf\u0103\u0219ura l\u00e2ng\u0103 Culele Duca \u0219i Greceanu, monumente cunoscute pentru istoria \u0219i arhitectura lor. Intrarea este liber\u0103. Timp de trei seri, publicul [&hellip;]<\/p>\n","protected":false},"author":1,"featured_media":0,"comment_status":"open","ping_status":"","sticky":false,"template":"","format":"standard","meta":{"footnotes":""},"categories":[89],"tags":[226,212],"class_list":["post-2061522","post","type-post","status-publish","format-standard","hentry","category-romania","tag-crawlmanager","tag-impactreal-ro"],"_links":{"self":[{"href":"https:\/\/analyse.optim.biz\/index.php?rest_route=\/wp\/v2\/posts\/2061522","targetHints":{"allow":["GET"]}}],"collection":[{"href":"https:\/\/analyse.optim.biz\/index.php?rest_route=\/wp\/v2\/posts"}],"about":[{"href":"https:\/\/analyse.optim.biz\/index.php?rest_route=\/wp\/v2\/types\/post"}],"author":[{"embeddable":true,"href":"https:\/\/analyse.optim.biz\/index.php?rest_route=\/wp\/v2\/users\/1"}],"replies":[{"embeddable":true,"href":"https:\/\/analyse.optim.biz\/index.php?rest_route=%2Fwp%2Fv2%2Fcomments&post=2061522"}],"version-history":[{"count":0,"href":"https:\/\/analyse.optim.biz\/index.php?rest_route=\/wp\/v2\/posts\/2061522\/revisions"}],"wp:attachment":[{"href":"https:\/\/analyse.optim.biz\/index.php?rest_route=%2Fwp%2Fv2%2Fmedia&parent=2061522"}],"wp:term":[{"taxonomy":"category","embeddable":true,"href":"https:\/\/analyse.optim.biz\/index.php?rest_route=%2Fwp%2Fv2%2Fcategories&post=2061522"},{"taxonomy":"post_tag","embeddable":true,"href":"https:\/\/analyse.optim.biz\/index.php?rest_route=%2Fwp%2Fv2%2Ftags&post=2061522"}],"curies":[{"name":"wp","href":"https:\/\/api.w.org\/{rel}","templated":true}]}}