{"id":2061517,"date":"2026-07-24T17:39:27","date_gmt":"2026-07-24T14:39:27","guid":{"rendered":"https:\/\/analyse.optim.biz\/?p=2061517"},"modified":"2026-07-24T17:39:27","modified_gmt":"2026-07-24T14:39:27","slug":"inaugurare-cu-oficiali-de-la-bucuresti-la-balcesti-primarul-constantin-aleca-a-taiat-panglica-noii-crese-de-peste-12-milioane-de-lei-in-prezenta-ministrului-cseke-attila","status":"publish","type":"post","link":"https:\/\/analyse.optim.biz\/?p=2061517","title":{"rendered":"Inaugurare cu oficiali de la Bucure\u0219ti la B\u0103lce\u0219ti: primarul Constantin Aleca a t\u0103iat panglica noii cre\u0219e de peste 12 milioane de lei, \u00een prezen\u021ba ministrului Cseke Attila"},"content":{"rendered":"<p>[analyse_image type=&#8221;featured&#8221; src=&#8221;https:\/\/www.impactreal.ro\/wp-content\/uploads\/2026\/07\/balcesti-iulie-2026.jpg&#8221;]<\/p>\n<div class=\"single-news-content\">\n<div class=\"news-image\"><img loading=\"lazy\" decoding=\"async\" width=\"1024\" height=\"537\" src=\"https:\/\/www.impactreal.ro\/wp-content\/uploads\/2026\/07\/balcesti-iulie-2026.jpg\" class=\"img-responsive wp-post-image\" alt=\"Inaugurare cu oficiali de la Bucure\u0219ti la B\u0103lce\u0219ti: primarul Constantin Aleca a t\u0103iat panglica noii cre\u0219e de peste 12 milioane de lei, \u00een prezen\u021ba ministrului Cseke Attila\"><\/div>\n<div class=\"news-detail clearfix\">\n<div class=\"entry-meta\"><span class=\"posted-date\"><a href=\"https:\/\/www.impactreal.ro\/2026\/07\/24\/inaugurare-cu-oficiali-de-la-bucuresti-la-balcesti-primarul-constantin-aleca-a-taiat-panglica-noii-crese-de-peste-12-milioane-de-lei-in-prezenta-ministrului-cseke-attila\/\" rel=\"bookmark\"><time class=\"entry-date published\" datetime=\"2026-07-24T20:39:27+03:00\">24 iulie 2026<\/time><time class=\"updated\" datetime=\"2026-07-24T20:43:22+03:00\">24 iulie 2026<\/time><\/a><\/span><span class=\"author vcard\"><a href=\"https:\/\/www.impactreal.ro\/author\/claudia-schiopu\/\">Claudia Schiopu<\/a><\/span><span class=\"cat-links\"><a href=\"https:\/\/www.impactreal.ro\/category\/administratie\/\" rel=\"category tag\">Administra\u0163ie<\/a><a href=\"https:\/\/www.impactreal.ro\/category\/balcesti\/\" rel=\"category tag\">Balcesti<\/a><\/span><\/div>\n<div class=\"news-content editor-content-entry\">\n<p>Ora\u0219ul B\u0103lce\u0219ti are de acum o cre\u0219\u0103 modern\u0103, construit\u0103 prin Programul guvernamental \u201eSf\u00e2nta Ana\u201d, cu o finan\u021bare european\u0103 care dep\u0103\u0219e\u0219te 12 milioane de lei. Unitatea a fost inaugurat\u0103 vineri, 24 iulie 2026, \u00een prezen\u021ba primarului Constantin Aleca, a ministrului Dezvolt\u0103rii, Cseke Attila, a deputatului Cristian Buican \u0219i a reprezentan\u021bilor implica\u021bi \u00een realizarea proiectului. Cre\u0219a dispune de 40 de locuri, spa\u021bii pentru activit\u0103\u021bi \u0219i joac\u0103, buc\u0103t\u0103rie, sp\u0103l\u0103torie proprie \u0219i dot\u0103ri moderne. Investi\u021bia este legat\u0103 de planurile administra\u021biei locale pentru sprijinirea familiilor tinere, \u00eentr-o zon\u0103 \u00een care au fost ridicate \u0219i blocuri noi.<strong>\u00a0<\/strong><\/p>\n<p><strong><u>Cre\u0219\u0103 modern\u0103 pentru 40 de copii<\/u><\/strong><\/p>\n<p>Noua cre\u0219\u0103 din B\u0103lce\u0219ti este cea de-a 92-a unitate realizat\u0103 prin Programul \u201eSf\u00e2nta Ana\u201d \u0219i a treia construit\u0103 \u00een jude\u021bul V\u00e2lcea.<\/p>\n<p>Cl\u0103direa a fost ridicat\u0103 pe o suprafa\u021b\u0103 de aproximativ 1.500 de metri p\u0103tra\u021bi \u0219i poate primi cel pu\u021bin 40 de copii, organiza\u021bi \u00een patru grupe. Spa\u021biile au fost preg\u0103tite pentru activit\u0103\u021bi educative, odihn\u0103 \u0219i joac\u0103, at\u00e2t \u00een interior, c\u00e2t \u0219i \u00een aer liber.<\/p>\n<p>Unitatea are buc\u0103t\u0103rie \u0219i sp\u0103l\u0103torie proprie, instala\u021bii moderne \u0219i solu\u021bii care reduc consumul de energie. Copiii vor putea fi supraveghea\u021bi \u0219i \u00eengriji\u021bi \u00een condi\u021bii sigure, aproape de cas\u0103.<\/p>\n<p>Cre\u0219a nu se adreseaz\u0103 doar familiilor din B\u0103lce\u0219ti. Pot fi \u00eenscri\u0219i \u0219i copii din localit\u0103\u021bile apropiate, unde nu exist\u0103 astfel de servicii.<\/p>\n<p><strong><u>Un proiect important pentru Constantin Aleca<\/u><\/strong><\/p>\n<p>Primarul Constantin Aleca consider\u0103 cre\u0219a una dintre investi\u021biile sale de suflet, al\u0103turi de lucr\u0103rile desf\u0103\u0219urate la Spitalul Or\u0103\u0219enesc B\u0103lce\u0219ti.<\/p>\n<p>Cererea pentru locurile disponibile este deja ridicat\u0103, potrivit informa\u021biilor primite de administra\u021bia local\u0103 de la p\u0103rin\u021bi.<\/p>\n<p><strong><u>Constantin Aleca a prezentat proiectul astfel:\u00a0 \u00a0 \u00a0<\/u><\/strong>\u201e<strong><em>Un alt proiect de suflet al meu, pe l\u00e2ng\u0103 Spitalul Or\u0103\u0219enesc B\u0103lce\u0219ti, este proiectul pentru cei mai mici, \u0219i anume cre\u0219a. Avem o cre\u0219\u0103 foarte frumoas\u0103. Noi avem solicit\u0103ri din partea p\u0103rin\u021bilor. Genera\u021biile care vin sunt \u00een cre\u0219tere, iar micu\u021bii vor fi primi\u021bi \u0219i din localit\u0103\u021bile vecine. Pentru tinerii p\u0103rin\u021bi aceast\u0103 cre\u0219\u0103 este o treab\u0103 deosebit\u0103. Eu nu am mai v\u0103zut un astfel de proiect \u0219i nu \u00eemi imaginam c\u0103 poate fi la un asemenea nivel de modernizare.<\/em><\/strong>\u201d<\/p>\n<p><strong><u>Locuin\u021be pentru tineri l\u00e2ng\u0103 noua unitate<\/u><\/strong><\/p>\n<p>Zona din apropierea stadionului, de pe strada 1 Decembrie, concentreaz\u0103 mai multe investi\u021bii destinate familiilor tinere. \u00a0Pe l\u00e2ng\u0103 cre\u0219a inaugurat\u0103 ast\u0103zi, \u00een aceea\u0219i zon\u0103 au fost ridicate trei blocuri care cuprind 18 apartamente pentru tineri.<\/p>\n<p>Alte dou\u0103 blocuri au fost construite \u00een apropierea policlinicii, \u00een zona dispensarului veterinar. Lucr\u0103rile la cl\u0103diri sunt realizate, urm\u00e2nd etapele necesare pentru preg\u0103tirea locuin\u021belor.<\/p>\n<p><u>Prin urmare, cre\u0219a \u0219i apartamentele<\/u> completeaz\u0103 planul administra\u021biei locale pentru p\u0103strarea tinerilor \u00een ora\u0219. P\u0103rin\u021bii vor avea unde s\u0103 \u00ee\u0219i lase copiii \u00een condi\u021bii bune, iar familiile aflate la \u00eenceput de drum vor putea beneficia de locuin\u021be noi.<\/p>\n<p>Primarul Constantin Aleca spune c\u0103 dezvoltarea ora\u0219ului nu se opre\u0219te la cre\u0219a inaugurat\u0103 ast\u0103zi. La B\u0103lce\u0219ti sunt \u00een desf\u0103\u0219urare investi\u021bii importante la spital, \u00een \u0219coli \u0219i la cl\u0103dirile administrative.<\/p>\n<p><strong><u>Cseke Attila, prezent la inaugurare<\/u><\/strong><\/p>\n<p class=\"isSelectedEnd\">Ministrul Dezvolt\u0103rii, Cseke Attila, a participat la inaugurarea cre\u0219ei \u0219i a anun\u021bat c\u0103 Programul \u201eSf\u00e2nta Ana\u201d cuprinde 246 de investi\u021bii aprobate. Dup\u0103 \u00eencheierea finan\u021b\u0103rii prin PNRR, Ministerul Dezvolt\u0103rii va analiza situa\u021bia proiectelor r\u0103mase \u0219i posibilitatea continu\u0103rii lucr\u0103rilor \u00een localit\u0103\u021bile \u00een care exist\u0103 cerere.<\/p>\n<p>Cseke Attila a precizat c\u0103 administra\u021bia local\u0103 nu va suporta cheltuieli suplimentare pentru dot\u0103rile necesare punerii \u00een func\u021biune a unit\u0103\u021bii.<\/p>\n<p>\u00a0<\/p>\n<p>\u00a0<\/p>\n<p>\u00a0<\/p>\n<p>\u00a0<\/p>\n<p>\u00a0<\/p>\n<\/div>\n<\/div>\n<\/div>\n<div class=\"news-content editor-content-entry\">\n<p>Ora\u0219ul B\u0103lce\u0219ti are de acum o cre\u0219\u0103 modern\u0103, construit\u0103 prin Programul guvernamental \u201eSf\u00e2nta Ana\u201d, cu o finan\u021bare european\u0103 care dep\u0103\u0219e\u0219te 12 milioane de lei. Unitatea a fost inaugurat\u0103 vineri, 24 iulie 2026, \u00een prezen\u021ba primarului Constantin Aleca, a ministrului Dezvolt\u0103rii, Cseke Attila, a deputatului Cristian Buican \u0219i a reprezentan\u021bilor implica\u021bi \u00een realizarea proiectului. Cre\u0219a dispune de 40 de locuri, spa\u021bii pentru activit\u0103\u021bi \u0219i joac\u0103, buc\u0103t\u0103rie, sp\u0103l\u0103torie proprie \u0219i dot\u0103ri moderne. Investi\u021bia este legat\u0103 de planurile administra\u021biei locale pentru sprijinirea familiilor tinere, \u00eentr-o zon\u0103 \u00een care au fost ridicate \u0219i blocuri noi.<strong>\u00a0<\/strong><\/p>\n<p><strong><u>Cre\u0219\u0103 modern\u0103 pentru 40 de copii<\/u><\/strong><\/p>\n<p>Noua cre\u0219\u0103 din B\u0103lce\u0219ti este cea de-a 92-a unitate realizat\u0103 prin Programul \u201eSf\u00e2nta Ana\u201d \u0219i a treia construit\u0103 \u00een jude\u021bul V\u00e2lcea.<\/p>\n<p>Cl\u0103direa a fost ridicat\u0103 pe o suprafa\u021b\u0103 de aproximativ 1.500 de metri p\u0103tra\u021bi \u0219i poate primi cel pu\u021bin 40 de copii, organiza\u021bi \u00een patru grupe. Spa\u021biile au fost preg\u0103tite pentru activit\u0103\u021bi educative, odihn\u0103 \u0219i joac\u0103, at\u00e2t \u00een interior, c\u00e2t \u0219i \u00een aer liber.<\/p>\n<p>Unitatea are buc\u0103t\u0103rie \u0219i sp\u0103l\u0103torie proprie, instala\u021bii moderne \u0219i solu\u021bii care reduc consumul de energie. Copiii vor putea fi supraveghea\u021bi \u0219i \u00eengriji\u021bi \u00een condi\u021bii sigure, aproape de cas\u0103.<\/p>\n<p>Cre\u0219a nu se adreseaz\u0103 doar familiilor din B\u0103lce\u0219ti. Pot fi \u00eenscri\u0219i \u0219i copii din localit\u0103\u021bile apropiate, unde nu exist\u0103 astfel de servicii.<\/p>\n<p><strong><u>Un proiect important pentru Constantin Aleca<\/u><\/strong><\/p>\n<p>Primarul Constantin Aleca consider\u0103 cre\u0219a una dintre investi\u021biile sale de suflet, al\u0103turi de lucr\u0103rile desf\u0103\u0219urate la Spitalul Or\u0103\u0219enesc B\u0103lce\u0219ti.<\/p>\n<p>Cererea pentru locurile disponibile este deja ridicat\u0103, potrivit informa\u021biilor primite de administra\u021bia local\u0103 de la p\u0103rin\u021bi.<\/p>\n<p><strong><u>Constantin Aleca a prezentat proiectul astfel:\u00a0 \u00a0 \u00a0<\/u><\/strong>\u201e<strong><em>Un alt proiect de suflet al meu, pe l\u00e2ng\u0103 Spitalul Or\u0103\u0219enesc B\u0103lce\u0219ti, este proiectul pentru cei mai mici, \u0219i anume cre\u0219a. Avem o cre\u0219\u0103 foarte frumoas\u0103. Noi avem solicit\u0103ri din partea p\u0103rin\u021bilor. Genera\u021biile care vin sunt \u00een cre\u0219tere, iar micu\u021bii vor fi primi\u021bi \u0219i din localit\u0103\u021bile vecine. Pentru tinerii p\u0103rin\u021bi aceast\u0103 cre\u0219\u0103 este o treab\u0103 deosebit\u0103. Eu nu am mai v\u0103zut un astfel de proiect \u0219i nu \u00eemi imaginam c\u0103 poate fi la un asemenea nivel de modernizare.<\/em><\/strong>\u201d<\/p>\n<p><strong><u>Locuin\u021be pentru tineri l\u00e2ng\u0103 noua unitate<\/u><\/strong><\/p>\n<p>Zona din apropierea stadionului, de pe strada 1 Decembrie, concentreaz\u0103 mai multe investi\u021bii destinate familiilor tinere. \u00a0Pe l\u00e2ng\u0103 cre\u0219a inaugurat\u0103 ast\u0103zi, \u00een aceea\u0219i zon\u0103 au fost ridicate trei blocuri care cuprind 18 apartamente pentru tineri.<\/p>\n<p>Alte dou\u0103 blocuri au fost construite \u00een apropierea policlinicii, \u00een zona dispensarului veterinar. Lucr\u0103rile la cl\u0103diri sunt realizate, urm\u00e2nd etapele necesare pentru preg\u0103tirea locuin\u021belor.<\/p>\n<p><u>Prin urmare, cre\u0219a \u0219i apartamentele<\/u> completeaz\u0103 planul administra\u021biei locale pentru p\u0103strarea tinerilor \u00een ora\u0219. P\u0103rin\u021bii vor avea unde s\u0103 \u00ee\u0219i lase copiii \u00een condi\u021bii bune, iar familiile aflate la \u00eenceput de drum vor putea beneficia de locuin\u021be noi.<\/p>\n<p>Primarul Constantin Aleca spune c\u0103 dezvoltarea ora\u0219ului nu se opre\u0219te la cre\u0219a inaugurat\u0103 ast\u0103zi. La B\u0103lce\u0219ti sunt \u00een desf\u0103\u0219urare investi\u021bii importante la spital, \u00een \u0219coli \u0219i la cl\u0103dirile administrative.<\/p>\n<p><strong><u>Cseke Attila, prezent la inaugurare<\/u><\/strong><\/p>\n<p class=\"isSelectedEnd\">Ministrul Dezvolt\u0103rii, Cseke Attila, a participat la inaugurarea cre\u0219ei \u0219i a anun\u021bat c\u0103 Programul \u201eSf\u00e2nta Ana\u201d cuprinde 246 de investi\u021bii aprobate. Dup\u0103 \u00eencheierea finan\u021b\u0103rii prin PNRR, Ministerul Dezvolt\u0103rii va analiza situa\u021bia proiectelor r\u0103mase \u0219i posibilitatea continu\u0103rii lucr\u0103rilor \u00een localit\u0103\u021bile \u00een care exist\u0103 cerere.<\/p>\n<p>Cseke Attila a precizat c\u0103 administra\u021bia local\u0103 nu va suporta cheltuieli suplimentare pentru dot\u0103rile necesare punerii \u00een func\u021biune a unit\u0103\u021bii.<\/p>\n<p>\u00a0<\/p>\n<p>\u00a0<\/p>\n<p>\u00a0<\/p>\n<p>\u00a0<\/p>\n<p>\u00a0<\/p>\n<\/div>\n<div class=\"news-content editor-content-entry\">\n<p>Ora\u0219ul B\u0103lce\u0219ti are de acum o cre\u0219\u0103 modern\u0103, construit\u0103 prin Programul guvernamental \u201eSf\u00e2nta Ana\u201d, cu o finan\u021bare european\u0103 care dep\u0103\u0219e\u0219te 12 milioane de lei. Unitatea a fost inaugurat\u0103 vineri, 24 iulie 2026, \u00een prezen\u021ba primarului Constantin Aleca, a ministrului Dezvolt\u0103rii, Cseke Attila, a deputatului Cristian Buican \u0219i a reprezentan\u021bilor implica\u021bi \u00een realizarea proiectului. Cre\u0219a dispune de 40 de locuri, spa\u021bii pentru activit\u0103\u021bi \u0219i joac\u0103, buc\u0103t\u0103rie, sp\u0103l\u0103torie proprie \u0219i dot\u0103ri moderne. Investi\u021bia este legat\u0103 de planurile administra\u021biei locale pentru sprijinirea familiilor tinere, \u00eentr-o zon\u0103 \u00een care au fost ridicate \u0219i blocuri noi.<strong>\u00a0<\/strong><\/p>\n<p><strong><u>Cre\u0219\u0103 modern\u0103 pentru 40 de copii<\/u><\/strong><\/p>\n<p>Noua cre\u0219\u0103 din B\u0103lce\u0219ti este cea de-a 92-a unitate realizat\u0103 prin Programul \u201eSf\u00e2nta Ana\u201d \u0219i a treia construit\u0103 \u00een jude\u021bul V\u00e2lcea.<\/p>\n<p>Cl\u0103direa a fost ridicat\u0103 pe o suprafa\u021b\u0103 de aproximativ 1.500 de metri p\u0103tra\u021bi \u0219i poate primi cel pu\u021bin 40 de copii, organiza\u021bi \u00een patru grupe. Spa\u021biile au fost preg\u0103tite pentru activit\u0103\u021bi educative, odihn\u0103 \u0219i joac\u0103, at\u00e2t \u00een interior, c\u00e2t \u0219i \u00een aer liber.<\/p>\n<p>Unitatea are buc\u0103t\u0103rie \u0219i sp\u0103l\u0103torie proprie, instala\u021bii moderne \u0219i solu\u021bii care reduc consumul de energie. Copiii vor putea fi supraveghea\u021bi \u0219i \u00eengriji\u021bi \u00een condi\u021bii sigure, aproape de cas\u0103.<\/p>\n<p>Cre\u0219a nu se adreseaz\u0103 doar familiilor din B\u0103lce\u0219ti. Pot fi \u00eenscri\u0219i \u0219i copii din localit\u0103\u021bile apropiate, unde nu exist\u0103 astfel de servicii.<\/p>\n<p><strong><u>Un proiect important pentru Constantin Aleca<\/u><\/strong><\/p>\n<p>Primarul Constantin Aleca consider\u0103 cre\u0219a una dintre investi\u021biile sale de suflet, al\u0103turi de lucr\u0103rile desf\u0103\u0219urate la Spitalul Or\u0103\u0219enesc B\u0103lce\u0219ti.<\/p>\n<p>Cererea pentru locurile disponibile este deja ridicat\u0103, potrivit informa\u021biilor primite de administra\u021bia local\u0103 de la p\u0103rin\u021bi.<\/p>\n<p><strong><u>Constantin Aleca a prezentat proiectul astfel:\u00a0 \u00a0 \u00a0<\/u><\/strong>\u201e<strong><em>Un alt proiect de suflet al meu, pe l\u00e2ng\u0103 Spitalul Or\u0103\u0219enesc B\u0103lce\u0219ti, este proiectul pentru cei mai mici, \u0219i anume cre\u0219a. Avem o cre\u0219\u0103 foarte frumoas\u0103. Noi avem solicit\u0103ri din partea p\u0103rin\u021bilor. Genera\u021biile care vin sunt \u00een cre\u0219tere, iar micu\u021bii vor fi primi\u021bi \u0219i din localit\u0103\u021bile vecine. Pentru tinerii p\u0103rin\u021bi aceast\u0103 cre\u0219\u0103 este o treab\u0103 deosebit\u0103. Eu nu am mai v\u0103zut un astfel de proiect \u0219i nu \u00eemi imaginam c\u0103 poate fi la un asemenea nivel de modernizare.<\/em><\/strong>\u201d<\/p>\n<p><strong><u>Locuin\u021be pentru tineri l\u00e2ng\u0103 noua unitate<\/u><\/strong><\/p>\n<p>Zona din apropierea stadionului, de pe strada 1 Decembrie, concentreaz\u0103 mai multe investi\u021bii destinate familiilor tinere. \u00a0Pe l\u00e2ng\u0103 cre\u0219a inaugurat\u0103 ast\u0103zi, \u00een aceea\u0219i zon\u0103 au fost ridicate trei blocuri care cuprind 18 apartamente pentru tineri.<\/p>\n<p>Alte dou\u0103 blocuri au fost construite \u00een apropierea policlinicii, \u00een zona dispensarului veterinar. Lucr\u0103rile la cl\u0103diri sunt realizate, urm\u00e2nd etapele necesare pentru preg\u0103tirea locuin\u021belor.<\/p>\n<p><u>Prin urmare, cre\u0219a \u0219i apartamentele<\/u> completeaz\u0103 planul administra\u021biei locale pentru p\u0103strarea tinerilor \u00een ora\u0219. P\u0103rin\u021bii vor avea unde s\u0103 \u00ee\u0219i lase copiii \u00een condi\u021bii bune, iar familiile aflate la \u00eenceput de drum vor putea beneficia de locuin\u021be noi.<\/p>\n<p>Primarul Constantin Aleca spune c\u0103 dezvoltarea ora\u0219ului nu se opre\u0219te la cre\u0219a inaugurat\u0103 ast\u0103zi. La B\u0103lce\u0219ti sunt \u00een desf\u0103\u0219urare investi\u021bii importante la spital, \u00een \u0219coli \u0219i la cl\u0103dirile administrative.<\/p>\n<p><strong><u>Cseke Attila, prezent la inaugurare<\/u><\/strong><\/p>\n<p class=\"isSelectedEnd\">Ministrul Dezvolt\u0103rii, Cseke Attila, a participat la inaugurarea cre\u0219ei \u0219i a anun\u021bat c\u0103 Programul \u201eSf\u00e2nta Ana\u201d cuprinde 246 de investi\u021bii aprobate. Dup\u0103 \u00eencheierea finan\u021b\u0103rii prin PNRR, Ministerul Dezvolt\u0103rii va analiza situa\u021bia proiectelor r\u0103mase \u0219i posibilitatea continu\u0103rii lucr\u0103rilor \u00een localit\u0103\u021bile \u00een care exist\u0103 cerere.<\/p>\n<p>Cseke Attila a precizat c\u0103 administra\u021bia local\u0103 nu va suporta cheltuieli suplimentare pentru dot\u0103rile necesare punerii \u00een func\u021biune a unit\u0103\u021bii.<\/p>\n<p>\u00a0<\/p>\n<p>\u00a0<\/p>\n<p>\u00a0<\/p>\n<p>\u00a0<\/p>\n<p>\u00a0<\/p>\n<\/div>\n<p>[analyse_source url=&#8221;https:\/\/www.impactreal.ro\/2026\/07\/24\/inaugurare-cu-oficiali-de-la-bucuresti-la-balcesti-primarul-constantin-aleca-a-taiat-panglica-noii-crese-de-peste-12-milioane-de-lei-in-prezenta-ministrului-cseke-attila\/&#8221;]<\/p>\n","protected":false},"excerpt":{"rendered":"<p>[analyse_image type=&#8221;featured&#8221; src=&#8221;https:\/\/www.impactreal.ro\/wp-content\/uploads\/2026\/07\/balcesti-iulie-2026.jpg&#8221;] 24 iulie 202624 iulie 2026Claudia SchiopuAdministra\u0163ieBalcesti Ora\u0219ul B\u0103lce\u0219ti are de acum o cre\u0219\u0103 modern\u0103, construit\u0103 prin Programul guvernamental \u201eSf\u00e2nta Ana\u201d, cu o finan\u021bare european\u0103 care dep\u0103\u0219e\u0219te 12 milioane de lei. Unitatea a fost inaugurat\u0103 vineri, 24 iulie 2026, \u00een prezen\u021ba primarului Constantin Aleca, a ministrului Dezvolt\u0103rii, Cseke Attila, a deputatului Cristian Buican [&hellip;]<\/p>\n","protected":false},"author":1,"featured_media":0,"comment_status":"open","ping_status":"","sticky":false,"template":"","format":"standard","meta":{"footnotes":""},"categories":[89],"tags":[226,212],"class_list":["post-2061517","post","type-post","status-publish","format-standard","hentry","category-romania","tag-crawlmanager","tag-impactreal-ro"],"_links":{"self":[{"href":"https:\/\/analyse.optim.biz\/index.php?rest_route=\/wp\/v2\/posts\/2061517","targetHints":{"allow":["GET"]}}],"collection":[{"href":"https:\/\/analyse.optim.biz\/index.php?rest_route=\/wp\/v2\/posts"}],"about":[{"href":"https:\/\/analyse.optim.biz\/index.php?rest_route=\/wp\/v2\/types\/post"}],"author":[{"embeddable":true,"href":"https:\/\/analyse.optim.biz\/index.php?rest_route=\/wp\/v2\/users\/1"}],"replies":[{"embeddable":true,"href":"https:\/\/analyse.optim.biz\/index.php?rest_route=%2Fwp%2Fv2%2Fcomments&post=2061517"}],"version-history":[{"count":0,"href":"https:\/\/analyse.optim.biz\/index.php?rest_route=\/wp\/v2\/posts\/2061517\/revisions"}],"wp:attachment":[{"href":"https:\/\/analyse.optim.biz\/index.php?rest_route=%2Fwp%2Fv2%2Fmedia&parent=2061517"}],"wp:term":[{"taxonomy":"category","embeddable":true,"href":"https:\/\/analyse.optim.biz\/index.php?rest_route=%2Fwp%2Fv2%2Fcategories&post=2061517"},{"taxonomy":"post_tag","embeddable":true,"href":"https:\/\/analyse.optim.biz\/index.php?rest_route=%2Fwp%2Fv2%2Ftags&post=2061517"}],"curies":[{"name":"wp","href":"https:\/\/api.w.org\/{rel}","templated":true}]}}