{"id":2061484,"date":"2026-07-25T10:54:57","date_gmt":"2026-07-25T07:54:57","guid":{"rendered":"https:\/\/analyse.optim.biz\/?p=2061484"},"modified":"2026-07-25T10:54:57","modified_gmt":"2026-07-25T07:54:57","slug":"timis-autospeciala-de-politie-facuta-praf-intr-o-intersectie-din-lugoj-in-timpul-unei-urmariri-agentul-aflat-la-volan-sanctionat-si-lasat-fara-permis","status":"publish","type":"post","link":"https:\/\/analyse.optim.biz\/?p=2061484","title":{"rendered":"Timi\u0219: Autospecial\u0103 de poli\u021bie f\u0103cut\u0103 praf \u00eentr-o intersec\u021bie din Lugoj, \u00een timpul unei urm\u0103riri. Agentul aflat la volan, sanc\u021bionat \u0219i l\u0103sat f\u0103r\u0103 permis"},"content":{"rendered":"<p>[analyse_image type=&#8221;featured&#8221; src=&#8221;http:\/\/www.banatulmeu.ro\/wp-content\/uploads\/2026\/07\/IMG_4563-e1784976761305.jpeg&#8221;]<\/p>\n<div class=\"post-content-bd\">\n<p>O autospecial\u0103 a poli\u021biei s-a r\u0103sturnat s\u00e2mb\u0103t\u0103, 25 iulie, \u00eentr-o intersec\u021bie din Lugoj, \u00een timpul urm\u0103ririi unui \u0219ofer care nu a oprit la semnalul poli\u021bi\u0219tilor. \u00cen urma accidentului au rezultat doar pagube materiale, \u00eens\u0103 agentul de poli\u021bie aflat la volan a fost sanc\u021bionat contraven\u021bional \u0219i a r\u0103mas f\u0103r\u0103 permis de conducere pentru 90 de zile.<\/p>\n<p>Potrivit IPJ Timi\u0219, la momentul producerii evenimentului, echipajul mixt, format dintr-un agent de poli\u021bie din cadrul Biroului Ordine Public\u0103 al Poli\u021biei Municipiului Lugoj \u0219i un jandarm din cadrul Inspectoratului de Jandarmi Jude\u021bean Timi\u0219, se afla \u00een exercitarea atribu\u021biilor de serviciu.<\/p>\n<p>Conform poli\u021bi\u0219tilor, echipajul a observat o ma\u0219in\u0103 al c\u0103rui \u0219ofer, la vederea autospecialei, a \u00eentors prin \u00eenc\u0103lcarea marcajului longitudinal dublu continuu \u0219i nu a respectat semnalul regulamentar de oprire. \u00cen aceste condi\u021bii, poli\u021bi\u0219tii au pornit \u00een urm\u0103rirea autoturismului, av\u00e2nd \u00een func\u021biune semnalele luminoase.<\/p>\n<p>\u00cen timpul interven\u021biei, la intersec\u021bia str\u0103zilor Dacilor \u0219i Norbert Pongratz din Lugoj, autospeciala de poli\u021bie a intrat \u00een coliziune cu o ma\u0219in\u0103 care circula regulamentar. \u00cen urma impactului, autospeciala a fost proiectat\u0103 \u0219i s-a r\u0103sturnat.<\/p>\n<p>Accidentul s-a soldat doar cu pagube materiale.<\/p>\n<p>Ambii \u0219oferi au fost testa\u021bi cu aparatul alcooltest, iar rezultatele au fost negative.<\/p>\n<p>\u00cen urma verific\u0103rilor, agentul de poli\u021bie care conducea autospeciala a fost sanc\u021bionat contraven\u021bional, iar permisul de conducere i-a fost re\u021binut \u00een vederea suspend\u0103rii dreptului de a conduce pentru o perioad\u0103 de 90 de zile, \u00een conformitate cu prevederile OUG nr. 195\/2002 privind circula\u021bia pe drumurile publice.<\/p>\n<p>Reprezentan\u021bii IPJ Timi\u0219 au transmis c\u0103 institu\u021bia \u00ee\u0219i reafirm\u0103 angajamentul privind respectarea legalit\u0103\u021bii, transparen\u021ba \u0219i responsabilitatea \u00een exercitarea atribu\u021biilor de serviciu, subliniind c\u0103 legea este aplicat\u0103 \u00een mod egal, indiferent de calitatea persoanelor implicate.<\/p>\n<p>Foto:<a href=\"https:\/\/lugojinfo.ro\/autospeciala-de-politie-facuta-praf-intr-o-intersectie-din-lugoj-ce-s-a-intamplat\/?fbclid=IwdGRjcATRUcJwZG9mBWZkaWQWULPuxkAgHB48WB28lrWG_ZDxjZ45WGV4dG4DYWVtAjExAHNydGMGYXBwX2lkCjY2Mjg1NjgzNzkAAR5JU060g0z1_7hnSw9acWDHIWlOnYan-hj8BxLd39NGiaF8ShQ7Of6n7GhNFg_aem_74vIO22LKML3oNwM_8A-4w\"> Lugojinfo.ro<\/a><\/p>\n<\/div>\n<p>[analyse_source url=&#8221;https:\/\/www.banatulmeu.ro\/timis-autospeciala-de-politie-facuta-praf-intr-o-intersectie-din-lugoj-in-timpul-unei-urmariri-agentul-aflat-la-volan-sanctionat-si-lasat-fara-permis\/&#8221;]<\/p>\n","protected":false},"excerpt":{"rendered":"<p>[analyse_image type=&#8221;featured&#8221; src=&#8221;http:\/\/www.banatulmeu.ro\/wp-content\/uploads\/2026\/07\/IMG_4563-e1784976761305.jpeg&#8221;] O autospecial\u0103 a poli\u021biei s-a r\u0103sturnat s\u00e2mb\u0103t\u0103, 25 iulie, \u00eentr-o intersec\u021bie din Lugoj, \u00een timpul urm\u0103ririi unui \u0219ofer care nu a oprit la semnalul poli\u021bi\u0219tilor. \u00cen urma accidentului au rezultat doar pagube materiale, \u00eens\u0103 agentul de poli\u021bie aflat la volan a fost sanc\u021bionat contraven\u021bional \u0219i a r\u0103mas f\u0103r\u0103 permis de conducere pentru [&hellip;]<\/p>\n","protected":false},"author":1,"featured_media":0,"comment_status":"open","ping_status":"","sticky":false,"template":"","format":"standard","meta":{"footnotes":""},"categories":[89],"tags":[204,226],"class_list":["post-2061484","post","type-post","status-publish","format-standard","hentry","category-romania","tag-banatulmeu-ro","tag-crawlmanager"],"_links":{"self":[{"href":"https:\/\/analyse.optim.biz\/index.php?rest_route=\/wp\/v2\/posts\/2061484","targetHints":{"allow":["GET"]}}],"collection":[{"href":"https:\/\/analyse.optim.biz\/index.php?rest_route=\/wp\/v2\/posts"}],"about":[{"href":"https:\/\/analyse.optim.biz\/index.php?rest_route=\/wp\/v2\/types\/post"}],"author":[{"embeddable":true,"href":"https:\/\/analyse.optim.biz\/index.php?rest_route=\/wp\/v2\/users\/1"}],"replies":[{"embeddable":true,"href":"https:\/\/analyse.optim.biz\/index.php?rest_route=%2Fwp%2Fv2%2Fcomments&post=2061484"}],"version-history":[{"count":0,"href":"https:\/\/analyse.optim.biz\/index.php?rest_route=\/wp\/v2\/posts\/2061484\/revisions"}],"wp:attachment":[{"href":"https:\/\/analyse.optim.biz\/index.php?rest_route=%2Fwp%2Fv2%2Fmedia&parent=2061484"}],"wp:term":[{"taxonomy":"category","embeddable":true,"href":"https:\/\/analyse.optim.biz\/index.php?rest_route=%2Fwp%2Fv2%2Fcategories&post=2061484"},{"taxonomy":"post_tag","embeddable":true,"href":"https:\/\/analyse.optim.biz\/index.php?rest_route=%2Fwp%2Fv2%2Ftags&post=2061484"}],"curies":[{"name":"wp","href":"https:\/\/api.w.org\/{rel}","templated":true}]}}