{"id":2061472,"date":"2026-07-23T03:03:09","date_gmt":"2026-07-23T00:03:09","guid":{"rendered":"https:\/\/analyse.optim.biz\/?p=2061472"},"modified":"2026-07-23T03:03:09","modified_gmt":"2026-07-23T00:03:09","slug":"primarul-de-la-adincata-viorel-cucu-pina-cel-tirziu-in-primavara-urmatoare-o-sa-avem-apa-la-robinet-in-comuna-noastra","status":"publish","type":"post","link":"https:\/\/analyse.optim.biz\/?p=2061472","title":{"rendered":"Primarul de la Ad\u00eencata, Viorel Cucu: P\u00een\u0103 cel t\u00eerziu \u00een prim\u0103vara urm\u0103toare o s\u0103 avem ap\u0103 la robinet \u00een comuna noastr\u0103"},"content":{"rendered":"<p>[analyse_image type=&#8221;featured&#8221; src=&#8221;https:\/\/www.radiotop.ro\/img\/media\/2024\/02\/cucu-tricolor-e1778400530905.jpg&#8221;]<\/p>\n<div class=\"entry-content no-share\">\n<div class=\"content-inner \">\n<p>La Ad\u00eencata, \u00een aceast\u0103 lun\u0103 va fi finalizat Centrul de depozitare a de\u0219eurilor voluminoase realizat cu fonduri europene atrase prin PNRR, dup\u0103 care \u00een octombrie va fi gata primul proiect de ap\u0103 \u0219i canalizare.<\/p>\n<p>Primarul Viorel Cucu a declarat: \u201dPrimul proiect de ap\u0103 \u0219i canalizare are leg\u0103tur\u0103 cu proiectul de la Consiliul Jude\u021bean care duce apa spre aeroport. Eu m\u0103 leg pe cel mai \u00eenalt punct, pe dealul C\u0103pr\u0103ria, \u0219i acolo deja am rezervoare, totul preg\u0103tit. Din discu\u021bii pe care le-am avut cu constructorul, p\u00een\u0103 la final anului finalizeaz\u0103 \u0219i lucrarea la Consiliul Jude\u021bean, astfel \u00eenc\u00eet, \u00een cel mai r\u0103u caz, \u00een prim\u0103vara urm\u0103toare o s\u0103 avem ap\u0103 la robinet \u00een comuna noastr\u0103\u201d. El a ad\u0103ugat c\u0103 un al doilea proiect pe ap\u0103 \u0219i canalizare este \u00een derulare \u00een zona drumului na\u021bional \u0219i jude\u021bean, \u0219i urmeaz\u0103 s\u0103 promoveze un al treilea proiect care va duce comuna la un grad de racordare de peste 90%.<\/p>\n<p>A afirmat domnul Cucu: \u201dAm primit asigur\u0103ri c\u0103 p\u00een\u0103 la final anului vom semna \u0219i acest al treilea proiect pe ap\u0103 \u0219i canal. Cu al treilea proiect fac conducta prin care m\u0103 \u00een\u021bep \u00een sta\u021bia de epurare a municipului Suceava \u0219i e un lucru extraordinar de important pentru noi, pentru c\u0103 se va termina cu poluarea p\u00eer\u00eeului Morii\u201d.<\/p>\n<p>Primarul a mai spus c\u0103 anul viitor va fi finalizat\u0103 \u0219i investi\u021bia \u00een aduc\u021biunea de gaz metan, \u00een valoare de aproape 10 milioane de euro, dup\u0103 care se va ocupa de infrastructura rutier\u0103. Potrivit primarului mai s\u00eent de modernizat 8 kilometri de drum.<\/p>\n<\/div>\n<\/div>\n<div class=\"content-inner \">\n<p>La Ad\u00eencata, \u00een aceast\u0103 lun\u0103 va fi finalizat Centrul de depozitare a de\u0219eurilor voluminoase realizat cu fonduri europene atrase prin PNRR, dup\u0103 care \u00een octombrie va fi gata primul proiect de ap\u0103 \u0219i canalizare.<\/p>\n<p>Primarul Viorel Cucu a declarat: \u201dPrimul proiect de ap\u0103 \u0219i canalizare are leg\u0103tur\u0103 cu proiectul de la Consiliul Jude\u021bean care duce apa spre aeroport. Eu m\u0103 leg pe cel mai \u00eenalt punct, pe dealul C\u0103pr\u0103ria, \u0219i acolo deja am rezervoare, totul preg\u0103tit. Din discu\u021bii pe care le-am avut cu constructorul, p\u00een\u0103 la final anului finalizeaz\u0103 \u0219i lucrarea la Consiliul Jude\u021bean, astfel \u00eenc\u00eet, \u00een cel mai r\u0103u caz, \u00een prim\u0103vara urm\u0103toare o s\u0103 avem ap\u0103 la robinet \u00een comuna noastr\u0103\u201d. El a ad\u0103ugat c\u0103 un al doilea proiect pe ap\u0103 \u0219i canalizare este \u00een derulare \u00een zona drumului na\u021bional \u0219i jude\u021bean, \u0219i urmeaz\u0103 s\u0103 promoveze un al treilea proiect care va duce comuna la un grad de racordare de peste 90%.<\/p>\n<p>A afirmat domnul Cucu: \u201dAm primit asigur\u0103ri c\u0103 p\u00een\u0103 la final anului vom semna \u0219i acest al treilea proiect pe ap\u0103 \u0219i canal. Cu al treilea proiect fac conducta prin care m\u0103 \u00een\u021bep \u00een sta\u021bia de epurare a municipului Suceava \u0219i e un lucru extraordinar de important pentru noi, pentru c\u0103 se va termina cu poluarea p\u00eer\u00eeului Morii\u201d.<\/p>\n<p>Primarul a mai spus c\u0103 anul viitor va fi finalizat\u0103 \u0219i investi\u021bia \u00een aduc\u021biunea de gaz metan, \u00een valoare de aproape 10 milioane de euro, dup\u0103 care se va ocupa de infrastructura rutier\u0103. Potrivit primarului mai s\u00eent de modernizat 8 kilometri de drum.<\/p>\n<\/div>\n<p>[analyse_source url=&#8221;https:\/\/www.radiotop.ro\/administratie\/primarul-de-la-adincata-viorel-cucu-pina-cel-tirziu-in-primavara-urmatoare-o-sa-avem-apa-la-robinet-in-comuna-noastra.html&#8221;]<\/p>\n","protected":false},"excerpt":{"rendered":"<p>[analyse_image type=&#8221;featured&#8221; src=&#8221;https:\/\/www.radiotop.ro\/img\/media\/2024\/02\/cucu-tricolor-e1778400530905.jpg&#8221;] La Ad\u00eencata, \u00een aceast\u0103 lun\u0103 va fi finalizat Centrul de depozitare a de\u0219eurilor voluminoase realizat cu fonduri europene atrase prin PNRR, dup\u0103 care \u00een octombrie va fi gata primul proiect de ap\u0103 \u0219i canalizare. Primarul Viorel Cucu a declarat: \u201dPrimul proiect de ap\u0103 \u0219i canalizare are leg\u0103tur\u0103 cu proiectul de la Consiliul [&hellip;]<\/p>\n","protected":false},"author":1,"featured_media":0,"comment_status":"open","ping_status":"","sticky":false,"template":"","format":"standard","meta":{"footnotes":""},"categories":[89],"tags":[226,163],"class_list":["post-2061472","post","type-post","status-publish","format-standard","hentry","category-romania","tag-crawlmanager","tag-radiotop-ro"],"_links":{"self":[{"href":"https:\/\/analyse.optim.biz\/index.php?rest_route=\/wp\/v2\/posts\/2061472","targetHints":{"allow":["GET"]}}],"collection":[{"href":"https:\/\/analyse.optim.biz\/index.php?rest_route=\/wp\/v2\/posts"}],"about":[{"href":"https:\/\/analyse.optim.biz\/index.php?rest_route=\/wp\/v2\/types\/post"}],"author":[{"embeddable":true,"href":"https:\/\/analyse.optim.biz\/index.php?rest_route=\/wp\/v2\/users\/1"}],"replies":[{"embeddable":true,"href":"https:\/\/analyse.optim.biz\/index.php?rest_route=%2Fwp%2Fv2%2Fcomments&post=2061472"}],"version-history":[{"count":0,"href":"https:\/\/analyse.optim.biz\/index.php?rest_route=\/wp\/v2\/posts\/2061472\/revisions"}],"wp:attachment":[{"href":"https:\/\/analyse.optim.biz\/index.php?rest_route=%2Fwp%2Fv2%2Fmedia&parent=2061472"}],"wp:term":[{"taxonomy":"category","embeddable":true,"href":"https:\/\/analyse.optim.biz\/index.php?rest_route=%2Fwp%2Fv2%2Fcategories&post=2061472"},{"taxonomy":"post_tag","embeddable":true,"href":"https:\/\/analyse.optim.biz\/index.php?rest_route=%2Fwp%2Fv2%2Ftags&post=2061472"}],"curies":[{"name":"wp","href":"https:\/\/api.w.org\/{rel}","templated":true}]}}