{"id":2061470,"date":"2026-07-23T07:25:22","date_gmt":"2026-07-23T04:25:22","guid":{"rendered":"https:\/\/analyse.optim.biz\/?p=2061470"},"modified":"2026-07-23T07:25:22","modified_gmt":"2026-07-23T04:25:22","slug":"inca-cinci-locuri-de-joaca-vor-fi-construite-in-suceava","status":"publish","type":"post","link":"https:\/\/analyse.optim.biz\/?p=2061470","title":{"rendered":"\u00cenc\u0103 cinci locuri de joac\u0103 vor fi construite \u00een Suceava"},"content":{"rendered":"<p>[analyse_image type=&#8221;featured&#8221; src=&#8221;https:\/\/www.radiotop.ro\/img\/media\/2026\/07\/loc-joaca-2026.jpg&#8221;]<\/p>\n<div class=\"entry-content no-share\">\n<div class=\"content-inner \">\n<p>\u00cen perioada urm\u0103toare, \u00een municipiul Suceava vor fi construite \u00eenc\u0103 cinci locuri de joac\u0103 noi. Dou\u0103 vor fi amenajate \u00een cartierul Zamca, unul \u00een zona ANL Metro, iar alte dou\u0103 \u00een cartierul George Enescu.<\/p>\n<p>Potrivit primarului Vasile R\u00eembu, locurile de joac\u0103 vor avea suprafe\u021be din tartan \u0219i echipamente moderne, adaptate diferitelor categorii de v\u00eerst\u0103.<\/p>\n<p>Primarul spune c\u0103 de la \u00eenceputul mandatului s\u0103u au fost construite opt locuri de joac\u0103 noi \u0219i au fost modernizate alte 13.<\/p>\n<p>\u00a0<\/p>\n<\/div>\n<\/div>\n<div class=\"content-inner \">\n<p>\u00cen perioada urm\u0103toare, \u00een municipiul Suceava vor fi construite \u00eenc\u0103 cinci locuri de joac\u0103 noi. Dou\u0103 vor fi amenajate \u00een cartierul Zamca, unul \u00een zona ANL Metro, iar alte dou\u0103 \u00een cartierul George Enescu.<\/p>\n<p>Potrivit primarului Vasile R\u00eembu, locurile de joac\u0103 vor avea suprafe\u021be din tartan \u0219i echipamente moderne, adaptate diferitelor categorii de v\u00eerst\u0103.<\/p>\n<p>Primarul spune c\u0103 de la \u00eenceputul mandatului s\u0103u au fost construite opt locuri de joac\u0103 noi \u0219i au fost modernizate alte 13.<\/p>\n<p>\u00a0<\/p>\n<\/div>\n<p>[analyse_source url=&#8221;https:\/\/www.radiotop.ro\/administratie\/inca-cinci-locuri-de-joaca-vor-fi-construite-in-suceava.html&#8221;]<\/p>\n","protected":false},"excerpt":{"rendered":"<p>[analyse_image type=&#8221;featured&#8221; src=&#8221;https:\/\/www.radiotop.ro\/img\/media\/2026\/07\/loc-joaca-2026.jpg&#8221;] \u00cen perioada urm\u0103toare, \u00een municipiul Suceava vor fi construite \u00eenc\u0103 cinci locuri de joac\u0103 noi. Dou\u0103 vor fi amenajate \u00een cartierul Zamca, unul \u00een zona ANL Metro, iar alte dou\u0103 \u00een cartierul George Enescu. Potrivit primarului Vasile R\u00eembu, locurile de joac\u0103 vor avea suprafe\u021be din tartan \u0219i echipamente moderne, adaptate diferitelor categorii [&hellip;]<\/p>\n","protected":false},"author":1,"featured_media":0,"comment_status":"open","ping_status":"","sticky":false,"template":"","format":"standard","meta":{"footnotes":""},"categories":[89],"tags":[226,163],"class_list":["post-2061470","post","type-post","status-publish","format-standard","hentry","category-romania","tag-crawlmanager","tag-radiotop-ro"],"_links":{"self":[{"href":"https:\/\/analyse.optim.biz\/index.php?rest_route=\/wp\/v2\/posts\/2061470","targetHints":{"allow":["GET"]}}],"collection":[{"href":"https:\/\/analyse.optim.biz\/index.php?rest_route=\/wp\/v2\/posts"}],"about":[{"href":"https:\/\/analyse.optim.biz\/index.php?rest_route=\/wp\/v2\/types\/post"}],"author":[{"embeddable":true,"href":"https:\/\/analyse.optim.biz\/index.php?rest_route=\/wp\/v2\/users\/1"}],"replies":[{"embeddable":true,"href":"https:\/\/analyse.optim.biz\/index.php?rest_route=%2Fwp%2Fv2%2Fcomments&post=2061470"}],"version-history":[{"count":0,"href":"https:\/\/analyse.optim.biz\/index.php?rest_route=\/wp\/v2\/posts\/2061470\/revisions"}],"wp:attachment":[{"href":"https:\/\/analyse.optim.biz\/index.php?rest_route=%2Fwp%2Fv2%2Fmedia&parent=2061470"}],"wp:term":[{"taxonomy":"category","embeddable":true,"href":"https:\/\/analyse.optim.biz\/index.php?rest_route=%2Fwp%2Fv2%2Fcategories&post=2061470"},{"taxonomy":"post_tag","embeddable":true,"href":"https:\/\/analyse.optim.biz\/index.php?rest_route=%2Fwp%2Fv2%2Ftags&post=2061470"}],"curies":[{"name":"wp","href":"https:\/\/api.w.org\/{rel}","templated":true}]}}