{"id":2061461,"date":"2026-07-25T13:43:11","date_gmt":"2026-07-25T10:43:11","guid":{"rendered":"https:\/\/analyse.optim.biz\/?p=2061461"},"modified":"2026-07-25T13:43:11","modified_gmt":"2026-07-25T10:43:11","slug":"dictatura-forma-suprema-a-democratiei","status":"publish","type":"post","link":"https:\/\/analyse.optim.biz\/?p=2061461","title":{"rendered":"Dictatura \u2013 forma suprem\u0103 a democra\u021biei"},"content":{"rendered":"<p>[analyse_image type=&#8221;featured&#8221; src=&#8221;https:\/\/r3media.ro\/wp-content\/uploads\/2023\/09\/ursula-id-digital.jpghttps:\/\/r3media.ro\/wp-content\/uploads\/2023\/09\/ursula-id-digital.jpg&#8221;]<\/p>\n<article id=\"template-id-109\" class=\"post-109 tdb_templates type-tdb_templates status-publish post\">\n<div id=\"tdi_2\" class=\"tdc-zone\">\n<div class=\"tdc_zone tdi_3  wpb_row td-pb-row\">\n<div id=\"tdi_4\" class=\"tdc-row\">\n<div class=\"vc_row tdi_5  wpb_row td-pb-row\">\n<div class=\"vc_column tdi_7  wpb_column vc_column_container tdc-column td-pb-span8\">\n<div class=\"wpb_wrapper\">\n<div class=\"td_block_wrap tdb_breadcrumbs tdi_8 td-pb-border-top td_block_template_1 tdb-breadcrumbs \" data-td-block-uid=\"tdi_8\">\n<div class=\"tdb-block-inner td-fix-index\"><span><a title=\"Vede\u021bi toate articolele \u00een FEATURED\" class=\"tdb-entry-crumb\" href=\"https:\/\/r3media.ro\/category\/featured\/\">FEATURED<\/a><\/span><span class=\"tdb-bred-no-url-last\">Dictatura \u2013 forma suprem\u0103 a democra\u021biei<\/span><\/div>\n<\/div>\n<div class=\"td_block_wrap tdb_single_categories tdi_9 td-pb-border-top td_block_template_1 \" data-td-block-uid=\"tdi_9\">\n<div class=\"tdb-category td-fix-index\"><a class=\"tdb-entry-category\" href=\"https:\/\/r3media.ro\/category\/featured\/\">FEATURED<\/a><a class=\"tdb-entry-category\" href=\"https:\/\/r3media.ro\/category\/opinii\/\">OPINII<\/a><a class=\"tdb-entry-category\" href=\"https:\/\/r3media.ro\/category\/stiri\/\">\u0218TIRI<\/a><\/div>\n<\/div>\n<div class=\"td_block_wrap tdb_title tdi_10 tdb-single-title td-pb-border-top td_block_template_1\" data-td-block-uid=\"tdi_10\">\n<div class=\"tdb-block-inner td-fix-index\">\n<h1 class=\"tdb-title-text\">Dictatura \u2013 forma suprem\u0103 a democra\u021biei<\/h1>\n<\/div>\n<\/div>\n<div class=\"vc_row_inner tdi_12  vc_row vc_inner wpb_row td-pb-row\">\n<div class=\"vc_column_inner tdi_14  wpb_column vc_column_container tdc-inner-column td-pb-span12\">\n<div class=\"vc_column-inner\">\n<div class=\"wpb_wrapper\">\n<div class=\"td_block_wrap tdb_single_author tdi_15 td-pb-border-top td_block_template_1 tdb-post-meta\" data-td-block-uid=\"tdi_15\">\n<div class=\"tdb-block-inner td-fix-index\">\n<div class=\"tdb-author-name-wrap\"><a class=\"tdb-author-name\" href=\"https:\/\/r3media.ro\/author\/tru\/\">TRU (Traian Ungureanu)<\/a><\/div>\n<\/div>\n<\/div>\n<div class=\"td_block_wrap tdb_single_date tdi_16 td-pb-border-top td_block_template_1 tdb-post-meta\" data-td-block-uid=\"tdi_16\">\n<div class=\"tdb-block-inner td-fix-index\"><time class=\"entry-date updated td-module-date\" datetime=\"2026-07-25T16:43:11+03:00\">25\/07\/2026<\/time><\/div>\n<\/div>\n<\/div>\n<\/div>\n<\/div>\n<\/div>\n<div class=\"td_block_wrap tdb_single_content tdi_18 td-pb-border-top td_block_template_1 td-post-content tagdiv-type\" data-td-block-uid=\"tdi_18\">\n<div class=\"tdb-block-inner td-fix-index\">\n<p><strong>\u201eCel mai reu\u0219it truc al diavolului e s\u0103 ne conving\u0103 c\u0103 nu exist\u0103\u201d \u2013 spune o maxim\u0103 care m\u0103soar\u0103 distan\u021ba de la\u00a0 \u00a0pucioas\u0103 la izul de trandafiri \u0219i constat\u0103 c\u0103 nu e mai mult de un pas. Pasul gre\u0219it. La fel, \u00een politica zilelor noastre: cea mai conving\u0103toare manevr\u0103 a dictaturii e s\u0103 ne conving\u0103 c\u0103 e pasul ultim, spre des\u0103v\u00eer\u0219irea democra\u021biei. \u00a0\u00a0\u00a0<\/strong><\/p>\n<p>Scurta noastr\u0103 vacan\u021b\u0103 f\u0103r\u0103 tutel\u0103 a luat sf\u00eer\u0219it. Dup\u0103 45 de ani de dictatur\u0103 comunist\u0103, ne-am cuplat la un produs modernizat \u0219i m\u0103gulitor: dictatura liberal\u0103, birocratic\u0103 \u0219i euro-progresist\u0103. E \u0219i vina noastr\u0103. Am f\u0103cut, constant, confuzia \u00eentre cl\u0103direa \u00eenchisorii \u0219i con\u021binutul ei. Afl\u0103m, acum, c\u0103 exist\u0103 \u00eenchisori f\u0103r\u0103 ziduri \u0219i c\u0103 nu to\u021bi \u00eentemni\u021ba\u021bii zac \u00een lan\u021buri.<\/p>\n<p>Democra\u021bia se stinge dar o face luminos. Pentru prima oar\u0103 \u00een istoria servitu\u021bii umane, st\u0103p\u00eenirea \u00ee\u0219i hr\u0103ne\u0219te puterea cu argumentele binelui, \u00een aplauzele entuziaste ale \u0219erbilor. Magia a \u00eenlocuit for\u021ba \u0219i se joac\u0103 de-a \u0219tiin\u021ba \u0219i libertatea. Supu\u0219ii s\u00eent liberi s\u0103 cread\u0103 c\u0103 2 plus 2 fac 4. La sf\u00eer\u0219it, st\u0103p\u00eenii decid c\u0103, \u00eentr-adev\u0103r, 2 plus 2 fac 4 dar 4=3.<\/p>\n<p>Dar, mai \u00eent\u00eei, faptele, dac\u0103 a\u0219a se poate numi escrocheria care face turul Europei cu legea \u00een les\u0103.<\/p>\n<p>\u00cen Rom\u00e2nia, alegerile, aleg\u0103torii \u0219i institu\u021biile alese de ei au fost suprimate \u0219i fac figura\u021bie \u00eentr-o fars\u0103 cu premiera \u00een 2024 \u0219i finalul nicic\u00eend. Alegerile preziden\u021biale au fost anulate. Alegerile parlamentare au fost r\u0103st\u0103lm\u0103cite.<\/p>\n<p>Pre\u0219edintele a fost \u00eentronat prin fraud\u0103. Primul Ministru e \u00een func\u021bie, dup\u0103 ce a fost demis din func\u021bie de un parlament abrogat. Figurile \u0219i numele actorilor nu conteaz\u0103. Singurul lucru important e concedierea democra\u021biei \u0219i instaurarea unei dictaturi sta\u021bionare, ce-\u0219i adaog\u0103 zile \u0219i tertipuri sub lozinca \u201dPro-europenii salevaz\u0103 democra\u021bia!\u201d.<\/p>\n<p>Girantul acestei orori e Uniunea European\u0103. Participara ei la \u00eenscenarea din 2024 \u0219i t\u0103cerea ei \u00een fa\u021ba masacrului continuat s\u00eent dovedite \u0219i active. Am\u00eendou\u0103 \u021bin loc de Constitu\u021bie \u0219i libertate. Lumea pl\u0103tit\u0103 s\u0103 aplaude aplaud\u0103. Lumea naiv\u0103 aplaud\u0103. Cine nu aplaud\u0103 e du\u0219man de moarte al democra\u021biei.<\/p>\n<p>Dezm\u0103\u021bul \u00eenc\u0103rcat de la\u0219itate al slugilor rom\u00e2ne, a trecut c\u0103lare \u0219i seme\u021b \u00een Ungaria. Minciuna unsuroas\u0103 de la Bucure\u0219ti a devenit \u0219arj\u0103 de cavalerie la Budapesta.<\/p>\n<p>A\u0219a cum se \u0219tie, Ungaria a fost condus\u0103 de dictatorul Viktor Orban. Actele de teroare ale lui Orban: nu imigra\u021biei, nici un ban pentru r\u0103zboiul din Ucraina, defini\u021bia familiei ca uniune \u00eentre b\u0103rbat \u0219i femeie. Alegerile libere organizate de dictatura lui Orban au fost c\u00ee\u0219tigate de Peter Magyar, adversarul dictatorului \u0219i protejatul UE.<\/p>\n<p>Imediat dup\u0103 victorie \u0219i re\u00eentronara democra\u021biei, Magyar declan\u0219at o lovitur\u0103 de stat multipl\u0103: Pre\u0219edintele \u021b\u0103rii a fost demis, iar judec\u0103torii Cur\u021bii Constitu\u021bionale \u0219i parlamentarii neloiali au fost sco\u0219i din curs\u0103 prin legi cu caracter retroactiv. Reac\u021bia UE, scut al dmocra\u021biei \u0219i \u00eentrupare a statului de drept? Zero!<\/p>\n<p>Ba nu! UE a trecut febril la eliberarea fondurilor blocate pe timpul dictatorului Orban. \u0218i dac\u0103 va trece la execu\u021bii \u00een mas\u0103, ce va face Magyar mai departe e scundar \u0219i neintersant. Problema e UE.<\/p>\n<p>De fiecare dat\u0103 c\u00eend numele UE va fi invocat, oricine va avea dreptul s\u0103 adaoge c\u00eeteva detalii l\u0103muritoare: o trup\u0103 de mincino\u0219i, ipocri\u021bi diabolici \u0219i demagogi de tarla. La fel cum orice referin\u021b\u0103 la \u201esocietatea civil\u0103\u201d trebuie \u00eenlocuit\u0103 cu o formul\u0103 c\u00ee\u0219tigat\u0103 cu trud\u0103 de ordonan\u021b\u0103: \u201emafia civil\u0103\u201d. Oricum, nici unii nici al\u021bii nu trebuie b\u0103ga\u021bi \u00een seam\u0103 mai mult dec\u00eet o merit\u0103 un sabotor invitat la o dezbatere pe teme de protec\u021bia muncii.<\/p>\n<p>Dac\u0103 aceste dou\u0103 ilustre grupuri se simt jignite, e suficint s\u0103 emit\u0103 o dezmin\u021bire oficial\u0103. Toat\u0103 lumea \u00eei va da crezare.<\/p>\n<p>Cheia acestui fals enorm e teologic\u0103. Desigur, acea teologie mizer\u0103 \u00een care o ideologie se declar\u0103 Binele Etern iar purt\u0103rorii ei \u00eel \u00eenlocuisc pe Dumnezeu. Dup\u0103 cum se \u0219tie, Dumnezeu nu candideaz\u0103, nu e ales ci alege. Toate astea au fost \u00eensu\u0219ite exemplar de noul regim atoateconduc\u0103tor.<\/p>\n<p>\u00cen acast\u0103 lume, totul e rezolvat sau rezolvabil, cu o condi\u021bie: noua putere trebuie s\u0103 fie la putere pe veci \u0219i f\u0103r\u0103 rival. Cine preia aceast\u0103 teologie de plastic, va accepta, f\u0103r\u0103 ezit\u0103ri, c\u0103 democra\u021bia e dep\u0103\u0219it\u0103 \u0219i c\u0103 rolul ei s-a \u00eencheiat.<\/p>\n<p>Asta se \u00eent\u00eempl\u0103 de la un cap la cel\u0103lalt al Europei. \u0218i trebuie spus c\u0103 e absolut normal.<\/p>\n<p>\u00centr-adev\u0103r, alegerile s\u00eent o prostie, at\u00eeta vreme c\u00eet s-a stabilit cine \u0219i ce e binele. Situa\u021bia e tran\u0219at\u0103 defintiv. Putem l\u0103sa aleg\u0103torii s\u0103 r\u0103stoarne ordinea corect\u0103? Nu. Orice c\u00ee\u0219tig\u0103tor diferit de reprezentan\u021bii Binelui e, logic, un reprezentant al R\u0103ului.<\/p>\n<p>Dictatura devine, astfel, o condi\u021bie esen\u021bial\u0103 a democra\u021biei. Nu e clar ce \u0219i de ce ne-am dori mai mult. \u00cen acest regim de profund\u0103 dictatur\u0103 democratic\u0103, totul e permis, stabil \u0219i inutil: alegerile au loc dar nu decid nimic, informa\u021bia abund\u0103 dar e purificat\u0103 de mizerii du\u0219m\u0103noase iar opozitia e absolut legal\u0103 \u0219i primul du\u0219man al legii.<\/p>\n<p>Proiectul european are meritul cert de a fi eliminat confuziile \u0219i surprizele \u00eencurajate de democra\u021bie. Dar sufer\u0103 de mania manierelor \u0219i, din acest motiv, se code\u0219te \u00een fa\u021ba clarific\u0103rilor finale. Modelul e, tou\u0219i, la \u00eendem\u00een\u0103 \u0219i a fost oferit lumii de Daniel Ortega, de 20 de ani Suprem \u00een Nicaragua (al\u0103turi de so\u021bie).<\/p>\n<p>Ortega a ajuns la acelea\u0219i concluzii cu europenii. S\u0103tul de alegeri, Ortega a decis c\u0103 a\u0219a ceva nu va mai avea loc \u00een Nicaragua. Socotala e simpl\u0103 \u0219i repet\u0103 teologia dominant\u0103 a Europei progresist-liberale: din moment ce Binele e la putere, ce mai e de ales?<\/p>\n<p>Ortega \u0219i colegii europeni au dreptate. Binele nu poate face loc R\u0103ului. Solu\u021bia e o dictatur\u0103 care garanteaz\u0103 permanen\u021ba democra\u021biei, dup\u0103 ce o plive\u0219te de riscuri. \u00cen cele din urm\u0103, dictatura se dovede\u0219te forma suprem\u0103 a democra\u021biei iar democra\u021bia devine cea mai pu\u021bin rea dintre dictaturi.<\/p>\n<p>\u201eDar mie UE mi-a f\u0103cut \u0219osele \u0219i pe mine asta m\u0103 intereseaz\u0103!\u201d \u2013 va exclama cet\u0103\u021beanul anti-extremist, liberal, educat \u0219i urban. A\u0219a e! \u0218i, cu asta, civicul anului 2027 se ia de m\u00een\u0103 cu nostalgicul care ne tot spune din 1990 c\u0103 \u201eCeau\u0219escu a f\u0103cut metroul\u201d!<\/p>\n<p>\u0218i dictatura de fier a lui Ceau\u0219escu \u0219i dictatura stilat\u0103 a liberalilor au avut la dispozi\u021bie, toate p\u00eerghiile, to\u021bi banii \u0219i tot timpul. \u0218i au f\u0103cut \u0219osele. Asta \u0219tim. Atunci, unde e diferen\u021ba?<\/p>\n<p>Diferen\u021ba trebuia s\u0103 vin\u0103 tocmai din puterea ocrotit\u0103 a celor ce g\u00eendesc f\u0103r\u0103 supravegherea autorit\u0103\u021bilor, f\u0103r\u0103 \u00eendrumarea exeper\u021bilor \u00een expertiz\u0103 \u0219i dincolo de ideologii.<\/p>\n<p>Oricare ar fi ele.<\/p>\n<div class=\"crp_related     crp-masonry\">\n<h2>\u00ceN CONTEXT<\/h2>\n<ul>\n<li><a href=\"https:\/\/r3media.ro\/tru-democratie-fara-democrati\/\" class=\"crp_link post-117178\"><span class=\"crp_title\">TRU: Democra\u021bie f\u0103r\u0103 democra\u021bi<\/span><\/a><\/li>\n<li><a href=\"https:\/\/r3media.ro\/e-pace-in-eurolic\/\" class=\"crp_link post-118932\"><span class=\"crp_title\">E pace \u00een Eurol\u00eec<\/span><\/a><\/li>\n<li><a href=\"https:\/\/r3media.ro\/exceptia-romaneasca-legenda-traian-ungureanu\/\" class=\"crp_link post-117799\"><span class=\"crp_title\">Excep\u021bia rom\u00e2neasc\u0103 e o legend\u0103<\/span><\/a><\/li>\n<li><a href=\"https:\/\/r3media.ro\/paternalism-dupa-liberalism-3-recompensele-publice-pentru-confectionarea-consensului\/\" class=\"crp_link post-113309\"><span class=\"crp_title\">Paternalism dup\u0103 liberalism (3) Recompensele publice pentru confec\u021bionarea consensului<\/span><\/a><\/li>\n<li><a href=\"https:\/\/r3media.ro\/paternalism-dupa-liberalism-1\/\" class=\"crp_link post-112792\"><span class=\"crp_title\">Paternalism dup\u0103 liberalism (1)<\/span><\/a><\/li>\n<li><a href=\"https:\/\/r3media.ro\/despre-democratie-in-democratia-din-romania\/\" class=\"crp_link post-119091\"><span class=\"crp_title\">Despre democra\u021bie \u00een democra\u021bia din Rom\u00e2nia<\/span><\/a><\/li>\n<li><a href=\"https:\/\/r3media.ro\/un-an-de-la-moartea-democratiei\/\" class=\"crp_link post-114409\"><span class=\"crp_title\">Un an de la moartea democra\u021biei<\/span><\/a><\/li>\n<li><a href=\"https:\/\/r3media.ro\/lectii-de-inapoiere\/\" class=\"crp_link post-119526\"><span class=\"crp_title\">Lec\u021bii de \u00eenapoiere<\/span><\/a><\/li>\n<\/ul>\n<\/div>\n<\/div>\n<\/div>\n<div class=\"td_block_wrap tdb_single_tags tdi_19 td-pb-border-top td_block_template_1\" data-td-block-uid=\"tdi_19\">\n<div class=\"tdb-block-inner td-fix-index\">\n<ul class=\"tdb-tags\">\n<li><span>SUBIECTE FIERBIN\u021aI<\/span><\/li>\n<li><a href=\"https:\/\/r3media.ro\/tag\/anularea-alegerilor\/\">anularea alegerilor<\/a><\/li>\n<li><a href=\"https:\/\/r3media.ro\/tag\/democratie\/\">democratie<\/a><\/li>\n<li><a href=\"https:\/\/r3media.ro\/tag\/romania-in-uniunea-europeana\/\">Rom\u00e2nia \u00een Uniunea European\u0103<\/a><\/li>\n<li><a href=\"https:\/\/r3media.ro\/tag\/traian-ungureanu-tru\/\">traian ungureanu (TRU)<\/a><\/li>\n<\/ul>\n<\/div>\n<\/div>\n<div class=\"td_block_wrap td_block_9 tdi_20 td_with_ajax_pagination td-pb-border-top td_block_template_1 td-column-2 td_block_padding td_block_bot_line\" data-td-block-uid=\"tdi_20\">\n<div class=\"td-block-title-wrap\">\n<h4 class=\"block-title td-block-title\"><span class=\"td-pulldown-size\">CITE\u0218TE MAI MULT<\/span><\/h4>\n<\/div>\n<div id=\"tdi_20\" class=\"td_block_inner\">\n<div class=\"td-block-row\">\n<div class=\"td-block-span6\">\n<div class=\"td_module_8 td_module_wrap\">\n<div class=\"item-details\">\n<h3 class=\"entry-title td-module-title\"><a href=\"https:\/\/r3media.ro\/marea-britanie-apa-inteligenta-artificiala-romania-centru-ai-restrictii-consum-apa\/\" rel=\"bookmark\" title=\"Marea Britanie nu mai are suficient\u0103 ap\u0103 pentru Inteligen\u021ba Artificial\u0103, dar Rom\u00e2nia vrea s\u0103 g\u0103zduiasc\u0103 un centru AI care consum\u0103 c\u00e2t sute de mii de oameni \u0219i impune restric\u021bii la consumul de ap\u0103 al popula\u021biei\">Marea Britanie nu mai are suficient\u0103 ap\u0103 pentru Inteligen\u021ba Artificial\u0103, dar Rom\u00e2nia vrea s\u0103&#8230;<\/a><\/h3>\n<div class=\"td-module-meta-info\"><a href=\"https:\/\/r3media.ro\/category\/stiri-prim-plan\/\" class=\"td-post-category\">PRIM PLAN<\/a><span class=\"td-post-author-name\"><a href=\"https:\/\/r3media.ro\/author\/radu_ursan\/\">Radu Ursan<\/a><span>&#8211;<\/span><\/span><span class=\"td-post-date\"><time class=\"entry-date updated td-module-date\" datetime=\"2026-07-23T11:44:13+03:00\">23\/07\/2026<\/time><\/span><\/div>\n<\/div>\n<\/div>\n<\/div>\n<div class=\"td-block-span6\">\n<div class=\"td_module_8 td_module_wrap\">\n<div class=\"item-details\">\n<h3 class=\"entry-title td-module-title\"><a href=\"https:\/\/r3media.ro\/campion-olimpic-olaf-tufte-mort-subit-50-ani\/\" rel=\"bookmark\" title=\"Campionul olimpic Olaf Tufte a murit subit la 50 de ani\">Campionul olimpic Olaf Tufte a murit subit la 50 de ani<\/a><\/h3>\n<div class=\"td-module-meta-info\"><a href=\"https:\/\/r3media.ro\/category\/actualitate\/\" class=\"td-post-category\">ACTUALITATE<\/a><span class=\"td-post-author-name\"><a href=\"https:\/\/r3media.ro\/author\/oana\/\">Oana Ivan<\/a><span>&#8211;<\/span><\/span><span class=\"td-post-date\"><time class=\"entry-date updated td-module-date\" datetime=\"2026-07-22T12:11:02+03:00\">22\/07\/2026<\/time><\/span><\/div>\n<\/div>\n<\/div>\n<\/div>\n<\/div>\n<div class=\"td-block-row\">\n<div class=\"td-block-span6\">\n<div class=\"td_module_8 td_module_wrap\">\n<div class=\"item-details\">\n<h3 class=\"entry-title td-module-title\"><a href=\"https:\/\/r3media.ro\/explozie-incendiu-fabrica-kronospan-brasov-video\/\" rel=\"bookmark\" title=\"VIDEO | Explozie urmat\u0103 de un incendiu la fabrica Kronospan din Bra\u0219ov. \u00cen timp ce pompierii \u00eencercau s\u0103 sting\u0103 focul s-a produs o alt\u0103 explozie\">VIDEO | Explozie urmat\u0103 de un incendiu la fabrica Kronospan din Bra\u0219ov. \u00cen timp&#8230;<\/a><\/h3>\n<div class=\"td-module-meta-info\"><a href=\"https:\/\/r3media.ro\/category\/actualitate\/\" class=\"td-post-category\">ACTUALITATE<\/a><span class=\"td-post-author-name\"><a href=\"https:\/\/r3media.ro\/author\/oana\/\">Oana Ivan<\/a><span>&#8211;<\/span><\/span><span class=\"td-post-date\"><time class=\"entry-date updated td-module-date\" datetime=\"2026-07-22T10:01:28+03:00\">22\/07\/2026<\/time><\/span><\/div>\n<\/div>\n<\/div>\n<\/div>\n<div class=\"td-block-span6\">\n<div class=\"td_module_8 td_module_wrap\">\n<div class=\"item-details\">\n<h3 class=\"entry-title td-module-title\"><a href=\"https:\/\/r3media.ro\/asa-incepe-compania-openai-afirma-un-model-de-inteligenta-artificiala-a-atacat-din-proprie-initiativa-sistemele-unei-alte-companii\/\" rel=\"bookmark\" title=\"A\u0219a \u00eencepe? Compania OpenAI afirm\u0103 un model de inteligen\u021b\u0103 artificial\u0103 a ATACAT din proprie ini\u021biativ\u0103 sistemele unei alte companii\">A\u0219a \u00eencepe? Compania OpenAI afirm\u0103 un model de inteligen\u021b\u0103 artificial\u0103 a ATACAT din proprie&#8230;<\/a><\/h3>\n<div class=\"td-module-meta-info\"><a href=\"https:\/\/r3media.ro\/category\/actualitate\/\" class=\"td-post-category\">ACTUALITATE<\/a><span class=\"td-post-author-name\"><a href=\"https:\/\/r3media.ro\/author\/teodor_stan\/\">Teodor Stan<\/a><span>&#8211;<\/span><\/span><span class=\"td-post-date\"><time class=\"entry-date updated td-module-date\" datetime=\"2026-07-22T09:10:53+03:00\">22\/07\/2026<\/time><\/span><\/div>\n<\/div>\n<\/div>\n<\/div>\n<\/div>\n<div class=\"td-block-row\">\n<div class=\"td-block-span6\">\n<div class=\"td_module_8 td_module_wrap\">\n<div class=\"item-details\">\n<h3 class=\"entry-title td-module-title\"><a href=\"https:\/\/r3media.ro\/episcopul-husilor-oameni-animale-therieni-degradare-progresism\/\" rel=\"bookmark\" title=\"Episcopul Hu\u0219ilor, despre oamenii care se cred animale: V\u0103 da\u021bi seama c\u00e2t\u0103 degradare uman\u0103 este? De ce? Pentru c\u0103 se \u00eencred \u00een progresism\">Episcopul Hu\u0219ilor, despre oamenii care se cred animale: V\u0103 da\u021bi seama c\u00e2t\u0103 degradare uman\u0103&#8230;<\/a><\/h3>\n<div class=\"td-module-meta-info\"><a href=\"https:\/\/r3media.ro\/category\/actualitate\/\" class=\"td-post-category\">ACTUALITATE<\/a><span class=\"td-post-author-name\"><a href=\"https:\/\/r3media.ro\/author\/radu_ursan\/\">Radu Ursan<\/a><span>&#8211;<\/span><\/span><span class=\"td-post-date\"><time class=\"entry-date updated td-module-date\" datetime=\"2026-07-21T19:30:46+03:00\">21\/07\/2026<\/time><\/span><\/div>\n<\/div>\n<\/div>\n<\/div>\n<div class=\"td-block-span6\">\n<div class=\"td_module_8 td_module_wrap\">\n<div class=\"item-details\">\n<h3 class=\"entry-title td-module-title\"><a href=\"https:\/\/r3media.ro\/video-cult-femeie-dumnezeu-mama-romania\/\" rel=\"bookmark\" title=\"VIDEO | Un cult care consider\u0103 o femeie coreean\u0103 drept \u201eDumnezeu Mama\u201d face prozeli\u021bi \u00een Rom\u00e2nia\">VIDEO | Un cult care consider\u0103 o femeie coreean\u0103 drept \u201eDumnezeu Mama\u201d face prozeli\u021bi&#8230;<\/a><\/h3>\n<div class=\"td-module-meta-info\"><a href=\"https:\/\/r3media.ro\/category\/actualitate\/\" class=\"td-post-category\">ACTUALITATE<\/a><span class=\"td-post-author-name\"><a href=\"https:\/\/r3media.ro\/author\/redactia\/\">Redac\u021bia<\/a><span>&#8211;<\/span><\/span><span class=\"td-post-date\"><time class=\"entry-date updated td-module-date\" datetime=\"2026-07-21T11:14:08+03:00\">21\/07\/2026<\/time><\/span><\/div>\n<\/div>\n<\/div>\n<\/div>\n<\/div>\n<div class=\"td-block-row\">\n<div class=\"td-block-span6\">\n<div class=\"td_module_8 td_module_wrap\">\n<div class=\"item-details\">\n<h3 class=\"entry-title td-module-title\"><a href=\"https:\/\/r3media.ro\/cehia-interzice-telefoanele-in-scoli\/\" rel=\"bookmark\" title=\"Cehia se preg\u0103te\u0219te s\u0103 interzic\u0103 telefoanele mobile \u00een \u0219coli\">Cehia se preg\u0103te\u0219te s\u0103 interzic\u0103 telefoanele mobile \u00een \u0219coli<\/a><\/h3>\n<div class=\"td-module-meta-info\"><a href=\"https:\/\/r3media.ro\/category\/actualitate\/\" class=\"td-post-category\">ACTUALITATE<\/a><span class=\"td-post-author-name\"><a href=\"https:\/\/r3media.ro\/author\/redactia\/\">Redac\u021bia<\/a><span>&#8211;<\/span><\/span><span class=\"td-post-date\"><time class=\"entry-date updated td-module-date\" datetime=\"2026-07-20T22:34:13+03:00\">20\/07\/2026<\/time><\/span><\/div>\n<\/div>\n<\/div>\n<\/div>\n<div class=\"td-block-span6\">\n<div class=\"td_module_8 td_module_wrap\">\n<div class=\"item-details\">\n<h3 class=\"entry-title td-module-title\"><a href=\"https:\/\/r3media.ro\/mihail-neamtu-oblgatie-romania\/\" rel=\"bookmark\" title=\"Mihail Neam\u021bu: Suntem o \u021bar\u0103 mic\u0103, iar singura obliga\u021bie a politicienilor de la Bucure\u0219ti e s\u0103 nu introduc\u0103 Rom\u00e2nia \u00eentr-un r\u0103zboi stupid \u0219i perdant\">Mihail Neam\u021bu: Suntem o \u021bar\u0103 mic\u0103, iar singura obliga\u021bie a politicienilor de la Bucure\u0219ti&#8230;<\/a><\/h3>\n<div class=\"td-module-meta-info\"><a href=\"https:\/\/r3media.ro\/category\/actualitate\/\" class=\"td-post-category\">ACTUALITATE<\/a><span class=\"td-post-author-name\"><a href=\"https:\/\/r3media.ro\/author\/redactia\/\">Redac\u021bia<\/a><span>&#8211;<\/span><\/span><span class=\"td-post-date\"><time class=\"entry-date updated td-module-date\" datetime=\"2026-07-20T22:01:16+03:00\">20\/07\/2026<\/time><\/span><\/div>\n<\/div>\n<\/div>\n<\/div>\n<\/div>\n<div class=\"td-block-row\">\n<div class=\"td-block-span6\">\n<div class=\"td_module_8 td_module_wrap\">\n<div class=\"item-details\">\n<h3 class=\"entry-title td-module-title\"><a href=\"https:\/\/r3media.ro\/petrisor-peiu-conditii-aur-vot-guvernul-vestea-nicusor-dan-solutii-bunastare-romani\/\" rel=\"bookmark\" title=\"Condi\u021biile AUR pentru a vota Guvernul Ve\u0219tea. Petri\u0219or Peiu propune solu\u021bii clare pentru bun\u0103starea rom\u00e2nilor\">Condi\u021biile AUR pentru a vota Guvernul Ve\u0219tea. Petri\u0219or Peiu propune solu\u021bii clare pentru bun\u0103starea&#8230;<\/a><\/h3>\n<div class=\"td-module-meta-info\"><a href=\"https:\/\/r3media.ro\/category\/stiri\/\" class=\"td-post-category\">\u0218TIRI<\/a><span class=\"td-post-author-name\"><a href=\"https:\/\/r3media.ro\/author\/oana\/\">Oana Ivan<\/a><span>&#8211;<\/span><\/span><span class=\"td-post-date\"><time class=\"entry-date updated td-module-date\" datetime=\"2026-06-17T10:10:31+03:00\">17\/06\/2026<\/time><\/span><\/div>\n<\/div>\n<\/div>\n<\/div>\n<div class=\"td-block-span6\">\n<div class=\"td_module_8 td_module_wrap\">\n<div class=\"item-details\">\n<h3 class=\"entry-title td-module-title\"><a href=\"https:\/\/r3media.ro\/mihail-neamtu-neeuropeana-imperiu-birocrati-bruxelles-inarmarea-germaniei\/\" rel=\"bookmark\" title=\"EXCLUSIVITATE Mihail Neam\u021bu: Exist\u0103 o tendin\u021b\u0103 neeuropean\u0103 de a se crea un imperiu condus de birocra\u021bi de la Bruxelles \/ Pericolul \u00eenarm\u0103rii Germaniei\">EXCLUSIVITATE Mihail Neam\u021bu: Exist\u0103 o tendin\u021b\u0103 neeuropean\u0103 de a se crea un imperiu condus&#8230;<\/a><\/h3>\n<div class=\"td-module-meta-info\"><a href=\"https:\/\/r3media.ro\/category\/stiri\/\" class=\"td-post-category\">\u0218TIRI<\/a><span class=\"td-post-author-name\"><a href=\"https:\/\/r3media.ro\/author\/oana\/\">Oana Ivan<\/a><span>&#8211;<\/span><\/span><span class=\"td-post-date\"><time class=\"entry-date updated td-module-date\" datetime=\"2026-06-22T09:02:12+03:00\">22\/06\/2026<\/time><\/span><\/div>\n<\/div>\n<\/div>\n<\/div>\n<\/div>\n<div class=\"td-block-row\">\n<div class=\"td-block-span6\">\n<div class=\"td_module_8 td_module_wrap\">\n<div class=\"item-details\">\n<h3 class=\"entry-title td-module-title\"><a href=\"https:\/\/r3media.ro\/spania-invinge-argentina-castiga-cupa-mondiala\/\" rel=\"bookmark\" title=\"Spania a \u00eenvins Argentina \u0219i a c\u00e2\u0219tigat Cupa Mondial\u0103 pentru a doua oar\u0103 \u00een istorie\">Spania a \u00eenvins Argentina \u0219i a c\u00e2\u0219tigat Cupa Mondial\u0103 pentru a doua oar\u0103 \u00een&#8230;<\/a><\/h3>\n<div class=\"td-module-meta-info\"><a href=\"https:\/\/r3media.ro\/category\/actualitate\/\" class=\"td-post-category\">ACTUALITATE<\/a><span class=\"td-post-author-name\"><a href=\"https:\/\/r3media.ro\/author\/oana\/\">Oana Ivan<\/a><span>&#8211;<\/span><\/span><span class=\"td-post-date\"><time class=\"entry-date updated td-module-date\" datetime=\"2026-07-20T01:04:07+03:00\">20\/07\/2026<\/time><\/span><\/div>\n<\/div>\n<\/div>\n<\/div>\n<div class=\"td-block-span6\">\n<div class=\"td_module_8 td_module_wrap\">\n<div class=\"item-details\">\n<h3 class=\"entry-title td-module-title\"><a href=\"https:\/\/r3media.ro\/prapad-busteni-valea-prahovei-statiuni-ploi-viitura-oameni-raniti-masini-avariate-case-inundate\/\" rel=\"bookmark\" title=\"VIDEO | Pr\u0103p\u0103d la Bu\u0219teni! Ploile au cauzat o viitur\u0103 care a m\u0103turat tot \u00een cale \u00een sta\u021biunile de pe valea Prahovei: oameni r\u0103ni\u021bi, ma\u0219ini avariate \u0219i locuin\u021be inundate\">VIDEO | Pr\u0103p\u0103d la Bu\u0219teni! Ploile au cauzat o viitur\u0103 care a m\u0103turat tot&#8230;<\/a><\/h3>\n<div class=\"td-module-meta-info\"><a href=\"https:\/\/r3media.ro\/category\/actualitate\/\" class=\"td-post-category\">ACTUALITATE<\/a><span class=\"td-post-author-name\"><a href=\"https:\/\/r3media.ro\/author\/oana\/\">Oana Ivan<\/a><span>&#8211;<\/span><\/span><span class=\"td-post-date\"><time class=\"entry-date updated td-module-date\" datetime=\"2026-07-19T19:07:45+03:00\">19\/07\/2026<\/time><\/span><\/div>\n<\/div>\n<\/div>\n<\/div>\n<\/div>\n<\/div>\n<div class=\"td-load-more-wrap td-load-more-infinite-wrap\" id=\"infinite-lm-tdi_20\"><a href=\"https:\/\/r3media.ro\/dictatura-forma-suprema-a-democratiei\/\" class=\"td_ajax_load_more td_ajax_load_more_js\" aria-label=\"\u00cenc\u0103rca\u021bi mai multe\" id=\"next-page-tdi_20\" data-td_block_id=\"tdi_20\">\u00cenc\u0103rca\u021bi mai multe<\/a><\/div>\n<\/div>\n<div class=\"td_block_wrap tdb_single_comments tdi_21 tdb-comm-layout2 td-pb-border-top td_block_template_1\" data-td-block-uid=\"tdi_21\">\n<div class=\"tdb-block-inner td-fix-index\">\n<div class=\"comments\" id=\"comments\">\n<div id=\"respond\" class=\"comment-respond\">\n<h3 id=\"reply-title\" class=\"comment-reply-title\">AI CEVA DE SPUS? <small><a rel=\"nofollow\" id=\"cancel-comment-reply-link\" href=\"https:\/\/r3media.ro\/dictatura-forma-suprema-a-democratiei\/#respond\">Renun\u021ba\u021bi la r\u0103spuns<\/a><\/small><\/h3>\n<div class=\"comment-form-input-wrap td-form-comment\">\n<div class=\"td-warning-comment\">V\u0103 rug\u0103m s\u0103 introduce\u021bi comentariul dvs.!<\/div>\n<\/div>\n<div class=\"comment-form-input-wrap td-form-author\">\n<div class=\"td-warning-author\">Introduce\u021bi aici numele dvs.<\/div>\n<\/div>\n<div class=\"comment-form-input-wrap td-form-email\">\n<div class=\"td-warning-email-error\">A\u021bi introdus o adres\u0103 de e-mail incorect\u0103!<\/div>\n<div class=\"td-warning-email\">V\u0103 rug\u0103m s\u0103 introduce\u021bi adresa dvs. de e-mail aici<\/div>\n<\/div>\n<\/div>\n<\/div>\n<\/div>\n<\/div>\n<\/div>\n<\/div>\n<div class=\"vc_column tdi_23  wpb_column vc_column_container tdc-column td-pb-span4 td-is-sticky\">\n<div class=\"wpb_wrapper\" data-sticky-enabled-on=\"W3RydWUsdHJ1ZSx0cnVlLHRydWVd\" data-sticky-offset=\"20\" data-sticky-is-width-auto=\"W2ZhbHNlLGZhbHNlLGZhbHNlLGZhbHNlXQ==\">\n<div class=\"wpb_wrapper td_block_wrap vc_widget_sidebar tdi_25 \">\n<div class=\"td_block_wrap td_block_7 td_block_widget tdi_26 td-pb-border-top td_block_template_1 td-column-1 td_block_padding\" data-td-block-uid=\"tdi_26\">\n<div class=\"td-block-title-wrap\">\n<h4 class=\"block-title td-block-title\"><span class=\"td-pulldown-size\">Articole RELA\u021aIONATE<\/span><\/h4>\n<\/div>\n<div id=\"tdi_26\" class=\"td_block_inner\">\n<div class=\"td-block-span12\">\n<div class=\"td_module_6 td_module_wrap td-animation-stack\">\n<div class=\"td-module-thumb\"><a href=\"https:\/\/r3media.ro\/ford-recheama-service-500-000-masini-risc-incendiu-motor\/\" rel=\"bookmark\" class=\"td-image-wrap \" title=\"Ford recheam\u0103 \u00een service peste 500.000 de ma\u0219ini din cauza riscului de incendiu la motor\"><img loading=\"lazy\" decoding=\"async\" class=\"entry-thumb\" src=\"https:\/\/r3media.ro\/wp-content\/uploads\/2025\/03\/ford-100x70.png\" alt title=\"Ford recheam\u0103 \u00een service peste 500.000 de ma\u0219ini din cauza riscului de incendiu la motor\" width=\"100\" height=\"70\"><\/a><\/div>\n<div class=\"item-details\">\n<h3 class=\"entry-title td-module-title\"><a href=\"https:\/\/r3media.ro\/ford-recheama-service-500-000-masini-risc-incendiu-motor\/\" rel=\"bookmark\" title=\"Ford recheam\u0103 \u00een service peste 500.000 de ma\u0219ini din cauza riscului de incendiu la motor\">Ford recheam\u0103 \u00een service peste 500.000 de ma\u0219ini din cauza riscului&#8230;<\/a><\/h3>\n<div class=\"td-module-meta-info\"><span class=\"td-post-date\"><time class=\"entry-date updated td-module-date\" datetime=\"2026-07-25T11:44:05+03:00\">25\/07\/2026<\/time><\/span><\/div>\n<\/div>\n<\/div>\n<\/div>\n<div class=\"td-block-span12\">\n<div class=\"td_module_6 td_module_wrap td-animation-stack\">\n<div class=\"td-module-thumb\"><a href=\"https:\/\/r3media.ro\/nicusor-dan-o-noua-drona-doborata-la-10-kilometri-vest-de-sfantu-gheorghe\/\" rel=\"bookmark\" class=\"td-image-wrap \" title=\"Nicu\u0219or Dan: O nou\u0103 dron\u0103 \u2013 dobor\u00e2t\u0103 la 10 kilometri vest de Sf\u00e2ntu Gheorghe\"><img loading=\"lazy\" decoding=\"async\" class=\"entry-thumb\" src=\"https:\/\/r3media.ro\/wp-content\/uploads\/2024\/09\/Romanian_F-16_Fighting_Falcon_lands_at_Borcea_Air_Base_Romania-100x70.jpg\" alt title=\"Nicu\u0219or Dan: O nou\u0103 dron\u0103 \u2013 dobor\u00e2t\u0103 la 10 kilometri vest de Sf\u00e2ntu Gheorghe\" width=\"100\" height=\"70\"><\/a><\/div>\n<div class=\"item-details\">\n<h3 class=\"entry-title td-module-title\"><a href=\"https:\/\/r3media.ro\/nicusor-dan-o-noua-drona-doborata-la-10-kilometri-vest-de-sfantu-gheorghe\/\" rel=\"bookmark\" title=\"Nicu\u0219or Dan: O nou\u0103 dron\u0103 \u2013 dobor\u00e2t\u0103 la 10 kilometri vest de Sf\u00e2ntu Gheorghe\">Nicu\u0219or Dan: O nou\u0103 dron\u0103 \u2013 dobor\u00e2t\u0103 la 10 kilometri vest&#8230;<\/a><\/h3>\n<div class=\"td-module-meta-info\"><span class=\"td-post-date\"><time class=\"entry-date updated td-module-date\" datetime=\"2026-07-25T08:26:54+03:00\">25\/07\/2026<\/time><\/span><\/div>\n<\/div>\n<\/div>\n<\/div>\n<div class=\"td-block-span12\">\n<div class=\"td_module_6 td_module_wrap td-animation-stack\">\n<div class=\"td-module-thumb\"><a href=\"https:\/\/r3media.ro\/25-iulie-inaugurarea-pasajului-bucur-obor-realizat-romani\/\" rel=\"bookmark\" class=\"td-image-wrap \" title=\"Calendarul zilei 25 iulie: 47 de ani de la inaugurarea pasajului Bucur \u2013 Obor. Obiectivul a fost proiectat \u0219i realizat exclusiv de rom\u00e2ni, \u00een doar 15 luni\"><img loading=\"lazy\" decoding=\"async\" class=\"entry-thumb\" src=\"https:\/\/r3media.ro\/wp-content\/uploads\/2022\/07\/pasajul-bucur-obor-e1658696921934-100x70.jpg\" alt title=\"Calendarul zilei 25 iulie: 47 de ani de la inaugurarea pasajului Bucur \u2013 Obor. Obiectivul a fost proiectat \u0219i realizat exclusiv de rom\u00e2ni, \u00een doar 15 luni\" width=\"100\" height=\"70\"><\/a><\/div>\n<div class=\"item-details\">\n<h3 class=\"entry-title td-module-title\"><a href=\"https:\/\/r3media.ro\/25-iulie-inaugurarea-pasajului-bucur-obor-realizat-romani\/\" rel=\"bookmark\" title=\"Calendarul zilei 25 iulie: 47 de ani de la inaugurarea pasajului Bucur \u2013 Obor. Obiectivul a fost proiectat \u0219i realizat exclusiv de rom\u00e2ni, \u00een doar 15 luni\">Calendarul zilei 25 iulie: 47 de ani de la inaugurarea pasajului&#8230;<\/a><\/h3>\n<div class=\"td-module-meta-info\"><span class=\"td-post-date\"><time class=\"entry-date updated td-module-date\" datetime=\"2026-07-24T21:48:54+03:00\">24\/07\/2026<\/time><\/span><\/div>\n<\/div>\n<\/div>\n<\/div>\n<div class=\"td-block-span12\">\n<div class=\"td_module_6 td_module_wrap td-animation-stack\">\n<div class=\"td-module-thumb\"><a href=\"https:\/\/r3media.ro\/25-iulie-adormirea-sfintei-ana-mama-preasfintei-nascatoare-de-dumnezeu\/\" rel=\"bookmark\" class=\"td-image-wrap \" title=\"Calendarul zilei 25 iulie: Adormirea Sfintei Ana, mama Preasfintei N\u0103sc\u0103toare de Dumnezeu\"><img loading=\"lazy\" decoding=\"async\" class=\"entry-thumb\" src=\"https:\/\/r3media.ro\/wp-content\/uploads\/2023\/07\/sddefault-3-100x70.jpg\" alt title=\"Calendarul zilei 25 iulie: Adormirea Sfintei Ana, mama Preasfintei N\u0103sc\u0103toare de Dumnezeu\" width=\"100\" height=\"70\"><\/a><\/div>\n<div class=\"item-details\">\n<h3 class=\"entry-title td-module-title\"><a href=\"https:\/\/r3media.ro\/25-iulie-adormirea-sfintei-ana-mama-preasfintei-nascatoare-de-dumnezeu\/\" rel=\"bookmark\" title=\"Calendarul zilei 25 iulie: Adormirea Sfintei Ana, mama Preasfintei N\u0103sc\u0103toare de Dumnezeu\">Calendarul zilei 25 iulie: Adormirea Sfintei Ana, mama Preasfintei N\u0103sc\u0103toare de&#8230;<\/a><\/h3>\n<div class=\"td-module-meta-info\"><span class=\"td-post-date\"><time class=\"entry-date updated td-module-date\" datetime=\"2026-07-24T20:48:06+03:00\">24\/07\/2026<\/time><\/span><\/div>\n<\/div>\n<\/div>\n<\/div>\n<div class=\"td-block-span12\">\n<div class=\"td_module_6 td_module_wrap td-animation-stack\">\n<div class=\"td-module-thumb\"><a href=\"https:\/\/r3media.ro\/iiccmer-solicita-demolare-statuie-poet-adrian-paunescu-gradina-icoanei-bucuresti\/\" rel=\"bookmark\" class=\"td-image-wrap \" title=\"IICCMER solicit\u0103 demolarea statuii poetului Adrian P\u0103unescu din Gr\u0103dina Icoanei din Bucure\u0219ti\"><img loading=\"lazy\" decoding=\"async\" class=\"entry-thumb\" src=\"https:\/\/r3media.ro\/wp-content\/uploads\/2026\/07\/andrei-si-adrian-paunescu-100x70.jpg\" alt title=\"IICCMER solicit\u0103 demolarea statuii poetului Adrian P\u0103unescu din Gr\u0103dina Icoanei din Bucure\u0219ti\" width=\"100\" height=\"70\"><\/a><\/div>\n<div class=\"item-details\">\n<h3 class=\"entry-title td-module-title\"><a href=\"https:\/\/r3media.ro\/iiccmer-solicita-demolare-statuie-poet-adrian-paunescu-gradina-icoanei-bucuresti\/\" rel=\"bookmark\" title=\"IICCMER solicit\u0103 demolarea statuii poetului Adrian P\u0103unescu din Gr\u0103dina Icoanei din Bucure\u0219ti\">IICCMER solicit\u0103 demolarea statuii poetului Adrian P\u0103unescu din Gr\u0103dina Icoanei din&#8230;<\/a><\/h3>\n<div class=\"td-module-meta-info\"><span class=\"td-post-date\"><time class=\"entry-date updated td-module-date\" datetime=\"2026-07-24T18:53:09+03:00\">24\/07\/2026<\/time><\/span><\/div>\n<\/div>\n<\/div>\n<\/div>\n<div class=\"td-block-span12\">\n<div class=\"td_module_6 td_module_wrap td-animation-stack\">\n<div class=\"td-module-thumb\"><a href=\"https:\/\/r3media.ro\/nicusor-dan-pilot-roman-doborat-drona-spatiul-aerian-romania\/\" rel=\"bookmark\" class=\"td-image-wrap \" title=\"Nicu\u0219or Dan: O dron\u0103 a fost dobor\u00e2t\u0103 de un pilot rom\u00e2n de F-16 \u00een spa\u021biul aerian al \u021b\u0103rii\"><img loading=\"lazy\" decoding=\"async\" class=\"entry-thumb\" src=\"https:\/\/r3media.ro\/wp-content\/uploads\/2026\/05\/avion-romanesc-drona-ucraineana-100x70.jpg\" alt title=\"Nicu\u0219or Dan: O dron\u0103 a fost dobor\u00e2t\u0103 de un pilot rom\u00e2n de F-16 \u00een spa\u021biul aerian al \u021b\u0103rii\" width=\"100\" height=\"70\"><\/a><\/div>\n<div class=\"item-details\">\n<h3 class=\"entry-title td-module-title\"><a href=\"https:\/\/r3media.ro\/nicusor-dan-pilot-roman-doborat-drona-spatiul-aerian-romania\/\" rel=\"bookmark\" title=\"Nicu\u0219or Dan: O dron\u0103 a fost dobor\u00e2t\u0103 de un pilot rom\u00e2n de F-16 \u00een spa\u021biul aerian al \u021b\u0103rii\">Nicu\u0219or Dan: O dron\u0103 a fost dobor\u00e2t\u0103 de un pilot rom\u00e2n&#8230;<\/a><\/h3>\n<div class=\"td-module-meta-info\"><span class=\"td-post-date\"><time class=\"entry-date updated td-module-date\" datetime=\"2026-07-24T11:36:54+03:00\">24\/07\/2026<\/time><\/span><\/div>\n<\/div>\n<\/div>\n<\/div>\n<div class=\"td-block-span12\">\n<div class=\"td_module_6 td_module_wrap td-animation-stack\">\n<div class=\"td-module-thumb\"><a href=\"https:\/\/r3media.ro\/mihail-neamtu-aur-transparentizarea-surselor-de-finantare-a-ong-urilor-este-obligatorie-unele-dintre-ele-pun-in-pericol-interesele-romaniei\/\" rel=\"bookmark\" class=\"td-image-wrap \" title=\"Mihail Neam\u021bu (AUR): Transparentizarea surselor de finan\u021bare a ONG-urilor este obligatorie! Unele dintre ele pun \u00een pericol interesele Rom\u00e2niei\"><img loading=\"lazy\" decoding=\"async\" class=\"entry-thumb\" src=\"https:\/\/r3media.ro\/wp-content\/uploads\/2025\/06\/mihail-neamtu-camera-deputatilor-100x70.png\" alt title=\"Mihail Neam\u021bu (AUR): Transparentizarea surselor de finan\u021bare a ONG-urilor este obligatorie! Unele dintre ele pun \u00een pericol interesele Rom\u00e2niei\" width=\"100\" height=\"70\"><\/a><\/div>\n<div class=\"item-details\">\n<h3 class=\"entry-title td-module-title\"><a href=\"https:\/\/r3media.ro\/mihail-neamtu-aur-transparentizarea-surselor-de-finantare-a-ong-urilor-este-obligatorie-unele-dintre-ele-pun-in-pericol-interesele-romaniei\/\" rel=\"bookmark\" title=\"Mihail Neam\u021bu (AUR): Transparentizarea surselor de finan\u021bare a ONG-urilor este obligatorie! Unele dintre ele pun \u00een pericol interesele Rom\u00e2niei\">Mihail Neam\u021bu (AUR): Transparentizarea surselor de finan\u021bare a ONG-urilor este obligatorie!&#8230;<\/a><\/h3>\n<div class=\"td-module-meta-info\"><span class=\"td-post-date\"><time class=\"entry-date updated td-module-date\" datetime=\"2026-07-24T00:10:14+03:00\">24\/07\/2026<\/time><\/span><\/div>\n<\/div>\n<\/div>\n<\/div>\n<\/div>\n<\/div>\n<aside class=\"td_block_template_1 widget widget_recent_comments\">\n<h4 class=\"block-title\"><span>INTR\u0102 \u00ceN DISCU\u021aIE!<\/span><\/h4>\n<ul id=\"recentcomments\">\n<li class=\"recentcomments\"><span class=\"comment-author-link\">Nicu<\/span> la <a href=\"https:\/\/r3media.ro\/ford-recheama-service-500-000-masini-risc-incendiu-motor\/#comment-40311\">Ford recheam\u0103 \u00een service peste 500.000 de ma\u0219ini din cauza riscului de incendiu la motor<\/a><\/li>\n<li class=\"recentcomments\"><span class=\"comment-author-link\">Nicu<\/span> la <a href=\"https:\/\/r3media.ro\/iiccmer-solicita-demolare-statuie-poet-adrian-paunescu-gradina-icoanei-bucuresti\/#comment-40309\">IICCMER solicit\u0103 demolarea statuii poetului Adrian P\u0103unescu din Gr\u0103dina Icoanei din Bucure\u0219ti<\/a><\/li>\n<li class=\"recentcomments\"><span class=\"comment-author-link\">Eu<\/span> la <a href=\"https:\/\/r3media.ro\/mihail-neamtu-aur-transparentizarea-surselor-de-finantare-a-ong-urilor-este-obligatorie-unele-dintre-ele-pun-in-pericol-interesele-romaniei\/#comment-40308\">Mihail Neam\u021bu (AUR): Transparentizarea surselor de finan\u021bare a ONG-urilor este obligatorie! Unele dintre ele pun \u00een pericol interesele Rom\u00e2niei<\/a><\/li>\n<li class=\"recentcomments\"><span class=\"comment-author-link\">Mamarica<\/span> la <a href=\"https:\/\/r3media.ro\/marea-britanie-apa-inteligenta-artificiala-romania-centru-ai-restrictii-consum-apa\/#comment-40307\">Marea Britanie nu mai are suficient\u0103 ap\u0103 pentru Inteligen\u021ba Artificial\u0103, dar Rom\u00e2nia vrea s\u0103 g\u0103zduiasc\u0103 un centru AI care consum\u0103 c\u00e2t sute de mii de oameni \u0219i impune restric\u021bii la consumul de ap\u0103 al popula\u021biei<\/a><\/li>\n<li class=\"recentcomments\"><span class=\"comment-author-link\">Redac\u021bia<\/span> la <a href=\"https:\/\/r3media.ro\/marea-britanie-apa-inteligenta-artificiala-romania-centru-ai-restrictii-consum-apa\/#comment-40306\">Marea Britanie nu mai are suficient\u0103 ap\u0103 pentru Inteligen\u021ba Artificial\u0103, dar Rom\u00e2nia vrea s\u0103 g\u0103zduiasc\u0103 un centru AI care consum\u0103 c\u00e2t sute de mii de oameni \u0219i impune restric\u021bii la consumul de ap\u0103 al popula\u021biei<\/a><\/li>\n<li class=\"recentcomments\"><span class=\"comment-author-link\">Luminita<\/span> la <a href=\"https:\/\/r3media.ro\/marea-britanie-apa-inteligenta-artificiala-romania-centru-ai-restrictii-consum-apa\/#comment-40305\">Marea Britanie nu mai are suficient\u0103 ap\u0103 pentru Inteligen\u021ba Artificial\u0103, dar Rom\u00e2nia vrea s\u0103 g\u0103zduiasc\u0103 un centru AI care consum\u0103 c\u00e2t sute de mii de oameni \u0219i impune restric\u021bii la consumul de ap\u0103 al popula\u021biei<\/a><\/li>\n<li class=\"recentcomments\"><span class=\"comment-author-link\">Redac\u021bia<\/span> la <a href=\"https:\/\/r3media.ro\/marea-britanie-apa-inteligenta-artificiala-romania-centru-ai-restrictii-consum-apa\/#comment-40304\">Marea Britanie nu mai are suficient\u0103 ap\u0103 pentru Inteligen\u021ba Artificial\u0103, dar Rom\u00e2nia vrea s\u0103 g\u0103zduiasc\u0103 un centru AI care consum\u0103 c\u00e2t sute de mii de oameni \u0219i impune restric\u021bii la consumul de ap\u0103 al popula\u021biei<\/a><\/li>\n<\/ul>\n<\/aside>\n<aside class=\"td_block_template_1 widget widget_search\">\n<h4 class=\"block-title\"><span>CAUT\u0102 \u0218I VEI G\u0102SI<\/span><\/h4>\n<\/aside>\n<\/div>\n<\/div>\n<\/div>\n<\/div>\n<\/div>\n<\/div>\n<\/div>\n<p><span class=\"td-page-meta\"><\/span><span class=\"td-page-meta\"><span class=\"td-page-meta\"><\/span><\/span><span class=\"td-page-meta\"><\/span><\/article>\n<\/p>\n<div class=\"td_block_wrap tdb_single_content tdi_18 td-pb-border-top td_block_template_1 td-post-content tagdiv-type\" data-td-block-uid=\"tdi_18\">\n<div class=\"tdb-block-inner td-fix-index\">\n<p><strong>\u201eCel mai reu\u0219it truc al diavolului e s\u0103 ne conving\u0103 c\u0103 nu exist\u0103\u201d \u2013 spune o maxim\u0103 care m\u0103soar\u0103 distan\u021ba de la\u00a0 \u00a0pucioas\u0103 la izul de trandafiri \u0219i constat\u0103 c\u0103 nu e mai mult de un pas. Pasul gre\u0219it. La fel, \u00een politica zilelor noastre: cea mai conving\u0103toare manevr\u0103 a dictaturii e s\u0103 ne conving\u0103 c\u0103 e pasul ultim, spre des\u0103v\u00eer\u0219irea democra\u021biei. \u00a0\u00a0\u00a0<\/strong><\/p>\n<p>Scurta noastr\u0103 vacan\u021b\u0103 f\u0103r\u0103 tutel\u0103 a luat sf\u00eer\u0219it. Dup\u0103 45 de ani de dictatur\u0103 comunist\u0103, ne-am cuplat la un produs modernizat \u0219i m\u0103gulitor: dictatura liberal\u0103, birocratic\u0103 \u0219i euro-progresist\u0103. E \u0219i vina noastr\u0103. Am f\u0103cut, constant, confuzia \u00eentre cl\u0103direa \u00eenchisorii \u0219i con\u021binutul ei. Afl\u0103m, acum, c\u0103 exist\u0103 \u00eenchisori f\u0103r\u0103 ziduri \u0219i c\u0103 nu to\u021bi \u00eentemni\u021ba\u021bii zac \u00een lan\u021buri.<\/p>\n<p>Democra\u021bia se stinge dar o face luminos. Pentru prima oar\u0103 \u00een istoria servitu\u021bii umane, st\u0103p\u00eenirea \u00ee\u0219i hr\u0103ne\u0219te puterea cu argumentele binelui, \u00een aplauzele entuziaste ale \u0219erbilor. Magia a \u00eenlocuit for\u021ba \u0219i se joac\u0103 de-a \u0219tiin\u021ba \u0219i libertatea. Supu\u0219ii s\u00eent liberi s\u0103 cread\u0103 c\u0103 2 plus 2 fac 4. La sf\u00eer\u0219it, st\u0103p\u00eenii decid c\u0103, \u00eentr-adev\u0103r, 2 plus 2 fac 4 dar 4=3.<\/p>\n<p>Dar, mai \u00eent\u00eei, faptele, dac\u0103 a\u0219a se poate numi escrocheria care face turul Europei cu legea \u00een les\u0103.<\/p>\n<p>\u00cen Rom\u00e2nia, alegerile, aleg\u0103torii \u0219i institu\u021biile alese de ei au fost suprimate \u0219i fac figura\u021bie \u00eentr-o fars\u0103 cu premiera \u00een 2024 \u0219i finalul nicic\u00eend. Alegerile preziden\u021biale au fost anulate. Alegerile parlamentare au fost r\u0103st\u0103lm\u0103cite.<\/p>\n<p>Pre\u0219edintele a fost \u00eentronat prin fraud\u0103. Primul Ministru e \u00een func\u021bie, dup\u0103 ce a fost demis din func\u021bie de un parlament abrogat. Figurile \u0219i numele actorilor nu conteaz\u0103. Singurul lucru important e concedierea democra\u021biei \u0219i instaurarea unei dictaturi sta\u021bionare, ce-\u0219i adaog\u0103 zile \u0219i tertipuri sub lozinca \u201dPro-europenii salevaz\u0103 democra\u021bia!\u201d.<\/p>\n<p>Girantul acestei orori e Uniunea European\u0103. Participara ei la \u00eenscenarea din 2024 \u0219i t\u0103cerea ei \u00een fa\u021ba masacrului continuat s\u00eent dovedite \u0219i active. Am\u00eendou\u0103 \u021bin loc de Constitu\u021bie \u0219i libertate. Lumea pl\u0103tit\u0103 s\u0103 aplaude aplaud\u0103. Lumea naiv\u0103 aplaud\u0103. Cine nu aplaud\u0103 e du\u0219man de moarte al democra\u021biei.<\/p>\n<p>Dezm\u0103\u021bul \u00eenc\u0103rcat de la\u0219itate al slugilor rom\u00e2ne, a trecut c\u0103lare \u0219i seme\u021b \u00een Ungaria. Minciuna unsuroas\u0103 de la Bucure\u0219ti a devenit \u0219arj\u0103 de cavalerie la Budapesta.<\/p>\n<p>A\u0219a cum se \u0219tie, Ungaria a fost condus\u0103 de dictatorul Viktor Orban. Actele de teroare ale lui Orban: nu imigra\u021biei, nici un ban pentru r\u0103zboiul din Ucraina, defini\u021bia familiei ca uniune \u00eentre b\u0103rbat \u0219i femeie. Alegerile libere organizate de dictatura lui Orban au fost c\u00ee\u0219tigate de Peter Magyar, adversarul dictatorului \u0219i protejatul UE.<\/p>\n<p>Imediat dup\u0103 victorie \u0219i re\u00eentronara democra\u021biei, Magyar declan\u0219at o lovitur\u0103 de stat multipl\u0103: Pre\u0219edintele \u021b\u0103rii a fost demis, iar judec\u0103torii Cur\u021bii Constitu\u021bionale \u0219i parlamentarii neloiali au fost sco\u0219i din curs\u0103 prin legi cu caracter retroactiv. Reac\u021bia UE, scut al dmocra\u021biei \u0219i \u00eentrupare a statului de drept? Zero!<\/p>\n<p>Ba nu! UE a trecut febril la eliberarea fondurilor blocate pe timpul dictatorului Orban. \u0218i dac\u0103 va trece la execu\u021bii \u00een mas\u0103, ce va face Magyar mai departe e scundar \u0219i neintersant. Problema e UE.<\/p>\n<p>De fiecare dat\u0103 c\u00eend numele UE va fi invocat, oricine va avea dreptul s\u0103 adaoge c\u00eeteva detalii l\u0103muritoare: o trup\u0103 de mincino\u0219i, ipocri\u021bi diabolici \u0219i demagogi de tarla. La fel cum orice referin\u021b\u0103 la \u201esocietatea civil\u0103\u201d trebuie \u00eenlocuit\u0103 cu o formul\u0103 c\u00ee\u0219tigat\u0103 cu trud\u0103 de ordonan\u021b\u0103: \u201emafia civil\u0103\u201d. Oricum, nici unii nici al\u021bii nu trebuie b\u0103ga\u021bi \u00een seam\u0103 mai mult dec\u00eet o merit\u0103 un sabotor invitat la o dezbatere pe teme de protec\u021bia muncii.<\/p>\n<p>Dac\u0103 aceste dou\u0103 ilustre grupuri se simt jignite, e suficint s\u0103 emit\u0103 o dezmin\u021bire oficial\u0103. Toat\u0103 lumea \u00eei va da crezare.<\/p>\n<p>Cheia acestui fals enorm e teologic\u0103. Desigur, acea teologie mizer\u0103 \u00een care o ideologie se declar\u0103 Binele Etern iar purt\u0103rorii ei \u00eel \u00eenlocuisc pe Dumnezeu. Dup\u0103 cum se \u0219tie, Dumnezeu nu candideaz\u0103, nu e ales ci alege. Toate astea au fost \u00eensu\u0219ite exemplar de noul regim atoateconduc\u0103tor.<\/p>\n<p>\u00cen acast\u0103 lume, totul e rezolvat sau rezolvabil, cu o condi\u021bie: noua putere trebuie s\u0103 fie la putere pe veci \u0219i f\u0103r\u0103 rival. Cine preia aceast\u0103 teologie de plastic, va accepta, f\u0103r\u0103 ezit\u0103ri, c\u0103 democra\u021bia e dep\u0103\u0219it\u0103 \u0219i c\u0103 rolul ei s-a \u00eencheiat.<\/p>\n<p>Asta se \u00eent\u00eempl\u0103 de la un cap la cel\u0103lalt al Europei. \u0218i trebuie spus c\u0103 e absolut normal.<\/p>\n<p>\u00centr-adev\u0103r, alegerile s\u00eent o prostie, at\u00eeta vreme c\u00eet s-a stabilit cine \u0219i ce e binele. Situa\u021bia e tran\u0219at\u0103 defintiv. Putem l\u0103sa aleg\u0103torii s\u0103 r\u0103stoarne ordinea corect\u0103? Nu. Orice c\u00ee\u0219tig\u0103tor diferit de reprezentan\u021bii Binelui e, logic, un reprezentant al R\u0103ului.<\/p>\n<p>Dictatura devine, astfel, o condi\u021bie esen\u021bial\u0103 a democra\u021biei. Nu e clar ce \u0219i de ce ne-am dori mai mult. \u00cen acest regim de profund\u0103 dictatur\u0103 democratic\u0103, totul e permis, stabil \u0219i inutil: alegerile au loc dar nu decid nimic, informa\u021bia abund\u0103 dar e purificat\u0103 de mizerii du\u0219m\u0103noase iar opozitia e absolut legal\u0103 \u0219i primul du\u0219man al legii.<\/p>\n<p>Proiectul european are meritul cert de a fi eliminat confuziile \u0219i surprizele \u00eencurajate de democra\u021bie. Dar sufer\u0103 de mania manierelor \u0219i, din acest motiv, se code\u0219te \u00een fa\u021ba clarific\u0103rilor finale. Modelul e, tou\u0219i, la \u00eendem\u00een\u0103 \u0219i a fost oferit lumii de Daniel Ortega, de 20 de ani Suprem \u00een Nicaragua (al\u0103turi de so\u021bie).<\/p>\n<p>Ortega a ajuns la acelea\u0219i concluzii cu europenii. S\u0103tul de alegeri, Ortega a decis c\u0103 a\u0219a ceva nu va mai avea loc \u00een Nicaragua. Socotala e simpl\u0103 \u0219i repet\u0103 teologia dominant\u0103 a Europei progresist-liberale: din moment ce Binele e la putere, ce mai e de ales?<\/p>\n<p>Ortega \u0219i colegii europeni au dreptate. Binele nu poate face loc R\u0103ului. Solu\u021bia e o dictatur\u0103 care garanteaz\u0103 permanen\u021ba democra\u021biei, dup\u0103 ce o plive\u0219te de riscuri. \u00cen cele din urm\u0103, dictatura se dovede\u0219te forma suprem\u0103 a democra\u021biei iar democra\u021bia devine cea mai pu\u021bin rea dintre dictaturi.<\/p>\n<p>\u201eDar mie UE mi-a f\u0103cut \u0219osele \u0219i pe mine asta m\u0103 intereseaz\u0103!\u201d \u2013 va exclama cet\u0103\u021beanul anti-extremist, liberal, educat \u0219i urban. A\u0219a e! \u0218i, cu asta, civicul anului 2027 se ia de m\u00een\u0103 cu nostalgicul care ne tot spune din 1990 c\u0103 \u201eCeau\u0219escu a f\u0103cut metroul\u201d!<\/p>\n<p>\u0218i dictatura de fier a lui Ceau\u0219escu \u0219i dictatura stilat\u0103 a liberalilor au avut la dispozi\u021bie, toate p\u00eerghiile, to\u021bi banii \u0219i tot timpul. \u0218i au f\u0103cut \u0219osele. Asta \u0219tim. Atunci, unde e diferen\u021ba?<\/p>\n<p>Diferen\u021ba trebuia s\u0103 vin\u0103 tocmai din puterea ocrotit\u0103 a celor ce g\u00eendesc f\u0103r\u0103 supravegherea autorit\u0103\u021bilor, f\u0103r\u0103 \u00eendrumarea exeper\u021bilor \u00een expertiz\u0103 \u0219i dincolo de ideologii.<\/p>\n<p>Oricare ar fi ele.<\/p>\n<div class=\"crp_related     crp-masonry\">\n<h2>\u00ceN CONTEXT<\/h2>\n<ul>\n<li><a href=\"https:\/\/r3media.ro\/tru-democratie-fara-democrati\/\" class=\"crp_link post-117178\"><span class=\"crp_title\">TRU: Democra\u021bie f\u0103r\u0103 democra\u021bi<\/span><\/a><\/li>\n<li><a href=\"https:\/\/r3media.ro\/e-pace-in-eurolic\/\" class=\"crp_link post-118932\"><span class=\"crp_title\">E pace \u00een Eurol\u00eec<\/span><\/a><\/li>\n<li><a href=\"https:\/\/r3media.ro\/exceptia-romaneasca-legenda-traian-ungureanu\/\" class=\"crp_link post-117799\"><span class=\"crp_title\">Excep\u021bia rom\u00e2neasc\u0103 e o legend\u0103<\/span><\/a><\/li>\n<li><a href=\"https:\/\/r3media.ro\/paternalism-dupa-liberalism-3-recompensele-publice-pentru-confectionarea-consensului\/\" class=\"crp_link post-113309\"><span class=\"crp_title\">Paternalism dup\u0103 liberalism (3) Recompensele publice pentru confec\u021bionarea consensului<\/span><\/a><\/li>\n<li><a href=\"https:\/\/r3media.ro\/paternalism-dupa-liberalism-1\/\" class=\"crp_link post-112792\"><span class=\"crp_title\">Paternalism dup\u0103 liberalism (1)<\/span><\/a><\/li>\n<li><a href=\"https:\/\/r3media.ro\/despre-democratie-in-democratia-din-romania\/\" class=\"crp_link post-119091\"><span class=\"crp_title\">Despre democra\u021bie \u00een democra\u021bia din Rom\u00e2nia<\/span><\/a><\/li>\n<li><a href=\"https:\/\/r3media.ro\/un-an-de-la-moartea-democratiei\/\" class=\"crp_link post-114409\"><span class=\"crp_title\">Un an de la moartea democra\u021biei<\/span><\/a><\/li>\n<li><a href=\"https:\/\/r3media.ro\/lectii-de-inapoiere\/\" class=\"crp_link post-119526\"><span class=\"crp_title\">Lec\u021bii de \u00eenapoiere<\/span><\/a><\/li>\n<\/ul>\n<\/div>\n<\/div>\n<\/div>\n<p>[analyse_source url=&#8221;https:\/\/r3media.ro\/dictatura-forma-suprema-a-democratiei\/&#8221;]<\/p>\n","protected":false},"excerpt":{"rendered":"<p>[analyse_image type=&#8221;featured&#8221; src=&#8221;https:\/\/r3media.ro\/wp-content\/uploads\/2023\/09\/ursula-id-digital.jpghttps:\/\/r3media.ro\/wp-content\/uploads\/2023\/09\/ursula-id-digital.jpg&#8221;] FEATUREDDictatura \u2013 forma suprem\u0103 a democra\u021biei FEATUREDOPINII\u0218TIRI Dictatura \u2013 forma suprem\u0103 a democra\u021biei TRU (Traian Ungureanu) 25\/07\/2026 \u201eCel mai reu\u0219it truc al diavolului e s\u0103 ne conving\u0103 c\u0103 nu exist\u0103\u201d \u2013 spune o maxim\u0103 care m\u0103soar\u0103 distan\u021ba de la\u00a0 \u00a0pucioas\u0103 la izul de trandafiri \u0219i constat\u0103 c\u0103 nu e mai mult de [&hellip;]<\/p>\n","protected":false},"author":1,"featured_media":0,"comment_status":"open","ping_status":"","sticky":false,"template":"","format":"standard","meta":{"footnotes":""},"categories":[89],"tags":[226,93],"class_list":["post-2061461","post","type-post","status-publish","format-standard","hentry","category-romania","tag-crawlmanager","tag-r3media-ro"],"_links":{"self":[{"href":"https:\/\/analyse.optim.biz\/index.php?rest_route=\/wp\/v2\/posts\/2061461","targetHints":{"allow":["GET"]}}],"collection":[{"href":"https:\/\/analyse.optim.biz\/index.php?rest_route=\/wp\/v2\/posts"}],"about":[{"href":"https:\/\/analyse.optim.biz\/index.php?rest_route=\/wp\/v2\/types\/post"}],"author":[{"embeddable":true,"href":"https:\/\/analyse.optim.biz\/index.php?rest_route=\/wp\/v2\/users\/1"}],"replies":[{"embeddable":true,"href":"https:\/\/analyse.optim.biz\/index.php?rest_route=%2Fwp%2Fv2%2Fcomments&post=2061461"}],"version-history":[{"count":0,"href":"https:\/\/analyse.optim.biz\/index.php?rest_route=\/wp\/v2\/posts\/2061461\/revisions"}],"wp:attachment":[{"href":"https:\/\/analyse.optim.biz\/index.php?rest_route=%2Fwp%2Fv2%2Fmedia&parent=2061461"}],"wp:term":[{"taxonomy":"category","embeddable":true,"href":"https:\/\/analyse.optim.biz\/index.php?rest_route=%2Fwp%2Fv2%2Fcategories&post=2061461"},{"taxonomy":"post_tag","embeddable":true,"href":"https:\/\/analyse.optim.biz\/index.php?rest_route=%2Fwp%2Fv2%2Ftags&post=2061461"}],"curies":[{"name":"wp","href":"https:\/\/api.w.org\/{rel}","templated":true}]}}