{"id":2061291,"date":"2026-07-23T00:00:00","date_gmt":"2026-07-22T21:00:00","guid":{"rendered":"https:\/\/analyse.optim.biz\/?p=2061291"},"modified":"2026-07-23T00:00:00","modified_gmt":"2026-07-22T21:00:00","slug":"cartierul-livada-al-focsaniului-intra-in-etapa-realizarii-retelelor-de-apa-si-canalizare","status":"publish","type":"post","link":"https:\/\/analyse.optim.biz\/?p=2061291","title":{"rendered":"Cartierul Livad\u0103 al Foc\u0219aniului intr\u0103 \u00een etapa realiz\u0103rii re\u021belelor de ap\u0103 \u0219i canalizare"},"content":{"rendered":"<p>[analyse_image type=&#8221;featured&#8221; src=&#8221;https:\/\/zdvi.cname.ro\/_\/cartierul-livada-al-focsaniului-intra-in-etapa-realizarii-retelelor-de-apa-si-canalizare\/mediaPool\/uT8EkEU.jpg&#8221;]<\/p>\n<div class=\"main-content detaliu-articol\"><a class=\"titlu-cat-list\" href=\"https:\/\/ziaruldevrancea.ro\/promo\/brand-voice\">Brand voice<\/a><\/p>\n<h1>Cartierul Livad\u0103 al Foc\u0219aniului intr\u0103 \u00een etapa realiz\u0103rii re\u021belelor de ap\u0103 \u0219i canalizare<\/h1>\n<div class=\"date-articol clearfix\">\n<div class=\"distribuie-articol dropdown\">\n    Distribuie: \u00a0<br \/>\n    <em>|<\/em><\/div>\n<div class=\"autor-articol\"><a href=\"https:\/\/ziaruldevrancea.ro\/autor\/mircea-pavel\/\"><img decoding=\"async\" class=\"img-circle\" src=\"https:\/\/zdvi.cname.ro\/50_50\/articleAuthor\/mircea-pavel\/articleAuthor\/uqcCx6q.jpg\" alt><\/a><\/p>\n<h5><a href=\"https:\/\/ziaruldevrancea.ro\/autor\/mircea-pavel\/\">Mircea Pavel<\/a><\/h5>\n<div class=\"grup-spatiere\"><span class=\"cu-spatiere\">23 iul 2026<\/span><span class=\"cu-spatiere\">652 vizualiz\u0103ri<\/span><\/div>\n<\/div>\n<\/div>\n<div class=\"poza-mare\"><a href class=\"openGallery\"><img decoding=\"async\" class=\"img-responsive\" src=\"https:\/\/zdvi.cname.ro\/850_530\/cartierul-livada-al-focsaniului-intra-in-etapa-realizarii-retelelor-de-apa-si-canalizare\/article\/mediaPool\/uT8EkEU.jpg\" alt><\/a><\/div>\n<p><strong>Investi\u021bie de aproape 30 de milioane de lei pentru utilit\u0103\u021bile din nordul Foc\u0219aniului.<\/strong><\/p>\n<p><strong>Un contract de finan\u021bare \u00een valoare de 29,57 milioane de lei a fost semnat pentru extinderea re\u021belelor de ap\u0103, canalizare \u0219i epurare \u00een cartierele reziden\u021biale din zona Livad\u0103, una dintre cele mai dinamice zone de dezvoltare ale municipiului Foc\u0219ani.<\/strong><\/p>\n<hr>\n<p><strong>Investi\u021bie de aproape 30 de milioane de lei pentru utilit\u0103\u021bile din nordul Foc\u0219aniului. Cartierul Livad\u0103 intr\u0103 \u00een etapa realiz\u0103rii re\u021belelor de ap\u0103 \u0219i canalizare<\/strong><\/p>\n<p>Locuitorii cartierului Livad\u0103 din municipiul Foc\u0219ani ar putea beneficia, \u00een perioada urm\u0103toare, de una dintre cele mai importante investi\u021bii \u00een infrastructura edilitar\u0103 din ultimii ani. Primarul municipiului, Cristi Valentin Mis\u0103il\u0103, a anun\u021bat joi, 23 iulie 2026, printr-o postare publicat\u0103 pe pagina sa oficial\u0103 de Facebook, semnarea contractului de finan\u021bare cu Administra\u021bia Fondului pentru Mediu pentru realizarea re\u021belelor de alimentare cu ap\u0103, canalizare \u0219i epurare a apelor uzate menajere \u00een cartierele reziden\u021biale din nordul ora\u0219ului.<\/p>\n<p>Potrivit informa\u021biilor prezentate de edil, valoarea finan\u021b\u0103rii se ridic\u0103 la <strong>29,57 milioane de lei<\/strong>, fondurile urm\u00e2nd s\u0103 fie utilizate pentru construirea infrastructurii principale de ap\u0103 \u0219i canalizare \u00een zona fostei Livezi, una dintre cele mai dezvoltate zone reziden\u021biale ale municipiului.<\/p>\n<p>Primarul a precizat c\u0103 proiectul are ca obiectiv deservirea at\u00e2t a locuin\u021belor existente din Cartierul Livad\u0103, c\u00e2t \u0219i a viitoarelor construc\u021bii pentru care au fost deja aprobate planuri urbanistice zonale (PUZ).<\/p>\n<p>\u00cen mesajul transmis, Cristi Valentin Mis\u0103il\u0103 a ar\u0103tat c\u0103 administra\u021bia local\u0103 \u00ee\u0219i propune realizarea lucr\u0103rilor \u00eentr-un interval c\u00e2t mai scurt, astfel \u00eenc\u00e2t locuitorii s\u0103 beneficieze de condi\u021bii moderne de trai \u0219i de acces la utilit\u0103\u021bi publice esen\u021biale.<\/p>\n<p>Edilul a subliniat c\u0103 proiectul reprezint\u0103 un obiectiv urm\u0103rit de mai mul\u021bi ani \u0219i c\u0103 acesta vine s\u0103 r\u0103spund\u0103 nevoilor unei zone aflate \u00eentr-o continu\u0103 extindere.<\/p>\n<p>Potrivit acestuia, nordul municipiului Foc\u0219ani a cunoscut o dezvoltare accelerat\u0103 \u00een ultimii ani, prin apari\u021bia unor noi cartiere reziden\u021biale, \u00eens\u0103 o parte dintre acestea nu au fost echipate \u00eenc\u0103 de la \u00eenceput cu infrastructura complet\u0103 de utilit\u0103\u021bi.<\/p>\n<p>Implementarea proiectului ar urma s\u0103 contribuie at\u00e2t la cre\u0219terea calit\u0103\u021bii vie\u021bii pentru locuitorii actuali, c\u00e2t \u0219i la dezvoltarea urbanistic\u0103 viitoare a zonei, prin asigurarea serviciilor publice de alimentare cu ap\u0103 \u0219i canalizare pentru noile investi\u021bii reziden\u021biale.<\/p>\n<p>Realizarea re\u021belelor de ap\u0103 \u0219i canalizare reprezint\u0103 una dintre investi\u021biile de baz\u0103 \u00een dezvoltarea unui cartier, av\u00e2nd impact asupra s\u0103n\u0103t\u0103\u021bii publice, protec\u021biei mediului \u0219i valorii propriet\u0103\u021bilor din zon\u0103.<\/p>\n<p>Prin semnarea contractului de finan\u021bare cu Administra\u021bia Fondului pentru Mediu, proiectul intr\u0103 \u00een etapa de implementare, urm\u00e2nd ca administra\u021bia local\u0103 s\u0103 stabileasc\u0103 calendarul lucr\u0103rilor \u0219i etapele de execu\u021bie.<\/p>\n<p><strong>Mircea Pavel\u00a0<\/strong><\/p>\n<hr>\n<div class=\"bloc-widget widget-rosu\">\n<p>\u00cen lipsa unui acord scris din partea Ziarului de Vrancea, pute\u0163i prelua maxim 500 de caractere din acest articol dac\u0103 preciza\u0163i sursa \u015fi insera\u0163i vizibil link-ul articolului:\u00a0<span>#insertcurrentlinkhere<\/span><\/p>\n<\/div>\n<div class=\"extra-articol listing-anunturi\">\n<h6>Anun\u021buri <span class=\"text-primary\">ZdV<\/span> Premium<\/h6>\n<div class=\"row\">\n<div class=\"col-lg-4 col-md-6 bloc-egal\"><a class=\"card-anunt\" href=\"https:\/\/ziaruldevrancea.ro\/anunturi\/imobiliare\/vanzari-case\/vand-casa-si-teren-in-panciu-anunt-72818\"><strong class=\"titlu\">V\u00e2nz\u0103ri case<\/strong><span class=\"text-anunt\">V\u00e2nd cas\u0103 cu 2 camere, buc\u0103t\u0103rie, baie,&#8230;<\/span><span class=\"data-anunt\">23.07.2026  <\/span><\/a><\/div>\n<div class=\"col-lg-4 col-md-6 bloc-egal\"><a class=\"card-anunt\" href=\"https:\/\/ziaruldevrancea.ro\/anunturi\/angajari\/cereri-angajari\/doresc-angajare-anunt-72815\"><strong class=\"titlu\">Cereri<\/strong><span class=\"text-anunt\">Doresc s\u0103 am grij\u0103 de un copil de&#8230;<\/span><span class=\"data-anunt\">21.07.2026  <\/span><\/a><\/div>\n<div class=\"col-lg-4 col-md-6 bloc-egal\"><a class=\"card-anunt\" href=\"https:\/\/ziaruldevrancea.ro\/anunturi\/inchirieri\/locuinte-oferte\/primesc-in-gazda-anunt-72816\"><strong class=\"titlu\">Locuin\u021be oferte<\/strong><span class=\"text-anunt\">\u00a0Primesc \u00een gazd\u0103 la cas\u0103.<\/p>\n<p>Tel&#8230;.<\/span><span class=\"data-anunt\">21.07.2026  <\/span><\/a><\/div>\n<\/div>\n<\/div>\n<div class=\"extra-articol alte-articole\">\n<div class=\"row\">\n<div class=\"col-lg-6 bloc-egal\">\n<div class=\"card articol-listing\">\n<h6>\u00cen categoria <a href=\"https:\/\/ziaruldevrancea.ro\/promo\/brand-voice\">Brand voice<\/a><\/h6>\n<div class=\"grup-articol-listing\">\n<div class=\"cont-pils\"><a href=\"https:\/\/ziaruldevrancea.ro\/promo\/brand-voice\/video-vrancea-doi-huhurezi-salvati-de-acdb-focsani-au-revenit-in-salbaticie-dupa-perioada-de-recuperare\"><img decoding=\"async\" src=\"https:\/\/zdvi.cname.ro\/180_135\/promo\/brand-voice\/video-vrancea-doi-huhurezi-salvati-de-acdb-focsani-au-revenit-in-salbaticie-dupa-perioada-de-recuperare\/mediaPool\/u9cWHQZ.jpg\" class=\"img-responsive img-180\" alt><\/a><\/div>\n<h2><a class=\"link-titlu\" href=\"https:\/\/ziaruldevrancea.ro\/promo\/brand-voice\/video-vrancea-doi-huhurezi-salvati-de-acdb-focsani-au-revenit-in-salbaticie-dupa-perioada-de-recuperare\">VIDEO | Vrancea: Doi huhurezi salva\u021bi de ACDB Foc\u0219ani au revenit \u00een s\u0103lb\u0103ticie dup\u0103 perioada de recuperare<\/a><\/h2>\n<div class=\"date-post\"><a href=\"https:\/\/ziaruldevrancea.ro\/autor\/petre-paraschiv\">Petre Paraschiv<\/a>, 25 iul 2026  <\/div>\n<\/div>\n<div class=\"grup-articol-listing\">\n<div class=\"cont-pils\"><a href=\"https:\/\/ziaruldevrancea.ro\/promo\/brand-voice\/producatorul-de-ambalaje-electric-srl-focsani-a-depasit-958-milioane-de-lei-cifra-de-afaceri-in-2025-si-a-ajuns-la-225-de-angajati\"><img decoding=\"async\" src=\"https:\/\/zdvi.cname.ro\/180_135\/promo\/brand-voice\/producatorul-de-ambalaje-electric-srl-focsani-a-depasit-958-milioane-de-lei-cifra-de-afaceri-in-2025-si-a-ajuns-la-225-de-angajati\/mediaPool\/usBFBUg.jpeg\" class=\"img-responsive img-180\" alt><\/a><\/div>\n<h2><a class=\"link-titlu\" href=\"https:\/\/ziaruldevrancea.ro\/promo\/brand-voice\/producatorul-de-ambalaje-electric-srl-focsani-a-depasit-958-milioane-de-lei-cifra-de-afaceri-in-2025-si-a-ajuns-la-225-de-angajati\">Produc\u0103torul de ambalaje Electric SRL Foc\u0219ani a dep\u0103\u0219it 95,8 milioane de lei cifr\u0103 de afaceri \u00een 2025 \u0219i a ajuns la 225 de angaja\u021bi<\/a><\/h2>\n<div class=\"date-post\"><a href=\"https:\/\/ziaruldevrancea.ro\/autor\/eduard-popescu\">Eduard Popescu<\/a>, 25 iul 2026  <\/div>\n<\/div>\n<div class=\"grup-articol-listing\">\n<div class=\"cont-pils\"><a href=\"https:\/\/ziaruldevrancea.ro\/promo\/brand-voice\/video--foto-eleva-bianca-serban-din-focsani-campioana-mondiala-la-wcopa-2026.-aur-pentru-vrancea-pe-scena-din-las-vegas\"><img decoding=\"async\" src=\"https:\/\/zdvi.cname.ro\/180_135\/promo\/brand-voice\/video--foto-eleva-bianca-serban-din-focsani-campioana-mondiala-la-wcopa-2026.-aur-pentru-vrancea-pe-scena-din-las-vegas\/mediaPool\/uqLAbe1.jpeg\" class=\"img-responsive img-180\" alt><\/a><\/div>\n<h2><a class=\"link-titlu\" href=\"https:\/\/ziaruldevrancea.ro\/promo\/brand-voice\/video--foto-eleva-bianca-serban-din-focsani-campioana-mondiala-la-wcopa-2026.-aur-pentru-vrancea-pe-scena-din-las-vegas\">VIDEO + Foto | Eleva Bianca \u0218erban din Foc\u0219ani, campioan\u0103 mondial\u0103 la WCOPA 2026. Aur pentru Vrancea pe scena din Las Vegas<\/a><\/h2>\n<div class=\"date-post\"><a href=\"https:\/\/ziaruldevrancea.ro\/autor\/anca-vasiliu\">Anca Vasiliu<\/a>, 25 iul 2026  <\/div>\n<\/div>\n<\/div>\n<\/div>\n<div class=\"col-lg-6 bloc-egal\">\n<div class=\"card articol-listing\">\n<h6>De acela\u0219i <a href=\"https:\/\/ziaruldevrancea.ro\/autor\/mircea-pavel\/\">autor<\/a><\/h6>\n<div class=\"grup-articol-listing\">\n<div class=\"cont-pils\"><a href=\"https:\/\/ziaruldevrancea.ro\/special\/social\/spitalul-municipal-adjud-isi-consolideaza-echipa-medicala-un-nou-medic-specialist-obstetrica-ginecologie-incepe-activitatea\"><img decoding=\"async\" src=\"https:\/\/zdvi.cname.ro\/180_135\/special\/social\/spitalul-municipal-adjud-isi-consolideaza-echipa-medicala-un-nou-medic-specialist-obstetrica-ginecologie-incepe-activitatea\/mediaPool\/uTjUq5y.jpg\" class=\"img-responsive img-180\" alt><\/a><\/div>\n<h2><a class=\"link-titlu\" href=\"https:\/\/ziaruldevrancea.ro\/special\/social\/spitalul-municipal-adjud-isi-consolideaza-echipa-medicala-un-nou-medic-specialist-obstetrica-ginecologie-incepe-activitatea\">Spitalul Municipal Adjud \u00ee\u0219i consolideaz\u0103 echipa medical\u0103: un nou medic specialist Obstetric\u0103-Ginecologie \u00eencepe activitatea<\/a><\/h2>\n<div class=\"date-post\"><a href=\"https:\/\/ziaruldevrancea.ro\/autor\/mircea-pavel\">Mircea Pavel<\/a>, 25 iul 2026  <\/div>\n<\/div>\n<div class=\"grup-articol-listing\">\n<div class=\"cont-pils\"><a href=\"https:\/\/ziaruldevrancea.ro\/special\/social\/campanie-de-donare-de-sange-la-adjud-spitalul-municipal-ii-invita-pe-vranceni-sa-doneze-pe-29-iulie\"><img decoding=\"async\" src=\"https:\/\/zdvi.cname.ro\/180_135\/special\/social\/campanie-de-donare-de-sange-la-adjud-spitalul-municipal-ii-invita-pe-vranceni-sa-doneze-pe-29-iulie\/mediaPool\/uAX5gnH.jpg\" class=\"img-responsive img-180\" alt><\/a><\/div>\n<h2><a class=\"link-titlu\" href=\"https:\/\/ziaruldevrancea.ro\/special\/social\/campanie-de-donare-de-sange-la-adjud-spitalul-municipal-ii-invita-pe-vranceni-sa-doneze-pe-29-iulie\">Campanie de donare de s\u00e2nge la Adjud: Spitalul Municipal \u00eei invit\u0103 pe vr\u00e2nceni s\u0103 doneze pe 29 iulie<\/a><\/h2>\n<div class=\"date-post\"><a href=\"https:\/\/ziaruldevrancea.ro\/autor\/mircea-pavel\">Mircea Pavel<\/a>, 24 iul 2026  <\/div>\n<\/div>\n<div class=\"grup-articol-listing\">\n<div class=\"cont-pils\"><a href=\"https:\/\/ziaruldevrancea.ro\/promo\/brand-voice\/foto-omd-vin-in-vrancea-prezent-la-simpozionul-european-drumuri-de-poveste-de-la-dumitresti\"><img decoding=\"async\" src=\"https:\/\/zdvi.cname.ro\/180_135\/promo\/brand-voice\/foto-omd-vin-in-vrancea-prezent-la-simpozionul-european-drumuri-de-poveste-de-la-dumitresti\/mediaPool\/umUYVx3.jpg\" class=\"img-responsive img-180\" alt><\/a><\/div>\n<h2><a class=\"link-titlu\" href=\"https:\/\/ziaruldevrancea.ro\/promo\/brand-voice\/foto-omd-vin-in-vrancea-prezent-la-simpozionul-european-drumuri-de-poveste-de-la-dumitresti\">Foto | OMD \u201eVin \u00een Vrancea\u201d, prezent la simpozionul european \u201eDrumuri de Poveste\u201d de la Dumitre\u0219ti<\/a><\/h2>\n<div class=\"date-post\"><a href=\"https:\/\/ziaruldevrancea.ro\/autor\/mircea-pavel\">Mircea Pavel<\/a>, 23 iul 2026  <\/div>\n<\/div>\n<\/div>\n<\/div>\n<\/div>\n<\/div>\n<div class=\"extra-articol listing-anunturi\">\n<h6>Anun\u021buri <span class=\"text-primary\">ZdV<\/span> Premium<\/h6>\n<div class=\"row\">\n<div class=\"col-lg-4 col-md-6 bloc-egal\"><a class=\"card-anunt\" href=\"https:\/\/ziaruldevrancea.ro\/anunturi\/inchirieri\/locuinte-oferte\/primesc-in-gazda-anunt-72817\"><strong class=\"titlu\">Locuin\u021be oferte<\/strong><span class=\"text-anunt\">Primesc \u00een gazd\u0103 la bloc o elev\u0103. <\/p>\n<p>Tel&#8230;.<\/span><span class=\"data-anunt\">21.07.2026  <\/span><\/a><\/div>\n<div class=\"col-lg-4 col-md-6 bloc-egal\"><a class=\"card-anunt\" href=\"https:\/\/ziaruldevrancea.ro\/anunturi\/altele\/matrimoniale\/Imi-caut-sufletul-pereche-anunt-72811\"><strong class=\"titlu\">Matrimoniale<\/strong><span class=\"text-anunt\">Domn serios caut doamn\u0103 serioas\u0103, v\u00e2rsta&#8230;<\/span><span class=\"data-anunt\">20.07.2026  <\/span><\/a><\/div>\n<div class=\"col-lg-4 col-md-6 bloc-egal\"><a class=\"card-anunt\" href=\"https:\/\/ziaruldevrancea.ro\/anunturi\/altele\/matrimoniale\/Imi-caut-sufletul-pereche-anunt-72809\"><strong class=\"titlu\">Matrimoniale<\/strong><span class=\"text-anunt\">Domn de la \u021bar\u0103, 55 de ani, cu locuin\u021b\u0103, teren&#8230;<\/span><span class=\"data-anunt\">16.07.2026  <\/span><\/a><\/div>\n<\/div>\n<\/div>\n<div class=\"bloc-widget widget-albastru\">\n    Ziarul de Vrancea \u00a0nu este responsabil juridic pentru con\u0163inutul textelor din comentariile de mai jos. Responsabilitatea pentru mesajele dumneavoastra v\u0103 revine \u00een exclusivitate.\n<\/div>\n<div class=\"comentarii-articol\" id=\"comentarii\">\n<h3>Comentarii: <span class=\"text-primary\">0<\/span><\/h3>\n<p><a href=\"https:\/\/ziaruldevrancea.ro\/promo\/brand-voice\/cartierul-livada-al-focsaniului-intra-in-etapa-realizarii-retelelor-de-apa-si-canalizare\" class=\"btn btn-success btn-adauga-com\" data-toggle=\"modal\" data-parent=\"0\" data-target=\"#commentModal\">Adaug\u0103 comentariu<\/a><\/p>\n<div class=\"loadMask comments-mask\"><img decoding=\"async\" src=\"https:\/\/zdvs.cname.ro\/images\/loader_40.gif\"><\/div>\n<div class=\"comenteaza-jos\">Trebuie s\u0103 fii <a href=\"https:\/\/ziaruldevrancea.ro\/account\">autentificat<\/a> pentru a putea <a href=\"https:\/\/ziaruldevrancea.ro\/promo\/brand-voice\/cartierul-livada-al-focsaniului-intra-in-etapa-realizarii-retelelor-de-apa-si-canalizare\" class data-toggle=\"modal\" data-parent=\"0\" data-target=\"#commentModal\">posta un comentariu<\/a>.<\/div>\n<\/div>\n<div class=\"modal fade\" id=\"commentModal\" role=\"dialog\" aria-labelledby=\"commentModalLabel\">\n<div class=\"modal-dialog modal-lg\" role=\"document\">\n<div class=\"modal-content\">\n<div class=\"modal-header\">\n<h3 class=\"modal-title\" id=\"commentModalLabel\">Comenteaz\u0103<\/h3>\n<\/div>\n<div class=\"modal-body\">\n<div class=\"tabel tabel-full\">\n<div class=\"celula\">\n              Trebuie s\u0103 fii <a href=\"https:\/\/ziaruldevrancea.ro\/account\">autentificat<\/a> pentru a putea posta un comentariu.\n            <\/div>\n<\/div>\n<\/div>\n<div class=\"modal-footer\">\n<div id=\"commentPending\" class=\"formPending pull-left\"><img decoding=\"async\" src=\"https:\/\/zdvs.cname.ro\/images\/loader_40.gif\"> In curs de procesare&#8230;<\/div>\n<p><a href=\"https:\/\/ziaruldevrancea.ro\/promo\/brand-voice\/cartierul-livada-al-focsaniului-intra-in-etapa-realizarii-retelelor-de-apa-si-canalizare\" class=\"btn btn-default\" data-dismiss=\"modal\">Anuleaz\u0103<\/a><\/div>\n<\/div>\n<\/div>\n<\/div>\n<div class=\"modal fade\" id=\"commentReportModal\" role=\"dialog\" aria-labelledby=\"commentReportModalLabel\">\n<div class=\"modal-dialog modal-lg\" role=\"document\">\n<div class=\"modal-content\">\n<div class=\"modal-header\">\n<h3 class=\"modal-title\" id=\"commentReportModalLabel\">Raporteaza comentariu<\/h3>\n<\/div>\n<div class=\"modal-body\">\n<div class=\"tabel tabel-full\">\n<div class=\"celula\">\n              Trebuie s\u0103 fii <a href=\"https:\/\/ziaruldevrancea.ro\/account\">autentificat<\/a> pentru a putea raporta un comentariu.\n            <\/div>\n<\/div>\n<\/div>\n<div class=\"modal-footer\">\n<div id=\"commentReportPending\" class=\"formPending pull-left\"><img decoding=\"async\" src=\"https:\/\/zdvs.cname.ro\/images\/loader_40.gif\"> In curs de procesare&#8230;<\/div>\n<p><a href=\"https:\/\/ziaruldevrancea.ro\/promo\/brand-voice\/cartierul-livada-al-focsaniului-intra-in-etapa-realizarii-retelelor-de-apa-si-canalizare\" class=\"btn btn-default\" data-dismiss=\"modal\">Anuleaz\u0103<\/a><\/div>\n<\/div>\n<\/div>\n<\/div>\n<div class=\"modal fade\" id=\"commentLikeModal\" role=\"dialog\" aria-labelledby=\"commentLikeModalLabel\">\n<div class=\"modal-dialog modal-lg\" role=\"document\">\n<div class=\"modal-content\">\n<div class=\"modal-header\">\n<h3 class=\"modal-title\" id=\"commentReportModalLabel\">Apreciaza comentariu<\/h3>\n<\/div>\n<div class=\"modal-body\">\n<div class=\"tabel tabel-full\">\n<div class=\"celula\">\n            Trebuie s\u0103 fii <a href=\"https:\/\/ziaruldevrancea.ro\/account\">autentificat<\/a> pentru a putea aprecia un comentariu.\n          <\/div>\n<\/div>\n<\/div>\n<div class=\"modal-footer\"><a href=\"https:\/\/ziaruldevrancea.ro\/promo\/brand-voice\/cartierul-livada-al-focsaniului-intra-in-etapa-realizarii-retelelor-de-apa-si-canalizare\" class=\"btn btn-default\" data-dismiss=\"modal\">Anuleaz\u0103<\/a><\/div>\n<\/div>\n<\/div>\n<\/div>\n<div class=\"bloc-widget widget-rosu\"><span><small>Ziarul de Vrancea doreste ca acest site sa fie un spatiu al discutiilor civilizate, al comentariilor de bun simt. Din acest motiv, cei care posteaza comentarii la articole trebuie sa respecte urmatoarele reguli:<br \/>\n1. Sa se refere doar la articolul la care posteaza comentarii.<br \/>\n2. Sa foloseasca un limbaj civilizat, fara injurii, calomnii, comentarii antisemite, xenofobe sau rasiste.<br \/>\n3. Sunt interzise atacurile la adresa autorilor, daca acestea nu au legatura cu textul.<br \/>\n4. Username-ul sa nu fie nume de personalitati ale vietii publice sau parodieri ale acestora.<br \/>\nAutorul unui articol poate fi criticat pentru eventuale greseli, incoerenta, lipsa de documentare etc.<br \/>\nNerespectarea regulilor mentionate mai sus va duce la stergerea comentariilor, fara avertisment si fara explicatii.<br \/>\nAbaterile repetate vor avea drept consecinta interdictia accesului la aceasta facilitate a site-ului.<\/small><\/span><\/div>\n<\/div>\n<p>[analyse_source url=&#8221;https:\/\/ziaruldevrancea.ro\/promo\/brand-voice\/cartierul-livada-al-focsaniului-intra-in-etapa-realizarii-retelelor-de-apa-si-canalizare&#8221;]<\/p>\n","protected":false},"excerpt":{"rendered":"<p>[analyse_image type=&#8221;featured&#8221; src=&#8221;https:\/\/zdvi.cname.ro\/_\/cartierul-livada-al-focsaniului-intra-in-etapa-realizarii-retelelor-de-apa-si-canalizare\/mediaPool\/uT8EkEU.jpg&#8221;] Brand voice Cartierul Livad\u0103 al Foc\u0219aniului intr\u0103 \u00een etapa realiz\u0103rii re\u021belelor de ap\u0103 \u0219i canalizare Distribuie: \u00a0 | Mircea Pavel 23 iul 2026652 vizualiz\u0103ri Investi\u021bie de aproape 30 de milioane de lei pentru utilit\u0103\u021bile din nordul Foc\u0219aniului. Un contract de finan\u021bare \u00een valoare de 29,57 milioane de lei a fost semnat pentru [&hellip;]<\/p>\n","protected":false},"author":1,"featured_media":0,"comment_status":"open","ping_status":"","sticky":false,"template":"","format":"standard","meta":{"footnotes":""},"categories":[89],"tags":[226,208],"class_list":["post-2061291","post","type-post","status-publish","format-standard","hentry","category-romania","tag-crawlmanager","tag-ziaruldevrancea-ro"],"_links":{"self":[{"href":"https:\/\/analyse.optim.biz\/index.php?rest_route=\/wp\/v2\/posts\/2061291","targetHints":{"allow":["GET"]}}],"collection":[{"href":"https:\/\/analyse.optim.biz\/index.php?rest_route=\/wp\/v2\/posts"}],"about":[{"href":"https:\/\/analyse.optim.biz\/index.php?rest_route=\/wp\/v2\/types\/post"}],"author":[{"embeddable":true,"href":"https:\/\/analyse.optim.biz\/index.php?rest_route=\/wp\/v2\/users\/1"}],"replies":[{"embeddable":true,"href":"https:\/\/analyse.optim.biz\/index.php?rest_route=%2Fwp%2Fv2%2Fcomments&post=2061291"}],"version-history":[{"count":0,"href":"https:\/\/analyse.optim.biz\/index.php?rest_route=\/wp\/v2\/posts\/2061291\/revisions"}],"wp:attachment":[{"href":"https:\/\/analyse.optim.biz\/index.php?rest_route=%2Fwp%2Fv2%2Fmedia&parent=2061291"}],"wp:term":[{"taxonomy":"category","embeddable":true,"href":"https:\/\/analyse.optim.biz\/index.php?rest_route=%2Fwp%2Fv2%2Fcategories&post=2061291"},{"taxonomy":"post_tag","embeddable":true,"href":"https:\/\/analyse.optim.biz\/index.php?rest_route=%2Fwp%2Fv2%2Ftags&post=2061291"}],"curies":[{"name":"wp","href":"https:\/\/api.w.org\/{rel}","templated":true}]}}