{"id":2061289,"date":"2026-07-23T00:00:00","date_gmt":"2026-07-22T21:00:00","guid":{"rendered":"https:\/\/analyse.optim.biz\/?p=2061289"},"modified":"2026-07-23T00:00:00","modified_gmt":"2026-07-22T21:00:00","slug":"foto-omd-vin-in-vrancea-prezent-la-simpozionul-european-drumuri-de-poveste-de-la-dumitresti","status":"publish","type":"post","link":"https:\/\/analyse.optim.biz\/?p=2061289","title":{"rendered":"Foto | OMD \u201eVin \u00een Vrancea\u201d, prezent la simpozionul european \u201eDrumuri de Poveste\u201d de la Dumitre\u0219ti"},"content":{"rendered":"<p>[analyse_image type=&#8221;featured&#8221; src=&#8221;https:\/\/zdvi.cname.ro\/_\/foto-omd-vin-in-vrancea-prezent-la-simpozionul-european-drumuri-de-poveste-de-la-dumitresti\/mediaPool\/umUYVx3.jpg&#8221;]<\/p>\n<div class=\"main-content detaliu-articol\"><a class=\"titlu-cat-list\" href=\"https:\/\/ziaruldevrancea.ro\/promo\/brand-voice\">Brand voice<\/a><\/p>\n<h1>Foto | OMD \u201eVin \u00een Vrancea\u201d, prezent la simpozionul european \u201eDrumuri de Poveste\u201d de la Dumitre\u0219ti<\/h1>\n<div class=\"date-articol clearfix\">\n<div class=\"distribuie-articol dropdown\">\n    Distribuie: \u00a0<br \/>\n    <em>|<\/em><\/div>\n<div class=\"autor-articol\"><a href=\"https:\/\/ziaruldevrancea.ro\/autor\/mircea-pavel\/\"><img decoding=\"async\" class=\"img-circle\" src=\"https:\/\/zdvi.cname.ro\/50_50\/articleAuthor\/mircea-pavel\/articleAuthor\/uqcCx6q.jpg\" alt><\/a><\/p>\n<h5><a href=\"https:\/\/ziaruldevrancea.ro\/autor\/mircea-pavel\/\">Mircea Pavel<\/a><\/h5>\n<div class=\"grup-spatiere\"><span class=\"cu-spatiere\">23 iul 2026<\/span><span class=\"cu-spatiere\">532 vizualiz\u0103ri<\/span><\/div>\n<\/div>\n<\/div>\n<div class=\"poza-mare\">\n<div class=\"poza-mare galerie-detaliu\">\n<div id=\"carousel-poza-mare\" class=\"carousel slide carusel-poza\" data-ride=\"carousel\" data-interval=\"0\">\n<div class=\"carousel-inner\" role=\"listbox\">\n<div class=\"item imagine-carusel active\"><a href class=\"openGallery\"><img decoding=\"async\" class=\"img-responsive\" src=\"https:\/\/zdvi.cname.ro\/850_530\/foto-omd-vin-in-vrancea-prezent-la-simpozionul-european-drumuri-de-poveste-de-la-dumitresti\/article\/mediaPool\/umUYVx3.jpg\" alt><\/a><\/div>\n<div class=\"item imagine-carusel \"><a href class=\"openGallery\"><img decoding=\"async\" class=\"img-responsive\" src=\"https:\/\/zdvi.cname.ro\/850_530\/foto-omd-vin-in-vrancea-prezent-la-simpozionul-european-drumuri-de-poveste-de-la-dumitresti\/article\/mediaPool\/u98WaFx.jpeg\" alt><\/a><\/div>\n<div class=\"item imagine-carusel \"><a href class=\"openGallery\"><img decoding=\"async\" class=\"img-responsive\" src=\"https:\/\/zdvi.cname.ro\/850_530\/foto-omd-vin-in-vrancea-prezent-la-simpozionul-european-drumuri-de-poveste-de-la-dumitresti\/article\/mediaPool\/ulSgisa.jpeg\" alt><\/a><\/div>\n<div class=\"item imagine-carusel \"><a href class=\"openGallery\"><img decoding=\"async\" class=\"img-responsive\" src=\"https:\/\/zdvi.cname.ro\/850_530\/foto-omd-vin-in-vrancea-prezent-la-simpozionul-european-drumuri-de-poveste-de-la-dumitresti\/article\/mediaPool\/uvhhufN.jpeg\" alt><\/a><\/div>\n<div class=\"item imagine-carusel \"><a href class=\"openGallery\"><img decoding=\"async\" class=\"img-responsive\" src=\"https:\/\/zdvi.cname.ro\/850_530\/foto-omd-vin-in-vrancea-prezent-la-simpozionul-european-drumuri-de-poveste-de-la-dumitresti\/article\/mediaPool\/u5rqK2p.jpg\" alt><\/a><\/div>\n<div class=\"item imagine-carusel \"><a href class=\"openGallery\"><img decoding=\"async\" class=\"img-responsive\" src=\"https:\/\/zdvi.cname.ro\/850_530\/foto-omd-vin-in-vrancea-prezent-la-simpozionul-european-drumuri-de-poveste-de-la-dumitresti\/article\/mediaPool\/urMPeQ2.jpg\" alt><\/a><\/div>\n<div class=\"item imagine-carusel \"><a href class=\"openGallery\"><img decoding=\"async\" class=\"img-responsive\" src=\"https:\/\/zdvi.cname.ro\/850_530\/foto-omd-vin-in-vrancea-prezent-la-simpozionul-european-drumuri-de-poveste-de-la-dumitresti\/article\/mediaPool\/uRfJMDF.jpg\" alt><\/a><\/div>\n<\/div>\n<\/div>\n<div id=\"carousel-poze-mici\" class=\"carousel slide carusel-mici\" data-ride=\"carousel\" data-interval=\"0\">\n<div class=\"carousel-inner\" role=\"listbox\">\n<div class=\"item active\">\n<ul class=\"navigare-carusel-imagini\">\n<li data-target=\"#carousel-poza-mare\" data-slide-to=\"0\"><img decoding=\"async\" class=\"img-responsive\" src=\"https:\/\/zdvi.cname.ro\/_90\/foto-omd-vin-in-vrancea-prezent-la-simpozionul-european-drumuri-de-poveste-de-la-dumitresti\/article\/mediaPool\/umUYVx3.jpg\" alt><\/li>\n<li data-target=\"#carousel-poza-mare\" data-slide-to=\"1\"><img decoding=\"async\" class=\"img-responsive\" src=\"https:\/\/zdvi.cname.ro\/_90\/foto-omd-vin-in-vrancea-prezent-la-simpozionul-european-drumuri-de-poveste-de-la-dumitresti\/article\/mediaPool\/u98WaFx.jpeg\" alt><\/li>\n<li data-target=\"#carousel-poza-mare\" data-slide-to=\"2\"><img decoding=\"async\" class=\"img-responsive\" src=\"https:\/\/zdvi.cname.ro\/_90\/foto-omd-vin-in-vrancea-prezent-la-simpozionul-european-drumuri-de-poveste-de-la-dumitresti\/article\/mediaPool\/ulSgisa.jpeg\" alt><\/li>\n<li data-target=\"#carousel-poza-mare\" data-slide-to=\"3\"><img decoding=\"async\" class=\"img-responsive\" src=\"https:\/\/zdvi.cname.ro\/_90\/foto-omd-vin-in-vrancea-prezent-la-simpozionul-european-drumuri-de-poveste-de-la-dumitresti\/article\/mediaPool\/uvhhufN.jpeg\" alt><\/li>\n<li data-target=\"#carousel-poza-mare\" data-slide-to=\"4\"><img decoding=\"async\" class=\"img-responsive\" src=\"https:\/\/zdvi.cname.ro\/_90\/foto-omd-vin-in-vrancea-prezent-la-simpozionul-european-drumuri-de-poveste-de-la-dumitresti\/article\/mediaPool\/u5rqK2p.jpg\" alt><\/li>\n<\/ul>\n<\/div>\n<div class=\"item \">\n<ul class=\"navigare-carusel-imagini\">\n<li data-target=\"#carousel-poza-mare\" data-slide-to=\"5\"><img decoding=\"async\" class=\"img-responsive\" src=\"https:\/\/zdvi.cname.ro\/_90\/foto-omd-vin-in-vrancea-prezent-la-simpozionul-european-drumuri-de-poveste-de-la-dumitresti\/article\/mediaPool\/urMPeQ2.jpg\" alt><\/li>\n<li data-target=\"#carousel-poza-mare\" data-slide-to=\"6\"><img decoding=\"async\" class=\"img-responsive\" src=\"https:\/\/zdvi.cname.ro\/_90\/foto-omd-vin-in-vrancea-prezent-la-simpozionul-european-drumuri-de-poveste-de-la-dumitresti\/article\/mediaPool\/uRfJMDF.jpg\" alt><\/li>\n<\/ul>\n<\/div>\n<\/div>\n<p><a class=\"control left\" href=\"https:\/\/ziaruldevrancea.ro\/promo\/brand-voice\/foto-omd-vin-in-vrancea-prezent-la-simpozionul-european-drumuri-de-poveste-de-la-dumitresti#carousel-poze-mici\" role=\"button\" data-slide=\"prev\"><span class=\"sr-only\">Previous<\/span><\/a><a class=\"control right\" href=\"https:\/\/ziaruldevrancea.ro\/promo\/brand-voice\/foto-omd-vin-in-vrancea-prezent-la-simpozionul-european-drumuri-de-poveste-de-la-dumitresti#carousel-poze-mici\" role=\"button\" data-slide=\"next\"><span class=\"sr-only\">Next<\/span><\/a><\/div>\n<\/div>\n<\/div>\n<p><strong>Vrancea \u00ee\u0219i consolideaz\u0103 strategia pentru turism<\/strong><\/p>\n<p><strong>Parteneri din Rom\u00e2nia \u0219i Belgia, autorit\u0103\u021bi locale \u0219i reprezentan\u021bi ai societ\u0103\u021bii civile au discutat la Dumitre\u0219ti despre dezvoltarea turismului durabil, promovarea patrimoniului \u0219i crearea unor parteneriate care s\u0103 valorifice poten\u021bialul jude\u021bului Vrancea.<\/strong><\/p>\n<p><strong>Vrancea \u00ee\u0219i consolideaz\u0103 strategia pentru turism: OMD \u201eVin \u00een Vrancea\u201d, prezent la simpozionul european \u201eDrumuri de Poveste\u201d de la Dumitre\u0219ti<\/strong><\/p>\n<p>Turismul bazat pe patrimoniu, comunit\u0103\u021bi locale \u0219i colabor\u0103ri interna\u021bionale s-a aflat \u00een centrul dezbaterilor organizate la Dumitre\u0219ti, unde reprezentan\u021bi ai administra\u021biei publice, ai mediului asociativ \u0219i ai unor organiza\u021bii din Rom\u00e2nia \u0219i Belgia au participat la simpozionul regional <strong>\u201eDrumuri de Poveste \u2013 Vrancea 2026\u201d<\/strong>. Evenimentul a reunit actori implica\u021bi \u00een promovarea dezvolt\u0103rii locale \u0219i a fost marcat de participarea Organiza\u021biei de Management al Destina\u021biei <strong>OMD \u201eVin \u00een Vrancea\u201d<\/strong>, care \u0219i-a reafirmat sprijinul pentru proiectele dedicate dezvolt\u0103rii turistice a jude\u021bului.<\/p>\n<p>Potrivit unui comunicat de pres\u0103 transmis joi, 23 iulie 2026, redac\u021biei <strong>Ziarului de Vrancea<\/strong> de Biroul de pres\u0103 al OMD \u201eVin \u00een Vrancea\u201d, \u00eent\u00e2lnirea s-a desf\u0103\u0219urat la <strong>C\u0103minul Cultural \u201eAlexandru Dobrescu\u201d<\/strong> din comuna Dumitre\u0219ti \u0219i a avut ca obiectiv consolidarea colabor\u0103rii dintre autorit\u0103\u021bi, organiza\u021bii neguvernamentale \u0219i parteneri europeni pentru valorificarea resurselor turistice \u0219i culturale ale jude\u021bului.<\/p>\n<p>Simpozionul a fost organizat \u00een cadrul proiectului european <strong>CIRCLE<\/strong>, finan\u021bat prin programul <strong>Erasmus+<\/strong>, de c\u0103tre <strong>Asocia\u021bia \u201eDumitre\u0219ti \u2013 Al\u0103turi de Voi\u201d<\/strong> \u0219i <strong>Liceul Teoretic \u201eGrigore Gheba\u201d<\/strong>, \u00een parteneriat cu <strong>Funda\u021bia \u201eThe Open Network for Community Development\u201d (TON)<\/strong> \u0219i organiza\u021bia belgian\u0103 <strong>LimPRo v.z.w.<\/strong><\/p>\n<p><strong>Turismul, comunit\u0103\u021bile \u0219i patrimoniul local \u2013 principalele teme ale dezbaterilor<\/strong><\/p>\n<p>Discu\u021biile s-au concentrat asupra modului \u00een care patrimoniul cultural, gastronomia tradi\u021bional\u0103, me\u0219te\u0219ugurile \u0219i produc\u0103torii locali pot contribui la dezvoltarea economic\u0103 a comunit\u0103\u021bilor rurale din Vrancea.<\/p>\n<p>Participan\u021bii au eviden\u021biat importan\u021ba implic\u0103rii comunit\u0103\u021bilor \u00een construirea unor produse turistice autentice \u0219i au subliniat c\u0103 identitatea unei destina\u021bii este dat\u0103 \u00een primul r\u00e2nd de oamenii care p\u0103streaz\u0103 \u0219i promoveaz\u0103 tradi\u021biile locale.<\/p>\n<p>\u00cen cadrul evenimentului au fost prezentate \u0219i exemple de bune practici europene privind dezvoltarea rutelor culturale \u0219i cooperarea dintre comunit\u0103\u021bi.<\/p>\n<p><strong>Reprezentan\u021bi ai administra\u021biei, societ\u0103\u021bii civile \u0219i parteneri europeni<\/strong><\/p>\n<p>La masa dialogului au participat reprezentan\u021bi ai administra\u021biei publice, ai organiza\u021biilor neguvernamentale \u0219i ai mediului asociativ, printre care:<\/p>\n<ul>\n<li>D\u0103nu\u021b Mocanu, administrator public al jude\u021bului Vrancea, care a transmis mesajul pre\u0219edintelui Consiliului Jude\u021bean Vrancea, Nicu\u0219or Halici;<\/li>\n<li>Adrian Banaurs, primarul comunei Dumitre\u0219ti;<\/li>\n<li>Cristina-Victoria Cher\u021b, director executiv al Funda\u021biei TON \u0219i coordonator al proiectului;<\/li>\n<li>Jos Stappers, pre\u0219edintele organiza\u021biei belgiene LimPRo v.z.w., care a prezentat experien\u021ba partenerilor din Belgia privind dezvoltarea comunitar\u0103 \u0219i rutele culturale;<\/li>\n<li>Adrian C\u0103t\u0103lin Baciu, managerul Grupului de Ac\u021biune Local\u0103 \u201eP\u0103durile Dacice\u201d;<\/li>\n<li>Claudiu Vetrescu, reprezentant al Funda\u021biei \u201eVrancea de Weekend\u201d;<\/li>\n<li>reprezentan\u021bi ai centrelor de informare turistic\u0103, antreprenori \u0219i promotori locali.<\/li>\n<\/ul>\n<p><strong>OMD \u201eVin \u00een Vrancea\u201d: dezvoltarea turismului depinde de colaborarea dintre comunit\u0103\u021bi<\/strong><\/p>\n<p>\u00cen comunicatul transmis presei, reprezentan\u021bii OMD \u201eVin \u00een Vrancea\u201d arat\u0103 c\u0103 dezvoltarea turismului jude\u021bean presupune mai mult dec\u00e2t promovarea obiectivelor turistice.<\/p>\n<p>\u201e<strong>Ne dorim mai mult dec\u00e2t o simpl\u0103 promovare a obiectivelor turistice. Viziunea noastr\u0103 se concentreaz\u0103 pe aducerea \u00eempreun\u0103 a comunit\u0103\u021bilor din \u00eentreg jude\u021bul \u0219i pe sprijinirea oamenilor din Vrancea \u2013 de la me\u0219te\u0219ugari \u0219i produc\u0103tori locali p\u00e2n\u0103 la ghizi \u0219i promotori culturali. Turismul trebuie s\u0103 devin\u0103 un factor esen\u021bial pentru economia jude\u021bului, iar acest lucru este posibil doar prin parteneriate solide<\/strong>\u201d, transmit reprezentan\u021bii organiza\u021biei.<\/p>\n<p>OMD \u201eVin \u00een Vrancea\u201d \u0219i-a exprimat, totodat\u0103, aprecierea fa\u021b\u0103 de organizatorii \u0219i partenerii evenimentului \u0219i \u0219i-a reafirmat disponibilitatea de a participa la proiecte care urm\u0103resc dezvoltarea unei oferte turistice integrate \u0219i sustenabile pentru jude\u021b.<\/p>\n<p><strong>Misiunea OMD \u201eVin \u00een Vrancea\u201d<\/strong><\/p>\n<p>Potrivit comunicatului, Organiza\u021bia de Management al Destina\u021biei <strong>OMD \u201eVin \u00een Vrancea\u201d<\/strong> are ca obiectiv promovarea integrat\u0103 a patrimoniului turistic, cultural \u0219i gastronomic al jude\u021bului, dezvoltarea rutelor tematice \u0219i stimularea colabor\u0103rii dintre autorit\u0103\u021bi, mediul privat \u0219i comunit\u0103\u021bile locale, \u00een vederea consolid\u0103rii Vrancei ca destina\u021bie turistic\u0103.<\/p>\n<p><strong>Mircea Pavel<\/strong><\/p>\n<p><strong>Citi\u021bi \u00een documentul ata\u0219at \u0219i con\u021binutul integral al comunicatului de pres\u0103 transmis joi 23 iulie 2026 redac\u021biei cotidianului nostru de biroul de pres\u0103 OMD \u201eVin in Vrancea\u201d \u00een leg\u0103tur\u0103 cu acest articol\u00a0<\/strong><\/p>\n<hr>\n<p> Fisiere atasate<\/p>\n<ul class=\"list-group\">\n<li><a target=\"_blank\" href=\"https:\/\/zdvi.cname.ro\/static\/data\/mediaPool\/uYeKUO9.docx\">comunicat de presa dumitresti.docx<\/a><\/li>\n<\/ul>\n<div class=\"bloc-widget widget-rosu\">\n<p>\u00cen lipsa unui acord scris din partea Ziarului de Vrancea, pute\u0163i prelua maxim 500 de caractere din acest articol dac\u0103 preciza\u0163i sursa \u015fi insera\u0163i vizibil link-ul articolului:\u00a0<span>#insertcurrentlinkhere<\/span><\/p>\n<\/div>\n<div class=\"extra-articol listing-anunturi\">\n<h6>Anun\u021buri <span class=\"text-primary\">ZdV<\/span> Premium<\/h6>\n<div class=\"row\">\n<div class=\"col-lg-4 col-md-6 bloc-egal\"><a class=\"card-anunt\" href=\"https:\/\/ziaruldevrancea.ro\/anunturi\/imobiliare\/vanzari-case\/vand-casa-si-teren-in-panciu-anunt-72818\"><strong class=\"titlu\">V\u00e2nz\u0103ri case<\/strong><span class=\"text-anunt\">V\u00e2nd cas\u0103 cu 2 camere, buc\u0103t\u0103rie, baie,&#8230;<\/span><span class=\"data-anunt\">23.07.2026  <\/span><\/a><\/div>\n<div class=\"col-lg-4 col-md-6 bloc-egal\"><a class=\"card-anunt\" href=\"https:\/\/ziaruldevrancea.ro\/anunturi\/angajari\/cereri-angajari\/doresc-angajare-anunt-72815\"><strong class=\"titlu\">Cereri<\/strong><span class=\"text-anunt\">Doresc s\u0103 am grij\u0103 de un copil de&#8230;<\/span><span class=\"data-anunt\">21.07.2026  <\/span><\/a><\/div>\n<div class=\"col-lg-4 col-md-6 bloc-egal\"><a class=\"card-anunt\" href=\"https:\/\/ziaruldevrancea.ro\/anunturi\/inchirieri\/locuinte-oferte\/primesc-in-gazda-anunt-72816\"><strong class=\"titlu\">Locuin\u021be oferte<\/strong><span class=\"text-anunt\">\u00a0Primesc \u00een gazd\u0103 la cas\u0103.<\/p>\n<p>Tel&#8230;.<\/span><span class=\"data-anunt\">21.07.2026  <\/span><\/a><\/div>\n<\/div>\n<\/div>\n<div class=\"extra-articol alte-articole\">\n<div class=\"row\">\n<div class=\"col-lg-6 bloc-egal\">\n<div class=\"card articol-listing\">\n<h6>\u00cen categoria <a href=\"https:\/\/ziaruldevrancea.ro\/promo\/brand-voice\">Brand voice<\/a><\/h6>\n<div class=\"grup-articol-listing\">\n<div class=\"cont-pils\"><a href=\"https:\/\/ziaruldevrancea.ro\/promo\/brand-voice\/video-vrancea-doi-huhurezi-salvati-de-acdb-focsani-au-revenit-in-salbaticie-dupa-perioada-de-recuperare\"><img decoding=\"async\" src=\"https:\/\/zdvi.cname.ro\/180_135\/promo\/brand-voice\/video-vrancea-doi-huhurezi-salvati-de-acdb-focsani-au-revenit-in-salbaticie-dupa-perioada-de-recuperare\/mediaPool\/u9cWHQZ.jpg\" class=\"img-responsive img-180\" alt><\/a><\/div>\n<h2><a class=\"link-titlu\" href=\"https:\/\/ziaruldevrancea.ro\/promo\/brand-voice\/video-vrancea-doi-huhurezi-salvati-de-acdb-focsani-au-revenit-in-salbaticie-dupa-perioada-de-recuperare\">VIDEO | Vrancea: Doi huhurezi salva\u021bi de ACDB Foc\u0219ani au revenit \u00een s\u0103lb\u0103ticie dup\u0103 perioada de recuperare<\/a><\/h2>\n<div class=\"date-post\"><a href=\"https:\/\/ziaruldevrancea.ro\/autor\/petre-paraschiv\">Petre Paraschiv<\/a>, 25 iul 2026  <\/div>\n<\/div>\n<div class=\"grup-articol-listing\">\n<div class=\"cont-pils\"><a href=\"https:\/\/ziaruldevrancea.ro\/promo\/brand-voice\/producatorul-de-ambalaje-electric-srl-focsani-a-depasit-958-milioane-de-lei-cifra-de-afaceri-in-2025-si-a-ajuns-la-225-de-angajati\"><img decoding=\"async\" src=\"https:\/\/zdvi.cname.ro\/180_135\/promo\/brand-voice\/producatorul-de-ambalaje-electric-srl-focsani-a-depasit-958-milioane-de-lei-cifra-de-afaceri-in-2025-si-a-ajuns-la-225-de-angajati\/mediaPool\/usBFBUg.jpeg\" class=\"img-responsive img-180\" alt><\/a><\/div>\n<h2><a class=\"link-titlu\" href=\"https:\/\/ziaruldevrancea.ro\/promo\/brand-voice\/producatorul-de-ambalaje-electric-srl-focsani-a-depasit-958-milioane-de-lei-cifra-de-afaceri-in-2025-si-a-ajuns-la-225-de-angajati\">Produc\u0103torul de ambalaje Electric SRL Foc\u0219ani a dep\u0103\u0219it 95,8 milioane de lei cifr\u0103 de afaceri \u00een 2025 \u0219i a ajuns la 225 de angaja\u021bi<\/a><\/h2>\n<div class=\"date-post\"><a href=\"https:\/\/ziaruldevrancea.ro\/autor\/eduard-popescu\">Eduard Popescu<\/a>, 25 iul 2026  <\/div>\n<\/div>\n<div class=\"grup-articol-listing\">\n<div class=\"cont-pils\"><a href=\"https:\/\/ziaruldevrancea.ro\/promo\/brand-voice\/video--foto-eleva-bianca-serban-din-focsani-campioana-mondiala-la-wcopa-2026.-aur-pentru-vrancea-pe-scena-din-las-vegas\"><img decoding=\"async\" src=\"https:\/\/zdvi.cname.ro\/180_135\/promo\/brand-voice\/video--foto-eleva-bianca-serban-din-focsani-campioana-mondiala-la-wcopa-2026.-aur-pentru-vrancea-pe-scena-din-las-vegas\/mediaPool\/uqLAbe1.jpeg\" class=\"img-responsive img-180\" alt><\/a><\/div>\n<h2><a class=\"link-titlu\" href=\"https:\/\/ziaruldevrancea.ro\/promo\/brand-voice\/video--foto-eleva-bianca-serban-din-focsani-campioana-mondiala-la-wcopa-2026.-aur-pentru-vrancea-pe-scena-din-las-vegas\">VIDEO + Foto | Eleva Bianca \u0218erban din Foc\u0219ani, campioan\u0103 mondial\u0103 la WCOPA 2026. Aur pentru Vrancea pe scena din Las Vegas<\/a><\/h2>\n<div class=\"date-post\"><a href=\"https:\/\/ziaruldevrancea.ro\/autor\/anca-vasiliu\">Anca Vasiliu<\/a>, 25 iul 2026  <\/div>\n<\/div>\n<\/div>\n<\/div>\n<div class=\"col-lg-6 bloc-egal\">\n<div class=\"card articol-listing\">\n<h6>De acela\u0219i <a href=\"https:\/\/ziaruldevrancea.ro\/autor\/mircea-pavel\/\">autor<\/a><\/h6>\n<div class=\"grup-articol-listing\">\n<div class=\"cont-pils\"><a href=\"https:\/\/ziaruldevrancea.ro\/special\/social\/spitalul-municipal-adjud-isi-consolideaza-echipa-medicala-un-nou-medic-specialist-obstetrica-ginecologie-incepe-activitatea\"><img decoding=\"async\" src=\"https:\/\/zdvi.cname.ro\/180_135\/special\/social\/spitalul-municipal-adjud-isi-consolideaza-echipa-medicala-un-nou-medic-specialist-obstetrica-ginecologie-incepe-activitatea\/mediaPool\/uTjUq5y.jpg\" class=\"img-responsive img-180\" alt><\/a><\/div>\n<h2><a class=\"link-titlu\" href=\"https:\/\/ziaruldevrancea.ro\/special\/social\/spitalul-municipal-adjud-isi-consolideaza-echipa-medicala-un-nou-medic-specialist-obstetrica-ginecologie-incepe-activitatea\">Spitalul Municipal Adjud \u00ee\u0219i consolideaz\u0103 echipa medical\u0103: un nou medic specialist Obstetric\u0103-Ginecologie \u00eencepe activitatea<\/a><\/h2>\n<div class=\"date-post\"><a href=\"https:\/\/ziaruldevrancea.ro\/autor\/mircea-pavel\">Mircea Pavel<\/a>, 25 iul 2026  <\/div>\n<\/div>\n<div class=\"grup-articol-listing\">\n<div class=\"cont-pils\"><a href=\"https:\/\/ziaruldevrancea.ro\/special\/social\/campanie-de-donare-de-sange-la-adjud-spitalul-municipal-ii-invita-pe-vranceni-sa-doneze-pe-29-iulie\"><img decoding=\"async\" src=\"https:\/\/zdvi.cname.ro\/180_135\/special\/social\/campanie-de-donare-de-sange-la-adjud-spitalul-municipal-ii-invita-pe-vranceni-sa-doneze-pe-29-iulie\/mediaPool\/uAX5gnH.jpg\" class=\"img-responsive img-180\" alt><\/a><\/div>\n<h2><a class=\"link-titlu\" href=\"https:\/\/ziaruldevrancea.ro\/special\/social\/campanie-de-donare-de-sange-la-adjud-spitalul-municipal-ii-invita-pe-vranceni-sa-doneze-pe-29-iulie\">Campanie de donare de s\u00e2nge la Adjud: Spitalul Municipal \u00eei invit\u0103 pe vr\u00e2nceni s\u0103 doneze pe 29 iulie<\/a><\/h2>\n<div class=\"date-post\"><a href=\"https:\/\/ziaruldevrancea.ro\/autor\/mircea-pavel\">Mircea Pavel<\/a>, 24 iul 2026  <\/div>\n<\/div>\n<div class=\"grup-articol-listing\">\n<div class=\"cont-pils\"><a href=\"https:\/\/ziaruldevrancea.ro\/promo\/brand-voice\/cartierul-livada-al-focsaniului-intra-in-etapa-realizarii-retelelor-de-apa-si-canalizare\"><img decoding=\"async\" src=\"https:\/\/zdvi.cname.ro\/180_135\/promo\/brand-voice\/cartierul-livada-al-focsaniului-intra-in-etapa-realizarii-retelelor-de-apa-si-canalizare\/mediaPool\/uT8EkEU.jpg\" class=\"img-responsive img-180\" alt><\/a><\/div>\n<h2><a class=\"link-titlu\" href=\"https:\/\/ziaruldevrancea.ro\/promo\/brand-voice\/cartierul-livada-al-focsaniului-intra-in-etapa-realizarii-retelelor-de-apa-si-canalizare\">Cartierul Livad\u0103 al Foc\u0219aniului intr\u0103 \u00een etapa realiz\u0103rii re\u021belelor de ap\u0103 \u0219i canalizare<\/a><\/h2>\n<div class=\"date-post\"><a href=\"https:\/\/ziaruldevrancea.ro\/autor\/mircea-pavel\">Mircea Pavel<\/a>, 23 iul 2026  <\/div>\n<\/div>\n<\/div>\n<\/div>\n<\/div>\n<\/div>\n<div class=\"extra-articol listing-anunturi\">\n<h6>Anun\u021buri <span class=\"text-primary\">ZdV<\/span> Premium<\/h6>\n<div class=\"row\">\n<div class=\"col-lg-4 col-md-6 bloc-egal\"><a class=\"card-anunt\" href=\"https:\/\/ziaruldevrancea.ro\/anunturi\/inchirieri\/locuinte-oferte\/primesc-in-gazda-anunt-72817\"><strong class=\"titlu\">Locuin\u021be oferte<\/strong><span class=\"text-anunt\">Primesc \u00een gazd\u0103 la bloc o elev\u0103. <\/p>\n<p>Tel&#8230;.<\/span><span class=\"data-anunt\">21.07.2026  <\/span><\/a><\/div>\n<div class=\"col-lg-4 col-md-6 bloc-egal\"><a class=\"card-anunt\" href=\"https:\/\/ziaruldevrancea.ro\/anunturi\/altele\/matrimoniale\/Imi-caut-sufletul-pereche-anunt-72811\"><strong class=\"titlu\">Matrimoniale<\/strong><span class=\"text-anunt\">Domn serios caut doamn\u0103 serioas\u0103, v\u00e2rsta&#8230;<\/span><span class=\"data-anunt\">20.07.2026  <\/span><\/a><\/div>\n<div class=\"col-lg-4 col-md-6 bloc-egal\"><a class=\"card-anunt\" href=\"https:\/\/ziaruldevrancea.ro\/anunturi\/altele\/matrimoniale\/Imi-caut-sufletul-pereche-anunt-72809\"><strong class=\"titlu\">Matrimoniale<\/strong><span class=\"text-anunt\">Domn de la \u021bar\u0103, 55 de ani, cu locuin\u021b\u0103, teren&#8230;<\/span><span class=\"data-anunt\">16.07.2026  <\/span><\/a><\/div>\n<\/div>\n<\/div>\n<div class=\"bloc-widget widget-albastru\">\n    Ziarul de Vrancea \u00a0nu este responsabil juridic pentru con\u0163inutul textelor din comentariile de mai jos. Responsabilitatea pentru mesajele dumneavoastra v\u0103 revine \u00een exclusivitate.\n<\/div>\n<div class=\"comentarii-articol\" id=\"comentarii\">\n<h3>Comentarii: <span class=\"text-primary\">0<\/span><\/h3>\n<p><a href=\"https:\/\/ziaruldevrancea.ro\/promo\/brand-voice\/foto-omd-vin-in-vrancea-prezent-la-simpozionul-european-drumuri-de-poveste-de-la-dumitresti\" class=\"btn btn-success btn-adauga-com\" data-toggle=\"modal\" data-parent=\"0\" data-target=\"#commentModal\">Adaug\u0103 comentariu<\/a><\/p>\n<div class=\"loadMask comments-mask\"><img decoding=\"async\" src=\"https:\/\/zdvs.cname.ro\/images\/loader_40.gif\"><\/div>\n<div class=\"comenteaza-jos\">Trebuie s\u0103 fii <a href=\"https:\/\/ziaruldevrancea.ro\/account\">autentificat<\/a> pentru a putea <a href=\"https:\/\/ziaruldevrancea.ro\/promo\/brand-voice\/foto-omd-vin-in-vrancea-prezent-la-simpozionul-european-drumuri-de-poveste-de-la-dumitresti\" class data-toggle=\"modal\" data-parent=\"0\" data-target=\"#commentModal\">posta un comentariu<\/a>.<\/div>\n<\/div>\n<div class=\"modal fade\" id=\"commentModal\" role=\"dialog\" aria-labelledby=\"commentModalLabel\">\n<div class=\"modal-dialog modal-lg\" role=\"document\">\n<div class=\"modal-content\">\n<div class=\"modal-header\">\n<h3 class=\"modal-title\" id=\"commentModalLabel\">Comenteaz\u0103<\/h3>\n<\/div>\n<div class=\"modal-body\">\n<div class=\"tabel tabel-full\">\n<div class=\"celula\">\n              Trebuie s\u0103 fii <a href=\"https:\/\/ziaruldevrancea.ro\/account\">autentificat<\/a> pentru a putea posta un comentariu.\n            <\/div>\n<\/div>\n<\/div>\n<div class=\"modal-footer\">\n<div id=\"commentPending\" class=\"formPending pull-left\"><img decoding=\"async\" src=\"https:\/\/zdvs.cname.ro\/images\/loader_40.gif\"> In curs de procesare&#8230;<\/div>\n<p><a href=\"https:\/\/ziaruldevrancea.ro\/promo\/brand-voice\/foto-omd-vin-in-vrancea-prezent-la-simpozionul-european-drumuri-de-poveste-de-la-dumitresti\" class=\"btn btn-default\" data-dismiss=\"modal\">Anuleaz\u0103<\/a><\/div>\n<\/div>\n<\/div>\n<\/div>\n<div class=\"modal fade\" id=\"commentReportModal\" role=\"dialog\" aria-labelledby=\"commentReportModalLabel\">\n<div class=\"modal-dialog modal-lg\" role=\"document\">\n<div class=\"modal-content\">\n<div class=\"modal-header\">\n<h3 class=\"modal-title\" id=\"commentReportModalLabel\">Raporteaza comentariu<\/h3>\n<\/div>\n<div class=\"modal-body\">\n<div class=\"tabel tabel-full\">\n<div class=\"celula\">\n              Trebuie s\u0103 fii <a href=\"https:\/\/ziaruldevrancea.ro\/account\">autentificat<\/a> pentru a putea raporta un comentariu.\n            <\/div>\n<\/div>\n<\/div>\n<div class=\"modal-footer\">\n<div id=\"commentReportPending\" class=\"formPending pull-left\"><img decoding=\"async\" src=\"https:\/\/zdvs.cname.ro\/images\/loader_40.gif\"> In curs de procesare&#8230;<\/div>\n<p><a href=\"https:\/\/ziaruldevrancea.ro\/promo\/brand-voice\/foto-omd-vin-in-vrancea-prezent-la-simpozionul-european-drumuri-de-poveste-de-la-dumitresti\" class=\"btn btn-default\" data-dismiss=\"modal\">Anuleaz\u0103<\/a><\/div>\n<\/div>\n<\/div>\n<\/div>\n<div class=\"modal fade\" id=\"commentLikeModal\" role=\"dialog\" aria-labelledby=\"commentLikeModalLabel\">\n<div class=\"modal-dialog modal-lg\" role=\"document\">\n<div class=\"modal-content\">\n<div class=\"modal-header\">\n<h3 class=\"modal-title\" id=\"commentReportModalLabel\">Apreciaza comentariu<\/h3>\n<\/div>\n<div class=\"modal-body\">\n<div class=\"tabel tabel-full\">\n<div class=\"celula\">\n            Trebuie s\u0103 fii <a href=\"https:\/\/ziaruldevrancea.ro\/account\">autentificat<\/a> pentru a putea aprecia un comentariu.\n          <\/div>\n<\/div>\n<\/div>\n<div class=\"modal-footer\"><a href=\"https:\/\/ziaruldevrancea.ro\/promo\/brand-voice\/foto-omd-vin-in-vrancea-prezent-la-simpozionul-european-drumuri-de-poveste-de-la-dumitresti\" class=\"btn btn-default\" data-dismiss=\"modal\">Anuleaz\u0103<\/a><\/div>\n<\/div>\n<\/div>\n<\/div>\n<div class=\"bloc-widget widget-rosu\"><span><small>Ziarul de Vrancea doreste ca acest site sa fie un spatiu al discutiilor civilizate, al comentariilor de bun simt. Din acest motiv, cei care posteaza comentarii la articole trebuie sa respecte urmatoarele reguli:<br \/>\n1. Sa se refere doar la articolul la care posteaza comentarii.<br \/>\n2. Sa foloseasca un limbaj civilizat, fara injurii, calomnii, comentarii antisemite, xenofobe sau rasiste.<br \/>\n3. Sunt interzise atacurile la adresa autorilor, daca acestea nu au legatura cu textul.<br \/>\n4. Username-ul sa nu fie nume de personalitati ale vietii publice sau parodieri ale acestora.<br \/>\nAutorul unui articol poate fi criticat pentru eventuale greseli, incoerenta, lipsa de documentare etc.<br \/>\nNerespectarea regulilor mentionate mai sus va duce la stergerea comentariilor, fara avertisment si fara explicatii.<br \/>\nAbaterile repetate vor avea drept consecinta interdictia accesului la aceasta facilitate a site-ului.<\/small><\/span><\/div>\n<\/div>\n<p>[analyse_source url=&#8221;https:\/\/ziaruldevrancea.ro\/promo\/brand-voice\/foto-omd-vin-in-vrancea-prezent-la-simpozionul-european-drumuri-de-poveste-de-la-dumitresti&#8221;]<\/p>\n","protected":false},"excerpt":{"rendered":"<p>[analyse_image type=&#8221;featured&#8221; src=&#8221;https:\/\/zdvi.cname.ro\/_\/foto-omd-vin-in-vrancea-prezent-la-simpozionul-european-drumuri-de-poveste-de-la-dumitresti\/mediaPool\/umUYVx3.jpg&#8221;] Brand voice Foto | OMD \u201eVin \u00een Vrancea\u201d, prezent la simpozionul european \u201eDrumuri de Poveste\u201d de la Dumitre\u0219ti Distribuie: \u00a0 | Mircea Pavel 23 iul 2026532 vizualiz\u0103ri PreviousNext Vrancea \u00ee\u0219i consolideaz\u0103 strategia pentru turism Parteneri din Rom\u00e2nia \u0219i Belgia, autorit\u0103\u021bi locale \u0219i reprezentan\u021bi ai societ\u0103\u021bii civile au discutat la Dumitre\u0219ti despre dezvoltarea [&hellip;]<\/p>\n","protected":false},"author":1,"featured_media":0,"comment_status":"open","ping_status":"","sticky":false,"template":"","format":"standard","meta":{"footnotes":""},"categories":[89],"tags":[226,208],"class_list":["post-2061289","post","type-post","status-publish","format-standard","hentry","category-romania","tag-crawlmanager","tag-ziaruldevrancea-ro"],"_links":{"self":[{"href":"https:\/\/analyse.optim.biz\/index.php?rest_route=\/wp\/v2\/posts\/2061289","targetHints":{"allow":["GET"]}}],"collection":[{"href":"https:\/\/analyse.optim.biz\/index.php?rest_route=\/wp\/v2\/posts"}],"about":[{"href":"https:\/\/analyse.optim.biz\/index.php?rest_route=\/wp\/v2\/types\/post"}],"author":[{"embeddable":true,"href":"https:\/\/analyse.optim.biz\/index.php?rest_route=\/wp\/v2\/users\/1"}],"replies":[{"embeddable":true,"href":"https:\/\/analyse.optim.biz\/index.php?rest_route=%2Fwp%2Fv2%2Fcomments&post=2061289"}],"version-history":[{"count":0,"href":"https:\/\/analyse.optim.biz\/index.php?rest_route=\/wp\/v2\/posts\/2061289\/revisions"}],"wp:attachment":[{"href":"https:\/\/analyse.optim.biz\/index.php?rest_route=%2Fwp%2Fv2%2Fmedia&parent=2061289"}],"wp:term":[{"taxonomy":"category","embeddable":true,"href":"https:\/\/analyse.optim.biz\/index.php?rest_route=%2Fwp%2Fv2%2Fcategories&post=2061289"},{"taxonomy":"post_tag","embeddable":true,"href":"https:\/\/analyse.optim.biz\/index.php?rest_route=%2Fwp%2Fv2%2Ftags&post=2061289"}],"curies":[{"name":"wp","href":"https:\/\/api.w.org\/{rel}","templated":true}]}}