{"id":2061287,"date":"2026-07-22T00:00:00","date_gmt":"2026-07-21T21:00:00","guid":{"rendered":"https:\/\/analyse.optim.biz\/?p=2061287"},"modified":"2026-07-22T00:00:00","modified_gmt":"2026-07-21T21:00:00","slug":"video-vrancea-investeste-in-viitor-doua-crese-noi-inaugurate-la-dumbraveni-si-slobozia-bradului-prin-pnrr","status":"publish","type":"post","link":"https:\/\/analyse.optim.biz\/?p=2061287","title":{"rendered":"VIDEO | Vrancea investe\u0219te \u00een viitor: dou\u0103 cre\u0219e noi inaugurate la Dumbr\u0103veni \u0219i Slobozia Bradului prin PNRR"},"content":{"rendered":"<p>[analyse_image type=&#8221;featured&#8221; src=&#8221;https:\/\/zdvi.cname.ro\/_\/video-vrancea-investeste-in-viitor-doua-crese-noi-inaugurate-la-dumbraveni-si-slobozia-bradului-prin-pnrr\/mediaPool\/ucCHIX8.jpg&#8221;]<\/p>\n<div class=\"main-content detaliu-articol\"><a class=\"titlu-cat-list\" href=\"https:\/\/ziaruldevrancea.ro\/promo\/brand-voice\">Brand voice<\/a><\/p>\n<h1>VIDEO | Vrancea investe\u0219te \u00een viitor: dou\u0103 cre\u0219e noi inaugurate la Dumbr\u0103veni \u0219i Slobozia Bradului prin PNRR<\/h1>\n<div class=\"date-articol clearfix\">\n<div class=\"distribuie-articol dropdown\">\n    Distribuie: \u00a0<br \/>\n    <em>|<\/em><\/div>\n<div class=\"autor-articol\"><a href=\"https:\/\/ziaruldevrancea.ro\/autor\/mircea-pavel\/\"><img decoding=\"async\" class=\"img-circle\" src=\"https:\/\/zdvi.cname.ro\/50_50\/articleAuthor\/mircea-pavel\/articleAuthor\/uqcCx6q.jpg\" alt><\/a><\/p>\n<h5><a href=\"https:\/\/ziaruldevrancea.ro\/autor\/mircea-pavel\/\">Mircea Pavel<\/a><\/h5>\n<div class=\"grup-spatiere\"><span class=\"cu-spatiere\">22 iul 2026<\/span><span class=\"cu-spatiere\">921 vizualiz\u0103ri<\/span><\/div>\n<\/div>\n<\/div>\n<div class=\"poza-mare\">\n<div class=\"poza-mare galerie-detaliu\">\n<div id=\"carousel-poza-mare\" class=\"carousel slide carusel-poza\" data-ride=\"carousel\" data-interval=\"0\">\n<div class=\"carousel-inner\" role=\"listbox\">\n<div class=\"item imagine-carusel active\"><a href class=\"openGallery\"><img decoding=\"async\" class=\"img-responsive\" src=\"https:\/\/zdvi.cname.ro\/850_530\/video-vrancea-investeste-in-viitor-doua-crese-noi-inaugurate-la-dumbraveni-si-slobozia-bradului-prin-pnrr\/article\/mediaPool\/ucCHIX8.jpg\" alt><\/a><\/div>\n<div class=\"item imagine-carusel \"><a href class=\"openGallery\"><img decoding=\"async\" class=\"img-responsive\" src=\"https:\/\/zdvi.cname.ro\/850_530\/video-vrancea-investeste-in-viitor-doua-crese-noi-inaugurate-la-dumbraveni-si-slobozia-bradului-prin-pnrr\/article\/mediaPool\/uchzZWm.jpg\" alt><\/a><\/div>\n<div class=\"item imagine-carusel \"><a href class=\"openGallery\"><img decoding=\"async\" class=\"img-responsive\" src=\"https:\/\/zdvi.cname.ro\/850_530\/video-vrancea-investeste-in-viitor-doua-crese-noi-inaugurate-la-dumbraveni-si-slobozia-bradului-prin-pnrr\/article\/mediaPool\/uhT7moL.jpg\" alt><\/a><\/div>\n<div class=\"item imagine-carusel \"><a href class=\"openGallery\"><img decoding=\"async\" class=\"img-responsive\" src=\"https:\/\/zdvi.cname.ro\/850_530\/video-vrancea-investeste-in-viitor-doua-crese-noi-inaugurate-la-dumbraveni-si-slobozia-bradului-prin-pnrr\/article\/mediaPool\/uOJdNP9.jpg\" alt><\/a><\/div>\n<div class=\"item imagine-carusel \"><a href class=\"openGallery\"><img decoding=\"async\" class=\"img-responsive\" src=\"https:\/\/zdvi.cname.ro\/850_530\/video-vrancea-investeste-in-viitor-doua-crese-noi-inaugurate-la-dumbraveni-si-slobozia-bradului-prin-pnrr\/article\/mediaPool\/utxVehy.jpg\" alt><\/a><\/div>\n<div class=\"item imagine-carusel \"><a href class=\"openGallery\"><img decoding=\"async\" class=\"img-responsive\" src=\"https:\/\/zdvi.cname.ro\/850_530\/video-vrancea-investeste-in-viitor-doua-crese-noi-inaugurate-la-dumbraveni-si-slobozia-bradului-prin-pnrr\/article\/mediaPool\/uoszIIW.jpg\" alt><\/a><\/div>\n<\/div>\n<\/div>\n<div id=\"carousel-poze-mici\" class=\"carousel slide carusel-mici\" data-ride=\"carousel\" data-interval=\"0\">\n<div class=\"carousel-inner\" role=\"listbox\">\n<div class=\"item active\">\n<ul class=\"navigare-carusel-imagini\">\n<li data-target=\"#carousel-poza-mare\" data-slide-to=\"0\"><img decoding=\"async\" class=\"img-responsive\" src=\"https:\/\/zdvi.cname.ro\/_90\/video-vrancea-investeste-in-viitor-doua-crese-noi-inaugurate-la-dumbraveni-si-slobozia-bradului-prin-pnrr\/article\/mediaPool\/ucCHIX8.jpg\" alt><\/li>\n<li data-target=\"#carousel-poza-mare\" data-slide-to=\"1\"><img decoding=\"async\" class=\"img-responsive\" src=\"https:\/\/zdvi.cname.ro\/_90\/video-vrancea-investeste-in-viitor-doua-crese-noi-inaugurate-la-dumbraveni-si-slobozia-bradului-prin-pnrr\/article\/mediaPool\/uchzZWm.jpg\" alt><\/li>\n<li data-target=\"#carousel-poza-mare\" data-slide-to=\"2\"><img decoding=\"async\" class=\"img-responsive\" src=\"https:\/\/zdvi.cname.ro\/_90\/video-vrancea-investeste-in-viitor-doua-crese-noi-inaugurate-la-dumbraveni-si-slobozia-bradului-prin-pnrr\/article\/mediaPool\/uhT7moL.jpg\" alt><\/li>\n<li data-target=\"#carousel-poza-mare\" data-slide-to=\"3\"><img decoding=\"async\" class=\"img-responsive\" src=\"https:\/\/zdvi.cname.ro\/_90\/video-vrancea-investeste-in-viitor-doua-crese-noi-inaugurate-la-dumbraveni-si-slobozia-bradului-prin-pnrr\/article\/mediaPool\/uOJdNP9.jpg\" alt><\/li>\n<li data-target=\"#carousel-poza-mare\" data-slide-to=\"4\"><img decoding=\"async\" class=\"img-responsive\" src=\"https:\/\/zdvi.cname.ro\/_90\/video-vrancea-investeste-in-viitor-doua-crese-noi-inaugurate-la-dumbraveni-si-slobozia-bradului-prin-pnrr\/article\/mediaPool\/utxVehy.jpg\" alt><\/li>\n<\/ul>\n<\/div>\n<div class=\"item \">\n<ul class=\"navigare-carusel-imagini\">\n<li data-target=\"#carousel-poza-mare\" data-slide-to=\"5\"><img decoding=\"async\" class=\"img-responsive\" src=\"https:\/\/zdvi.cname.ro\/_90\/video-vrancea-investeste-in-viitor-doua-crese-noi-inaugurate-la-dumbraveni-si-slobozia-bradului-prin-pnrr\/article\/mediaPool\/uoszIIW.jpg\" alt><\/li>\n<\/ul>\n<\/div>\n<\/div>\n<p><a class=\"control left\" href=\"https:\/\/ziaruldevrancea.ro\/promo\/brand-voice\/video-vrancea-investeste-in-viitor-doua-crese-noi-inaugurate-la-dumbraveni-si-slobozia-bradului-prin-pnrr#carousel-poze-mici\" role=\"button\" data-slide=\"prev\"><span class=\"sr-only\">Previous<\/span><\/a><a class=\"control right\" href=\"https:\/\/ziaruldevrancea.ro\/promo\/brand-voice\/video-vrancea-investeste-in-viitor-doua-crese-noi-inaugurate-la-dumbraveni-si-slobozia-bradului-prin-pnrr#carousel-poze-mici\" role=\"button\" data-slide=\"next\"><span class=\"sr-only\">Next<\/span><\/a><\/div>\n<\/div>\n<\/div>\n<p><strong>Jude\u021bul are acum trei cre\u0219e construite prin Programul \u201eSf\u00e2nta Ana\u201d, finan\u021bat din PNRR.\u00a0Noile cre\u0219e inaugurate \u00een cele dou\u0103 comune se al\u0103tur\u0103 celei din Odobe\u0219ti \u0219i extind infrastructura destinat\u0103 educa\u021biei antepre\u0219colare din jude\u021b.<\/strong><\/p>\n<p><strong>Vrancea: dou\u0103 cre\u0219e noi inaugurate la Dumbr\u0103veni \u0219i Slobozia Bradului prin PNRR. Investi\u021biile extind infrastructura pentru educa\u021bia timpurie<\/strong><\/p>\n<iframe loading=\"lazy\" frameborder height=\"560\" scrolling=\"no\" src=\"https:\/\/www.youtube.com\/embed\/SJ3ayaF5HHo?si=cabO_TQjQJsgXNZ2\" width=\"100%\"><\/iframe>\n<p><strong>VIDEO:<a href=\"https:\/\/www.youtube.com\/@atlastvvrancea\" target=\"_blank\">vrancea atlastv<\/a><\/strong><\/p>\n<div class=\"video-embed\"><iframe loading=\"lazy\" frameborder height=\"560\" scrolling=\"no\" src=\"https:\/\/www.youtube.com\/embed\/72H9I1zCgII?si=LnirOjocJmZ14Rv1\" width=\"100%\"><\/iframe><\/div>\n<p><strong>Noile unit\u0103\u021bi de educa\u021bie antepre\u0219colar\u0103 din Dumbr\u0103veni \u0219i Slobozia Bradului, al\u0103turi de cre\u0219a din Odobe\u0219ti, completeaz\u0103 re\u021beaua investi\u021biilor realizate \u00een jude\u021bul Vrancea prin Programul guvernamental \u201eSf\u00e2nta Ana\u201d, finan\u021bat din Planul Na\u021bional de Redresare \u0219i Rezilien\u021b\u0103.<\/strong><\/p>\n<p><strong>Dou\u0103 noi cre\u0219e moderne au fost inaugurate \u00een comunele Dumbr\u0103veni \u0219i Slobozia Bradului, investi\u021biile fiind realizate prin Programul guvernamental \u201eSf\u00e2nta Ana\u201d, finan\u021bat prin Planul Na\u021bional de Redresare \u0219i Rezilien\u021b\u0103 (PNRR). La eveniment a participat \u0219i pre\u0219edintele Consiliului Jude\u021bean Vrancea, Nicu\u0219or Halici, care a subliniat importan\u021ba acestor proiecte pentru sprijinirea familiilor tinere \u0219i dezvoltarea comunit\u0103\u021bilor locale.<\/strong><\/p>\n<p>Potrivit mesajului publicat de Nicu\u0219or Halici pe pagina sa de Facebook, cele dou\u0103 cre\u0219e, \u00eempreun\u0103 cu unitatea inaugurat\u0103 anterior \u00een ora\u0219ul Odobe\u0219ti, reprezint\u0103 primele trei investi\u021bii de acest tip realizate \u00een jude\u021bul Vrancea prin acest program na\u021bional.<\/p>\n<p>La ceremonia de inaugurare au fost prezen\u021bi ministrul Dezvolt\u0103rii, Cseke Attila, primarii comunelor Dumbr\u0103veni \u0219i Slobozia Bradului, Valentin T\u00eelv\u0103r \u0219i Merlin Ivancea, reprezentan\u021bi ai administra\u021biei locale, cadre didactice, p\u0103rin\u021bi \u0219i copii.<\/p>\n<p><strong>Cre\u0219e construite dup\u0103 standarde moderne<\/strong><\/p>\n<p>Conform informa\u021biilor prezentate, noile unit\u0103\u021bi sunt proiectate pentru a r\u0103spunde cerin\u021belor actuale privind educa\u021bia timpurie \u0219i siguran\u021ba copiilor.<\/p>\n<p>Printre facilit\u0103\u021bile incluse se num\u0103r\u0103:<\/p>\n<ul>\n<li>dormitoare \u0219i camere de joac\u0103 adaptate copiilor de v\u00e2rst\u0103 antepre\u0219colar\u0103;<\/li>\n<li>buc\u0103t\u0103rie \u0219i sp\u0103l\u0103torie proprii;<\/li>\n<li>cabinet medical;<\/li>\n<li>spa\u021bii exterioare amenajate pentru activit\u0103\u021bi \u0219i joac\u0103;<\/li>\n<li>sisteme bazate pe energie regenerabil\u0103, cu panouri fotovoltaice \u0219i solare, \u00een conformitate cu standardele nZEB (Nearly Zero Energy Building), care urm\u0103resc reducerea consumului energetic \u0219i eficien\u021ba cl\u0103dirilor.<\/li>\n<\/ul>\n<p><strong>Investi\u021bii pentru educa\u021bia timpurie \u00een jude\u021bul Vrancea<\/strong><\/p>\n<p>\u00cen mesajul s\u0103u, pre\u0219edintele Consiliului Jude\u021bean Vrancea apreciaz\u0103 c\u0103 astfel de investi\u021bii pot contribui la \u00eembun\u0103t\u0103\u021birea condi\u021biilor oferite familiilor tinere \u0219i la dezvoltarea infrastructurii dedicate copiilor.<\/p>\n<p>Acesta a transmis mul\u021bumiri Ministerului Dezvolt\u0103rii \u0219i tuturor institu\u021biilor implicate \u00een implementarea proiectelor, ar\u0103t\u00e2nd c\u0103 investi\u021biile realizate prin PNRR urm\u0103resc cre\u0219terea calit\u0103\u021bii serviciilor publice \u0219i extinderea accesului la educa\u021bia antepre\u0219colar\u0103 \u00een jude\u021b.<\/p>\n<p>Inaugurarea celor dou\u0103 cre\u0219e marcheaz\u0103 o nou\u0103 etap\u0103 \u00een dezvoltarea infrastructurii educa\u021bionale din Vrancea, \u00eentr-un context \u00een care autorit\u0103\u021bile locale \u0219i centrale urm\u0103resc extinderea serviciilor destinate copiilor \u0219i familiilor, prin utilizarea fondurilor europene disponibile prin Planul Na\u021bional de Redresare \u0219i Rezilien\u021b\u0103.<\/p>\n<p><strong>Citi\u021bi \u00een continuare con\u021binutul integral al\u00a0postarii\u00a0activat\u0103 pe contul s\u0103u de facebook al pre\u0219edintelui Consiliului Jude\u021bean Vrancea, Nicu\u0219or Halici dup\u0103 ce a participat, mar\u021bi 21 iulie 2026\u00a0la inaugurarea celor dou\u0103 cre\u0219e noi din Dumbr\u0103veni \u0219i Slobozia Bradului construite prin proiecte finan\u021bate prin PNRR\u00a0<\/strong><\/p>\n<div>\u201e<strong><em>Primii pa\u0219i spre viitor:cre\u0219e noi \u0219i moderne pentru copiii din Vrancea<\/em><\/strong><\/div>\n<div><strong><em>Nimic nu aduce mai mult\u0103 speran\u021b\u0103 dec\u00e2t clipa \u00een care vedem cum comunitatea noastr\u0103 cre\u0219te \u0219i ofer\u0103 condi\u021bii tot mai bune pentru copii \u0219i sprijin pentru p\u0103rin\u021bi.<\/em><\/strong><\/div>\n<div><strong><em>Am avut ast\u0103zi bucuria de a participa la inaugurarea celor dou\u0103 cre\u0219e noi din Dumbr\u0103veni \u0219i Slobozia Bradului, g\u00e2ndite pentru a veni \u00een sprijinul familiilor tinere din jude\u021bul nostru. \u00cempreun\u0103 cu cre\u0219a din ora\u0219ul Odobe\u0219ti, avem acum trei astfel de investi\u021bii moderne realizate \u00een Vrancea prin Programul guvernamental \u201eSf\u00e2nta Ana\u201d, finan\u021bat prin Planul Na\u021bional de Redresare \u0219i Rezilien\u021b\u0103 (PNRR). Sunt proiecte care le dau tinerilor motive reale s\u0103 r\u0103m\u00e2n\u0103 \u0219i s\u0103 \u00ee\u0219i creasc\u0103 copiii aici, acas\u0103.<\/em><\/strong><\/div>\n<div><strong><em>M-am bucurat s\u0103 fiu al\u0103turi de domnul Cseke Attila, ministrul Dezvolt\u0103rii, de primarii Valentin T\u00eelv\u0103r \u0219i Merlin Ivancea, de reprezentan\u021bi ai administra\u021biei locale, dar mai ales de p\u0103rin\u021bii, cadrele didactice \u0219i copiii care vor umple aceste spa\u021bii cu z\u00e2mbete \u0219i bucurie.<\/em><\/strong><\/div>\n<div><strong><em>Ce \u00eenseamn\u0103 aceste cre\u0219e pentru comunitate?<\/em><\/strong><\/div>\n<div><strong><em>Sunt spa\u021bii construite la cele mai \u00eenalte standarde, moderne, sigure \u0219i prietenoase cu mediul:<\/em><\/strong><\/div>\n<div><strong><em>* Confort complet: dormitoare primitoare, camere de joac\u0103 spa\u021bioase, buc\u0103t\u0103rie \u0219i sp\u0103l\u0103torie proprii, plus cabinet medical;<\/em><\/strong><\/div>\n<div><strong><em>* Aer curat \u0219i mi\u0219care: zone de joac\u0103 \u00een aer liber, unde cei mici se pot bucura \u00een siguran\u021b\u0103 de natur\u0103;<\/em><\/strong><\/div>\n<div><strong><em>* Cl\u0103diri verzi (nZEB): dotate cu panouri solare \u0219i fotovoltaice pentru o eficien\u021b\u0103 energetic\u0103 maxim\u0103 \u0219i consum redus.<\/em><\/strong><\/div>\n<div><strong><em>Mul\u021bumesc domnului ministru Cseke Attila \u0219i tuturor celor care au contribuit la punerea \u00een practic\u0103 a acestor investi\u021bii at\u00e2t de necesare pentru viitorul copiilor no\u0219tri.\u201d\u00a0\u00a0 \u00a0 \u00a0 <\/em>\u00a0 \u00a0<\/strong> \u00a0\u00a0<\/div>\n<hr>\n<div class=\"bloc-widget widget-rosu\">\n<p>\u00cen lipsa unui acord scris din partea Ziarului de Vrancea, pute\u0163i prelua maxim 500 de caractere din acest articol dac\u0103 preciza\u0163i sursa \u015fi insera\u0163i vizibil link-ul articolului:\u00a0<span>#insertcurrentlinkhere<\/span><\/p>\n<\/div>\n<div class=\"extra-articol listing-anunturi\">\n<h6>Anun\u021buri <span class=\"text-primary\">ZdV<\/span> Premium<\/h6>\n<div class=\"row\">\n<div class=\"col-lg-4 col-md-6 bloc-egal\"><a class=\"card-anunt\" href=\"https:\/\/ziaruldevrancea.ro\/anunturi\/imobiliare\/vanzari-case\/vand-casa-si-teren-in-panciu-anunt-72818\"><strong class=\"titlu\">V\u00e2nz\u0103ri case<\/strong><span class=\"text-anunt\">V\u00e2nd cas\u0103 cu 2 camere, buc\u0103t\u0103rie, baie,&#8230;<\/span><span class=\"data-anunt\">23.07.2026  <\/span><\/a><\/div>\n<div class=\"col-lg-4 col-md-6 bloc-egal\"><a class=\"card-anunt\" href=\"https:\/\/ziaruldevrancea.ro\/anunturi\/angajari\/cereri-angajari\/doresc-angajare-anunt-72815\"><strong class=\"titlu\">Cereri<\/strong><span class=\"text-anunt\">Doresc s\u0103 am grij\u0103 de un copil de&#8230;<\/span><span class=\"data-anunt\">21.07.2026  <\/span><\/a><\/div>\n<div class=\"col-lg-4 col-md-6 bloc-egal\"><a class=\"card-anunt\" href=\"https:\/\/ziaruldevrancea.ro\/anunturi\/inchirieri\/locuinte-oferte\/primesc-in-gazda-anunt-72816\"><strong class=\"titlu\">Locuin\u021be oferte<\/strong><span class=\"text-anunt\">\u00a0Primesc \u00een gazd\u0103 la cas\u0103.<\/p>\n<p>Tel&#8230;.<\/span><span class=\"data-anunt\">21.07.2026  <\/span><\/a><\/div>\n<\/div>\n<\/div>\n<div class=\"extra-articol alte-articole\">\n<div class=\"row\">\n<div class=\"col-lg-6 bloc-egal\">\n<div class=\"card articol-listing\">\n<h6>\u00cen categoria <a href=\"https:\/\/ziaruldevrancea.ro\/promo\/brand-voice\">Brand voice<\/a><\/h6>\n<div class=\"grup-articol-listing\">\n<div class=\"cont-pils\"><a href=\"https:\/\/ziaruldevrancea.ro\/promo\/brand-voice\/video-vrancea-doi-huhurezi-salvati-de-acdb-focsani-au-revenit-in-salbaticie-dupa-perioada-de-recuperare\"><img decoding=\"async\" src=\"https:\/\/zdvi.cname.ro\/180_135\/promo\/brand-voice\/video-vrancea-doi-huhurezi-salvati-de-acdb-focsani-au-revenit-in-salbaticie-dupa-perioada-de-recuperare\/mediaPool\/u9cWHQZ.jpg\" class=\"img-responsive img-180\" alt><\/a><\/div>\n<h2><a class=\"link-titlu\" href=\"https:\/\/ziaruldevrancea.ro\/promo\/brand-voice\/video-vrancea-doi-huhurezi-salvati-de-acdb-focsani-au-revenit-in-salbaticie-dupa-perioada-de-recuperare\">VIDEO | Vrancea: Doi huhurezi salva\u021bi de ACDB Foc\u0219ani au revenit \u00een s\u0103lb\u0103ticie dup\u0103 perioada de recuperare<\/a><\/h2>\n<div class=\"date-post\"><a href=\"https:\/\/ziaruldevrancea.ro\/autor\/petre-paraschiv\">Petre Paraschiv<\/a>, 25 iul 2026  <\/div>\n<\/div>\n<div class=\"grup-articol-listing\">\n<div class=\"cont-pils\"><a href=\"https:\/\/ziaruldevrancea.ro\/promo\/brand-voice\/producatorul-de-ambalaje-electric-srl-focsani-a-depasit-958-milioane-de-lei-cifra-de-afaceri-in-2025-si-a-ajuns-la-225-de-angajati\"><img decoding=\"async\" src=\"https:\/\/zdvi.cname.ro\/180_135\/promo\/brand-voice\/producatorul-de-ambalaje-electric-srl-focsani-a-depasit-958-milioane-de-lei-cifra-de-afaceri-in-2025-si-a-ajuns-la-225-de-angajati\/mediaPool\/usBFBUg.jpeg\" class=\"img-responsive img-180\" alt><\/a><\/div>\n<h2><a class=\"link-titlu\" href=\"https:\/\/ziaruldevrancea.ro\/promo\/brand-voice\/producatorul-de-ambalaje-electric-srl-focsani-a-depasit-958-milioane-de-lei-cifra-de-afaceri-in-2025-si-a-ajuns-la-225-de-angajati\">Produc\u0103torul de ambalaje Electric SRL Foc\u0219ani a dep\u0103\u0219it 95,8 milioane de lei cifr\u0103 de afaceri \u00een 2025 \u0219i a ajuns la 225 de angaja\u021bi<\/a><\/h2>\n<div class=\"date-post\"><a href=\"https:\/\/ziaruldevrancea.ro\/autor\/eduard-popescu\">Eduard Popescu<\/a>, 25 iul 2026  <\/div>\n<\/div>\n<div class=\"grup-articol-listing\">\n<div class=\"cont-pils\"><a href=\"https:\/\/ziaruldevrancea.ro\/promo\/brand-voice\/video--foto-eleva-bianca-serban-din-focsani-campioana-mondiala-la-wcopa-2026.-aur-pentru-vrancea-pe-scena-din-las-vegas\"><img decoding=\"async\" src=\"https:\/\/zdvi.cname.ro\/180_135\/promo\/brand-voice\/video--foto-eleva-bianca-serban-din-focsani-campioana-mondiala-la-wcopa-2026.-aur-pentru-vrancea-pe-scena-din-las-vegas\/mediaPool\/uqLAbe1.jpeg\" class=\"img-responsive img-180\" alt><\/a><\/div>\n<h2><a class=\"link-titlu\" href=\"https:\/\/ziaruldevrancea.ro\/promo\/brand-voice\/video--foto-eleva-bianca-serban-din-focsani-campioana-mondiala-la-wcopa-2026.-aur-pentru-vrancea-pe-scena-din-las-vegas\">VIDEO + Foto | Eleva Bianca \u0218erban din Foc\u0219ani, campioan\u0103 mondial\u0103 la WCOPA 2026. Aur pentru Vrancea pe scena din Las Vegas<\/a><\/h2>\n<div class=\"date-post\"><a href=\"https:\/\/ziaruldevrancea.ro\/autor\/anca-vasiliu\">Anca Vasiliu<\/a>, 25 iul 2026  <\/div>\n<\/div>\n<\/div>\n<\/div>\n<div class=\"col-lg-6 bloc-egal\">\n<div class=\"card articol-listing\">\n<h6>De acela\u0219i <a href=\"https:\/\/ziaruldevrancea.ro\/autor\/mircea-pavel\/\">autor<\/a><\/h6>\n<div class=\"grup-articol-listing\">\n<div class=\"cont-pils\"><a href=\"https:\/\/ziaruldevrancea.ro\/special\/social\/spitalul-municipal-adjud-isi-consolideaza-echipa-medicala-un-nou-medic-specialist-obstetrica-ginecologie-incepe-activitatea\"><img decoding=\"async\" src=\"https:\/\/zdvi.cname.ro\/180_135\/special\/social\/spitalul-municipal-adjud-isi-consolideaza-echipa-medicala-un-nou-medic-specialist-obstetrica-ginecologie-incepe-activitatea\/mediaPool\/uTjUq5y.jpg\" class=\"img-responsive img-180\" alt><\/a><\/div>\n<h2><a class=\"link-titlu\" href=\"https:\/\/ziaruldevrancea.ro\/special\/social\/spitalul-municipal-adjud-isi-consolideaza-echipa-medicala-un-nou-medic-specialist-obstetrica-ginecologie-incepe-activitatea\">Spitalul Municipal Adjud \u00ee\u0219i consolideaz\u0103 echipa medical\u0103: un nou medic specialist Obstetric\u0103-Ginecologie \u00eencepe activitatea<\/a><\/h2>\n<div class=\"date-post\"><a href=\"https:\/\/ziaruldevrancea.ro\/autor\/mircea-pavel\">Mircea Pavel<\/a>, 25 iul 2026  <\/div>\n<\/div>\n<div class=\"grup-articol-listing\">\n<div class=\"cont-pils\"><a href=\"https:\/\/ziaruldevrancea.ro\/special\/social\/campanie-de-donare-de-sange-la-adjud-spitalul-municipal-ii-invita-pe-vranceni-sa-doneze-pe-29-iulie\"><img decoding=\"async\" src=\"https:\/\/zdvi.cname.ro\/180_135\/special\/social\/campanie-de-donare-de-sange-la-adjud-spitalul-municipal-ii-invita-pe-vranceni-sa-doneze-pe-29-iulie\/mediaPool\/uAX5gnH.jpg\" class=\"img-responsive img-180\" alt><\/a><\/div>\n<h2><a class=\"link-titlu\" href=\"https:\/\/ziaruldevrancea.ro\/special\/social\/campanie-de-donare-de-sange-la-adjud-spitalul-municipal-ii-invita-pe-vranceni-sa-doneze-pe-29-iulie\">Campanie de donare de s\u00e2nge la Adjud: Spitalul Municipal \u00eei invit\u0103 pe vr\u00e2nceni s\u0103 doneze pe 29 iulie<\/a><\/h2>\n<div class=\"date-post\"><a href=\"https:\/\/ziaruldevrancea.ro\/autor\/mircea-pavel\">Mircea Pavel<\/a>, 24 iul 2026  <\/div>\n<\/div>\n<div class=\"grup-articol-listing\">\n<div class=\"cont-pils\"><a href=\"https:\/\/ziaruldevrancea.ro\/promo\/brand-voice\/cartierul-livada-al-focsaniului-intra-in-etapa-realizarii-retelelor-de-apa-si-canalizare\"><img decoding=\"async\" src=\"https:\/\/zdvi.cname.ro\/180_135\/promo\/brand-voice\/cartierul-livada-al-focsaniului-intra-in-etapa-realizarii-retelelor-de-apa-si-canalizare\/mediaPool\/uT8EkEU.jpg\" class=\"img-responsive img-180\" alt><\/a><\/div>\n<h2><a class=\"link-titlu\" href=\"https:\/\/ziaruldevrancea.ro\/promo\/brand-voice\/cartierul-livada-al-focsaniului-intra-in-etapa-realizarii-retelelor-de-apa-si-canalizare\">Cartierul Livad\u0103 al Foc\u0219aniului intr\u0103 \u00een etapa realiz\u0103rii re\u021belelor de ap\u0103 \u0219i canalizare<\/a><\/h2>\n<div class=\"date-post\"><a href=\"https:\/\/ziaruldevrancea.ro\/autor\/mircea-pavel\">Mircea Pavel<\/a>, 23 iul 2026  <\/div>\n<\/div>\n<\/div>\n<\/div>\n<\/div>\n<\/div>\n<div class=\"extra-articol listing-anunturi\">\n<h6>Anun\u021buri <span class=\"text-primary\">ZdV<\/span> Premium<\/h6>\n<div class=\"row\">\n<div class=\"col-lg-4 col-md-6 bloc-egal\"><a class=\"card-anunt\" href=\"https:\/\/ziaruldevrancea.ro\/anunturi\/inchirieri\/locuinte-oferte\/primesc-in-gazda-anunt-72817\"><strong class=\"titlu\">Locuin\u021be oferte<\/strong><span class=\"text-anunt\">Primesc \u00een gazd\u0103 la bloc o elev\u0103. <\/p>\n<p>Tel&#8230;.<\/span><span class=\"data-anunt\">21.07.2026  <\/span><\/a><\/div>\n<div class=\"col-lg-4 col-md-6 bloc-egal\"><a class=\"card-anunt\" href=\"https:\/\/ziaruldevrancea.ro\/anunturi\/altele\/matrimoniale\/Imi-caut-sufletul-pereche-anunt-72811\"><strong class=\"titlu\">Matrimoniale<\/strong><span class=\"text-anunt\">Domn serios caut doamn\u0103 serioas\u0103, v\u00e2rsta&#8230;<\/span><span class=\"data-anunt\">20.07.2026  <\/span><\/a><\/div>\n<div class=\"col-lg-4 col-md-6 bloc-egal\"><a class=\"card-anunt\" href=\"https:\/\/ziaruldevrancea.ro\/anunturi\/altele\/matrimoniale\/Imi-caut-sufletul-pereche-anunt-72809\"><strong class=\"titlu\">Matrimoniale<\/strong><span class=\"text-anunt\">Domn de la \u021bar\u0103, 55 de ani, cu locuin\u021b\u0103, teren&#8230;<\/span><span class=\"data-anunt\">16.07.2026  <\/span><\/a><\/div>\n<\/div>\n<\/div>\n<div class=\"bloc-widget widget-albastru\">\n    Ziarul de Vrancea \u00a0nu este responsabil juridic pentru con\u0163inutul textelor din comentariile de mai jos. Responsabilitatea pentru mesajele dumneavoastra v\u0103 revine \u00een exclusivitate.\n<\/div>\n<div class=\"comentarii-articol\" id=\"comentarii\">\n<h3>Comentarii: <span class=\"text-primary\">0<\/span><\/h3>\n<p><a href=\"https:\/\/ziaruldevrancea.ro\/promo\/brand-voice\/video-vrancea-investeste-in-viitor-doua-crese-noi-inaugurate-la-dumbraveni-si-slobozia-bradului-prin-pnrr\" class=\"btn btn-success btn-adauga-com\" data-toggle=\"modal\" data-parent=\"0\" data-target=\"#commentModal\">Adaug\u0103 comentariu<\/a><\/p>\n<div class=\"loadMask comments-mask\"><img decoding=\"async\" src=\"https:\/\/zdvs.cname.ro\/images\/loader_40.gif\"><\/div>\n<div class=\"comenteaza-jos\">Trebuie s\u0103 fii <a href=\"https:\/\/ziaruldevrancea.ro\/account\">autentificat<\/a> pentru a putea <a href=\"https:\/\/ziaruldevrancea.ro\/promo\/brand-voice\/video-vrancea-investeste-in-viitor-doua-crese-noi-inaugurate-la-dumbraveni-si-slobozia-bradului-prin-pnrr\" class data-toggle=\"modal\" data-parent=\"0\" data-target=\"#commentModal\">posta un comentariu<\/a>.<\/div>\n<\/div>\n<div class=\"modal fade\" id=\"commentModal\" role=\"dialog\" aria-labelledby=\"commentModalLabel\">\n<div class=\"modal-dialog modal-lg\" role=\"document\">\n<div class=\"modal-content\">\n<div class=\"modal-header\">\n<h3 class=\"modal-title\" id=\"commentModalLabel\">Comenteaz\u0103<\/h3>\n<\/div>\n<div class=\"modal-body\">\n<div class=\"tabel tabel-full\">\n<div class=\"celula\">\n              Trebuie s\u0103 fii <a href=\"https:\/\/ziaruldevrancea.ro\/account\">autentificat<\/a> pentru a putea posta un comentariu.\n            <\/div>\n<\/div>\n<\/div>\n<div class=\"modal-footer\">\n<div id=\"commentPending\" class=\"formPending pull-left\"><img decoding=\"async\" src=\"https:\/\/zdvs.cname.ro\/images\/loader_40.gif\"> In curs de procesare&#8230;<\/div>\n<p><a href=\"https:\/\/ziaruldevrancea.ro\/promo\/brand-voice\/video-vrancea-investeste-in-viitor-doua-crese-noi-inaugurate-la-dumbraveni-si-slobozia-bradului-prin-pnrr\" class=\"btn btn-default\" data-dismiss=\"modal\">Anuleaz\u0103<\/a><\/div>\n<\/div>\n<\/div>\n<\/div>\n<div class=\"modal fade\" id=\"commentReportModal\" role=\"dialog\" aria-labelledby=\"commentReportModalLabel\">\n<div class=\"modal-dialog modal-lg\" role=\"document\">\n<div class=\"modal-content\">\n<div class=\"modal-header\">\n<h3 class=\"modal-title\" id=\"commentReportModalLabel\">Raporteaza comentariu<\/h3>\n<\/div>\n<div class=\"modal-body\">\n<div class=\"tabel tabel-full\">\n<div class=\"celula\">\n              Trebuie s\u0103 fii <a href=\"https:\/\/ziaruldevrancea.ro\/account\">autentificat<\/a> pentru a putea raporta un comentariu.\n            <\/div>\n<\/div>\n<\/div>\n<div class=\"modal-footer\">\n<div id=\"commentReportPending\" class=\"formPending pull-left\"><img decoding=\"async\" src=\"https:\/\/zdvs.cname.ro\/images\/loader_40.gif\"> In curs de procesare&#8230;<\/div>\n<p><a href=\"https:\/\/ziaruldevrancea.ro\/promo\/brand-voice\/video-vrancea-investeste-in-viitor-doua-crese-noi-inaugurate-la-dumbraveni-si-slobozia-bradului-prin-pnrr\" class=\"btn btn-default\" data-dismiss=\"modal\">Anuleaz\u0103<\/a><\/div>\n<\/div>\n<\/div>\n<\/div>\n<div class=\"modal fade\" id=\"commentLikeModal\" role=\"dialog\" aria-labelledby=\"commentLikeModalLabel\">\n<div class=\"modal-dialog modal-lg\" role=\"document\">\n<div class=\"modal-content\">\n<div class=\"modal-header\">\n<h3 class=\"modal-title\" id=\"commentReportModalLabel\">Apreciaza comentariu<\/h3>\n<\/div>\n<div class=\"modal-body\">\n<div class=\"tabel tabel-full\">\n<div class=\"celula\">\n            Trebuie s\u0103 fii <a href=\"https:\/\/ziaruldevrancea.ro\/account\">autentificat<\/a> pentru a putea aprecia un comentariu.\n          <\/div>\n<\/div>\n<\/div>\n<div class=\"modal-footer\"><a href=\"https:\/\/ziaruldevrancea.ro\/promo\/brand-voice\/video-vrancea-investeste-in-viitor-doua-crese-noi-inaugurate-la-dumbraveni-si-slobozia-bradului-prin-pnrr\" class=\"btn btn-default\" data-dismiss=\"modal\">Anuleaz\u0103<\/a><\/div>\n<\/div>\n<\/div>\n<\/div>\n<div class=\"bloc-widget widget-rosu\"><span><small>Ziarul de Vrancea doreste ca acest site sa fie un spatiu al discutiilor civilizate, al comentariilor de bun simt. Din acest motiv, cei care posteaza comentarii la articole trebuie sa respecte urmatoarele reguli:<br \/>\n1. Sa se refere doar la articolul la care posteaza comentarii.<br \/>\n2. Sa foloseasca un limbaj civilizat, fara injurii, calomnii, comentarii antisemite, xenofobe sau rasiste.<br \/>\n3. Sunt interzise atacurile la adresa autorilor, daca acestea nu au legatura cu textul.<br \/>\n4. Username-ul sa nu fie nume de personalitati ale vietii publice sau parodieri ale acestora.<br \/>\nAutorul unui articol poate fi criticat pentru eventuale greseli, incoerenta, lipsa de documentare etc.<br \/>\nNerespectarea regulilor mentionate mai sus va duce la stergerea comentariilor, fara avertisment si fara explicatii.<br \/>\nAbaterile repetate vor avea drept consecinta interdictia accesului la aceasta facilitate a site-ului.<\/small><\/span><\/div>\n<\/div>\n<p>[analyse_source url=&#8221;https:\/\/ziaruldevrancea.ro\/promo\/brand-voice\/video-vrancea-investeste-in-viitor-doua-crese-noi-inaugurate-la-dumbraveni-si-slobozia-bradului-prin-pnrr&#8221;]<\/p>\n","protected":false},"excerpt":{"rendered":"<p>[analyse_image type=&#8221;featured&#8221; src=&#8221;https:\/\/zdvi.cname.ro\/_\/video-vrancea-investeste-in-viitor-doua-crese-noi-inaugurate-la-dumbraveni-si-slobozia-bradului-prin-pnrr\/mediaPool\/ucCHIX8.jpg&#8221;] Brand voice VIDEO | Vrancea investe\u0219te \u00een viitor: dou\u0103 cre\u0219e noi inaugurate la Dumbr\u0103veni \u0219i Slobozia Bradului prin PNRR Distribuie: \u00a0 | Mircea Pavel 22 iul 2026921 vizualiz\u0103ri PreviousNext Jude\u021bul are acum trei cre\u0219e construite prin Programul \u201eSf\u00e2nta Ana\u201d, finan\u021bat din PNRR.\u00a0Noile cre\u0219e inaugurate \u00een cele dou\u0103 comune se al\u0103tur\u0103 celei din [&hellip;]<\/p>\n","protected":false},"author":1,"featured_media":0,"comment_status":"open","ping_status":"","sticky":false,"template":"","format":"standard","meta":{"footnotes":""},"categories":[89],"tags":[226,208],"class_list":["post-2061287","post","type-post","status-publish","format-standard","hentry","category-romania","tag-crawlmanager","tag-ziaruldevrancea-ro"],"_links":{"self":[{"href":"https:\/\/analyse.optim.biz\/index.php?rest_route=\/wp\/v2\/posts\/2061287","targetHints":{"allow":["GET"]}}],"collection":[{"href":"https:\/\/analyse.optim.biz\/index.php?rest_route=\/wp\/v2\/posts"}],"about":[{"href":"https:\/\/analyse.optim.biz\/index.php?rest_route=\/wp\/v2\/types\/post"}],"author":[{"embeddable":true,"href":"https:\/\/analyse.optim.biz\/index.php?rest_route=\/wp\/v2\/users\/1"}],"replies":[{"embeddable":true,"href":"https:\/\/analyse.optim.biz\/index.php?rest_route=%2Fwp%2Fv2%2Fcomments&post=2061287"}],"version-history":[{"count":0,"href":"https:\/\/analyse.optim.biz\/index.php?rest_route=\/wp\/v2\/posts\/2061287\/revisions"}],"wp:attachment":[{"href":"https:\/\/analyse.optim.biz\/index.php?rest_route=%2Fwp%2Fv2%2Fmedia&parent=2061287"}],"wp:term":[{"taxonomy":"category","embeddable":true,"href":"https:\/\/analyse.optim.biz\/index.php?rest_route=%2Fwp%2Fv2%2Fcategories&post=2061287"},{"taxonomy":"post_tag","embeddable":true,"href":"https:\/\/analyse.optim.biz\/index.php?rest_route=%2Fwp%2Fv2%2Ftags&post=2061287"}],"curies":[{"name":"wp","href":"https:\/\/api.w.org\/{rel}","templated":true}]}}