{"id":2061281,"date":"2026-07-21T00:00:00","date_gmt":"2026-07-20T21:00:00","guid":{"rendered":"https:\/\/analyse.optim.biz\/?p=2061281"},"modified":"2026-07-21T00:00:00","modified_gmt":"2026-07-20T21:00:00","slug":"o-inima-pentru-comunitate-de-20-de-ani","status":"publish","type":"post","link":"https:\/\/analyse.optim.biz\/?p=2061281","title":{"rendered":"O inim\u0103 pentru comunitate, de 20 de ani"},"content":{"rendered":"<p>[analyse_image type=&#8221;featured&#8221; src=&#8221;https:\/\/zdvi.cname.ro\/_\/20-de-ani-de-cardiologie-dedicata-pacientilor-cabinetul-unui-medic-din-vrancea-marcheaza-doua-decenii-de-activitate-si-investitii-continue-in-sanatatea-inimii\/mediaPool\/u6mTeZW.jpg&#8221;]<\/p>\n<div class=\"main-content detaliu-articol\"><a class=\"titlu-cat-list\" href=\"https:\/\/ziaruldevrancea.ro\/promo\/brand-voice\">Brand voice<\/a><\/p>\n<h1>O inim\u0103 pentru comunitate, de 20 de ani<\/h1>\n<div class=\"date-articol clearfix\">\n<div class=\"distribuie-articol dropdown\">\n    Distribuie: \u00a0<br \/>\n    <em>|<\/em><\/div>\n<div class=\"autor-articol\"><a href=\"https:\/\/ziaruldevrancea.ro\/autor\/petre-paraschiv\/\"><img decoding=\"async\" class=\"img-circle\" src=\"https:\/\/zdvi.cname.ro\/50_50\/articleAuthor\/petre-paraschiv\/articleAuthor\/uWVWYPk.jpg\" alt><\/a><\/p>\n<h5><a href=\"https:\/\/ziaruldevrancea.ro\/autor\/petre-paraschiv\/\">Petre Paraschiv<\/a><\/h5>\n<div class=\"grup-spatiere\"><span class=\"cu-spatiere\">21 iul 2026<\/span><span class=\"cu-spatiere\">668 vizualiz\u0103ri<\/span><\/div>\n<\/div>\n<\/div>\n<div class=\"poza-mare\"><a href class=\"openGallery\"><img decoding=\"async\" class=\"img-responsive\" src=\"https:\/\/zdvi.cname.ro\/850_530\/20-de-ani-de-cardiologie-dedicata-pacientilor-cabinetul-unui-medic-din-vrancea-marcheaza-doua-decenii-de-activitate-si-investitii-continue-in-sanatatea-inimii\/article\/mediaPool\/u6mTeZW.jpg\" alt><\/a><\/div>\n<p><strong>Dou\u0103 decenii de experien\u021b\u0103, mii de pacien\u021bi consulta\u021bi<br \/>\nde medicul cardiolog vr\u00e2ncean Tiberiu Giurgea<\/strong><br \/>\n\u00a0<strong>\u0219i investi\u021bii constante \u00een tehnologie medical\u0103 performant\u0103 definesc activitatea cabinetului de cardiologie\u00a0Cardiosmart, care \u0219i-a consolidat locul \u00een sistemul medical vr\u00e2ncean.<\/strong><\/p>\n<p>Dou\u0103 decenii de activitate medical\u0103 reprezint\u0103 un reper important pentru orice cabinet de specialitate. \u00cen aceste zile se \u00eemplinesc\u00a020 de ani de cardiologie dedicat\u0103 pacien\u021bilor: cabinetul medicului cardiolog vr\u00e2ncean Tiberiu Giurgea\u00a0marcheaz\u0103 dou\u0103 decenii de activitate \u0219i investi\u021bii continue \u00een s\u0103n\u0103tatea inimii<\/p>\n<p>Momentul aniversar este \u00eenso\u021bit de un mesaj de mul\u021bumire adresat tuturor pacien\u021bilor care au ales, de-a lungul anilor, serviciile cabinetului \u0219i au contribuit prin \u00eencrederea acordat\u0103 la dezvoltarea acestuia.<\/p>\n<p>Potrivit medicului cardiolog Tiberiu Giurgea, cei 20 de ani de activitate au \u00eensemnat nu doar experien\u021b\u0103 acumulat\u0103, ci \u0219i un proces continuu de perfec\u021bionare profesional\u0103 \u0219i investi\u021bii \u00een aparatur\u0103 medical\u0103 modern\u0103, astfel \u00eenc\u00e2t pacien\u021bii s\u0103 beneficieze de investiga\u021bii precise \u0219i de un diagnostic c\u00e2t mai rapid \u0219i corect.<\/p>\n<p>\u00cen prezent, cabinetul ofer\u0103 o gam\u0103 complet\u0103 de servicii de cardiologie, printre care se num\u0103r\u0103:<\/p>\n<ul>\n<li>consulta\u021bii cardiologice;<\/li>\n<li>consulta\u021bii preoperatorii;<\/li>\n<li>ecografii cardiace Doppler color;<\/li>\n<li>monitorizare ECG (Holter) pe perioade de 24, 48, 72 \u0219i p\u00e2n\u0103 la 96 de ore;<\/li>\n<li>monitorizarea tensiunii arteriale pe 24 \u0219i 48 de ore;<\/li>\n<li>determinarea indicelui glezn\u0103-bra\u021b \u00een format digital;<\/li>\n<li>\u00eentocmirea referatelor medicale.<\/li>\n<\/ul>\n<p>Programul de consulta\u021bii este organizat astfel:<\/p>\n<ul>\n<li><strong>luni, miercuri \u0219i vineri<\/strong>, \u00eentre orele <strong>09:00 \u2013 15:00<\/strong>;<\/li>\n<li><strong>mar\u021bi \u0219i joi<\/strong>, \u00eentre orele <strong>16:00 \u2013 19:30<\/strong>.<\/li>\n<\/ul>\n<p>La aniversarea celor dou\u0103 decenii de activitate, medicul Tiberiu Giurgea transmite un mesaj simplu, dar semnificativ:<\/p>\n<p><strong><em>\u201eS-au \u00eemplinit zilele acestea 20 de ani de activitate a cabinetului meu de cardiologie, 20 de ani de experien\u021b\u0103, mii de pacien\u021bi consulta\u021bi \u0219i 20 de ani de efort constant pentru perfec\u021bionare \u0219i dotare cu cea mai bun\u0103 aparatur\u0103 medical\u0103. Mul\u021bumesc tuturor pentru \u00eencredere \u0219i apreciere! \u0218i continu\u0103m!<\/em><\/strong>\u201d<\/p>\n<p>\u00centr-un context \u00een care bolile cardiovasculare r\u0103m\u00e2n principala cauz\u0103 de mortalitate, accesul la investiga\u021bii moderne \u0219i monitorizarea periodic\u0103 reprezint\u0103 elemente esen\u021biale pentru depistarea precoce a afec\u021biunilor \u0219i pentru men\u021binerea s\u0103n\u0103t\u0103\u021bii inimii. Cele dou\u0103 decenii de activitate marcheaz\u0103 astfel nu doar o aniversare profesional\u0103, ci \u0219i continuitatea unui serviciu medical dedicat comunit\u0103\u021bii vr\u00e2ncene.<\/p>\n<p><strong>Citi\u021bi \u0219i con\u021binutul integral al post\u0103rii de pe pagina de Facebook\u00a0<\/strong><span dir=\"ltr\"><a class=\"x1i10hfl xjbqb8w x1ejq31n x18oe1m7 x1sy0etr xstzfhl x972fbf x10w94by x1qhh985 x14e42zd x9f619 x1ypdohk xt0psk2 x3ct3a4 xdj266r x14z9mp xat24cr x1lziwak xexx8yu xyri2b x18d9i69 x1c1uobl x16tdsg8 x1hl2dhg xggy1nq x1a2a7pz xkrqix3 x1sur9pj xzsf02u x1s688f\" href=\"https:\/\/www.facebook.com\/profile.php?id=100008405261590&amp;__cft__%5B0%5D=AZZhRwZWF9Z1Y5-vU8w0xBQ6HeRpOUPERv6UFCuVDqxLEJU6hcwHIGYL0vZceKDw9Ika7dSUCnjiiPYq-sIM4WJLDmnrNZOSmpvLz0SX-_mLR0e7n2_4450uYzyW8Ei2-AGKKqHQzOyLxHtkfGl9iPkBlLcIkJ2iKcIjm8p0FHoR6W8tAm2uaz0HWVraEjcqlGY\"><strong>Cabinet Cardiologie Cardiosmart<\/strong><\/a>\u00a0 \u00b7 <\/span><\/p>\n<div class=\"x1i10hfl xjbqb8w x1ejq31n x18oe1m7 x1sy0etr xstzfhl x972fbf x10w94by x1qhh985 x14e42zd x9f619 x1ypdohk xt0psk2 x3ct3a4 xdj266r x14z9mp xat24cr x1lziwak xexx8yu xyri2b x18d9i69 x1c1uobl x16tdsg8 x1hl2dhg xggy1nq x1a2a7pz xkrqix3 x1sur9pj x1qq9wsj x1s688f\">\n<div dir=\"auto\">\u201e<em><span dir=\"auto\"><strong>S-au \u00eemplinit zilele acestea 20 de ani de activitate a cabinetului meu de cardiologie, 20 de ani de experien\u021b\u0103, mii de pacien\u021bi consulta\u021bi, 20 de ani de efort constant de perfec\u021bionare \u0219i dotare cu cea mai bun\u0103 aparatur\u0103 medical\u0103<\/strong>. <\/span><\/em><\/div>\n<div dir=\"auto\"><strong><em><span dir=\"auto\">Mul\u021bumesc tuturor pentru \u00eencredere \u0219i apreciere! <\/span><\/em><\/strong><\/div>\n<div dir=\"auto\"><strong><em><span dir=\"auto\">\u0218i continu\u0103m! <\/span><\/em><\/strong><\/div>\n<div dir=\"auto\"><strong><em><span dir=\"auto\">V\u0103 a\u0219tept \u00een fiecare zi, luni, miercuri \u0219i vineri de la ora 9 la ora 15 iar mar\u021bi \u0219i joi de la ora 16 la19:30 asigur\u00e2nd acelea\u0219i servicii cu care v-am obisnuit: consulta\u021bii, consultatii preoperatorii, ecografii cardiace dopler color, monitorizare ECG de la 24 la 48, 72, 96 de ore, monitorizare de tensiune arterial\u0103 pe 24 \u0219i 48 de ore, indice glezn\u0103-bra\u021b digital , referate medicale.<\/span><\/em><\/strong>\u201d-<a href=\"https:\/\/www.facebook.com\/profile.php?id=100008405261590&amp;__cft__%5B0%5D=AZY2VkbODxCDIEAs_u94imD9aecIfgx_B0F_sz0KqCeDri6MFKlN2eHJ8ZPDXQdRrocppJZQA4Pv79iKtvunYpv_0K2JOCxmxgYFxRVXfZ53_K9qNrO7t15F36LCGFavyKh5xKXDwNCxFWAwFg0YGvuz1GEKMw7Idk8xUwcTYQeFbGaBBWptKxuHlaqWgrx4ug8oAyge_dPrnBXmoI2xl-3ozvB50-TrjrutBOr3FpBHGw&amp;__tn__=-UC%2CP-y-R\"><strong>Cabinet Cardiologie Cardiosmart<\/strong><\/a><\/div>\n<\/div>\n<hr>\n<div class=\"bloc-widget widget-rosu\">\n<p>\u00cen lipsa unui acord scris din partea Ziarului de Vrancea, pute\u0163i prelua maxim 500 de caractere din acest articol dac\u0103 preciza\u0163i sursa \u015fi insera\u0163i vizibil link-ul articolului:\u00a0<span>#insertcurrentlinkhere<\/span><\/p>\n<\/div>\n<div class=\"extra-articol listing-anunturi\">\n<h6>Anun\u021buri <span class=\"text-primary\">ZdV<\/span> Premium<\/h6>\n<div class=\"row\">\n<div class=\"col-lg-4 col-md-6 bloc-egal\"><a class=\"card-anunt\" href=\"https:\/\/ziaruldevrancea.ro\/anunturi\/imobiliare\/vanzari-case\/vand-casa-si-teren-in-panciu-anunt-72818\"><strong class=\"titlu\">V\u00e2nz\u0103ri case<\/strong><span class=\"text-anunt\">V\u00e2nd cas\u0103 cu 2 camere, buc\u0103t\u0103rie, baie,&#8230;<\/span><span class=\"data-anunt\">23.07.2026  <\/span><\/a><\/div>\n<div class=\"col-lg-4 col-md-6 bloc-egal\"><a class=\"card-anunt\" href=\"https:\/\/ziaruldevrancea.ro\/anunturi\/angajari\/cereri-angajari\/doresc-angajare-anunt-72815\"><strong class=\"titlu\">Cereri<\/strong><span class=\"text-anunt\">Doresc s\u0103 am grij\u0103 de un copil de&#8230;<\/span><span class=\"data-anunt\">21.07.2026  <\/span><\/a><\/div>\n<div class=\"col-lg-4 col-md-6 bloc-egal\"><a class=\"card-anunt\" href=\"https:\/\/ziaruldevrancea.ro\/anunturi\/inchirieri\/locuinte-oferte\/primesc-in-gazda-anunt-72816\"><strong class=\"titlu\">Locuin\u021be oferte<\/strong><span class=\"text-anunt\">\u00a0Primesc \u00een gazd\u0103 la cas\u0103.<\/p>\n<p>Tel&#8230;.<\/span><span class=\"data-anunt\">21.07.2026  <\/span><\/a><\/div>\n<\/div>\n<\/div>\n<div class=\"extra-articol alte-articole\">\n<div class=\"row\">\n<div class=\"col-lg-6 bloc-egal\">\n<div class=\"card articol-listing\">\n<h6>\u00cen categoria <a href=\"https:\/\/ziaruldevrancea.ro\/promo\/brand-voice\">Brand voice<\/a><\/h6>\n<div class=\"grup-articol-listing\">\n<div class=\"cont-pils\"><a href=\"https:\/\/ziaruldevrancea.ro\/promo\/brand-voice\/video-vrancea-doi-huhurezi-salvati-de-acdb-focsani-au-revenit-in-salbaticie-dupa-perioada-de-recuperare\"><img decoding=\"async\" src=\"https:\/\/zdvi.cname.ro\/180_135\/promo\/brand-voice\/video-vrancea-doi-huhurezi-salvati-de-acdb-focsani-au-revenit-in-salbaticie-dupa-perioada-de-recuperare\/mediaPool\/u9cWHQZ.jpg\" class=\"img-responsive img-180\" alt><\/a><\/div>\n<h2><a class=\"link-titlu\" href=\"https:\/\/ziaruldevrancea.ro\/promo\/brand-voice\/video-vrancea-doi-huhurezi-salvati-de-acdb-focsani-au-revenit-in-salbaticie-dupa-perioada-de-recuperare\">VIDEO | Vrancea: Doi huhurezi salva\u021bi de ACDB Foc\u0219ani au revenit \u00een s\u0103lb\u0103ticie dup\u0103 perioada de recuperare<\/a><\/h2>\n<div class=\"date-post\"><a href=\"https:\/\/ziaruldevrancea.ro\/autor\/petre-paraschiv\">Petre Paraschiv<\/a>, 25 iul 2026  <\/div>\n<\/div>\n<div class=\"grup-articol-listing\">\n<div class=\"cont-pils\"><a href=\"https:\/\/ziaruldevrancea.ro\/promo\/brand-voice\/producatorul-de-ambalaje-electric-srl-focsani-a-depasit-958-milioane-de-lei-cifra-de-afaceri-in-2025-si-a-ajuns-la-225-de-angajati\"><img decoding=\"async\" src=\"https:\/\/zdvi.cname.ro\/180_135\/promo\/brand-voice\/producatorul-de-ambalaje-electric-srl-focsani-a-depasit-958-milioane-de-lei-cifra-de-afaceri-in-2025-si-a-ajuns-la-225-de-angajati\/mediaPool\/usBFBUg.jpeg\" class=\"img-responsive img-180\" alt><\/a><\/div>\n<h2><a class=\"link-titlu\" href=\"https:\/\/ziaruldevrancea.ro\/promo\/brand-voice\/producatorul-de-ambalaje-electric-srl-focsani-a-depasit-958-milioane-de-lei-cifra-de-afaceri-in-2025-si-a-ajuns-la-225-de-angajati\">Produc\u0103torul de ambalaje Electric SRL Foc\u0219ani a dep\u0103\u0219it 95,8 milioane de lei cifr\u0103 de afaceri \u00een 2025 \u0219i a ajuns la 225 de angaja\u021bi<\/a><\/h2>\n<div class=\"date-post\"><a href=\"https:\/\/ziaruldevrancea.ro\/autor\/eduard-popescu\">Eduard Popescu<\/a>, 25 iul 2026  <\/div>\n<\/div>\n<div class=\"grup-articol-listing\">\n<div class=\"cont-pils\"><a href=\"https:\/\/ziaruldevrancea.ro\/promo\/brand-voice\/video--foto-eleva-bianca-serban-din-focsani-campioana-mondiala-la-wcopa-2026.-aur-pentru-vrancea-pe-scena-din-las-vegas\"><img decoding=\"async\" src=\"https:\/\/zdvi.cname.ro\/180_135\/promo\/brand-voice\/video--foto-eleva-bianca-serban-din-focsani-campioana-mondiala-la-wcopa-2026.-aur-pentru-vrancea-pe-scena-din-las-vegas\/mediaPool\/uqLAbe1.jpeg\" class=\"img-responsive img-180\" alt><\/a><\/div>\n<h2><a class=\"link-titlu\" href=\"https:\/\/ziaruldevrancea.ro\/promo\/brand-voice\/video--foto-eleva-bianca-serban-din-focsani-campioana-mondiala-la-wcopa-2026.-aur-pentru-vrancea-pe-scena-din-las-vegas\">VIDEO + Foto | Eleva Bianca \u0218erban din Foc\u0219ani, campioan\u0103 mondial\u0103 la WCOPA 2026. Aur pentru Vrancea pe scena din Las Vegas<\/a><\/h2>\n<div class=\"date-post\"><a href=\"https:\/\/ziaruldevrancea.ro\/autor\/anca-vasiliu\">Anca Vasiliu<\/a>, 25 iul 2026  <\/div>\n<\/div>\n<\/div>\n<\/div>\n<div class=\"col-lg-6 bloc-egal\">\n<div class=\"card articol-listing\">\n<h6>De acela\u0219i <a href=\"https:\/\/ziaruldevrancea.ro\/autor\/petre-paraschiv\/\">autor<\/a><\/h6>\n<div class=\"grup-articol-listing\">\n<div class=\"cont-pils\"><a href=\"https:\/\/ziaruldevrancea.ro\/actualitatea\/stiri-locale\/jandarmii-vranceni-mobilizati-in-weekend-la-marile-evenimente-din-judet\"><img decoding=\"async\" src=\"https:\/\/zdvi.cname.ro\/180_135\/actualitatea\/stiri-locale\/jandarmii-vranceni-mobilizati-in-weekend-la-marile-evenimente-din-judet\/mediaPool\/uhDt1KI.jpg\" class=\"img-responsive img-180\" alt><\/a><\/div>\n<h2><a class=\"link-titlu\" href=\"https:\/\/ziaruldevrancea.ro\/actualitatea\/stiri-locale\/jandarmii-vranceni-mobilizati-in-weekend-la-marile-evenimente-din-judet\">Jandarmii vr\u00e2nceni, mobiliza\u021bi \u00een weekend la marile evenimente din jude\u021b<\/a><\/h2>\n<div class=\"date-post\"><a href=\"https:\/\/ziaruldevrancea.ro\/autor\/petre-paraschiv\">Petre Paraschiv<\/a>, 24 iul 2026  <\/div>\n<\/div>\n<div class=\"grup-articol-listing\">\n<div class=\"cont-pils\"><a href=\"https:\/\/ziaruldevrancea.ro\/promo\/evenimente-speciale\/foto-cum-a-fost-sarbatorita-ziua-isu-vrancea-2026\"><img decoding=\"async\" src=\"https:\/\/zdvi.cname.ro\/180_135\/promo\/evenimente-speciale\/foto-cum-a-fost-sarbatorita-ziua-isu-vrancea-2026\/mediaPool\/uV9HJ7T.jpg\" class=\"img-responsive img-180\" alt><\/a><\/div>\n<h2><a class=\"link-titlu\" href=\"https:\/\/ziaruldevrancea.ro\/promo\/evenimente-speciale\/foto-cum-a-fost-sarbatorita-ziua-isu-vrancea-2026\">Foto | Cum a fost s\u0103rb\u0103torit\u0103 Ziua ISU Vrancea 2026<\/a><\/h2>\n<div class=\"date-post\"><a href=\"https:\/\/ziaruldevrancea.ro\/autor\/petre-paraschiv\">Petre Paraschiv<\/a>, 23 iul 2026  <\/div>\n<\/div>\n<div class=\"grup-articol-listing\">\n<div class=\"cont-pils\"><a href=\"https:\/\/ziaruldevrancea.ro\/actualitatea\/stiri-locale\/accident-pe-dn2d-in-vrancea-o-femeie-a-fost-ranita-dupa-ce-un-autoturism-a-lovit-un-cap-de-pod-la-valea-sarii\"><img decoding=\"async\" src=\"https:\/\/zdvi.cname.ro\/180_135\/actualitatea\/stiri-locale\/accident-pe-dn2d-in-vrancea-o-femeie-a-fost-ranita-dupa-ce-un-autoturism-a-lovit-un-cap-de-pod-la-valea-sarii\/mediaPool\/uJgMLAz.jpeg\" class=\"img-responsive img-180\" alt><\/a><\/div>\n<h2><a class=\"link-titlu\" href=\"https:\/\/ziaruldevrancea.ro\/actualitatea\/stiri-locale\/accident-pe-dn2d-in-vrancea-o-femeie-a-fost-ranita-dupa-ce-un-autoturism-a-lovit-un-cap-de-pod-la-valea-sarii\">Accident pe DN2D, \u00een Vrancea: o femeie a fost r\u0103nit\u0103 dup\u0103 ce un autoturism a lovit un cap de pod la Valea S\u0103rii<\/a><\/h2>\n<div class=\"date-post\"><a href=\"https:\/\/ziaruldevrancea.ro\/autor\/petre-paraschiv\">Petre Paraschiv<\/a>, 23 iul 2026  <\/div>\n<\/div>\n<\/div>\n<\/div>\n<\/div>\n<\/div>\n<div class=\"extra-articol listing-anunturi\">\n<h6>Anun\u021buri <span class=\"text-primary\">ZdV<\/span> Premium<\/h6>\n<div class=\"row\">\n<div class=\"col-lg-4 col-md-6 bloc-egal\"><a class=\"card-anunt\" href=\"https:\/\/ziaruldevrancea.ro\/anunturi\/inchirieri\/locuinte-oferte\/primesc-in-gazda-anunt-72817\"><strong class=\"titlu\">Locuin\u021be oferte<\/strong><span class=\"text-anunt\">Primesc \u00een gazd\u0103 la bloc o elev\u0103. <\/p>\n<p>Tel&#8230;.<\/span><span class=\"data-anunt\">21.07.2026  <\/span><\/a><\/div>\n<div class=\"col-lg-4 col-md-6 bloc-egal\"><a class=\"card-anunt\" href=\"https:\/\/ziaruldevrancea.ro\/anunturi\/altele\/matrimoniale\/Imi-caut-sufletul-pereche-anunt-72811\"><strong class=\"titlu\">Matrimoniale<\/strong><span class=\"text-anunt\">Domn serios caut doamn\u0103 serioas\u0103, v\u00e2rsta&#8230;<\/span><span class=\"data-anunt\">20.07.2026  <\/span><\/a><\/div>\n<div class=\"col-lg-4 col-md-6 bloc-egal\"><a class=\"card-anunt\" href=\"https:\/\/ziaruldevrancea.ro\/anunturi\/altele\/matrimoniale\/Imi-caut-sufletul-pereche-anunt-72809\"><strong class=\"titlu\">Matrimoniale<\/strong><span class=\"text-anunt\">Domn de la \u021bar\u0103, 55 de ani, cu locuin\u021b\u0103, teren&#8230;<\/span><span class=\"data-anunt\">16.07.2026  <\/span><\/a><\/div>\n<\/div>\n<\/div>\n<div class=\"bloc-widget widget-albastru\">\n    Ziarul de Vrancea \u00a0nu este responsabil juridic pentru con\u0163inutul textelor din comentariile de mai jos. Responsabilitatea pentru mesajele dumneavoastra v\u0103 revine \u00een exclusivitate.\n<\/div>\n<div class=\"comentarii-articol\" id=\"comentarii\">\n<h3>Comentarii: <span class=\"text-primary\">0<\/span><\/h3>\n<p><a href=\"https:\/\/ziaruldevrancea.ro\/promo\/brand-voice\/20-de-ani-de-cardiologie-dedicata-pacientilor-cabinetul-unui-medic-din-vrancea-marcheaza-doua-decenii-de-activitate-si-investitii-continue-in-sanatatea-inimii\" class=\"btn btn-success btn-adauga-com\" data-toggle=\"modal\" data-parent=\"0\" data-target=\"#commentModal\">Adaug\u0103 comentariu<\/a><\/p>\n<div class=\"loadMask comments-mask\"><img decoding=\"async\" src=\"https:\/\/zdvs.cname.ro\/images\/loader_40.gif\"><\/div>\n<div class=\"comenteaza-jos\">Trebuie s\u0103 fii <a href=\"https:\/\/ziaruldevrancea.ro\/account\">autentificat<\/a> pentru a putea <a href=\"https:\/\/ziaruldevrancea.ro\/promo\/brand-voice\/20-de-ani-de-cardiologie-dedicata-pacientilor-cabinetul-unui-medic-din-vrancea-marcheaza-doua-decenii-de-activitate-si-investitii-continue-in-sanatatea-inimii\" class data-toggle=\"modal\" data-parent=\"0\" data-target=\"#commentModal\">posta un comentariu<\/a>.<\/div>\n<\/div>\n<div class=\"modal fade\" id=\"commentModal\" role=\"dialog\" aria-labelledby=\"commentModalLabel\">\n<div class=\"modal-dialog modal-lg\" role=\"document\">\n<div class=\"modal-content\">\n<div class=\"modal-header\">\n<h3 class=\"modal-title\" id=\"commentModalLabel\">Comenteaz\u0103<\/h3>\n<\/div>\n<div class=\"modal-body\">\n<div class=\"tabel tabel-full\">\n<div class=\"celula\">\n              Trebuie s\u0103 fii <a href=\"https:\/\/ziaruldevrancea.ro\/account\">autentificat<\/a> pentru a putea posta un comentariu.\n            <\/div>\n<\/div>\n<\/div>\n<div class=\"modal-footer\">\n<div id=\"commentPending\" class=\"formPending pull-left\"><img decoding=\"async\" src=\"https:\/\/zdvs.cname.ro\/images\/loader_40.gif\"> In curs de procesare&#8230;<\/div>\n<p><a href=\"https:\/\/ziaruldevrancea.ro\/promo\/brand-voice\/20-de-ani-de-cardiologie-dedicata-pacientilor-cabinetul-unui-medic-din-vrancea-marcheaza-doua-decenii-de-activitate-si-investitii-continue-in-sanatatea-inimii\" class=\"btn btn-default\" data-dismiss=\"modal\">Anuleaz\u0103<\/a><\/div>\n<\/div>\n<\/div>\n<\/div>\n<div class=\"modal fade\" id=\"commentReportModal\" role=\"dialog\" aria-labelledby=\"commentReportModalLabel\">\n<div class=\"modal-dialog modal-lg\" role=\"document\">\n<div class=\"modal-content\">\n<div class=\"modal-header\">\n<h3 class=\"modal-title\" id=\"commentReportModalLabel\">Raporteaza comentariu<\/h3>\n<\/div>\n<div class=\"modal-body\">\n<div class=\"tabel tabel-full\">\n<div class=\"celula\">\n              Trebuie s\u0103 fii <a href=\"https:\/\/ziaruldevrancea.ro\/account\">autentificat<\/a> pentru a putea raporta un comentariu.\n            <\/div>\n<\/div>\n<\/div>\n<div class=\"modal-footer\">\n<div id=\"commentReportPending\" class=\"formPending pull-left\"><img decoding=\"async\" src=\"https:\/\/zdvs.cname.ro\/images\/loader_40.gif\"> In curs de procesare&#8230;<\/div>\n<p><a href=\"https:\/\/ziaruldevrancea.ro\/promo\/brand-voice\/20-de-ani-de-cardiologie-dedicata-pacientilor-cabinetul-unui-medic-din-vrancea-marcheaza-doua-decenii-de-activitate-si-investitii-continue-in-sanatatea-inimii\" class=\"btn btn-default\" data-dismiss=\"modal\">Anuleaz\u0103<\/a><\/div>\n<\/div>\n<\/div>\n<\/div>\n<div class=\"modal fade\" id=\"commentLikeModal\" role=\"dialog\" aria-labelledby=\"commentLikeModalLabel\">\n<div class=\"modal-dialog modal-lg\" role=\"document\">\n<div class=\"modal-content\">\n<div class=\"modal-header\">\n<h3 class=\"modal-title\" id=\"commentReportModalLabel\">Apreciaza comentariu<\/h3>\n<\/div>\n<div class=\"modal-body\">\n<div class=\"tabel tabel-full\">\n<div class=\"celula\">\n            Trebuie s\u0103 fii <a href=\"https:\/\/ziaruldevrancea.ro\/account\">autentificat<\/a> pentru a putea aprecia un comentariu.\n          <\/div>\n<\/div>\n<\/div>\n<div class=\"modal-footer\"><a href=\"https:\/\/ziaruldevrancea.ro\/promo\/brand-voice\/20-de-ani-de-cardiologie-dedicata-pacientilor-cabinetul-unui-medic-din-vrancea-marcheaza-doua-decenii-de-activitate-si-investitii-continue-in-sanatatea-inimii\" class=\"btn btn-default\" data-dismiss=\"modal\">Anuleaz\u0103<\/a><\/div>\n<\/div>\n<\/div>\n<\/div>\n<div class=\"bloc-widget widget-rosu\"><span><small>Ziarul de Vrancea doreste ca acest site sa fie un spatiu al discutiilor civilizate, al comentariilor de bun simt. Din acest motiv, cei care posteaza comentarii la articole trebuie sa respecte urmatoarele reguli:<br \/>\n1. Sa se refere doar la articolul la care posteaza comentarii.<br \/>\n2. Sa foloseasca un limbaj civilizat, fara injurii, calomnii, comentarii antisemite, xenofobe sau rasiste.<br \/>\n3. Sunt interzise atacurile la adresa autorilor, daca acestea nu au legatura cu textul.<br \/>\n4. Username-ul sa nu fie nume de personalitati ale vietii publice sau parodieri ale acestora.<br \/>\nAutorul unui articol poate fi criticat pentru eventuale greseli, incoerenta, lipsa de documentare etc.<br \/>\nNerespectarea regulilor mentionate mai sus va duce la stergerea comentariilor, fara avertisment si fara explicatii.<br \/>\nAbaterile repetate vor avea drept consecinta interdictia accesului la aceasta facilitate a site-ului.<\/small><\/span><\/div>\n<\/div>\n<p>[analyse_source url=&#8221;https:\/\/ziaruldevrancea.ro\/promo\/brand-voice\/20-de-ani-de-cardiologie-dedicata-pacientilor-cabinetul-unui-medic-din-vrancea-marcheaza-doua-decenii-de-activitate-si-investitii-continue-in-sanatatea-inimii&#8221;]<\/p>\n","protected":false},"excerpt":{"rendered":"<p>[analyse_image type=&#8221;featured&#8221; src=&#8221;https:\/\/zdvi.cname.ro\/_\/20-de-ani-de-cardiologie-dedicata-pacientilor-cabinetul-unui-medic-din-vrancea-marcheaza-doua-decenii-de-activitate-si-investitii-continue-in-sanatatea-inimii\/mediaPool\/u6mTeZW.jpg&#8221;] Brand voice O inim\u0103 pentru comunitate, de 20 de ani Distribuie: \u00a0 | Petre Paraschiv 21 iul 2026668 vizualiz\u0103ri Dou\u0103 decenii de experien\u021b\u0103, mii de pacien\u021bi consulta\u021bi de medicul cardiolog vr\u00e2ncean Tiberiu Giurgea \u00a0\u0219i investi\u021bii constante \u00een tehnologie medical\u0103 performant\u0103 definesc activitatea cabinetului de cardiologie\u00a0Cardiosmart, care \u0219i-a consolidat locul \u00een sistemul medical [&hellip;]<\/p>\n","protected":false},"author":1,"featured_media":0,"comment_status":"open","ping_status":"","sticky":false,"template":"","format":"standard","meta":{"footnotes":""},"categories":[89],"tags":[226,208],"class_list":["post-2061281","post","type-post","status-publish","format-standard","hentry","category-romania","tag-crawlmanager","tag-ziaruldevrancea-ro"],"_links":{"self":[{"href":"https:\/\/analyse.optim.biz\/index.php?rest_route=\/wp\/v2\/posts\/2061281","targetHints":{"allow":["GET"]}}],"collection":[{"href":"https:\/\/analyse.optim.biz\/index.php?rest_route=\/wp\/v2\/posts"}],"about":[{"href":"https:\/\/analyse.optim.biz\/index.php?rest_route=\/wp\/v2\/types\/post"}],"author":[{"embeddable":true,"href":"https:\/\/analyse.optim.biz\/index.php?rest_route=\/wp\/v2\/users\/1"}],"replies":[{"embeddable":true,"href":"https:\/\/analyse.optim.biz\/index.php?rest_route=%2Fwp%2Fv2%2Fcomments&post=2061281"}],"version-history":[{"count":0,"href":"https:\/\/analyse.optim.biz\/index.php?rest_route=\/wp\/v2\/posts\/2061281\/revisions"}],"wp:attachment":[{"href":"https:\/\/analyse.optim.biz\/index.php?rest_route=%2Fwp%2Fv2%2Fmedia&parent=2061281"}],"wp:term":[{"taxonomy":"category","embeddable":true,"href":"https:\/\/analyse.optim.biz\/index.php?rest_route=%2Fwp%2Fv2%2Fcategories&post=2061281"},{"taxonomy":"post_tag","embeddable":true,"href":"https:\/\/analyse.optim.biz\/index.php?rest_route=%2Fwp%2Fv2%2Ftags&post=2061281"}],"curies":[{"name":"wp","href":"https:\/\/api.w.org\/{rel}","templated":true}]}}