{"id":2061277,"date":"2026-07-21T00:00:00","date_gmt":"2026-07-20T21:00:00","guid":{"rendered":"https:\/\/analyse.optim.biz\/?p=2061277"},"modified":"2026-07-21T00:00:00","modified_gmt":"2026-07-20T21:00:00","slug":"vrancea-premiata-pentru-gustul-autentic-capritele-lui-robert-a-primit-titlul-de-pastrator-de-patrimoniu-local","status":"publish","type":"post","link":"https:\/\/analyse.optim.biz\/?p=2061277","title":{"rendered":"Vrancea, premiat\u0103 pentru gustul autentic: \u201eC\u0103pri\u021bele lui Robert\u201d a primit titlul de \u201eP\u0103str\u0103tor de patrimoniu local\u201d"},"content":{"rendered":"<p>[analyse_image type=&#8221;featured&#8221; src=&#8221;https:\/\/zdvi.cname.ro\/_\/vrancea-premiata-pentru-gustul-autentic-capritele-lui-robert-a-primit-titlul-de-pastrator-de-patrimoniu-local\/mediaPool\/uDSflat.png&#8221;]<\/p>\n<div class=\"main-content detaliu-articol\"><a class=\"titlu-cat-list\" href=\"https:\/\/ziaruldevrancea.ro\/promo\/brand-voice\">Brand voice<\/a><\/p>\n<h1>Vrancea, premiat\u0103 pentru gustul autentic: \u201eC\u0103pri\u021bele lui Robert\u201d a primit titlul de \u201eP\u0103str\u0103tor de patrimoniu local\u201d<\/h1>\n<div class=\"date-articol clearfix\">\n<div class=\"distribuie-articol dropdown\">\n    Distribuie: \u00a0<br \/>\n    <em>|<\/em><\/div>\n<div class=\"autor-articol\"><a href=\"https:\/\/ziaruldevrancea.ro\/autor\/camelia-marin\/\"><img decoding=\"async\" class=\"img-circle\" src=\"https:\/\/zdvi.cname.ro\/50_50\/articleAuthor\/camelia-marin\/articleAuthor\/u9DOVkc.jpg\" alt><\/a><\/p>\n<h5><a href=\"https:\/\/ziaruldevrancea.ro\/autor\/camelia-marin\/\">Camelia Marin<\/a><\/h5>\n<div class=\"grup-spatiere\"><span class=\"cu-spatiere\">21 iul 2026<\/span><span class=\"cu-spatiere\">815 vizualiz\u0103ri<\/span><\/div>\n<\/div>\n<\/div>\n<div class=\"poza-mare\">\n<div class=\"poza-mare galerie-detaliu\">\n<div id=\"carousel-poza-mare\" class=\"carousel slide carusel-poza\" data-ride=\"carousel\" data-interval=\"0\">\n<div class=\"carousel-inner\" role=\"listbox\">\n<div class=\"item imagine-carusel active\"><a href class=\"openGallery\"><img decoding=\"async\" class=\"img-responsive\" src=\"https:\/\/zdvi.cname.ro\/850_530\/vrancea-premiata-pentru-gustul-autentic-capritele-lui-robert-a-primit-titlul-de-pastrator-de-patrimoniu-local\/article\/mediaPool\/uDSflat.png\" alt><\/a><\/div>\n<div class=\"item imagine-carusel \"><a href class=\"openGallery\"><img decoding=\"async\" class=\"img-responsive\" src=\"https:\/\/zdvi.cname.ro\/850_530\/vrancea-premiata-pentru-gustul-autentic-capritele-lui-robert-a-primit-titlul-de-pastrator-de-patrimoniu-local\/article\/mediaPool\/ugyxTq1.jpg\" alt><\/a><\/div>\n<div class=\"item imagine-carusel \"><a href class=\"openGallery\"><img decoding=\"async\" class=\"img-responsive\" src=\"https:\/\/zdvi.cname.ro\/850_530\/vrancea-premiata-pentru-gustul-autentic-capritele-lui-robert-a-primit-titlul-de-pastrator-de-patrimoniu-local\/article\/mediaPool\/uFnB3Ti.jpg\" alt><\/a><\/div>\n<div class=\"item imagine-carusel \"><a href class=\"openGallery\"><img decoding=\"async\" class=\"img-responsive\" src=\"https:\/\/zdvi.cname.ro\/850_530\/vrancea-premiata-pentru-gustul-autentic-capritele-lui-robert-a-primit-titlul-de-pastrator-de-patrimoniu-local\/article\/mediaPool\/ukEZhnA.jpg\" alt><\/a><\/div>\n<div class=\"item imagine-carusel \"><a href class=\"openGallery\"><img decoding=\"async\" class=\"img-responsive\" src=\"https:\/\/zdvi.cname.ro\/850_530\/vrancea-premiata-pentru-gustul-autentic-capritele-lui-robert-a-primit-titlul-de-pastrator-de-patrimoniu-local\/article\/mediaPool\/u145yQR.jpg\" alt><\/a><\/div>\n<div class=\"item imagine-carusel \"><a href class=\"openGallery\"><img decoding=\"async\" class=\"img-responsive\" src=\"https:\/\/zdvi.cname.ro\/850_530\/vrancea-premiata-pentru-gustul-autentic-capritele-lui-robert-a-primit-titlul-de-pastrator-de-patrimoniu-local\/article\/mediaPool\/u6zyTj9.jpg\" alt><\/a><\/div>\n<div class=\"item imagine-carusel \"><a href class=\"openGallery\"><img decoding=\"async\" class=\"img-responsive\" src=\"https:\/\/zdvi.cname.ro\/850_530\/vrancea-premiata-pentru-gustul-autentic-capritele-lui-robert-a-primit-titlul-de-pastrator-de-patrimoniu-local\/article\/mediaPool\/uJp1hNq.jpg\" alt><\/a><\/div>\n<div class=\"item imagine-carusel \"><a href class=\"openGallery\"><img decoding=\"async\" class=\"img-responsive\" src=\"https:\/\/zdvi.cname.ro\/850_530\/vrancea-premiata-pentru-gustul-autentic-capritele-lui-robert-a-primit-titlul-de-pastrator-de-patrimoniu-local\/article\/mediaPool\/uJg5cKZ.jpg\" alt><\/a><\/div>\n<div class=\"item imagine-carusel \"><a href class=\"openGallery\"><img decoding=\"async\" class=\"img-responsive\" src=\"https:\/\/zdvi.cname.ro\/850_530\/vrancea-premiata-pentru-gustul-autentic-capritele-lui-robert-a-primit-titlul-de-pastrator-de-patrimoniu-local\/article\/mediaPool\/u8jZMdh.jpg\" alt><\/a><\/div>\n<div class=\"item imagine-carusel \"><a href class=\"openGallery\"><img decoding=\"async\" class=\"img-responsive\" src=\"https:\/\/zdvi.cname.ro\/850_530\/vrancea-premiata-pentru-gustul-autentic-capritele-lui-robert-a-primit-titlul-de-pastrator-de-patrimoniu-local\/article\/mediaPool\/ubE3pHy.jpg\" alt><\/a><\/div>\n<div class=\"item imagine-carusel \"><a href class=\"openGallery\"><img decoding=\"async\" class=\"img-responsive\" src=\"https:\/\/zdvi.cname.ro\/850_530\/vrancea-premiata-pentru-gustul-autentic-capritele-lui-robert-a-primit-titlul-de-pastrator-de-patrimoniu-local\/article\/mediaPool\/uPqxg9Q.jpg\" alt><\/a><\/div>\n<div class=\"item imagine-carusel \"><a href class=\"openGallery\"><img decoding=\"async\" class=\"img-responsive\" src=\"https:\/\/zdvi.cname.ro\/850_530\/vrancea-premiata-pentru-gustul-autentic-capritele-lui-robert-a-primit-titlul-de-pastrator-de-patrimoniu-local\/article\/mediaPool\/uoXxT58.jpg\" alt><\/a><\/div>\n<div class=\"item imagine-carusel \"><a href class=\"openGallery\"><img decoding=\"async\" class=\"img-responsive\" src=\"https:\/\/zdvi.cname.ro\/850_530\/vrancea-premiata-pentru-gustul-autentic-capritele-lui-robert-a-primit-titlul-de-pastrator-de-patrimoniu-local\/article\/mediaPool\/uzmcB2q.jpg\" alt><\/a><\/div>\n<div class=\"item imagine-carusel \"><a href class=\"openGallery\"><img decoding=\"async\" class=\"img-responsive\" src=\"https:\/\/zdvi.cname.ro\/850_530\/vrancea-premiata-pentru-gustul-autentic-capritele-lui-robert-a-primit-titlul-de-pastrator-de-patrimoniu-local\/article\/mediaPool\/uQGolZI.jpg\" alt><\/a><\/div>\n<div class=\"item imagine-carusel \"><a href class=\"openGallery\"><img decoding=\"async\" class=\"img-responsive\" src=\"https:\/\/zdvi.cname.ro\/850_530\/vrancea-premiata-pentru-gustul-autentic-capritele-lui-robert-a-primit-titlul-de-pastrator-de-patrimoniu-local\/article\/mediaPool\/uJa18V0.jpg\" alt><\/a><\/div>\n<\/div>\n<\/div>\n<div id=\"carousel-poze-mici\" class=\"carousel slide carusel-mici\" data-ride=\"carousel\" data-interval=\"0\">\n<div class=\"carousel-inner\" role=\"listbox\">\n<div class=\"item active\">\n<ul class=\"navigare-carusel-imagini\">\n<li data-target=\"#carousel-poza-mare\" data-slide-to=\"0\"><img decoding=\"async\" class=\"img-responsive\" src=\"https:\/\/zdvi.cname.ro\/_90\/vrancea-premiata-pentru-gustul-autentic-capritele-lui-robert-a-primit-titlul-de-pastrator-de-patrimoniu-local\/article\/mediaPool\/uDSflat.png\" alt><\/li>\n<li data-target=\"#carousel-poza-mare\" data-slide-to=\"1\"><img decoding=\"async\" class=\"img-responsive\" src=\"https:\/\/zdvi.cname.ro\/_90\/vrancea-premiata-pentru-gustul-autentic-capritele-lui-robert-a-primit-titlul-de-pastrator-de-patrimoniu-local\/article\/mediaPool\/ugyxTq1.jpg\" alt><\/li>\n<li data-target=\"#carousel-poza-mare\" data-slide-to=\"2\"><img decoding=\"async\" class=\"img-responsive\" src=\"https:\/\/zdvi.cname.ro\/_90\/vrancea-premiata-pentru-gustul-autentic-capritele-lui-robert-a-primit-titlul-de-pastrator-de-patrimoniu-local\/article\/mediaPool\/uFnB3Ti.jpg\" alt><\/li>\n<li data-target=\"#carousel-poza-mare\" data-slide-to=\"3\"><img decoding=\"async\" class=\"img-responsive\" src=\"https:\/\/zdvi.cname.ro\/_90\/vrancea-premiata-pentru-gustul-autentic-capritele-lui-robert-a-primit-titlul-de-pastrator-de-patrimoniu-local\/article\/mediaPool\/ukEZhnA.jpg\" alt><\/li>\n<li data-target=\"#carousel-poza-mare\" data-slide-to=\"4\"><img decoding=\"async\" class=\"img-responsive\" src=\"https:\/\/zdvi.cname.ro\/_90\/vrancea-premiata-pentru-gustul-autentic-capritele-lui-robert-a-primit-titlul-de-pastrator-de-patrimoniu-local\/article\/mediaPool\/u145yQR.jpg\" alt><\/li>\n<\/ul>\n<\/div>\n<div class=\"item \">\n<ul class=\"navigare-carusel-imagini\">\n<li data-target=\"#carousel-poza-mare\" data-slide-to=\"5\"><img decoding=\"async\" class=\"img-responsive\" src=\"https:\/\/zdvi.cname.ro\/_90\/vrancea-premiata-pentru-gustul-autentic-capritele-lui-robert-a-primit-titlul-de-pastrator-de-patrimoniu-local\/article\/mediaPool\/u6zyTj9.jpg\" alt><\/li>\n<li data-target=\"#carousel-poza-mare\" data-slide-to=\"6\"><img decoding=\"async\" class=\"img-responsive\" src=\"https:\/\/zdvi.cname.ro\/_90\/vrancea-premiata-pentru-gustul-autentic-capritele-lui-robert-a-primit-titlul-de-pastrator-de-patrimoniu-local\/article\/mediaPool\/uJp1hNq.jpg\" alt><\/li>\n<li data-target=\"#carousel-poza-mare\" data-slide-to=\"7\"><img decoding=\"async\" class=\"img-responsive\" src=\"https:\/\/zdvi.cname.ro\/_90\/vrancea-premiata-pentru-gustul-autentic-capritele-lui-robert-a-primit-titlul-de-pastrator-de-patrimoniu-local\/article\/mediaPool\/uJg5cKZ.jpg\" alt><\/li>\n<li data-target=\"#carousel-poza-mare\" data-slide-to=\"8\"><img decoding=\"async\" class=\"img-responsive\" src=\"https:\/\/zdvi.cname.ro\/_90\/vrancea-premiata-pentru-gustul-autentic-capritele-lui-robert-a-primit-titlul-de-pastrator-de-patrimoniu-local\/article\/mediaPool\/u8jZMdh.jpg\" alt><\/li>\n<li data-target=\"#carousel-poza-mare\" data-slide-to=\"9\"><img decoding=\"async\" class=\"img-responsive\" src=\"https:\/\/zdvi.cname.ro\/_90\/vrancea-premiata-pentru-gustul-autentic-capritele-lui-robert-a-primit-titlul-de-pastrator-de-patrimoniu-local\/article\/mediaPool\/ubE3pHy.jpg\" alt><\/li>\n<\/ul>\n<\/div>\n<div class=\"item \">\n<ul class=\"navigare-carusel-imagini\">\n<li data-target=\"#carousel-poza-mare\" data-slide-to=\"10\"><img decoding=\"async\" class=\"img-responsive\" src=\"https:\/\/zdvi.cname.ro\/_90\/vrancea-premiata-pentru-gustul-autentic-capritele-lui-robert-a-primit-titlul-de-pastrator-de-patrimoniu-local\/article\/mediaPool\/uPqxg9Q.jpg\" alt><\/li>\n<li data-target=\"#carousel-poza-mare\" data-slide-to=\"11\"><img decoding=\"async\" class=\"img-responsive\" src=\"https:\/\/zdvi.cname.ro\/_90\/vrancea-premiata-pentru-gustul-autentic-capritele-lui-robert-a-primit-titlul-de-pastrator-de-patrimoniu-local\/article\/mediaPool\/uoXxT58.jpg\" alt><\/li>\n<li data-target=\"#carousel-poza-mare\" data-slide-to=\"12\"><img decoding=\"async\" class=\"img-responsive\" src=\"https:\/\/zdvi.cname.ro\/_90\/vrancea-premiata-pentru-gustul-autentic-capritele-lui-robert-a-primit-titlul-de-pastrator-de-patrimoniu-local\/article\/mediaPool\/uzmcB2q.jpg\" alt><\/li>\n<li data-target=\"#carousel-poza-mare\" data-slide-to=\"13\"><img decoding=\"async\" class=\"img-responsive\" src=\"https:\/\/zdvi.cname.ro\/_90\/vrancea-premiata-pentru-gustul-autentic-capritele-lui-robert-a-primit-titlul-de-pastrator-de-patrimoniu-local\/article\/mediaPool\/uQGolZI.jpg\" alt><\/li>\n<li data-target=\"#carousel-poza-mare\" data-slide-to=\"14\"><img decoding=\"async\" class=\"img-responsive\" src=\"https:\/\/zdvi.cname.ro\/_90\/vrancea-premiata-pentru-gustul-autentic-capritele-lui-robert-a-primit-titlul-de-pastrator-de-patrimoniu-local\/article\/mediaPool\/uJa18V0.jpg\" alt><\/li>\n<\/ul>\n<\/div>\n<\/div>\n<p><a class=\"control left\" href=\"https:\/\/ziaruldevrancea.ro\/promo\/brand-voice\/vrancea-premiata-pentru-gustul-autentic-capritele-lui-robert-a-primit-titlul-de-pastrator-de-patrimoniu-local#carousel-poze-mici\" role=\"button\" data-slide=\"prev\"><span class=\"sr-only\">Previous<\/span><\/a><a class=\"control right\" href=\"https:\/\/ziaruldevrancea.ro\/promo\/brand-voice\/vrancea-premiata-pentru-gustul-autentic-capritele-lui-robert-a-primit-titlul-de-pastrator-de-patrimoniu-local#carousel-poze-mici\" role=\"button\" data-slide=\"next\"><span class=\"sr-only\">Next<\/span><\/a><\/div>\n<\/div>\n<\/div>\n<p><strong>Distinc\u021bia ob\u021binut\u0103 la Muzeul ASTRA din Sibiu recompenseaz\u0103 eforturile de conservare \u0219i promovare a gastronomiei tradi\u021bionale rom\u00e2ne\u0219ti prin utilizarea produselor locale \u0219i valorificarea patrimoniului cultural.<\/strong><\/p>\n<p>\u00a0<\/p>\n<p>Vrancea \u00ee\u0219i confirm\u0103 \u00eenc\u0103 o dat\u0103 valoarea \u00een domeniul gastronomiei tradi\u021bionale. Gastro Local \u201eC\u0103pri\u021bele lui Robert\u201d a fost distins cu titlul de \u201eP\u0103str\u0103tor de patrimoniu local\u201d, una dintre cele mai importante recunoa\u0219teri acordate Punctelor Gastronomice Locale din Rom\u00e2nia.<\/p>\n<p>Distinc\u021bia a fost acordat\u0103 \u00een perioada 18\u201319 iulie 2026, \u00een cadrul unui eveniment desf\u0103\u0219urat la Muzeul ASTRA din Sibiu \u0219i dedicat promov\u0103rii patrimoniului gastronomic rom\u00e2nesc.<\/p>\n<p>Premiul face parte din programul anual destinat Punctelor Gastronomice Locale, dezvoltat de Re\u021beaua Rom\u00e2nia Tradi\u021biilor Creative \u2013 Asocia\u021bia Mila 23 \u201eIvan Patzaichin\u201d, sub patronajul Comisiei Na\u021bionale a Rom\u00e2niei pentru UNESCO, al Funda\u021biei Rom\u00e2no-Americane \u0219i al Agen\u021biei Na\u021bionale a Zonei Montane.<\/p>\n<p>Titlul de \u201eP\u0103str\u0103tor de patrimoniu local\u201d este acordat acelor ini\u021biative care contribuie la conservarea, promovarea \u0219i transmiterea patrimoniului gastronomic \u0219i cultural al comunit\u0103\u021bilor locale, pun\u00e2nd \u00een valoare re\u021betele tradi\u021bionale, ingredientele autentice \u0219i me\u0219te\u0219ugurile specifice fiec\u0103rei zone.<\/p>\n<p>Pentru echipa Gastro Local \u201eC\u0103pri\u021bele lui Robert\u201d, aceast\u0103 recunoa\u0219tere reprezint\u0103 confirmarea unei munci desf\u0103\u0219urate cu consecven\u021b\u0103 \u0219i respect fa\u021b\u0103 de valorile locale.<\/p>\n<p>\u201eAceast\u0103 distinc\u021bie este mai mult dec\u00e2t o diplom\u0103 \u2013 este o confirmare c\u0103 munca, pasiunea \u0219i respectul pentru tradi\u021biile locului sunt apreciate\u201d, au transmis reprezentan\u021bii punctului gastronomic.<\/p>\n<p>Activitatea desf\u0103\u0219urat\u0103 aici are la baz\u0103 promovarea preparatelor tradi\u021bionale realizate din ingrediente locale, colaborarea cu produc\u0103tori \u0219i me\u0219te\u0219ugari din zon\u0103 \u0219i oferirea unei experien\u021be autentice celor care le trec pragul. Vizitatorii sunt invita\u021bi s\u0103 descopere nu doar bucatele specifice locului, ci \u0219i pove\u0219tile, oamenii \u0219i tradi\u021biile care definesc identitatea comunit\u0103\u021bii.<\/p>\n<p>Reprezentan\u021bii Gastro Local \u201eC\u0103pri\u021bele lui Robert\u201d au adresat mul\u021bumiri tuturor celor care le-au fost al\u0103turi de-a lungul timpului \u0219i au sus\u021binut dezvoltarea proiectului, precum \u0219i organizatorilor \u0219i partenerilor implica\u021bi \u00een programul na\u021bional de promovare a patrimoniului gastronomic.<\/p>\n<p>Mul\u021bumiri speciale au fost adresate Romanei Rista \u2013 \u201eFata care g\u0103te\u0219te cu flori\u201d, lui Teodor Floru, Asocia\u021biei Mila 23 Rowmania, lui Ciprian \u0218tefan, Mirelei Cre\u021bu \u0219i echipei Muzeului ASTRA.<\/p>\n<p>Distinc\u021bia ob\u021binut\u0103 reprezint\u0103 nu doar o realizare pentru Gastro Local \u201eC\u0103pri\u021bele lui Robert\u201d, ci \u0219i o nou\u0103 confirmare c\u0103 Vrancea are resurse importante \u00een domeniul gastronomiei locale \u0219i al turismului autentic. Prin valorificarea produselor tradi\u021bionale, a re\u021betelor mo\u0219tenite \u0219i a colabor\u0103rii cu produc\u0103torii locali, astfel de ini\u021biative contribuie la promovarea identit\u0103\u021bii jude\u021bului \u0219i la dezvoltarea unui turism bazat pe patrimoniu \u0219i experien\u021be autentice.<\/p>\n<p>Recunoa\u0219terea primit\u0103 la Muzeul ASTRA consolideaz\u0103 locul Vrancei pe harta destina\u021biilor gastronomice din Rom\u00e2nia \u0219i demonstreaz\u0103 c\u0103 tradi\u021biile culinare locale pot deveni un ambasador important al comunit\u0103\u021bilor din jude\u021b.<\/p>\n<p>\u00a0<\/p>\n<p><strong>Citi\u021bi \u0219i con\u021binutul integral al post\u0103rii de pe pagina de Facebook\u00a0<\/strong><span dir=\"auto\"><strong>Gastro Local Capritele lui Robert<\/strong>\u00a0<\/span><strong>\u00een leg\u0103tur\u0103 cu aceast\u0103 \u0219tire:\u00a0<\/strong><\/p>\n<p><span dir=\"auto\">Gastro Local C\u0103pri\u021bele lui Robert, distins cu titlul de \u201eP\u0103str\u0103tor de patrimoniu local\u201d<\/span><\/p>\n<div class=\"x14z9mp xat24cr x1lziwak x1vvkbs xtlvy1s x126k92a\">\n<div dir=\"auto\"><span dir=\"auto\">Cu bucurie \u0219i recuno\u0219tin\u021b\u0103 v\u0103 anun\u021b\u0103m c\u0103, \u00een perioada 18\u201319 iulie 2026, \u00een cadrul evenimentului organizat la Muzeul ASTRA, Gastro Local C\u0103pri\u021bele lui Robert a primit distinc\u021bia \u201eP\u0103str\u0103tor de patrimoniu local\u201d. <img decoding=\"async\" alt=\"????\" class=\"x15mokao x16uus16 x1ga7v0g xbiv7yw xz74otr\" src=\"https:\/\/static.xx.fbcdn.net\/images\/emoji.php\/v9\/t8c\/1\/16\/1f389.png\"><\/span><\/div>\n<\/div>\n<div class=\"x14z9mp xat24cr x1lziwak x1vvkbs xtlvy1s x126k92a\">\n<div dir=\"auto\"><span dir=\"auto\">Aceast\u0103 recunoa\u0219tere este acordat\u0103 \u00een cadrul programului anual dedicat Punctelor Gastronomice Locale, dezvoltat de Re\u021beaua Rom\u00e2nia Tradi\u021biilor Creative \u2013 Asocia\u021bia Mila 23 \u201eIvan Patzaichin\u201d, sub patronajul Comisiei Na\u021bionale a Rom\u00e2niei pentru UNESCO, al Funda\u021biei Rom\u00e2no- Americane \u0219i al Agen\u021biei Na\u021bionale a Zonei Montane.<\/span><\/div>\n<\/div>\n<div class=\"x14z9mp xat24cr x1lziwak x1vvkbs xtlvy1s x126k92a\">\n<div dir=\"auto\"><span dir=\"auto\"><img decoding=\"async\" alt=\"????\" class=\"x15mokao x16uus16 x1ga7v0g xbiv7yw xz74otr\" src=\"https:\/\/static.xx.fbcdn.net\/images\/emoji.php\/v9\/t64\/1\/16\/1f91d.png\"> Distinc\u021bia recompenseaz\u0103 acele Puncte Gastronomice Locale care contribuie la p\u0103strarea \u0219i transmiterea patrimoniului gastronomic \u0219i cultural al comunit\u0103\u021bilor din Rom\u00e2nia. <img decoding=\"async\" alt=\"????\" class=\"x15mokao x16uus16 x1ga7v0g xbiv7yw xz74otr\" src=\"https:\/\/static.xx.fbcdn.net\/images\/emoji.php\/v9\/t77\/1\/16\/1f3e1.png\"><\/span><\/div>\n<\/div>\n<div class=\"x14z9mp xat24cr x1lziwak x1vvkbs xtlvy1s x126k92a\">\n<div dir=\"auto\"><span dir=\"auto\">Pentru noi, aceast\u0103 distinc\u021bie este mai mult dec\u00e2t o diplom\u0103 \u2013 este o confirmare c\u0103 munca, pasiunea \u0219i respectul pentru tradi\u021biile locului sunt apreciate.<\/span><\/div>\n<\/div>\n<div class=\"x14z9mp xat24cr x1lziwak x1vvkbs xtlvy1s x126k92a\">\n<div dir=\"auto\"><span dir=\"auto\"><img decoding=\"async\" alt=\"\u2764\ufe0f\" class=\"x15mokao x16uus16 x1ga7v0g xbiv7yw xz74otr\" src=\"https:\/\/static.xx.fbcdn.net\/images\/emoji.php\/v9\/t6c\/1\/16\/2764.png\"> \u00cen fiecare zi ne str\u0103duim s\u0103 promov\u0103m preparatele tradi\u021bionale, s\u0103 folosim ingrediente locale <img decoding=\"async\" alt=\"????\" class=\"x15mokao x16uus16 x1ga7v0g xbiv7yw xz74otr\" src=\"https:\/\/static.xx.fbcdn.net\/images\/emoji.php\/v9\/tb4\/1\/16\/1f958.png\">, s\u0103 colabor\u0103m cu produc\u0103tori \u0219i me\u0219te\u0219ugari din zon\u0103 <img decoding=\"async\" alt=\"????\" class=\"x15mokao x16uus16 x1ga7v0g xbiv7yw xz74otr\" src=\"https:\/\/static.xx.fbcdn.net\/images\/emoji.php\/v9\/t70\/1\/16\/1f932.png\"> \u0219i s\u0103 oferim oaspe\u021bilor o experien\u021b\u0103 autentic\u0103, \u00een care descoper\u0103 nu doar gustul bucatelor, ci \u0219i pove\u0219tile, oamenii \u0219i tradi\u021biile care dau identitate acestui loc. <img decoding=\"async\" alt=\"????\" class=\"x15mokao x16uus16 x1ga7v0g xbiv7yw xz74otr\" src=\"https:\/\/static.xx.fbcdn.net\/images\/emoji.php\/v9\/t9d\/1\/16\/1f33e.png\"><\/span><\/div>\n<\/div>\n<div class=\"x14z9mp xat24cr x1lziwak x1vvkbs xtlvy1s x126k92a\">\n<div dir=\"auto\"><span dir=\"auto\"><img decoding=\"async\" alt=\"????\" class=\"x15mokao x16uus16 x1ga7v0g xbiv7yw xz74otr\" src=\"https:\/\/static.xx.fbcdn.net\/images\/emoji.php\/v9\/t80\/1\/16\/1f64f.png\"> Mul\u021bumim tuturor celor care ne-au trecut pragul, ne-au sus\u021binut \u0219i au crezut \u00een ceea ce facem. Aceast\u0103 distinc\u021bie ne inspir\u0103 s\u0103 mergem mai departe cu aceea\u0219i pasiune \u0219i responsabilitate, pentru a p\u0103stra \u0219i promova patrimoniul gastronomic \u0219i cultural local. <img decoding=\"async\" alt=\"????\" class=\"x15mokao x16uus16 x1ga7v0g xbiv7yw xz74otr\" src=\"https:\/\/static.xx.fbcdn.net\/images\/emoji.php\/v9\/t1e\/1\/16\/1f33f.png\"><\/span><\/div>\n<\/div>\n<div class=\"x14z9mp xat24cr x1lziwak x1vvkbs xtlvy1s x126k92a\">\n<div dir=\"auto\"><span dir=\"auto\">Mul\u021bumirile speciale merg c\u0103tre Romana Rista, <a class=\"x1i10hfl xjbqb8w x1ejq31n x18oe1m7 x1sy0etr xstzfhl x972fbf x10w94by x1qhh985 x14e42zd x9f619 x1ypdohk xt0psk2 x3ct3a4 xdj266r x14z9mp xat24cr x1lziwak xexx8yu xyri2b x18d9i69 x1c1uobl x16tdsg8 x1hl2dhg xggy1nq x1a2a7pz xkrqix3 x1sur9pj x1fey0fg x1s688f\" href=\"https:\/\/www.facebook.com\/FataCareGatesteCuFlori\">Fata Care G\u0103te\u015fte Cu Flori<\/a>, Teodor Floru, Asocia\u021bia Milla 23 <a class=\"x1i10hfl xjbqb8w x1ejq31n x18oe1m7 x1sy0etr xstzfhl x972fbf x10w94by x1qhh985 x14e42zd x9f619 x1ypdohk xt0psk2 x3ct3a4 xdj266r x14z9mp xat24cr x1lziwak xexx8yu xyri2b x18d9i69 x1c1uobl x16tdsg8 x1hl2dhg xggy1nq x1a2a7pz xkrqix3 x1sur9pj x1fey0fg x1s688f\" href=\"https:\/\/www.facebook.com\/RowmaniaPatzaichin\">Rowmania<\/a>, Ciprian \u0218tefan \u0219i Mirela Cre\u021bu \u0219i <a class=\"x1i10hfl xjbqb8w x1ejq31n x18oe1m7 x1sy0etr xstzfhl x972fbf x10w94by x1qhh985 x14e42zd x9f619 x1ypdohk xt0psk2 x3ct3a4 xdj266r x14z9mp xat24cr x1lziwak xexx8yu xyri2b x18d9i69 x1c1uobl x16tdsg8 x1hl2dhg xggy1nq x1a2a7pz xkrqix3 x1sur9pj x1fey0fg x1s688f\" href=\"https:\/\/www.facebook.com\/muzeulastrasibiu\">Muzeul Astra<\/a><\/span><\/div>\n<\/div>\n<div class=\"x14z9mp xat24cr x1lziwak x1vvkbs xtlvy1s x126k92a\">\n<div dir=\"auto\"><span dir=\"auto\"><img decoding=\"async\" alt=\"????\" class=\"x15mokao x16uus16 x1ga7v0g xbiv7yw xz74otr\" src=\"https:\/\/static.xx.fbcdn.net\/images\/emoji.php\/v9\/t94\/1\/16\/1f49a.png\"> V\u0103 a\u0219tept\u0103m cu drag s\u0103 descoperi\u021bi gustul autentic al locului, a\u0219a cum l-am mo\u0219tenit \u0219i cum \u00eel ducem mai departe!<\/span><\/div>\n<\/div>\n<div class=\"x14z9mp xat24cr x1lziwak x1vvkbs xtlvy1s x126k92a\">\n<div dir=\"auto\"><span dir=\"auto\"><a class=\"x1i10hfl xjbqb8w x1ejq31n x18oe1m7 x1sy0etr xstzfhl x972fbf x10w94by x1qhh985 x14e42zd x9f619 x1ypdohk xt0psk2 x3ct3a4 xdj266r x14z9mp xat24cr x1lziwak xexx8yu xyri2b x18d9i69 x1c1uobl x16tdsg8 x1hl2dhg xggy1nq x1a2a7pz xkrqix3 x1sur9pj x1fey0fg x1s688f\" href=\"https:\/\/www.facebook.com\/hashtag\/gastrolocal\">#GastroLocal<\/a><a class=\"x1i10hfl xjbqb8w x1ejq31n x18oe1m7 x1sy0etr xstzfhl x972fbf x10w94by x1qhh985 x14e42zd x9f619 x1ypdohk xt0psk2 x3ct3a4 xdj266r x14z9mp xat24cr x1lziwak xexx8yu xyri2b x18d9i69 x1c1uobl x16tdsg8 x1hl2dhg xggy1nq x1a2a7pz xkrqix3 x1sur9pj x1fey0fg x1s688f\" href=\"https:\/\/www.facebook.com\/hashtag\/c%C4%83pri%C8%9Beleluirobert\">#C\u0103pri\u021beleLuiRobert<\/a><a class=\"x1i10hfl xjbqb8w x1ejq31n x18oe1m7 x1sy0etr xstzfhl x972fbf x10w94by x1qhh985 x14e42zd x9f619 x1ypdohk xt0psk2 x3ct3a4 xdj266r x14z9mp xat24cr x1lziwak xexx8yu xyri2b x18d9i69 x1c1uobl x16tdsg8 x1hl2dhg xggy1nq x1a2a7pz xkrqix3 x1sur9pj x1fey0fg x1s688f\" href=\"https:\/\/www.facebook.com\/hashtag\/patrimoniulocal\">#PatrimoniuLocal<\/a><a class=\"x1i10hfl xjbqb8w x1ejq31n x18oe1m7 x1sy0etr xstzfhl x972fbf x10w94by x1qhh985 x14e42zd x9f619 x1ypdohk xt0psk2 x3ct3a4 xdj266r x14z9mp xat24cr x1lziwak xexx8yu xyri2b x18d9i69 x1c1uobl x16tdsg8 x1hl2dhg xggy1nq x1a2a7pz xkrqix3 x1sur9pj x1fey0fg x1s688f\" href=\"https:\/\/www.facebook.com\/hashtag\/gastronomielocal%C4%83\">#GastronomieLocal\u0103<\/a><a class=\"x1i10hfl xjbqb8w x1ejq31n x18oe1m7 x1sy0etr xstzfhl x972fbf x10w94by x1qhh985 x14e42zd x9f619 x1ypdohk xt0psk2 x3ct3a4 xdj266r x14z9mp xat24cr x1lziwak xexx8yu xyri2b x18d9i69 x1c1uobl x16tdsg8 x1hl2dhg xggy1nq x1a2a7pz xkrqix3 x1sur9pj x1fey0fg x1s688f\" href=\"https:\/\/www.facebook.com\/hashtag\/tradi%C8%9Bii\">#Tradi\u021bii<\/a><a class=\"x1i10hfl xjbqb8w x1ejq31n x18oe1m7 x1sy0etr xstzfhl x972fbf x10w94by x1qhh985 x14e42zd x9f619 x1ypdohk xt0psk2 x3ct3a4 xdj266r x14z9mp xat24cr x1lziwak xexx8yu xyri2b x18d9i69 x1c1uobl x16tdsg8 x1hl2dhg xggy1nq x1a2a7pz xkrqix3 x1sur9pj x1fey0fg x1s688f\" href=\"https:\/\/www.facebook.com\/hashtag\/produslocal\">#ProdusLocal<\/a><a class=\"x1i10hfl xjbqb8w x1ejq31n x18oe1m7 x1sy0etr xstzfhl x972fbf x10w94by x1qhh985 x14e42zd x9f619 x1ypdohk xt0psk2 x3ct3a4 xdj266r x14z9mp xat24cr x1lziwak xexx8yu xyri2b x18d9i69 x1c1uobl x16tdsg8 x1hl2dhg xggy1nq x1a2a7pz xkrqix3 x1sur9pj x1fey0fg x1s688f\" href=\"https:\/\/www.facebook.com\/hashtag\/muzeulastra\">#MuzeulASTRA<\/a><a class=\"x1i10hfl xjbqb8w x1ejq31n x18oe1m7 x1sy0etr xstzfhl x972fbf x10w94by x1qhh985 x14e42zd x9f619 x1ypdohk xt0psk2 x3ct3a4 xdj266r x14z9mp xat24cr x1lziwak xexx8yu xyri2b x18d9i69 x1c1uobl x16tdsg8 x1hl2dhg xggy1nq x1a2a7pz xkrqix3 x1sur9pj x1fey0fg x1s688f\" href=\"https:\/\/www.facebook.com\/hashtag\/romaniatradi%C8%9Biilorcreative\">#RomaniaTradi\u021biilorCreative<\/a><\/span><\/div>\n<\/div>\n<p>\u00a0<\/p>\n<p>\u00a0<\/p>\n<p>\u00a0<\/p>\n<p>\u00a0<\/p>\n<p>\u00a0<\/p>\n<hr>\n<div class=\"bloc-widget widget-rosu\">\n<p>\u00cen lipsa unui acord scris din partea Ziarului de Vrancea, pute\u0163i prelua maxim 500 de caractere din acest articol dac\u0103 preciza\u0163i sursa \u015fi insera\u0163i vizibil link-ul articolului:\u00a0<span>#insertcurrentlinkhere<\/span><\/p>\n<\/div>\n<div class=\"extra-articol listing-anunturi\">\n<h6>Anun\u021buri <span class=\"text-primary\">ZdV<\/span> Premium<\/h6>\n<div class=\"row\">\n<div class=\"col-lg-4 col-md-6 bloc-egal\"><a class=\"card-anunt\" href=\"https:\/\/ziaruldevrancea.ro\/anunturi\/imobiliare\/vanzari-case\/vand-casa-si-teren-in-panciu-anunt-72818\"><strong class=\"titlu\">V\u00e2nz\u0103ri case<\/strong><span class=\"text-anunt\">V\u00e2nd cas\u0103 cu 2 camere, buc\u0103t\u0103rie, baie,&#8230;<\/span><span class=\"data-anunt\">23.07.2026  <\/span><\/a><\/div>\n<div class=\"col-lg-4 col-md-6 bloc-egal\"><a class=\"card-anunt\" href=\"https:\/\/ziaruldevrancea.ro\/anunturi\/angajari\/cereri-angajari\/doresc-angajare-anunt-72815\"><strong class=\"titlu\">Cereri<\/strong><span class=\"text-anunt\">Doresc s\u0103 am grij\u0103 de un copil de&#8230;<\/span><span class=\"data-anunt\">21.07.2026  <\/span><\/a><\/div>\n<div class=\"col-lg-4 col-md-6 bloc-egal\"><a class=\"card-anunt\" href=\"https:\/\/ziaruldevrancea.ro\/anunturi\/inchirieri\/locuinte-oferte\/primesc-in-gazda-anunt-72816\"><strong class=\"titlu\">Locuin\u021be oferte<\/strong><span class=\"text-anunt\">\u00a0Primesc \u00een gazd\u0103 la cas\u0103.<\/p>\n<p>Tel&#8230;.<\/span><span class=\"data-anunt\">21.07.2026  <\/span><\/a><\/div>\n<\/div>\n<\/div>\n<div class=\"extra-articol alte-articole\">\n<div class=\"row\">\n<div class=\"col-lg-6 bloc-egal\">\n<div class=\"card articol-listing\">\n<h6>\u00cen categoria <a href=\"https:\/\/ziaruldevrancea.ro\/promo\/brand-voice\">Brand voice<\/a><\/h6>\n<div class=\"grup-articol-listing\">\n<div class=\"cont-pils\"><a href=\"https:\/\/ziaruldevrancea.ro\/promo\/brand-voice\/video-vrancea-doi-huhurezi-salvati-de-acdb-focsani-au-revenit-in-salbaticie-dupa-perioada-de-recuperare\"><img decoding=\"async\" src=\"https:\/\/zdvi.cname.ro\/180_135\/promo\/brand-voice\/video-vrancea-doi-huhurezi-salvati-de-acdb-focsani-au-revenit-in-salbaticie-dupa-perioada-de-recuperare\/mediaPool\/u9cWHQZ.jpg\" class=\"img-responsive img-180\" alt><\/a><\/div>\n<h2><a class=\"link-titlu\" href=\"https:\/\/ziaruldevrancea.ro\/promo\/brand-voice\/video-vrancea-doi-huhurezi-salvati-de-acdb-focsani-au-revenit-in-salbaticie-dupa-perioada-de-recuperare\">VIDEO | Vrancea: Doi huhurezi salva\u021bi de ACDB Foc\u0219ani au revenit \u00een s\u0103lb\u0103ticie dup\u0103 perioada de recuperare<\/a><\/h2>\n<div class=\"date-post\"><a href=\"https:\/\/ziaruldevrancea.ro\/autor\/petre-paraschiv\">Petre Paraschiv<\/a>, 25 iul 2026  <\/div>\n<\/div>\n<div class=\"grup-articol-listing\">\n<div class=\"cont-pils\"><a href=\"https:\/\/ziaruldevrancea.ro\/promo\/brand-voice\/producatorul-de-ambalaje-electric-srl-focsani-a-depasit-958-milioane-de-lei-cifra-de-afaceri-in-2025-si-a-ajuns-la-225-de-angajati\"><img decoding=\"async\" src=\"https:\/\/zdvi.cname.ro\/180_135\/promo\/brand-voice\/producatorul-de-ambalaje-electric-srl-focsani-a-depasit-958-milioane-de-lei-cifra-de-afaceri-in-2025-si-a-ajuns-la-225-de-angajati\/mediaPool\/usBFBUg.jpeg\" class=\"img-responsive img-180\" alt><\/a><\/div>\n<h2><a class=\"link-titlu\" href=\"https:\/\/ziaruldevrancea.ro\/promo\/brand-voice\/producatorul-de-ambalaje-electric-srl-focsani-a-depasit-958-milioane-de-lei-cifra-de-afaceri-in-2025-si-a-ajuns-la-225-de-angajati\">Produc\u0103torul de ambalaje Electric SRL Foc\u0219ani a dep\u0103\u0219it 95,8 milioane de lei cifr\u0103 de afaceri \u00een 2025 \u0219i a ajuns la 225 de angaja\u021bi<\/a><\/h2>\n<div class=\"date-post\"><a href=\"https:\/\/ziaruldevrancea.ro\/autor\/eduard-popescu\">Eduard Popescu<\/a>, 25 iul 2026  <\/div>\n<\/div>\n<div class=\"grup-articol-listing\">\n<div class=\"cont-pils\"><a href=\"https:\/\/ziaruldevrancea.ro\/promo\/brand-voice\/video--foto-eleva-bianca-serban-din-focsani-campioana-mondiala-la-wcopa-2026.-aur-pentru-vrancea-pe-scena-din-las-vegas\"><img decoding=\"async\" src=\"https:\/\/zdvi.cname.ro\/180_135\/promo\/brand-voice\/video--foto-eleva-bianca-serban-din-focsani-campioana-mondiala-la-wcopa-2026.-aur-pentru-vrancea-pe-scena-din-las-vegas\/mediaPool\/uqLAbe1.jpeg\" class=\"img-responsive img-180\" alt><\/a><\/div>\n<h2><a class=\"link-titlu\" href=\"https:\/\/ziaruldevrancea.ro\/promo\/brand-voice\/video--foto-eleva-bianca-serban-din-focsani-campioana-mondiala-la-wcopa-2026.-aur-pentru-vrancea-pe-scena-din-las-vegas\">VIDEO + Foto | Eleva Bianca \u0218erban din Foc\u0219ani, campioan\u0103 mondial\u0103 la WCOPA 2026. Aur pentru Vrancea pe scena din Las Vegas<\/a><\/h2>\n<div class=\"date-post\"><a href=\"https:\/\/ziaruldevrancea.ro\/autor\/anca-vasiliu\">Anca Vasiliu<\/a>, 25 iul 2026  <\/div>\n<\/div>\n<\/div>\n<\/div>\n<div class=\"col-lg-6 bloc-egal\">\n<div class=\"card articol-listing\">\n<h6>De acela\u0219i <a href=\"https:\/\/ziaruldevrancea.ro\/autor\/camelia-marin\/\">autor<\/a><\/h6>\n<div class=\"grup-articol-listing\">\n<div class=\"cont-pils\"><a href=\"https:\/\/ziaruldevrancea.ro\/promo\/evenimente-speciale\/hram-la-spitalul-judetean-focsani-slujbe-religioase-si-300-de-pachete-pentru-pacienti-de-sfantul-pantelimon\"><img decoding=\"async\" src=\"https:\/\/zdvi.cname.ro\/180_135\/promo\/evenimente-speciale\/hram-la-spitalul-judetean-focsani-slujbe-religioase-si-300-de-pachete-pentru-pacienti-de-sfantul-pantelimon\/mediaPool\/ukoruCX.jpg\" class=\"img-responsive img-180\" alt><\/a><\/div>\n<h2><a class=\"link-titlu\" href=\"https:\/\/ziaruldevrancea.ro\/promo\/evenimente-speciale\/hram-la-spitalul-judetean-focsani-slujbe-religioase-si-300-de-pachete-pentru-pacienti-de-sfantul-pantelimon\">Hram la Spitalul Jude\u021bean Foc\u0219ani: slujbe religioase \u0219i 300 de pachete pentru pacien\u021bi, de Sf\u00e2ntul Pantelimon<\/a><\/h2>\n<div class=\"date-post\"><a href=\"https:\/\/ziaruldevrancea.ro\/autor\/camelia-marin\">Camelia Marin<\/a>, 24 iul 2026  <\/div>\n<\/div>\n<div class=\"grup-articol-listing\">\n<div class=\"cont-pils\"><a href=\"https:\/\/ziaruldevrancea.ro\/actualitatea\/stiri-locale\/locuri-de-munca-pe-alese-pentru-vranceni-147-in-judet-si-124-in-ue\"><img decoding=\"async\" src=\"https:\/\/zdvi.cname.ro\/180_135\/actualitatea\/stiri-locale\/locuri-de-munca-pe-alese-pentru-vranceni-147-in-judet-si-124-in-ue\/mediaPool\/u6Eupe7.jpg\" class=\"img-responsive img-180\" alt><\/a><\/div>\n<h2><a class=\"link-titlu\" href=\"https:\/\/ziaruldevrancea.ro\/actualitatea\/stiri-locale\/locuri-de-munca-pe-alese-pentru-vranceni-147-in-judet-si-124-in-ue\">Locuri de munc\u0103 pe alese pentru vr\u00e2nceni: 147 \u00een jude\u021b \u0219i 124 \u00een UE. Angajatorii caut\u0103 muncitori, v\u00e2nz\u0103tori, \u0219oferi \u0219i personal pentru HoReCa<\/a><\/h2>\n<div class=\"date-post\"><a href=\"https:\/\/ziaruldevrancea.ro\/autor\/camelia-marin\">Camelia Marin<\/a>, 24 iul 2026  <\/div>\n<\/div>\n<div class=\"grup-articol-listing\">\n<div class=\"cont-pils\"><a href=\"https:\/\/ziaruldevrancea.ro\/promo\/evenimente-speciale\/boovie-2026-festivalul-nascut-in-vrancea-care-reuneste-peste-5.700-de-participanti-incepe-astazi-la-bucuresti\"><img decoding=\"async\" src=\"https:\/\/zdvi.cname.ro\/180_135\/promo\/evenimente-speciale\/boovie-2026-festivalul-nascut-in-vrancea-care-reuneste-peste-5.700-de-participanti-incepe-astazi-la-bucuresti\/mediaPool\/uH922Bq.jpg\" class=\"img-responsive img-180\" alt><\/a><\/div>\n<h2><a class=\"link-titlu\" href=\"https:\/\/ziaruldevrancea.ro\/promo\/evenimente-speciale\/boovie-2026-festivalul-nascut-in-vrancea-care-reuneste-peste-5.700-de-participanti-incepe-astazi-la-bucuresti\">Boovie 2026, festivalul n\u0103scut \u00een Vrancea care reune\u0219te peste 5.700 de participan\u021bi \u00eencepe ast\u0103zi la Bucure\u0219ti<\/a><\/h2>\n<div class=\"date-post\"><a href=\"https:\/\/ziaruldevrancea.ro\/autor\/camelia-marin\">Camelia Marin<\/a>, 23 iul 2026  <\/div>\n<\/div>\n<\/div>\n<\/div>\n<\/div>\n<\/div>\n<div class=\"extra-articol listing-anunturi\">\n<h6>Anun\u021buri <span class=\"text-primary\">ZdV<\/span> Premium<\/h6>\n<div class=\"row\">\n<div class=\"col-lg-4 col-md-6 bloc-egal\"><a class=\"card-anunt\" href=\"https:\/\/ziaruldevrancea.ro\/anunturi\/inchirieri\/locuinte-oferte\/primesc-in-gazda-anunt-72817\"><strong class=\"titlu\">Locuin\u021be oferte<\/strong><span class=\"text-anunt\">Primesc \u00een gazd\u0103 la bloc o elev\u0103. <\/p>\n<p>Tel&#8230;.<\/span><span class=\"data-anunt\">21.07.2026  <\/span><\/a><\/div>\n<div class=\"col-lg-4 col-md-6 bloc-egal\"><a class=\"card-anunt\" href=\"https:\/\/ziaruldevrancea.ro\/anunturi\/altele\/matrimoniale\/Imi-caut-sufletul-pereche-anunt-72811\"><strong class=\"titlu\">Matrimoniale<\/strong><span class=\"text-anunt\">Domn serios caut doamn\u0103 serioas\u0103, v\u00e2rsta&#8230;<\/span><span class=\"data-anunt\">20.07.2026  <\/span><\/a><\/div>\n<div class=\"col-lg-4 col-md-6 bloc-egal\"><a class=\"card-anunt\" href=\"https:\/\/ziaruldevrancea.ro\/anunturi\/altele\/matrimoniale\/Imi-caut-sufletul-pereche-anunt-72809\"><strong class=\"titlu\">Matrimoniale<\/strong><span class=\"text-anunt\">Domn de la \u021bar\u0103, 55 de ani, cu locuin\u021b\u0103, teren&#8230;<\/span><span class=\"data-anunt\">16.07.2026  <\/span><\/a><\/div>\n<\/div>\n<\/div>\n<div class=\"bloc-widget widget-albastru\">\n    Ziarul de Vrancea \u00a0nu este responsabil juridic pentru con\u0163inutul textelor din comentariile de mai jos. Responsabilitatea pentru mesajele dumneavoastra v\u0103 revine \u00een exclusivitate.\n<\/div>\n<div class=\"comentarii-articol\" id=\"comentarii\">\n<h3>Comentarii: <span class=\"text-primary\">0<\/span><\/h3>\n<p><a href=\"https:\/\/ziaruldevrancea.ro\/promo\/brand-voice\/vrancea-premiata-pentru-gustul-autentic-capritele-lui-robert-a-primit-titlul-de-pastrator-de-patrimoniu-local\" class=\"btn btn-success btn-adauga-com\" data-toggle=\"modal\" data-parent=\"0\" data-target=\"#commentModal\">Adaug\u0103 comentariu<\/a><\/p>\n<div class=\"loadMask comments-mask\"><img decoding=\"async\" src=\"https:\/\/zdvs.cname.ro\/images\/loader_40.gif\"><\/div>\n<div class=\"comenteaza-jos\">Trebuie s\u0103 fii <a href=\"https:\/\/ziaruldevrancea.ro\/account\">autentificat<\/a> pentru a putea <a href=\"https:\/\/ziaruldevrancea.ro\/promo\/brand-voice\/vrancea-premiata-pentru-gustul-autentic-capritele-lui-robert-a-primit-titlul-de-pastrator-de-patrimoniu-local\" class data-toggle=\"modal\" data-parent=\"0\" data-target=\"#commentModal\">posta un comentariu<\/a>.<\/div>\n<\/div>\n<div class=\"modal fade\" id=\"commentModal\" role=\"dialog\" aria-labelledby=\"commentModalLabel\">\n<div class=\"modal-dialog modal-lg\" role=\"document\">\n<div class=\"modal-content\">\n<div class=\"modal-header\">\n<h3 class=\"modal-title\" id=\"commentModalLabel\">Comenteaz\u0103<\/h3>\n<\/div>\n<div class=\"modal-body\">\n<div class=\"tabel tabel-full\">\n<div class=\"celula\">\n              Trebuie s\u0103 fii <a href=\"https:\/\/ziaruldevrancea.ro\/account\">autentificat<\/a> pentru a putea posta un comentariu.\n            <\/div>\n<\/div>\n<\/div>\n<div class=\"modal-footer\">\n<div id=\"commentPending\" class=\"formPending pull-left\"><img decoding=\"async\" src=\"https:\/\/zdvs.cname.ro\/images\/loader_40.gif\"> In curs de procesare&#8230;<\/div>\n<p><a href=\"https:\/\/ziaruldevrancea.ro\/promo\/brand-voice\/vrancea-premiata-pentru-gustul-autentic-capritele-lui-robert-a-primit-titlul-de-pastrator-de-patrimoniu-local\" class=\"btn btn-default\" data-dismiss=\"modal\">Anuleaz\u0103<\/a><\/div>\n<\/div>\n<\/div>\n<\/div>\n<div class=\"modal fade\" id=\"commentReportModal\" role=\"dialog\" aria-labelledby=\"commentReportModalLabel\">\n<div class=\"modal-dialog modal-lg\" role=\"document\">\n<div class=\"modal-content\">\n<div class=\"modal-header\">\n<h3 class=\"modal-title\" id=\"commentReportModalLabel\">Raporteaza comentariu<\/h3>\n<\/div>\n<div class=\"modal-body\">\n<div class=\"tabel tabel-full\">\n<div class=\"celula\">\n              Trebuie s\u0103 fii <a href=\"https:\/\/ziaruldevrancea.ro\/account\">autentificat<\/a> pentru a putea raporta un comentariu.\n            <\/div>\n<\/div>\n<\/div>\n<div class=\"modal-footer\">\n<div id=\"commentReportPending\" class=\"formPending pull-left\"><img decoding=\"async\" src=\"https:\/\/zdvs.cname.ro\/images\/loader_40.gif\"> In curs de procesare&#8230;<\/div>\n<p><a href=\"https:\/\/ziaruldevrancea.ro\/promo\/brand-voice\/vrancea-premiata-pentru-gustul-autentic-capritele-lui-robert-a-primit-titlul-de-pastrator-de-patrimoniu-local\" class=\"btn btn-default\" data-dismiss=\"modal\">Anuleaz\u0103<\/a><\/div>\n<\/div>\n<\/div>\n<\/div>\n<div class=\"modal fade\" id=\"commentLikeModal\" role=\"dialog\" aria-labelledby=\"commentLikeModalLabel\">\n<div class=\"modal-dialog modal-lg\" role=\"document\">\n<div class=\"modal-content\">\n<div class=\"modal-header\">\n<h3 class=\"modal-title\" id=\"commentReportModalLabel\">Apreciaza comentariu<\/h3>\n<\/div>\n<div class=\"modal-body\">\n<div class=\"tabel tabel-full\">\n<div class=\"celula\">\n            Trebuie s\u0103 fii <a href=\"https:\/\/ziaruldevrancea.ro\/account\">autentificat<\/a> pentru a putea aprecia un comentariu.\n          <\/div>\n<\/div>\n<\/div>\n<div class=\"modal-footer\"><a href=\"https:\/\/ziaruldevrancea.ro\/promo\/brand-voice\/vrancea-premiata-pentru-gustul-autentic-capritele-lui-robert-a-primit-titlul-de-pastrator-de-patrimoniu-local\" class=\"btn btn-default\" data-dismiss=\"modal\">Anuleaz\u0103<\/a><\/div>\n<\/div>\n<\/div>\n<\/div>\n<div class=\"bloc-widget widget-rosu\"><span><small>Ziarul de Vrancea doreste ca acest site sa fie un spatiu al discutiilor civilizate, al comentariilor de bun simt. Din acest motiv, cei care posteaza comentarii la articole trebuie sa respecte urmatoarele reguli:<br \/>\n1. Sa se refere doar la articolul la care posteaza comentarii.<br \/>\n2. Sa foloseasca un limbaj civilizat, fara injurii, calomnii, comentarii antisemite, xenofobe sau rasiste.<br \/>\n3. Sunt interzise atacurile la adresa autorilor, daca acestea nu au legatura cu textul.<br \/>\n4. Username-ul sa nu fie nume de personalitati ale vietii publice sau parodieri ale acestora.<br \/>\nAutorul unui articol poate fi criticat pentru eventuale greseli, incoerenta, lipsa de documentare etc.<br \/>\nNerespectarea regulilor mentionate mai sus va duce la stergerea comentariilor, fara avertisment si fara explicatii.<br \/>\nAbaterile repetate vor avea drept consecinta interdictia accesului la aceasta facilitate a site-ului.<\/small><\/span><\/div>\n<\/div>\n<p>[analyse_source url=&#8221;https:\/\/ziaruldevrancea.ro\/promo\/brand-voice\/vrancea-premiata-pentru-gustul-autentic-capritele-lui-robert-a-primit-titlul-de-pastrator-de-patrimoniu-local&#8221;]<\/p>\n","protected":false},"excerpt":{"rendered":"<p>[analyse_image type=&#8221;featured&#8221; src=&#8221;https:\/\/zdvi.cname.ro\/_\/vrancea-premiata-pentru-gustul-autentic-capritele-lui-robert-a-primit-titlul-de-pastrator-de-patrimoniu-local\/mediaPool\/uDSflat.png&#8221;] Brand voice Vrancea, premiat\u0103 pentru gustul autentic: \u201eC\u0103pri\u021bele lui Robert\u201d a primit titlul de \u201eP\u0103str\u0103tor de patrimoniu local\u201d Distribuie: \u00a0 | Camelia Marin 21 iul 2026815 vizualiz\u0103ri PreviousNext Distinc\u021bia ob\u021binut\u0103 la Muzeul ASTRA din Sibiu recompenseaz\u0103 eforturile de conservare \u0219i promovare a gastronomiei tradi\u021bionale rom\u00e2ne\u0219ti prin utilizarea produselor locale \u0219i valorificarea patrimoniului [&hellip;]<\/p>\n","protected":false},"author":1,"featured_media":0,"comment_status":"open","ping_status":"","sticky":false,"template":"","format":"standard","meta":{"footnotes":""},"categories":[89],"tags":[226,208],"class_list":["post-2061277","post","type-post","status-publish","format-standard","hentry","category-romania","tag-crawlmanager","tag-ziaruldevrancea-ro"],"_links":{"self":[{"href":"https:\/\/analyse.optim.biz\/index.php?rest_route=\/wp\/v2\/posts\/2061277","targetHints":{"allow":["GET"]}}],"collection":[{"href":"https:\/\/analyse.optim.biz\/index.php?rest_route=\/wp\/v2\/posts"}],"about":[{"href":"https:\/\/analyse.optim.biz\/index.php?rest_route=\/wp\/v2\/types\/post"}],"author":[{"embeddable":true,"href":"https:\/\/analyse.optim.biz\/index.php?rest_route=\/wp\/v2\/users\/1"}],"replies":[{"embeddable":true,"href":"https:\/\/analyse.optim.biz\/index.php?rest_route=%2Fwp%2Fv2%2Fcomments&post=2061277"}],"version-history":[{"count":0,"href":"https:\/\/analyse.optim.biz\/index.php?rest_route=\/wp\/v2\/posts\/2061277\/revisions"}],"wp:attachment":[{"href":"https:\/\/analyse.optim.biz\/index.php?rest_route=%2Fwp%2Fv2%2Fmedia&parent=2061277"}],"wp:term":[{"taxonomy":"category","embeddable":true,"href":"https:\/\/analyse.optim.biz\/index.php?rest_route=%2Fwp%2Fv2%2Fcategories&post=2061277"},{"taxonomy":"post_tag","embeddable":true,"href":"https:\/\/analyse.optim.biz\/index.php?rest_route=%2Fwp%2Fv2%2Ftags&post=2061277"}],"curies":[{"name":"wp","href":"https:\/\/api.w.org\/{rel}","templated":true}]}}