{"id":2061272,"date":"2026-07-21T00:00:00","date_gmt":"2026-07-20T21:00:00","guid":{"rendered":"https:\/\/analyse.optim.biz\/?p=2061272"},"modified":"2026-07-21T00:00:00","modified_gmt":"2026-07-20T21:00:00","slug":"foto-ministrul-dezvoltarii-a-verificat-in-vrancea-doua-investitii-pnrr-pentru-crese-moderne","status":"publish","type":"post","link":"https:\/\/analyse.optim.biz\/?p=2061272","title":{"rendered":"Foto | Ministrul Dezvolt\u0103rii a verificat \u00een Vrancea dou\u0103 investi\u021bii PNRR pentru cre\u0219e moderne"},"content":{"rendered":"<p>[analyse_image type=&#8221;featured&#8221; src=&#8221;https:\/\/zdvi.cname.ro\/_\/foto-ministrul-dezvoltarii-a-verificat-in-vrancea-doua-investitii-pnrr-pentru-crese-moderne\/mediaPool\/u832T2o.jpg&#8221;]<\/p>\n<div class=\"main-content detaliu-articol\"><a class=\"titlu-cat-list\" href=\"https:\/\/ziaruldevrancea.ro\/promo\/brand-voice\">Brand voice<\/a><\/p>\n<h1>Foto | Ministrul Dezvolt\u0103rii a verificat \u00een Vrancea dou\u0103 investi\u021bii PNRR pentru cre\u0219e moderne<\/h1>\n<div class=\"date-articol clearfix\">\n<div class=\"distribuie-articol dropdown\">\n    Distribuie: \u00a0<br \/>\n    <em>|<\/em><\/div>\n<div class=\"autor-articol\"><a href=\"https:\/\/ziaruldevrancea.ro\/autor\/petre-paraschiv\/\"><img decoding=\"async\" class=\"img-circle\" src=\"https:\/\/zdvi.cname.ro\/50_50\/articleAuthor\/petre-paraschiv\/articleAuthor\/uWVWYPk.jpg\" alt><\/a><\/p>\n<h5><a href=\"https:\/\/ziaruldevrancea.ro\/autor\/petre-paraschiv\/\">Petre Paraschiv<\/a><\/h5>\n<div class=\"grup-spatiere\"><span class=\"cu-spatiere\">21 iul 2026<\/span><span class=\"cu-spatiere\">693 vizualiz\u0103ri<\/span><\/div>\n<\/div>\n<\/div>\n<div class=\"poza-mare\">\n<div class=\"poza-mare galerie-detaliu\">\n<div id=\"carousel-poza-mare\" class=\"carousel slide carusel-poza\" data-ride=\"carousel\" data-interval=\"0\">\n<div class=\"carousel-inner\" role=\"listbox\">\n<div class=\"item imagine-carusel active\"><a href class=\"openGallery\"><img decoding=\"async\" class=\"img-responsive\" src=\"https:\/\/zdvi.cname.ro\/850_530\/foto-ministrul-dezvoltarii-a-verificat-in-vrancea-doua-investitii-pnrr-pentru-crese-moderne\/article\/mediaPool\/u832T2o.jpg\" alt><\/a><\/div>\n<div class=\"item imagine-carusel \"><a href class=\"openGallery\"><img decoding=\"async\" class=\"img-responsive\" src=\"https:\/\/zdvi.cname.ro\/850_530\/foto-ministrul-dezvoltarii-a-verificat-in-vrancea-doua-investitii-pnrr-pentru-crese-moderne\/article\/mediaPool\/ud3BTQO.jpg\" alt><\/a><\/div>\n<div class=\"item imagine-carusel \"><a href class=\"openGallery\"><img decoding=\"async\" class=\"img-responsive\" src=\"https:\/\/zdvi.cname.ro\/850_530\/foto-ministrul-dezvoltarii-a-verificat-in-vrancea-doua-investitii-pnrr-pentru-crese-moderne\/article\/mediaPool\/uaB1Q5E.jpg\" alt><\/a><\/div>\n<div class=\"item imagine-carusel \"><a href class=\"openGallery\"><img decoding=\"async\" class=\"img-responsive\" src=\"https:\/\/zdvi.cname.ro\/850_530\/foto-ministrul-dezvoltarii-a-verificat-in-vrancea-doua-investitii-pnrr-pentru-crese-moderne\/article\/mediaPool\/uRrIQkv.jpg\" alt><\/a><\/div>\n<div class=\"item imagine-carusel \"><a href class=\"openGallery\"><img decoding=\"async\" class=\"img-responsive\" src=\"https:\/\/zdvi.cname.ro\/850_530\/foto-ministrul-dezvoltarii-a-verificat-in-vrancea-doua-investitii-pnrr-pentru-crese-moderne\/article\/mediaPool\/u4TnSzl.jpg\" alt><\/a><\/div>\n<div class=\"item imagine-carusel \"><a href class=\"openGallery\"><img decoding=\"async\" class=\"img-responsive\" src=\"https:\/\/zdvi.cname.ro\/850_530\/foto-ministrul-dezvoltarii-a-verificat-in-vrancea-doua-investitii-pnrr-pentru-crese-moderne\/article\/mediaPool\/up71WOb.jpg\" alt><\/a><\/div>\n<div class=\"item imagine-carusel \"><a href class=\"openGallery\"><img decoding=\"async\" class=\"img-responsive\" src=\"https:\/\/zdvi.cname.ro\/850_530\/foto-ministrul-dezvoltarii-a-verificat-in-vrancea-doua-investitii-pnrr-pentru-crese-moderne\/article\/mediaPool\/uqaN331.jpg\" alt><\/a><\/div>\n<div class=\"item imagine-carusel \"><a href class=\"openGallery\"><img decoding=\"async\" class=\"img-responsive\" src=\"https:\/\/zdvi.cname.ro\/850_530\/foto-ministrul-dezvoltarii-a-verificat-in-vrancea-doua-investitii-pnrr-pentru-crese-moderne\/article\/mediaPool\/ut8VcjS.jpg\" alt><\/a><\/div>\n<div class=\"item imagine-carusel \"><a href class=\"openGallery\"><img decoding=\"async\" class=\"img-responsive\" src=\"https:\/\/zdvi.cname.ro\/850_530\/foto-ministrul-dezvoltarii-a-verificat-in-vrancea-doua-investitii-pnrr-pentru-crese-moderne\/article\/mediaPool\/u2ZfpyI.jpg\" alt><\/a><\/div>\n<div class=\"item imagine-carusel \"><a href class=\"openGallery\"><img decoding=\"async\" class=\"img-responsive\" src=\"https:\/\/zdvi.cname.ro\/850_530\/foto-ministrul-dezvoltarii-a-verificat-in-vrancea-doua-investitii-pnrr-pentru-crese-moderne\/article\/mediaPool\/utAhDNy.jpg\" alt><\/a><\/div>\n<\/div>\n<\/div>\n<div id=\"carousel-poze-mici\" class=\"carousel slide carusel-mici\" data-ride=\"carousel\" data-interval=\"0\">\n<div class=\"carousel-inner\" role=\"listbox\">\n<div class=\"item active\">\n<ul class=\"navigare-carusel-imagini\">\n<li data-target=\"#carousel-poza-mare\" data-slide-to=\"0\"><img decoding=\"async\" class=\"img-responsive\" src=\"https:\/\/zdvi.cname.ro\/_90\/foto-ministrul-dezvoltarii-a-verificat-in-vrancea-doua-investitii-pnrr-pentru-crese-moderne\/article\/mediaPool\/u832T2o.jpg\" alt><\/li>\n<li data-target=\"#carousel-poza-mare\" data-slide-to=\"1\"><img decoding=\"async\" class=\"img-responsive\" src=\"https:\/\/zdvi.cname.ro\/_90\/foto-ministrul-dezvoltarii-a-verificat-in-vrancea-doua-investitii-pnrr-pentru-crese-moderne\/article\/mediaPool\/ud3BTQO.jpg\" alt><\/li>\n<li data-target=\"#carousel-poza-mare\" data-slide-to=\"2\"><img decoding=\"async\" class=\"img-responsive\" src=\"https:\/\/zdvi.cname.ro\/_90\/foto-ministrul-dezvoltarii-a-verificat-in-vrancea-doua-investitii-pnrr-pentru-crese-moderne\/article\/mediaPool\/uaB1Q5E.jpg\" alt><\/li>\n<li data-target=\"#carousel-poza-mare\" data-slide-to=\"3\"><img decoding=\"async\" class=\"img-responsive\" src=\"https:\/\/zdvi.cname.ro\/_90\/foto-ministrul-dezvoltarii-a-verificat-in-vrancea-doua-investitii-pnrr-pentru-crese-moderne\/article\/mediaPool\/uRrIQkv.jpg\" alt><\/li>\n<li data-target=\"#carousel-poza-mare\" data-slide-to=\"4\"><img decoding=\"async\" class=\"img-responsive\" src=\"https:\/\/zdvi.cname.ro\/_90\/foto-ministrul-dezvoltarii-a-verificat-in-vrancea-doua-investitii-pnrr-pentru-crese-moderne\/article\/mediaPool\/u4TnSzl.jpg\" alt><\/li>\n<\/ul>\n<\/div>\n<div class=\"item \">\n<ul class=\"navigare-carusel-imagini\">\n<li data-target=\"#carousel-poza-mare\" data-slide-to=\"5\"><img decoding=\"async\" class=\"img-responsive\" src=\"https:\/\/zdvi.cname.ro\/_90\/foto-ministrul-dezvoltarii-a-verificat-in-vrancea-doua-investitii-pnrr-pentru-crese-moderne\/article\/mediaPool\/up71WOb.jpg\" alt><\/li>\n<li data-target=\"#carousel-poza-mare\" data-slide-to=\"6\"><img decoding=\"async\" class=\"img-responsive\" src=\"https:\/\/zdvi.cname.ro\/_90\/foto-ministrul-dezvoltarii-a-verificat-in-vrancea-doua-investitii-pnrr-pentru-crese-moderne\/article\/mediaPool\/uqaN331.jpg\" alt><\/li>\n<li data-target=\"#carousel-poza-mare\" data-slide-to=\"7\"><img decoding=\"async\" class=\"img-responsive\" src=\"https:\/\/zdvi.cname.ro\/_90\/foto-ministrul-dezvoltarii-a-verificat-in-vrancea-doua-investitii-pnrr-pentru-crese-moderne\/article\/mediaPool\/ut8VcjS.jpg\" alt><\/li>\n<li data-target=\"#carousel-poza-mare\" data-slide-to=\"8\"><img decoding=\"async\" class=\"img-responsive\" src=\"https:\/\/zdvi.cname.ro\/_90\/foto-ministrul-dezvoltarii-a-verificat-in-vrancea-doua-investitii-pnrr-pentru-crese-moderne\/article\/mediaPool\/u2ZfpyI.jpg\" alt><\/li>\n<li data-target=\"#carousel-poza-mare\" data-slide-to=\"9\"><img decoding=\"async\" class=\"img-responsive\" src=\"https:\/\/zdvi.cname.ro\/_90\/foto-ministrul-dezvoltarii-a-verificat-in-vrancea-doua-investitii-pnrr-pentru-crese-moderne\/article\/mediaPool\/utAhDNy.jpg\" alt><\/li>\n<\/ul>\n<\/div>\n<\/div>\n<p><a class=\"control left\" href=\"https:\/\/ziaruldevrancea.ro\/promo\/brand-voice\/foto-ministrul-dezvoltarii-a-verificat-in-vrancea-doua-investitii-pnrr-pentru-crese-moderne#carousel-poze-mici\" role=\"button\" data-slide=\"prev\"><span class=\"sr-only\">Previous<\/span><\/a><a class=\"control right\" href=\"https:\/\/ziaruldevrancea.ro\/promo\/brand-voice\/foto-ministrul-dezvoltarii-a-verificat-in-vrancea-doua-investitii-pnrr-pentru-crese-moderne#carousel-poze-mici\" role=\"button\" data-slide=\"next\"><span class=\"sr-only\">Next<\/span><\/a><\/div>\n<\/div>\n<\/div>\n<p><strong>Proiectele din Dumbr\u0103veni \u0219i Slobozia Bradului, analizate pe teren.<\/strong><\/p>\n<p><strong>Prefectul Liviu Macovei, pre\u0219edintele Consiliului Jude\u021bean Nicu\u0219or Halici, ministrul Cseke Attila \u0219i reprezentan\u021bi ai administra\u021biei locale au evaluat stadiul lucr\u0103rilor la dou\u0103 cre\u0219e finan\u021bate prin PNRR, investi\u021bii destinate extinderii serviciilor de educa\u021bie timpurie \u00een jude\u021bul Vrancea.<\/strong><\/p>\n<p><strong>Ministrul Dezvolt\u0103rii a inspectat \u00een Vrancea dou\u0103 proiecte de cre\u0219e finan\u021bate prin PNRR<\/strong><\/p>\n<p>Ministrul Dezvolt\u0103rii, Lucr\u0103rilor Publice \u0219i Administra\u021biei, <strong>Cseke Attila<\/strong>, a efectuat mar\u021bi, 21 iulie 2026, o vizit\u0103 de lucru \u00een jude\u021bul Vrancea, unde, \u00eempreun\u0103 cu prefectul <strong>Liviu Macovei \u0219i pre\u0219edintele Consiliului Jude\u021bean Nicu\u0219or Halici<\/strong>, a analizat stadiul implement\u0103rii a dou\u0103 investi\u021bii finan\u021bate prin Planul Na\u021bional de Redresare \u0219i Rezilien\u021b\u0103 (PNRR): construirea cre\u0219elor moderne din comunele <strong>Dumbr\u0103veni<\/strong> \u0219i <strong>Slobozia Bradului<\/strong>.<\/p>\n<p>Potrivit informa\u021biilor transmise de Institu\u021bia Prefectului \u2013 Jude\u021bul Vrancea, vizita a avut ca obiectiv evaluarea progresului lucr\u0103rilor, identificarea eventualelor provoc\u0103ri administrative \u0219i tehnice \u0219i discutarea m\u0103surilor necesare pentru respectarea termenelor asumate prin PNRR.<\/p>\n<p><strong>Cre\u0219a din Dumbr\u0103veni, analizat\u0103 \u00eenaintea punerii \u00een func\u021biune<\/strong><\/p>\n<p>La Dumbr\u0103veni, delega\u021bia a verificat stadiul execu\u021biei investi\u021biei \u0219i a discutat aspectele administrative \u0219i tehnice necesare pentru ca noua cre\u0219\u0103 s\u0103 poat\u0103 deveni opera\u021bional\u0103 \u00eentr-un termen c\u00e2t mai scurt.<\/p>\n<p>Conform Institu\u021biei Prefectului, investi\u021bia este destinat\u0103 dezvolt\u0103rii serviciilor de educa\u021bie timpurie din comun\u0103 \u0219i va oferi familiilor acces la condi\u021bii moderne pentru \u00eengrijirea \u0219i dezvoltarea copiilor, \u00een spa\u021bii proiectate conform standardelor actuale.<\/p>\n<p><strong>Slobozia Bradului: cre\u0219\u0103 cu 110 locuri, una dintre cele mai mari investi\u021bii de acest tip din zon\u0103<\/strong><\/p>\n<p>A doua oprire a avut loc la Slobozia Bradului, unde este construit\u0103 o cre\u0219\u0103 cu o capacitate de <strong>110 locuri<\/strong>, prezentat\u0103 de autorit\u0103\u021bi drept una dintre cele mai importante investi\u021bii \u00een infrastructura educa\u021bional\u0103 local\u0103.<\/p>\n<p>\u00cen cadrul vizitei au fost analizate evolu\u021bia lucr\u0103rilor \u0219i etapele r\u0103mase p\u00e2n\u0103 la finalizarea proiectului, fiind discutate solu\u021bii pentru accelerarea implement\u0103rii astfel \u00eenc\u00e2t obiectivul s\u0103 fie finalizat \u00een termenul prev\u0103zut prin programul de finan\u021bare.<\/p>\n<p>Reprezentan\u021bii administra\u021biei au subliniat, de asemenea, importan\u021ba colabor\u0103rii dintre autorit\u0103\u021bile centrale \u0219i cele locale pentru utilizarea eficient\u0103 a fondurilor europene \u0219i dep\u0103\u0219irea eventualelor dificult\u0103\u021bi administrative.<\/p>\n<p><strong>Prefectul Liviu Macovei: \u201eFiecare investi\u021bie finalizat\u0103 \u00eenseamn\u0103 un c\u00e2\u0219tig pentru comunit\u0103\u021bile vr\u00e2ncene\u201d<\/strong><\/p>\n<p>La finalul vizitei, prefectul jude\u021bului Vrancea, <strong>Liviu Macovei<\/strong>, a transmis c\u0103 Institu\u021bia Prefectului va continua s\u0103 sprijine autorit\u0103\u021bile locale \u00een implementarea proiectelor finan\u021bate din fonduri europene.<\/p>\n<blockquote>\n<p>\u201e<strong>Fiecare investi\u021bie finalizat\u0103 \u00eenseamn\u0103 un c\u00e2\u0219tig pentru comunit\u0103\u021bile vr\u00e2ncene. Cre\u0219ele de la Dumbr\u0103veni \u0219i Slobozia Bradului nu sunt doar cl\u0103diri noi, ci investi\u021bii \u00een copii, \u00een familiile tinere \u0219i \u00een viitorul jude\u021bului nostru. Institu\u021bia Prefectului va r\u0103m\u00e2ne un partener de \u00eencredere al autorit\u0103\u021bilor locale \u0219i al tuturor institu\u021biilor implicate, pentru ca aceste proiecte s\u0103 fie finalizate la timp \u0219i s\u0103 ofere comunit\u0103\u021bilor beneficiile pentru care au fost concepute\u201d,<\/strong> a declarat<strong> prefectul.<\/strong><\/p>\n<\/blockquote>\n<p>Institu\u021bia Prefectului precizeaz\u0103 c\u0103 va continua monitorizarea proiectelor strategice derulate \u00een jude\u021b \u0219i va sprijini administra\u021biile locale \u00een valorificarea oportunit\u0103\u021bilor de finan\u021bare \u0219i implementarea investi\u021biilor considerate importante pentru dezvoltarea comunit\u0103\u021bilor.<\/p>\n<p><strong>Deputatul Drago\u0219 Ciobotaru: investi\u021biile trebuie accelerate<\/strong><\/p>\n<p>\u00centr-o postare publicat\u0103 \u00een aceea\u0219i zi, deputatul de Vrancea \u0219i pre\u0219edintele PNL Vrancea, <strong>Drago\u0219 Ciobotaru<\/strong>, a transmis c\u0103 vizita ministrului Cseke Attila a reprezentat \u0219i un prilej pentru analiza programelor finan\u021bate de Ministerul Dezvolt\u0103rii din fonduri guvernamentale \u0219i europene.<\/p>\n<p>Acesta a precizat c\u0103 au fost discutate modalit\u0103\u021bile de accelerare a investi\u021biilor finan\u021bate prin PNRR, care trebuie finalizate p\u00e2n\u0103 la sf\u00e2r\u0219itul lunii august, \u0219i a subliniat importan\u021ba continu\u0103rii investi\u021biilor publice \u00een infrastructur\u0103 \u0219i servicii destinate comunit\u0103\u021bilor locale.<\/p>\n<p>Deputatul a ar\u0103tat, totodat\u0103, c\u0103 \u00eel consider\u0103 pe primarul comunei Slobozia Bradului, <strong>Merlin Ivancea<\/strong>, un edil performant, men\u021bion\u00e2nd c\u0103 administra\u021bia local\u0103 gestioneaz\u0103 investi\u021bii publice \u00een valoare de peste 100 de milioane de lei.<\/p>\n<p>Prin programul na\u021bional de construire a cre\u0219elor, autorit\u0103\u021bile urm\u0103resc extinderea re\u021belei de educa\u021bie timpurie \u0219i cre\u0219terea capacit\u0103\u021bii de \u00eengrijire a copiilor, \u00een condi\u021biile \u00een care cererea pentru astfel de servicii este \u00een cre\u0219tere \u00een numeroase comunit\u0103\u021bi din jude\u021bul Vrancea.<\/p>\n<p><strong>Petre Paraschiv\u00a0<\/strong><\/p>\n<hr>\n<div class=\"bloc-widget widget-rosu\">\n<p>\u00cen lipsa unui acord scris din partea Ziarului de Vrancea, pute\u0163i prelua maxim 500 de caractere din acest articol dac\u0103 preciza\u0163i sursa \u015fi insera\u0163i vizibil link-ul articolului:\u00a0<span>#insertcurrentlinkhere<\/span><\/p>\n<\/div>\n<div class=\"extra-articol listing-anunturi\">\n<h6>Anun\u021buri <span class=\"text-primary\">ZdV<\/span> Premium<\/h6>\n<div class=\"row\">\n<div class=\"col-lg-4 col-md-6 bloc-egal\"><a class=\"card-anunt\" href=\"https:\/\/ziaruldevrancea.ro\/anunturi\/imobiliare\/vanzari-case\/vand-casa-si-teren-in-panciu-anunt-72818\"><strong class=\"titlu\">V\u00e2nz\u0103ri case<\/strong><span class=\"text-anunt\">V\u00e2nd cas\u0103 cu 2 camere, buc\u0103t\u0103rie, baie,&#8230;<\/span><span class=\"data-anunt\">23.07.2026  <\/span><\/a><\/div>\n<div class=\"col-lg-4 col-md-6 bloc-egal\"><a class=\"card-anunt\" href=\"https:\/\/ziaruldevrancea.ro\/anunturi\/angajari\/cereri-angajari\/doresc-angajare-anunt-72815\"><strong class=\"titlu\">Cereri<\/strong><span class=\"text-anunt\">Doresc s\u0103 am grij\u0103 de un copil de&#8230;<\/span><span class=\"data-anunt\">21.07.2026  <\/span><\/a><\/div>\n<div class=\"col-lg-4 col-md-6 bloc-egal\"><a class=\"card-anunt\" href=\"https:\/\/ziaruldevrancea.ro\/anunturi\/inchirieri\/locuinte-oferte\/primesc-in-gazda-anunt-72816\"><strong class=\"titlu\">Locuin\u021be oferte<\/strong><span class=\"text-anunt\">\u00a0Primesc \u00een gazd\u0103 la cas\u0103.<\/p>\n<p>Tel&#8230;.<\/span><span class=\"data-anunt\">21.07.2026  <\/span><\/a><\/div>\n<\/div>\n<\/div>\n<div class=\"extra-articol alte-articole\">\n<div class=\"row\">\n<div class=\"col-lg-6 bloc-egal\">\n<div class=\"card articol-listing\">\n<h6>\u00cen categoria <a href=\"https:\/\/ziaruldevrancea.ro\/promo\/brand-voice\">Brand voice<\/a><\/h6>\n<div class=\"grup-articol-listing\">\n<div class=\"cont-pils\"><a href=\"https:\/\/ziaruldevrancea.ro\/promo\/brand-voice\/video-vrancea-doi-huhurezi-salvati-de-acdb-focsani-au-revenit-in-salbaticie-dupa-perioada-de-recuperare\"><img decoding=\"async\" src=\"https:\/\/zdvi.cname.ro\/180_135\/promo\/brand-voice\/video-vrancea-doi-huhurezi-salvati-de-acdb-focsani-au-revenit-in-salbaticie-dupa-perioada-de-recuperare\/mediaPool\/u9cWHQZ.jpg\" class=\"img-responsive img-180\" alt><\/a><\/div>\n<h2><a class=\"link-titlu\" href=\"https:\/\/ziaruldevrancea.ro\/promo\/brand-voice\/video-vrancea-doi-huhurezi-salvati-de-acdb-focsani-au-revenit-in-salbaticie-dupa-perioada-de-recuperare\">VIDEO | Vrancea: Doi huhurezi salva\u021bi de ACDB Foc\u0219ani au revenit \u00een s\u0103lb\u0103ticie dup\u0103 perioada de recuperare<\/a><\/h2>\n<div class=\"date-post\"><a href=\"https:\/\/ziaruldevrancea.ro\/autor\/petre-paraschiv\">Petre Paraschiv<\/a>, 25 iul 2026  <\/div>\n<\/div>\n<div class=\"grup-articol-listing\">\n<div class=\"cont-pils\"><a href=\"https:\/\/ziaruldevrancea.ro\/promo\/brand-voice\/producatorul-de-ambalaje-electric-srl-focsani-a-depasit-958-milioane-de-lei-cifra-de-afaceri-in-2025-si-a-ajuns-la-225-de-angajati\"><img decoding=\"async\" src=\"https:\/\/zdvi.cname.ro\/180_135\/promo\/brand-voice\/producatorul-de-ambalaje-electric-srl-focsani-a-depasit-958-milioane-de-lei-cifra-de-afaceri-in-2025-si-a-ajuns-la-225-de-angajati\/mediaPool\/usBFBUg.jpeg\" class=\"img-responsive img-180\" alt><\/a><\/div>\n<h2><a class=\"link-titlu\" href=\"https:\/\/ziaruldevrancea.ro\/promo\/brand-voice\/producatorul-de-ambalaje-electric-srl-focsani-a-depasit-958-milioane-de-lei-cifra-de-afaceri-in-2025-si-a-ajuns-la-225-de-angajati\">Produc\u0103torul de ambalaje Electric SRL Foc\u0219ani a dep\u0103\u0219it 95,8 milioane de lei cifr\u0103 de afaceri \u00een 2025 \u0219i a ajuns la 225 de angaja\u021bi<\/a><\/h2>\n<div class=\"date-post\"><a href=\"https:\/\/ziaruldevrancea.ro\/autor\/eduard-popescu\">Eduard Popescu<\/a>, 25 iul 2026  <\/div>\n<\/div>\n<div class=\"grup-articol-listing\">\n<div class=\"cont-pils\"><a href=\"https:\/\/ziaruldevrancea.ro\/promo\/brand-voice\/video--foto-eleva-bianca-serban-din-focsani-campioana-mondiala-la-wcopa-2026.-aur-pentru-vrancea-pe-scena-din-las-vegas\"><img decoding=\"async\" src=\"https:\/\/zdvi.cname.ro\/180_135\/promo\/brand-voice\/video--foto-eleva-bianca-serban-din-focsani-campioana-mondiala-la-wcopa-2026.-aur-pentru-vrancea-pe-scena-din-las-vegas\/mediaPool\/uqLAbe1.jpeg\" class=\"img-responsive img-180\" alt><\/a><\/div>\n<h2><a class=\"link-titlu\" href=\"https:\/\/ziaruldevrancea.ro\/promo\/brand-voice\/video--foto-eleva-bianca-serban-din-focsani-campioana-mondiala-la-wcopa-2026.-aur-pentru-vrancea-pe-scena-din-las-vegas\">VIDEO + Foto | Eleva Bianca \u0218erban din Foc\u0219ani, campioan\u0103 mondial\u0103 la WCOPA 2026. Aur pentru Vrancea pe scena din Las Vegas<\/a><\/h2>\n<div class=\"date-post\"><a href=\"https:\/\/ziaruldevrancea.ro\/autor\/anca-vasiliu\">Anca Vasiliu<\/a>, 25 iul 2026  <\/div>\n<\/div>\n<\/div>\n<\/div>\n<div class=\"col-lg-6 bloc-egal\">\n<div class=\"card articol-listing\">\n<h6>De acela\u0219i <a href=\"https:\/\/ziaruldevrancea.ro\/autor\/petre-paraschiv\/\">autor<\/a><\/h6>\n<div class=\"grup-articol-listing\">\n<div class=\"cont-pils\"><a href=\"https:\/\/ziaruldevrancea.ro\/actualitatea\/stiri-locale\/jandarmii-vranceni-mobilizati-in-weekend-la-marile-evenimente-din-judet\"><img decoding=\"async\" src=\"https:\/\/zdvi.cname.ro\/180_135\/actualitatea\/stiri-locale\/jandarmii-vranceni-mobilizati-in-weekend-la-marile-evenimente-din-judet\/mediaPool\/uhDt1KI.jpg\" class=\"img-responsive img-180\" alt><\/a><\/div>\n<h2><a class=\"link-titlu\" href=\"https:\/\/ziaruldevrancea.ro\/actualitatea\/stiri-locale\/jandarmii-vranceni-mobilizati-in-weekend-la-marile-evenimente-din-judet\">Jandarmii vr\u00e2nceni, mobiliza\u021bi \u00een weekend la marile evenimente din jude\u021b<\/a><\/h2>\n<div class=\"date-post\"><a href=\"https:\/\/ziaruldevrancea.ro\/autor\/petre-paraschiv\">Petre Paraschiv<\/a>, 24 iul 2026  <\/div>\n<\/div>\n<div class=\"grup-articol-listing\">\n<div class=\"cont-pils\"><a href=\"https:\/\/ziaruldevrancea.ro\/promo\/evenimente-speciale\/foto-cum-a-fost-sarbatorita-ziua-isu-vrancea-2026\"><img decoding=\"async\" src=\"https:\/\/zdvi.cname.ro\/180_135\/promo\/evenimente-speciale\/foto-cum-a-fost-sarbatorita-ziua-isu-vrancea-2026\/mediaPool\/uV9HJ7T.jpg\" class=\"img-responsive img-180\" alt><\/a><\/div>\n<h2><a class=\"link-titlu\" href=\"https:\/\/ziaruldevrancea.ro\/promo\/evenimente-speciale\/foto-cum-a-fost-sarbatorita-ziua-isu-vrancea-2026\">Foto | Cum a fost s\u0103rb\u0103torit\u0103 Ziua ISU Vrancea 2026<\/a><\/h2>\n<div class=\"date-post\"><a href=\"https:\/\/ziaruldevrancea.ro\/autor\/petre-paraschiv\">Petre Paraschiv<\/a>, 23 iul 2026  <\/div>\n<\/div>\n<div class=\"grup-articol-listing\">\n<div class=\"cont-pils\"><a href=\"https:\/\/ziaruldevrancea.ro\/actualitatea\/stiri-locale\/accident-pe-dn2d-in-vrancea-o-femeie-a-fost-ranita-dupa-ce-un-autoturism-a-lovit-un-cap-de-pod-la-valea-sarii\"><img decoding=\"async\" src=\"https:\/\/zdvi.cname.ro\/180_135\/actualitatea\/stiri-locale\/accident-pe-dn2d-in-vrancea-o-femeie-a-fost-ranita-dupa-ce-un-autoturism-a-lovit-un-cap-de-pod-la-valea-sarii\/mediaPool\/uJgMLAz.jpeg\" class=\"img-responsive img-180\" alt><\/a><\/div>\n<h2><a class=\"link-titlu\" href=\"https:\/\/ziaruldevrancea.ro\/actualitatea\/stiri-locale\/accident-pe-dn2d-in-vrancea-o-femeie-a-fost-ranita-dupa-ce-un-autoturism-a-lovit-un-cap-de-pod-la-valea-sarii\">Accident pe DN2D, \u00een Vrancea: o femeie a fost r\u0103nit\u0103 dup\u0103 ce un autoturism a lovit un cap de pod la Valea S\u0103rii<\/a><\/h2>\n<div class=\"date-post\"><a href=\"https:\/\/ziaruldevrancea.ro\/autor\/petre-paraschiv\">Petre Paraschiv<\/a>, 23 iul 2026  <\/div>\n<\/div>\n<\/div>\n<\/div>\n<\/div>\n<\/div>\n<div class=\"extra-articol listing-anunturi\">\n<h6>Anun\u021buri <span class=\"text-primary\">ZdV<\/span> Premium<\/h6>\n<div class=\"row\">\n<div class=\"col-lg-4 col-md-6 bloc-egal\"><a class=\"card-anunt\" href=\"https:\/\/ziaruldevrancea.ro\/anunturi\/inchirieri\/locuinte-oferte\/primesc-in-gazda-anunt-72817\"><strong class=\"titlu\">Locuin\u021be oferte<\/strong><span class=\"text-anunt\">Primesc \u00een gazd\u0103 la bloc o elev\u0103. <\/p>\n<p>Tel&#8230;.<\/span><span class=\"data-anunt\">21.07.2026  <\/span><\/a><\/div>\n<div class=\"col-lg-4 col-md-6 bloc-egal\"><a class=\"card-anunt\" href=\"https:\/\/ziaruldevrancea.ro\/anunturi\/altele\/matrimoniale\/Imi-caut-sufletul-pereche-anunt-72811\"><strong class=\"titlu\">Matrimoniale<\/strong><span class=\"text-anunt\">Domn serios caut doamn\u0103 serioas\u0103, v\u00e2rsta&#8230;<\/span><span class=\"data-anunt\">20.07.2026  <\/span><\/a><\/div>\n<div class=\"col-lg-4 col-md-6 bloc-egal\"><a class=\"card-anunt\" href=\"https:\/\/ziaruldevrancea.ro\/anunturi\/altele\/matrimoniale\/Imi-caut-sufletul-pereche-anunt-72809\"><strong class=\"titlu\">Matrimoniale<\/strong><span class=\"text-anunt\">Domn de la \u021bar\u0103, 55 de ani, cu locuin\u021b\u0103, teren&#8230;<\/span><span class=\"data-anunt\">16.07.2026  <\/span><\/a><\/div>\n<\/div>\n<\/div>\n<div class=\"bloc-widget widget-albastru\">\n    Ziarul de Vrancea \u00a0nu este responsabil juridic pentru con\u0163inutul textelor din comentariile de mai jos. Responsabilitatea pentru mesajele dumneavoastra v\u0103 revine \u00een exclusivitate.\n<\/div>\n<div class=\"comentarii-articol\" id=\"comentarii\">\n<h3>Comentarii: <span class=\"text-primary\">0<\/span><\/h3>\n<p><a href=\"https:\/\/ziaruldevrancea.ro\/promo\/brand-voice\/foto-ministrul-dezvoltarii-a-verificat-in-vrancea-doua-investitii-pnrr-pentru-crese-moderne\" class=\"btn btn-success btn-adauga-com\" data-toggle=\"modal\" data-parent=\"0\" data-target=\"#commentModal\">Adaug\u0103 comentariu<\/a><\/p>\n<div class=\"loadMask comments-mask\"><img decoding=\"async\" src=\"https:\/\/zdvs.cname.ro\/images\/loader_40.gif\"><\/div>\n<div class=\"comenteaza-jos\">Trebuie s\u0103 fii <a href=\"https:\/\/ziaruldevrancea.ro\/account\">autentificat<\/a> pentru a putea <a href=\"https:\/\/ziaruldevrancea.ro\/promo\/brand-voice\/foto-ministrul-dezvoltarii-a-verificat-in-vrancea-doua-investitii-pnrr-pentru-crese-moderne\" class data-toggle=\"modal\" data-parent=\"0\" data-target=\"#commentModal\">posta un comentariu<\/a>.<\/div>\n<\/div>\n<div class=\"modal fade\" id=\"commentModal\" role=\"dialog\" aria-labelledby=\"commentModalLabel\">\n<div class=\"modal-dialog modal-lg\" role=\"document\">\n<div class=\"modal-content\">\n<div class=\"modal-header\">\n<h3 class=\"modal-title\" id=\"commentModalLabel\">Comenteaz\u0103<\/h3>\n<\/div>\n<div class=\"modal-body\">\n<div class=\"tabel tabel-full\">\n<div class=\"celula\">\n              Trebuie s\u0103 fii <a href=\"https:\/\/ziaruldevrancea.ro\/account\">autentificat<\/a> pentru a putea posta un comentariu.\n            <\/div>\n<\/div>\n<\/div>\n<div class=\"modal-footer\">\n<div id=\"commentPending\" class=\"formPending pull-left\"><img decoding=\"async\" src=\"https:\/\/zdvs.cname.ro\/images\/loader_40.gif\"> In curs de procesare&#8230;<\/div>\n<p><a href=\"https:\/\/ziaruldevrancea.ro\/promo\/brand-voice\/foto-ministrul-dezvoltarii-a-verificat-in-vrancea-doua-investitii-pnrr-pentru-crese-moderne\" class=\"btn btn-default\" data-dismiss=\"modal\">Anuleaz\u0103<\/a><\/div>\n<\/div>\n<\/div>\n<\/div>\n<div class=\"modal fade\" id=\"commentReportModal\" role=\"dialog\" aria-labelledby=\"commentReportModalLabel\">\n<div class=\"modal-dialog modal-lg\" role=\"document\">\n<div class=\"modal-content\">\n<div class=\"modal-header\">\n<h3 class=\"modal-title\" id=\"commentReportModalLabel\">Raporteaza comentariu<\/h3>\n<\/div>\n<div class=\"modal-body\">\n<div class=\"tabel tabel-full\">\n<div class=\"celula\">\n              Trebuie s\u0103 fii <a href=\"https:\/\/ziaruldevrancea.ro\/account\">autentificat<\/a> pentru a putea raporta un comentariu.\n            <\/div>\n<\/div>\n<\/div>\n<div class=\"modal-footer\">\n<div id=\"commentReportPending\" class=\"formPending pull-left\"><img decoding=\"async\" src=\"https:\/\/zdvs.cname.ro\/images\/loader_40.gif\"> In curs de procesare&#8230;<\/div>\n<p><a href=\"https:\/\/ziaruldevrancea.ro\/promo\/brand-voice\/foto-ministrul-dezvoltarii-a-verificat-in-vrancea-doua-investitii-pnrr-pentru-crese-moderne\" class=\"btn btn-default\" data-dismiss=\"modal\">Anuleaz\u0103<\/a><\/div>\n<\/div>\n<\/div>\n<\/div>\n<div class=\"modal fade\" id=\"commentLikeModal\" role=\"dialog\" aria-labelledby=\"commentLikeModalLabel\">\n<div class=\"modal-dialog modal-lg\" role=\"document\">\n<div class=\"modal-content\">\n<div class=\"modal-header\">\n<h3 class=\"modal-title\" id=\"commentReportModalLabel\">Apreciaza comentariu<\/h3>\n<\/div>\n<div class=\"modal-body\">\n<div class=\"tabel tabel-full\">\n<div class=\"celula\">\n            Trebuie s\u0103 fii <a href=\"https:\/\/ziaruldevrancea.ro\/account\">autentificat<\/a> pentru a putea aprecia un comentariu.\n          <\/div>\n<\/div>\n<\/div>\n<div class=\"modal-footer\"><a href=\"https:\/\/ziaruldevrancea.ro\/promo\/brand-voice\/foto-ministrul-dezvoltarii-a-verificat-in-vrancea-doua-investitii-pnrr-pentru-crese-moderne\" class=\"btn btn-default\" data-dismiss=\"modal\">Anuleaz\u0103<\/a><\/div>\n<\/div>\n<\/div>\n<\/div>\n<div class=\"bloc-widget widget-rosu\"><span><small>Ziarul de Vrancea doreste ca acest site sa fie un spatiu al discutiilor civilizate, al comentariilor de bun simt. Din acest motiv, cei care posteaza comentarii la articole trebuie sa respecte urmatoarele reguli:<br \/>\n1. Sa se refere doar la articolul la care posteaza comentarii.<br \/>\n2. Sa foloseasca un limbaj civilizat, fara injurii, calomnii, comentarii antisemite, xenofobe sau rasiste.<br \/>\n3. Sunt interzise atacurile la adresa autorilor, daca acestea nu au legatura cu textul.<br \/>\n4. Username-ul sa nu fie nume de personalitati ale vietii publice sau parodieri ale acestora.<br \/>\nAutorul unui articol poate fi criticat pentru eventuale greseli, incoerenta, lipsa de documentare etc.<br \/>\nNerespectarea regulilor mentionate mai sus va duce la stergerea comentariilor, fara avertisment si fara explicatii.<br \/>\nAbaterile repetate vor avea drept consecinta interdictia accesului la aceasta facilitate a site-ului.<\/small><\/span><\/div>\n<\/div>\n<p>[analyse_source url=&#8221;https:\/\/ziaruldevrancea.ro\/promo\/brand-voice\/foto-ministrul-dezvoltarii-a-verificat-in-vrancea-doua-investitii-pnrr-pentru-crese-moderne&#8221;]<\/p>\n","protected":false},"excerpt":{"rendered":"<p>[analyse_image type=&#8221;featured&#8221; src=&#8221;https:\/\/zdvi.cname.ro\/_\/foto-ministrul-dezvoltarii-a-verificat-in-vrancea-doua-investitii-pnrr-pentru-crese-moderne\/mediaPool\/u832T2o.jpg&#8221;] Brand voice Foto | Ministrul Dezvolt\u0103rii a verificat \u00een Vrancea dou\u0103 investi\u021bii PNRR pentru cre\u0219e moderne Distribuie: \u00a0 | Petre Paraschiv 21 iul 2026693 vizualiz\u0103ri PreviousNext Proiectele din Dumbr\u0103veni \u0219i Slobozia Bradului, analizate pe teren. Prefectul Liviu Macovei, pre\u0219edintele Consiliului Jude\u021bean Nicu\u0219or Halici, ministrul Cseke Attila \u0219i reprezentan\u021bi ai administra\u021biei locale au [&hellip;]<\/p>\n","protected":false},"author":1,"featured_media":0,"comment_status":"open","ping_status":"","sticky":false,"template":"","format":"standard","meta":{"footnotes":""},"categories":[89],"tags":[226,208],"class_list":["post-2061272","post","type-post","status-publish","format-standard","hentry","category-romania","tag-crawlmanager","tag-ziaruldevrancea-ro"],"_links":{"self":[{"href":"https:\/\/analyse.optim.biz\/index.php?rest_route=\/wp\/v2\/posts\/2061272","targetHints":{"allow":["GET"]}}],"collection":[{"href":"https:\/\/analyse.optim.biz\/index.php?rest_route=\/wp\/v2\/posts"}],"about":[{"href":"https:\/\/analyse.optim.biz\/index.php?rest_route=\/wp\/v2\/types\/post"}],"author":[{"embeddable":true,"href":"https:\/\/analyse.optim.biz\/index.php?rest_route=\/wp\/v2\/users\/1"}],"replies":[{"embeddable":true,"href":"https:\/\/analyse.optim.biz\/index.php?rest_route=%2Fwp%2Fv2%2Fcomments&post=2061272"}],"version-history":[{"count":0,"href":"https:\/\/analyse.optim.biz\/index.php?rest_route=\/wp\/v2\/posts\/2061272\/revisions"}],"wp:attachment":[{"href":"https:\/\/analyse.optim.biz\/index.php?rest_route=%2Fwp%2Fv2%2Fmedia&parent=2061272"}],"wp:term":[{"taxonomy":"category","embeddable":true,"href":"https:\/\/analyse.optim.biz\/index.php?rest_route=%2Fwp%2Fv2%2Fcategories&post=2061272"},{"taxonomy":"post_tag","embeddable":true,"href":"https:\/\/analyse.optim.biz\/index.php?rest_route=%2Fwp%2Fv2%2Ftags&post=2061272"}],"curies":[{"name":"wp","href":"https:\/\/api.w.org\/{rel}","templated":true}]}}