{"id":2061268,"date":"2026-07-21T00:00:00","date_gmt":"2026-07-20T21:00:00","guid":{"rendered":"https:\/\/analyse.optim.biz\/?p=2061268"},"modified":"2026-07-21T00:00:00","modified_gmt":"2026-07-20T21:00:00","slug":"suzuki-ride-test-la-evyan-moto-hub-suceava-doua-zile-dedicate-motocicletelor-pasiunii-si-comunitatii-moto","status":"publish","type":"post","link":"https:\/\/analyse.optim.biz\/?p=2061268","title":{"rendered":"Suzuki Ride Test la EVYAN Moto Hub Suceava \u2013 dou\u0103 zile dedicate motocicletelor, pasiunii \u0219i comunit\u0103\u021bii moto"},"content":{"rendered":"<p>[analyse_image type=&#8221;featured&#8221; src=&#8221;https:\/\/zdvi.cname.ro\/_\/suzuki-ride-test-la-evyan-moto-hub-suceava&#8212;doua-zile-dedicate-motocicletelor-pasiunii-si-comunitatii-moto\/mediaPool\/ubKcVhw.jpg&#8221;]<\/p>\n<div class=\"main-content detaliu-articol\"><a class=\"titlu-cat-list\" href=\"https:\/\/ziaruldevrancea.ro\/promo\/brand-voice\">Brand voice<\/a><\/p>\n<h1>Suzuki Ride Test la EVYAN Moto Hub Suceava \u2013 dou\u0103 zile dedicate motocicletelor, pasiunii \u0219i comunit\u0103\u021bii moto<\/h1>\n<div class=\"date-articol clearfix\">\n<div class=\"distribuie-articol dropdown\">\n    Distribuie: \u00a0<br \/>\n    <em>|<\/em><\/div>\n<div class=\"autor-articol\"><a href=\"https:\/\/ziaruldevrancea.ro\/autor\/camelia-marin\/\"><img decoding=\"async\" class=\"img-circle\" src=\"https:\/\/zdvi.cname.ro\/50_50\/articleAuthor\/camelia-marin\/articleAuthor\/u9DOVkc.jpg\" alt><\/a><\/p>\n<h5><a href=\"https:\/\/ziaruldevrancea.ro\/autor\/camelia-marin\/\">Camelia Marin<\/a><\/h5>\n<div class=\"grup-spatiere\"><span class=\"cu-spatiere\">21 iul 2026<\/span><span class=\"cu-spatiere\">328 vizualiz\u0103ri<\/span><\/div>\n<\/div>\n<\/div>\n<div class=\"poza-mare\">\n<div class=\"poza-mare galerie-detaliu\">\n<div id=\"carousel-poza-mare\" class=\"carousel slide carusel-poza\" data-ride=\"carousel\" data-interval=\"0\">\n<div class=\"carousel-inner\" role=\"listbox\">\n<div class=\"item imagine-carusel active\"><a href class=\"openGallery\"><img decoding=\"async\" class=\"img-responsive\" src=\"https:\/\/zdvi.cname.ro\/850_530\/suzuki-ride-test-la-evyan-moto-hub-suceava---doua-zile-dedicate-motocicletelor-pasiunii-si-comunitatii-moto\/article\/mediaPool\/ubKcVhw.jpg\" alt><\/a><\/div>\n<div class=\"item imagine-carusel \"><a href class=\"openGallery\"><img decoding=\"async\" class=\"img-responsive\" src=\"https:\/\/zdvi.cname.ro\/850_530\/suzuki-ride-test-la-evyan-moto-hub-suceava---doua-zile-dedicate-motocicletelor-pasiunii-si-comunitatii-moto\/article\/mediaPool\/uoIHhcJ.png\" alt><\/a><\/div>\n<div class=\"item imagine-carusel \"><a href class=\"openGallery\"><img decoding=\"async\" class=\"img-responsive\" src=\"https:\/\/zdvi.cname.ro\/850_530\/suzuki-ride-test-la-evyan-moto-hub-suceava---doua-zile-dedicate-motocicletelor-pasiunii-si-comunitatii-moto\/article\/mediaPool\/uAWzwOj.png\" alt><\/a><\/div>\n<div class=\"item imagine-carusel \"><a href class=\"openGallery\"><img decoding=\"async\" class=\"img-responsive\" src=\"https:\/\/zdvi.cname.ro\/850_530\/suzuki-ride-test-la-evyan-moto-hub-suceava---doua-zile-dedicate-motocicletelor-pasiunii-si-comunitatii-moto\/article\/mediaPool\/uoe4MqU.jpg\" alt><\/a><\/div>\n<div class=\"item imagine-carusel \"><a href class=\"openGallery\"><img decoding=\"async\" class=\"img-responsive\" src=\"https:\/\/zdvi.cname.ro\/850_530\/suzuki-ride-test-la-evyan-moto-hub-suceava---doua-zile-dedicate-motocicletelor-pasiunii-si-comunitatii-moto\/article\/mediaPool\/u28S62u.jpg\" alt><\/a><\/div>\n<div class=\"item imagine-carusel \"><a href class=\"openGallery\"><img decoding=\"async\" class=\"img-responsive\" src=\"https:\/\/zdvi.cname.ro\/850_530\/suzuki-ride-test-la-evyan-moto-hub-suceava---doua-zile-dedicate-motocicletelor-pasiunii-si-comunitatii-moto\/article\/mediaPool\/uiJhtF5.png\" alt><\/a><\/div>\n<\/div>\n<\/div>\n<div id=\"carousel-poze-mici\" class=\"carousel slide carusel-mici\" data-ride=\"carousel\" data-interval=\"0\">\n<div class=\"carousel-inner\" role=\"listbox\">\n<div class=\"item active\">\n<ul class=\"navigare-carusel-imagini\">\n<li data-target=\"#carousel-poza-mare\" data-slide-to=\"0\"><img decoding=\"async\" class=\"img-responsive\" src=\"https:\/\/zdvi.cname.ro\/_90\/suzuki-ride-test-la-evyan-moto-hub-suceava---doua-zile-dedicate-motocicletelor-pasiunii-si-comunitatii-moto\/article\/mediaPool\/ubKcVhw.jpg\" alt><\/li>\n<li data-target=\"#carousel-poza-mare\" data-slide-to=\"1\"><img decoding=\"async\" class=\"img-responsive\" src=\"https:\/\/zdvi.cname.ro\/_90\/suzuki-ride-test-la-evyan-moto-hub-suceava---doua-zile-dedicate-motocicletelor-pasiunii-si-comunitatii-moto\/article\/mediaPool\/uoIHhcJ.png\" alt><\/li>\n<li data-target=\"#carousel-poza-mare\" data-slide-to=\"2\"><img decoding=\"async\" class=\"img-responsive\" src=\"https:\/\/zdvi.cname.ro\/_90\/suzuki-ride-test-la-evyan-moto-hub-suceava---doua-zile-dedicate-motocicletelor-pasiunii-si-comunitatii-moto\/article\/mediaPool\/uAWzwOj.png\" alt><\/li>\n<li data-target=\"#carousel-poza-mare\" data-slide-to=\"3\"><img decoding=\"async\" class=\"img-responsive\" src=\"https:\/\/zdvi.cname.ro\/_90\/suzuki-ride-test-la-evyan-moto-hub-suceava---doua-zile-dedicate-motocicletelor-pasiunii-si-comunitatii-moto\/article\/mediaPool\/uoe4MqU.jpg\" alt><\/li>\n<li data-target=\"#carousel-poza-mare\" data-slide-to=\"4\"><img decoding=\"async\" class=\"img-responsive\" src=\"https:\/\/zdvi.cname.ro\/_90\/suzuki-ride-test-la-evyan-moto-hub-suceava---doua-zile-dedicate-motocicletelor-pasiunii-si-comunitatii-moto\/article\/mediaPool\/u28S62u.jpg\" alt><\/li>\n<\/ul>\n<\/div>\n<div class=\"item \">\n<ul class=\"navigare-carusel-imagini\">\n<li data-target=\"#carousel-poza-mare\" data-slide-to=\"5\"><img decoding=\"async\" class=\"img-responsive\" src=\"https:\/\/zdvi.cname.ro\/_90\/suzuki-ride-test-la-evyan-moto-hub-suceava---doua-zile-dedicate-motocicletelor-pasiunii-si-comunitatii-moto\/article\/mediaPool\/uiJhtF5.png\" alt><\/li>\n<\/ul>\n<\/div>\n<\/div>\n<p><a class=\"control left\" href=\"https:\/\/ziaruldevrancea.ro\/promo\/brand-voice\/suzuki-ride-test-la-evyan-moto-hub-suceava---doua-zile-dedicate-motocicletelor-pasiunii-si-comunitatii-moto#carousel-poze-mici\" role=\"button\" data-slide=\"prev\"><span class=\"sr-only\">Previous<\/span><\/a><a class=\"control right\" href=\"https:\/\/ziaruldevrancea.ro\/promo\/brand-voice\/suzuki-ride-test-la-evyan-moto-hub-suceava---doua-zile-dedicate-motocicletelor-pasiunii-si-comunitatii-moto#carousel-poze-mici\" role=\"button\" data-slide=\"next\"><span class=\"sr-only\">Next<\/span><\/a><\/div>\n<\/div>\n<\/div>\n<p>Pe\u00a0<strong>24 \u0219i 25 iulie 2026<\/strong>, \u00eentre orele\u00a0<strong>09:00 \u2013 17:00<\/strong>, iubitorii motociclismului sunt invita\u021bi la\u00a0<strong>Suzuki Ride Test<\/strong>, eveniment organizat la\u00a0<strong>EVYAN Moto Hub Suceava<\/strong>, \u00een\u00a0<strong>strada Poligonului nr. 26 A, localitatea \u0218cheia, jude\u021bul Suceava<\/strong>.<\/p>\n<p>\u00a0<\/p>\n<p>Timp de dou\u0103 zile, pasiona\u021bii de dou\u0103 ro\u021bi vor avea ocazia s\u0103 descopere \u0219i s\u0103 testeze\u00a0<a href=\"http:\/\/suzuki%20ride%20test%20la%20evyan%20moto%20hub%20suceava%20%e2%80%93%20dou%c4%83%20zile%20dedicate%20motocicletelor,%20pasiunii%20%c8%99i%20comunit%c4%83%c8%9bii%20moto\" target=\"_blank\"><strong>gama complet\u0103 de motociclete Suzuki<\/strong><\/a>, \u00eentr-un eveniment dedicat experien\u021bei autentice de condus. De la modele versatile pentru utilizare zilnic\u0103, p\u00e2n\u0103 la motociclete dedicate aventurii, touringului \u0219i performan\u021bei sportive, participan\u021bii vor putea g\u0103si modelul Suzuki care li se potrive\u0219te.<\/p>\n<p>Atrac\u021bia principal\u0103 a evenimentului va fi, f\u0103r\u0103 \u00eendoial\u0103,\u00a0<a href=\"http:\/\/suzuki%20ride%20test%20la%20evyan%20moto%20hub%20suceava%20%e2%80%93%20dou%c4%83%20zile%20dedicate%20motocicletelor,%20pasiunii%20%c8%99i%20comunit%c4%83%c8%9bii%20moto\" target=\"_blank\"><strong>Suzuki Hayabusa<\/strong><\/a>\u00a0\u2013 legenda incontestabil\u0103 a m\u0103rcii japoneze, o motociclet\u0103 care a devenit un simbol mondial al performan\u021bei, tehnologiei \u0219i designului spectaculos.<\/p>\n<p>Suzuki Ride Test este mai mult dec\u00e2t o simpl\u0103 sesiune de testare. Evenimentul este conceput ca o experien\u021b\u0103 complet\u0103 pentru comunitatea moto, unde pasiunea pentru motociclete se \u00eent\u00e2lne\u0219te cu socializarea \u0219i buna dispozi\u021bie. Atmosfera va fi \u00eentre\u021binut\u0103 de muzica unui DJ, iar pe parcursul \u00eentregii zile participan\u021bii se vor putea bucura de un grill preg\u0103tit special pentru eveniment, b\u0103uturi \u0219i, mai ales, de energia unic\u0103 a comunit\u0103\u021bii motocicli\u0219tilor.<\/p>\n<p>Fie c\u0103 sunt deja proprietari de motociclete, fie c\u0103 se afl\u0103 la \u00eenceputul drumului \u00een lumea moto, vizitatorii sunt a\u0219tepta\u021bi s\u0103 descopere noile modele Suzuki, s\u0103 discute cu speciali\u0219ti, s\u0103 \u00eemp\u0103rt\u0103\u0219easc\u0103 experien\u021be \u0219i s\u0103 petreac\u0103 timp al\u0103turi de oameni uni\u021bi de aceea\u0219i pasiune.<\/p>\n<p>\u00censcrierile pentru participarea la Ride Test sunt disponibile pe\u00a0<a href=\"http:\/\/suzuki%20ride%20test%20la%20evyan%20moto%20hub%20suceava%20%e2%80%93%20dou%c4%83%20zile%20dedicate%20motocicletelor,%20pasiunii%20%c8%99i%20comunit%c4%83%c8%9bii%20moto\" target=\"_blank\"><strong>evyan.ro<\/strong><\/a>, \u00een sec\u021biunea dedicat\u0103 evenimentului, unde cei interesa\u021bi \u00ee\u0219i pot rezerva sesiunea de testare.<\/p>\n<p>EVYAN Moto Hub Suceava ofer\u0103 motocicli\u0219tilor un ecosistem complet de servicii \u0219i produse dedicate. Loca\u021bia dispune de\u00a0<a href=\"http:\/\/suzuki%20ride%20test%20la%20evyan%20moto%20hub%20suceava%20%e2%80%93%20dou%c4%83%20zile%20dedicate%20motocicletelor,%20pasiunii%20%c8%99i%20comunit%c4%83%c8%9bii%20moto\" target=\"_blank\"><strong>service moto autorizat RAR<\/strong>,<\/a> unde sunt realizate lucr\u0103ri de \u00eentre\u021binere, diagnoz\u0103 \u0219i repara\u021bii pentru motociclete, cu respectarea standardelor de calitate. \u00cen plus, service-ul ofer\u0103 \u0219i\u00a0<a href=\"http:\/\/suzuki%20ride%20test%20la%20evyan%20moto%20hub%20suceava%20%e2%80%93%20dou%c4%83%20zile%20dedicate%20motocicletelor,%20pasiunii%20%c8%99i%20comunit%c4%83%c8%9bii%20moto\" target=\"_blank\"><strong>repara\u021bii \u00een baza asigur\u0103rilor<\/strong><\/a>, asigur\u00e2nd sprijin complet pentru clien\u021bii care au nevoie de solu\u021bii profesioniste dup\u0103 producerea unor daune.<\/p>\n<p>\u00cen showroom-ul EVYAN Moto Hub, pasiona\u021bii de motociclism pot g\u0103si o gam\u0103 impresionant\u0103 de echipamente \u0219i accesorii moto de la branduri de top precum\u00a0<a href=\"http:\/\/suzuki%20ride%20test%20la%20evyan%20moto%20hub%20suceava%20%e2%80%93%20dou%c4%83%20zile%20dedicate%20motocicletelor,%20pasiunii%20%c8%99i%20comunit%c4%83%c8%9bii%20moto\" target=\"_blank\"><strong>Alpinestars, Macna, Scorpion, Barracuda \u0219i Schuberth<\/strong><\/a>. Oferta include echipamente pentru siguran\u021b\u0103, confort \u0219i performan\u021b\u0103, dedicate at\u00e2t motocicli\u0219tilor experimenta\u021bi, c\u00e2t \u0219i celor care fac primii pa\u0219i \u00een acest univers.<\/p>\n<p>Prin Suzuki Ride Test, EVYAN Moto Hub Suceava \u00ee\u0219i propune s\u0103 aduc\u0103 \u00eempreun\u0103 motociclete de referin\u021b\u0103, servicii profesionale \u0219i comunitatea moto \u00eentr-un eveniment care celebreaz\u0103 libertatea, aventura \u0219i bucuria de a conduce.<\/p>\n<p><a href=\"http:\/\/suzuki%20ride%20test%20la%20evyan%20moto%20hub%20suceava%20%e2%80%93%20dou%c4%83%20zile%20dedicate%20motocicletelor,%20pasiunii%20%c8%99i%20comunit%c4%83%c8%9bii%20moto\" target=\"_blank\"><strong>Suzuki Ride Test<\/strong><\/a><\/p>\n<p><strong>24 \u2013 25 iulie 2026<\/strong><\/p>\n<p>\u00a0<strong>09:00 \u2013 17:00<\/strong><\/p>\n<p>\u00a0<strong>EVYAN Moto Hub Suceava<\/strong><\/p>\n<p><strong>Strada Poligonului nr. 26 A, \u0218cheia, jude\u021bul Suceava<\/strong><\/p>\n<p>\u00censcrieri:\u00a0<a href=\"http:\/\/www.evyan.ro\/\"><strong>www.evyan.ro<\/strong><\/a><strong>\u00a0\u2013 sec\u021biunea Ride Test sau <\/strong><a href=\"https:\/\/evyan.ro\/test-ride-suzuki-2\/\"><strong>https:\/\/evyan.ro\/test-ride-suzuki-2\/<\/strong><\/a><\/p>\n<p>Linkuri<\/p>\n<p><a href=\"https:\/\/www.instagram.com\/evyanmotohub?igsh=MWJ3NzB2NHhlcDdocw==\"><strong>https:\/\/www.instagram.com\/evyanmotohub?igsh=MWJ3NzB2NHhlcDdocw==<\/strong><\/a><\/p>\n<p><a href=\"https:\/\/www.tiktok.com\/@evyan.moto.hub?_r=1&amp;_t=ZN-98BOJWgEaEo\"><strong>https:\/\/www.tiktok.com\/@evyan.moto.hub?_r=1&amp;_t=ZN-98BOJWgEaEo<\/strong><\/a><\/p>\n<p><a href=\"https:\/\/www.facebook.com\/share\/1B34R286AB\/?mibextid=wwXIfr\"><strong>https:\/\/www.facebook.com\/share\/1B34R286AB\/?mibextid=wwXIfr<\/strong><\/a><\/p>\n<p>\u00a0<\/p>\n<p>V\u0103 a\u0219tept\u0103m la dou\u0103 zile pline de motociclete, muzic\u0103, voie bun\u0103 \u0219i acel vibe special care face comunitatea moto at\u00e2t de frumoas\u0103.<\/p>\n<p>\u00a0<\/p>\n<p>\u00a0<\/p>\n<hr>\n<div class=\"bloc-widget widget-rosu\">\n<p>\u00cen lipsa unui acord scris din partea Ziarului de Vrancea, pute\u0163i prelua maxim 500 de caractere din acest articol dac\u0103 preciza\u0163i sursa \u015fi insera\u0163i vizibil link-ul articolului:\u00a0<span>#insertcurrentlinkhere<\/span><\/p>\n<\/div>\n<div class=\"extra-articol listing-anunturi\">\n<h6>Anun\u021buri <span class=\"text-primary\">ZdV<\/span> Premium<\/h6>\n<div class=\"row\">\n<div class=\"col-lg-4 col-md-6 bloc-egal\"><a class=\"card-anunt\" href=\"https:\/\/ziaruldevrancea.ro\/anunturi\/imobiliare\/vanzari-case\/vand-casa-si-teren-in-panciu-anunt-72818\"><strong class=\"titlu\">V\u00e2nz\u0103ri case<\/strong><span class=\"text-anunt\">V\u00e2nd cas\u0103 cu 2 camere, buc\u0103t\u0103rie, baie,&#8230;<\/span><span class=\"data-anunt\">23.07.2026  <\/span><\/a><\/div>\n<div class=\"col-lg-4 col-md-6 bloc-egal\"><a class=\"card-anunt\" href=\"https:\/\/ziaruldevrancea.ro\/anunturi\/angajari\/cereri-angajari\/doresc-angajare-anunt-72815\"><strong class=\"titlu\">Cereri<\/strong><span class=\"text-anunt\">Doresc s\u0103 am grij\u0103 de un copil de&#8230;<\/span><span class=\"data-anunt\">21.07.2026  <\/span><\/a><\/div>\n<div class=\"col-lg-4 col-md-6 bloc-egal\"><a class=\"card-anunt\" href=\"https:\/\/ziaruldevrancea.ro\/anunturi\/inchirieri\/locuinte-oferte\/primesc-in-gazda-anunt-72816\"><strong class=\"titlu\">Locuin\u021be oferte<\/strong><span class=\"text-anunt\">\u00a0Primesc \u00een gazd\u0103 la cas\u0103.<\/p>\n<p>Tel&#8230;.<\/span><span class=\"data-anunt\">21.07.2026  <\/span><\/a><\/div>\n<\/div>\n<\/div>\n<div class=\"extra-articol alte-articole\">\n<div class=\"row\">\n<div class=\"col-lg-6 bloc-egal\">\n<div class=\"card articol-listing\">\n<h6>\u00cen categoria <a href=\"https:\/\/ziaruldevrancea.ro\/promo\/brand-voice\">Brand voice<\/a><\/h6>\n<div class=\"grup-articol-listing\">\n<div class=\"cont-pils\"><a href=\"https:\/\/ziaruldevrancea.ro\/promo\/brand-voice\/video-vrancea-doi-huhurezi-salvati-de-acdb-focsani-au-revenit-in-salbaticie-dupa-perioada-de-recuperare\"><img decoding=\"async\" src=\"https:\/\/zdvi.cname.ro\/180_135\/promo\/brand-voice\/video-vrancea-doi-huhurezi-salvati-de-acdb-focsani-au-revenit-in-salbaticie-dupa-perioada-de-recuperare\/mediaPool\/u9cWHQZ.jpg\" class=\"img-responsive img-180\" alt><\/a><\/div>\n<h2><a class=\"link-titlu\" href=\"https:\/\/ziaruldevrancea.ro\/promo\/brand-voice\/video-vrancea-doi-huhurezi-salvati-de-acdb-focsani-au-revenit-in-salbaticie-dupa-perioada-de-recuperare\">VIDEO | Vrancea: Doi huhurezi salva\u021bi de ACDB Foc\u0219ani au revenit \u00een s\u0103lb\u0103ticie dup\u0103 perioada de recuperare<\/a><\/h2>\n<div class=\"date-post\"><a href=\"https:\/\/ziaruldevrancea.ro\/autor\/petre-paraschiv\">Petre Paraschiv<\/a>, 25 iul 2026  <\/div>\n<\/div>\n<div class=\"grup-articol-listing\">\n<div class=\"cont-pils\"><a href=\"https:\/\/ziaruldevrancea.ro\/promo\/brand-voice\/producatorul-de-ambalaje-electric-srl-focsani-a-depasit-958-milioane-de-lei-cifra-de-afaceri-in-2025-si-a-ajuns-la-225-de-angajati\"><img decoding=\"async\" src=\"https:\/\/zdvi.cname.ro\/180_135\/promo\/brand-voice\/producatorul-de-ambalaje-electric-srl-focsani-a-depasit-958-milioane-de-lei-cifra-de-afaceri-in-2025-si-a-ajuns-la-225-de-angajati\/mediaPool\/usBFBUg.jpeg\" class=\"img-responsive img-180\" alt><\/a><\/div>\n<h2><a class=\"link-titlu\" href=\"https:\/\/ziaruldevrancea.ro\/promo\/brand-voice\/producatorul-de-ambalaje-electric-srl-focsani-a-depasit-958-milioane-de-lei-cifra-de-afaceri-in-2025-si-a-ajuns-la-225-de-angajati\">Produc\u0103torul de ambalaje Electric SRL Foc\u0219ani a dep\u0103\u0219it 95,8 milioane de lei cifr\u0103 de afaceri \u00een 2025 \u0219i a ajuns la 225 de angaja\u021bi<\/a><\/h2>\n<div class=\"date-post\"><a href=\"https:\/\/ziaruldevrancea.ro\/autor\/eduard-popescu\">Eduard Popescu<\/a>, 25 iul 2026  <\/div>\n<\/div>\n<div class=\"grup-articol-listing\">\n<div class=\"cont-pils\"><a href=\"https:\/\/ziaruldevrancea.ro\/promo\/brand-voice\/video--foto-eleva-bianca-serban-din-focsani-campioana-mondiala-la-wcopa-2026.-aur-pentru-vrancea-pe-scena-din-las-vegas\"><img decoding=\"async\" src=\"https:\/\/zdvi.cname.ro\/180_135\/promo\/brand-voice\/video--foto-eleva-bianca-serban-din-focsani-campioana-mondiala-la-wcopa-2026.-aur-pentru-vrancea-pe-scena-din-las-vegas\/mediaPool\/uqLAbe1.jpeg\" class=\"img-responsive img-180\" alt><\/a><\/div>\n<h2><a class=\"link-titlu\" href=\"https:\/\/ziaruldevrancea.ro\/promo\/brand-voice\/video--foto-eleva-bianca-serban-din-focsani-campioana-mondiala-la-wcopa-2026.-aur-pentru-vrancea-pe-scena-din-las-vegas\">VIDEO + Foto | Eleva Bianca \u0218erban din Foc\u0219ani, campioan\u0103 mondial\u0103 la WCOPA 2026. Aur pentru Vrancea pe scena din Las Vegas<\/a><\/h2>\n<div class=\"date-post\"><a href=\"https:\/\/ziaruldevrancea.ro\/autor\/anca-vasiliu\">Anca Vasiliu<\/a>, 25 iul 2026  <\/div>\n<\/div>\n<\/div>\n<\/div>\n<div class=\"col-lg-6 bloc-egal\">\n<div class=\"card articol-listing\">\n<h6>De acela\u0219i <a href=\"https:\/\/ziaruldevrancea.ro\/autor\/camelia-marin\/\">autor<\/a><\/h6>\n<div class=\"grup-articol-listing\">\n<div class=\"cont-pils\"><a href=\"https:\/\/ziaruldevrancea.ro\/promo\/evenimente-speciale\/hram-la-spitalul-judetean-focsani-slujbe-religioase-si-300-de-pachete-pentru-pacienti-de-sfantul-pantelimon\"><img decoding=\"async\" src=\"https:\/\/zdvi.cname.ro\/180_135\/promo\/evenimente-speciale\/hram-la-spitalul-judetean-focsani-slujbe-religioase-si-300-de-pachete-pentru-pacienti-de-sfantul-pantelimon\/mediaPool\/ukoruCX.jpg\" class=\"img-responsive img-180\" alt><\/a><\/div>\n<h2><a class=\"link-titlu\" href=\"https:\/\/ziaruldevrancea.ro\/promo\/evenimente-speciale\/hram-la-spitalul-judetean-focsani-slujbe-religioase-si-300-de-pachete-pentru-pacienti-de-sfantul-pantelimon\">Hram la Spitalul Jude\u021bean Foc\u0219ani: slujbe religioase \u0219i 300 de pachete pentru pacien\u021bi, de Sf\u00e2ntul Pantelimon<\/a><\/h2>\n<div class=\"date-post\"><a href=\"https:\/\/ziaruldevrancea.ro\/autor\/camelia-marin\">Camelia Marin<\/a>, 24 iul 2026  <\/div>\n<\/div>\n<div class=\"grup-articol-listing\">\n<div class=\"cont-pils\"><a href=\"https:\/\/ziaruldevrancea.ro\/actualitatea\/stiri-locale\/locuri-de-munca-pe-alese-pentru-vranceni-147-in-judet-si-124-in-ue\"><img decoding=\"async\" src=\"https:\/\/zdvi.cname.ro\/180_135\/actualitatea\/stiri-locale\/locuri-de-munca-pe-alese-pentru-vranceni-147-in-judet-si-124-in-ue\/mediaPool\/u6Eupe7.jpg\" class=\"img-responsive img-180\" alt><\/a><\/div>\n<h2><a class=\"link-titlu\" href=\"https:\/\/ziaruldevrancea.ro\/actualitatea\/stiri-locale\/locuri-de-munca-pe-alese-pentru-vranceni-147-in-judet-si-124-in-ue\">Locuri de munc\u0103 pe alese pentru vr\u00e2nceni: 147 \u00een jude\u021b \u0219i 124 \u00een UE. Angajatorii caut\u0103 muncitori, v\u00e2nz\u0103tori, \u0219oferi \u0219i personal pentru HoReCa<\/a><\/h2>\n<div class=\"date-post\"><a href=\"https:\/\/ziaruldevrancea.ro\/autor\/camelia-marin\">Camelia Marin<\/a>, 24 iul 2026  <\/div>\n<\/div>\n<div class=\"grup-articol-listing\">\n<div class=\"cont-pils\"><a href=\"https:\/\/ziaruldevrancea.ro\/promo\/evenimente-speciale\/boovie-2026-festivalul-nascut-in-vrancea-care-reuneste-peste-5.700-de-participanti-incepe-astazi-la-bucuresti\"><img decoding=\"async\" src=\"https:\/\/zdvi.cname.ro\/180_135\/promo\/evenimente-speciale\/boovie-2026-festivalul-nascut-in-vrancea-care-reuneste-peste-5.700-de-participanti-incepe-astazi-la-bucuresti\/mediaPool\/uH922Bq.jpg\" class=\"img-responsive img-180\" alt><\/a><\/div>\n<h2><a class=\"link-titlu\" href=\"https:\/\/ziaruldevrancea.ro\/promo\/evenimente-speciale\/boovie-2026-festivalul-nascut-in-vrancea-care-reuneste-peste-5.700-de-participanti-incepe-astazi-la-bucuresti\">Boovie 2026, festivalul n\u0103scut \u00een Vrancea care reune\u0219te peste 5.700 de participan\u021bi \u00eencepe ast\u0103zi la Bucure\u0219ti<\/a><\/h2>\n<div class=\"date-post\"><a href=\"https:\/\/ziaruldevrancea.ro\/autor\/camelia-marin\">Camelia Marin<\/a>, 23 iul 2026  <\/div>\n<\/div>\n<\/div>\n<\/div>\n<\/div>\n<\/div>\n<div class=\"extra-articol listing-anunturi\">\n<h6>Anun\u021buri <span class=\"text-primary\">ZdV<\/span> Premium<\/h6>\n<div class=\"row\">\n<div class=\"col-lg-4 col-md-6 bloc-egal\"><a class=\"card-anunt\" href=\"https:\/\/ziaruldevrancea.ro\/anunturi\/inchirieri\/locuinte-oferte\/primesc-in-gazda-anunt-72817\"><strong class=\"titlu\">Locuin\u021be oferte<\/strong><span class=\"text-anunt\">Primesc \u00een gazd\u0103 la bloc o elev\u0103. <\/p>\n<p>Tel&#8230;.<\/span><span class=\"data-anunt\">21.07.2026  <\/span><\/a><\/div>\n<div class=\"col-lg-4 col-md-6 bloc-egal\"><a class=\"card-anunt\" href=\"https:\/\/ziaruldevrancea.ro\/anunturi\/altele\/matrimoniale\/Imi-caut-sufletul-pereche-anunt-72811\"><strong class=\"titlu\">Matrimoniale<\/strong><span class=\"text-anunt\">Domn serios caut doamn\u0103 serioas\u0103, v\u00e2rsta&#8230;<\/span><span class=\"data-anunt\">20.07.2026  <\/span><\/a><\/div>\n<div class=\"col-lg-4 col-md-6 bloc-egal\"><a class=\"card-anunt\" href=\"https:\/\/ziaruldevrancea.ro\/anunturi\/altele\/matrimoniale\/Imi-caut-sufletul-pereche-anunt-72809\"><strong class=\"titlu\">Matrimoniale<\/strong><span class=\"text-anunt\">Domn de la \u021bar\u0103, 55 de ani, cu locuin\u021b\u0103, teren&#8230;<\/span><span class=\"data-anunt\">16.07.2026  <\/span><\/a><\/div>\n<\/div>\n<\/div>\n<div class=\"bloc-widget widget-albastru\">\n    Ziarul de Vrancea \u00a0nu este responsabil juridic pentru con\u0163inutul textelor din comentariile de mai jos. Responsabilitatea pentru mesajele dumneavoastra v\u0103 revine \u00een exclusivitate.\n<\/div>\n<div class=\"comentarii-articol\" id=\"comentarii\">\n<h3>Comentarii: <span class=\"text-primary\">0<\/span><\/h3>\n<p><a href=\"https:\/\/ziaruldevrancea.ro\/promo\/brand-voice\/suzuki-ride-test-la-evyan-moto-hub-suceava---doua-zile-dedicate-motocicletelor-pasiunii-si-comunitatii-moto\" class=\"btn btn-success btn-adauga-com\" data-toggle=\"modal\" data-parent=\"0\" data-target=\"#commentModal\">Adaug\u0103 comentariu<\/a><\/p>\n<div class=\"loadMask comments-mask\"><img decoding=\"async\" src=\"https:\/\/zdvs.cname.ro\/images\/loader_40.gif\"><\/div>\n<div class=\"comenteaza-jos\">Trebuie s\u0103 fii <a href=\"https:\/\/ziaruldevrancea.ro\/account\">autentificat<\/a> pentru a putea <a href=\"https:\/\/ziaruldevrancea.ro\/promo\/brand-voice\/suzuki-ride-test-la-evyan-moto-hub-suceava---doua-zile-dedicate-motocicletelor-pasiunii-si-comunitatii-moto\" class data-toggle=\"modal\" data-parent=\"0\" data-target=\"#commentModal\">posta un comentariu<\/a>.<\/div>\n<\/div>\n<div class=\"modal fade\" id=\"commentModal\" role=\"dialog\" aria-labelledby=\"commentModalLabel\">\n<div class=\"modal-dialog modal-lg\" role=\"document\">\n<div class=\"modal-content\">\n<div class=\"modal-header\">\n<h3 class=\"modal-title\" id=\"commentModalLabel\">Comenteaz\u0103<\/h3>\n<\/div>\n<div class=\"modal-body\">\n<div class=\"tabel tabel-full\">\n<div class=\"celula\">\n              Trebuie s\u0103 fii <a href=\"https:\/\/ziaruldevrancea.ro\/account\">autentificat<\/a> pentru a putea posta un comentariu.\n            <\/div>\n<\/div>\n<\/div>\n<div class=\"modal-footer\">\n<div id=\"commentPending\" class=\"formPending pull-left\"><img decoding=\"async\" src=\"https:\/\/zdvs.cname.ro\/images\/loader_40.gif\"> In curs de procesare&#8230;<\/div>\n<p><a href=\"https:\/\/ziaruldevrancea.ro\/promo\/brand-voice\/suzuki-ride-test-la-evyan-moto-hub-suceava---doua-zile-dedicate-motocicletelor-pasiunii-si-comunitatii-moto\" class=\"btn btn-default\" data-dismiss=\"modal\">Anuleaz\u0103<\/a><\/div>\n<\/div>\n<\/div>\n<\/div>\n<div class=\"modal fade\" id=\"commentReportModal\" role=\"dialog\" aria-labelledby=\"commentReportModalLabel\">\n<div class=\"modal-dialog modal-lg\" role=\"document\">\n<div class=\"modal-content\">\n<div class=\"modal-header\">\n<h3 class=\"modal-title\" id=\"commentReportModalLabel\">Raporteaza comentariu<\/h3>\n<\/div>\n<div class=\"modal-body\">\n<div class=\"tabel tabel-full\">\n<div class=\"celula\">\n              Trebuie s\u0103 fii <a href=\"https:\/\/ziaruldevrancea.ro\/account\">autentificat<\/a> pentru a putea raporta un comentariu.\n            <\/div>\n<\/div>\n<\/div>\n<div class=\"modal-footer\">\n<div id=\"commentReportPending\" class=\"formPending pull-left\"><img decoding=\"async\" src=\"https:\/\/zdvs.cname.ro\/images\/loader_40.gif\"> In curs de procesare&#8230;<\/div>\n<p><a href=\"https:\/\/ziaruldevrancea.ro\/promo\/brand-voice\/suzuki-ride-test-la-evyan-moto-hub-suceava---doua-zile-dedicate-motocicletelor-pasiunii-si-comunitatii-moto\" class=\"btn btn-default\" data-dismiss=\"modal\">Anuleaz\u0103<\/a><\/div>\n<\/div>\n<\/div>\n<\/div>\n<div class=\"modal fade\" id=\"commentLikeModal\" role=\"dialog\" aria-labelledby=\"commentLikeModalLabel\">\n<div class=\"modal-dialog modal-lg\" role=\"document\">\n<div class=\"modal-content\">\n<div class=\"modal-header\">\n<h3 class=\"modal-title\" id=\"commentReportModalLabel\">Apreciaza comentariu<\/h3>\n<\/div>\n<div class=\"modal-body\">\n<div class=\"tabel tabel-full\">\n<div class=\"celula\">\n            Trebuie s\u0103 fii <a href=\"https:\/\/ziaruldevrancea.ro\/account\">autentificat<\/a> pentru a putea aprecia un comentariu.\n          <\/div>\n<\/div>\n<\/div>\n<div class=\"modal-footer\"><a href=\"https:\/\/ziaruldevrancea.ro\/promo\/brand-voice\/suzuki-ride-test-la-evyan-moto-hub-suceava---doua-zile-dedicate-motocicletelor-pasiunii-si-comunitatii-moto\" class=\"btn btn-default\" data-dismiss=\"modal\">Anuleaz\u0103<\/a><\/div>\n<\/div>\n<\/div>\n<\/div>\n<div class=\"bloc-widget widget-rosu\"><span><small>Ziarul de Vrancea doreste ca acest site sa fie un spatiu al discutiilor civilizate, al comentariilor de bun simt. Din acest motiv, cei care posteaza comentarii la articole trebuie sa respecte urmatoarele reguli:<br \/>\n1. Sa se refere doar la articolul la care posteaza comentarii.<br \/>\n2. Sa foloseasca un limbaj civilizat, fara injurii, calomnii, comentarii antisemite, xenofobe sau rasiste.<br \/>\n3. Sunt interzise atacurile la adresa autorilor, daca acestea nu au legatura cu textul.<br \/>\n4. Username-ul sa nu fie nume de personalitati ale vietii publice sau parodieri ale acestora.<br \/>\nAutorul unui articol poate fi criticat pentru eventuale greseli, incoerenta, lipsa de documentare etc.<br \/>\nNerespectarea regulilor mentionate mai sus va duce la stergerea comentariilor, fara avertisment si fara explicatii.<br \/>\nAbaterile repetate vor avea drept consecinta interdictia accesului la aceasta facilitate a site-ului.<\/small><\/span><\/div>\n<\/div>\n<p>[analyse_source url=&#8221;https:\/\/ziaruldevrancea.ro\/promo\/brand-voice\/suzuki-ride-test-la-evyan-moto-hub-suceava&#8212;doua-zile-dedicate-motocicletelor-pasiunii-si-comunitatii-moto&#8221;]<\/p>\n","protected":false},"excerpt":{"rendered":"<p>[analyse_image type=&#8221;featured&#8221; src=&#8221;https:\/\/zdvi.cname.ro\/_\/suzuki-ride-test-la-evyan-moto-hub-suceava&#8212;doua-zile-dedicate-motocicletelor-pasiunii-si-comunitatii-moto\/mediaPool\/ubKcVhw.jpg&#8221;] Brand voice Suzuki Ride Test la EVYAN Moto Hub Suceava \u2013 dou\u0103 zile dedicate motocicletelor, pasiunii \u0219i comunit\u0103\u021bii moto Distribuie: \u00a0 | Camelia Marin 21 iul 2026328 vizualiz\u0103ri PreviousNext Pe\u00a024 \u0219i 25 iulie 2026, \u00eentre orele\u00a009:00 \u2013 17:00, iubitorii motociclismului sunt invita\u021bi la\u00a0Suzuki Ride Test, eveniment organizat la\u00a0EVYAN Moto Hub Suceava, \u00een\u00a0strada [&hellip;]<\/p>\n","protected":false},"author":1,"featured_media":0,"comment_status":"open","ping_status":"","sticky":false,"template":"","format":"standard","meta":{"footnotes":""},"categories":[89],"tags":[226,208],"class_list":["post-2061268","post","type-post","status-publish","format-standard","hentry","category-romania","tag-crawlmanager","tag-ziaruldevrancea-ro"],"_links":{"self":[{"href":"https:\/\/analyse.optim.biz\/index.php?rest_route=\/wp\/v2\/posts\/2061268","targetHints":{"allow":["GET"]}}],"collection":[{"href":"https:\/\/analyse.optim.biz\/index.php?rest_route=\/wp\/v2\/posts"}],"about":[{"href":"https:\/\/analyse.optim.biz\/index.php?rest_route=\/wp\/v2\/types\/post"}],"author":[{"embeddable":true,"href":"https:\/\/analyse.optim.biz\/index.php?rest_route=\/wp\/v2\/users\/1"}],"replies":[{"embeddable":true,"href":"https:\/\/analyse.optim.biz\/index.php?rest_route=%2Fwp%2Fv2%2Fcomments&post=2061268"}],"version-history":[{"count":0,"href":"https:\/\/analyse.optim.biz\/index.php?rest_route=\/wp\/v2\/posts\/2061268\/revisions"}],"wp:attachment":[{"href":"https:\/\/analyse.optim.biz\/index.php?rest_route=%2Fwp%2Fv2%2Fmedia&parent=2061268"}],"wp:term":[{"taxonomy":"category","embeddable":true,"href":"https:\/\/analyse.optim.biz\/index.php?rest_route=%2Fwp%2Fv2%2Fcategories&post=2061268"},{"taxonomy":"post_tag","embeddable":true,"href":"https:\/\/analyse.optim.biz\/index.php?rest_route=%2Fwp%2Fv2%2Ftags&post=2061268"}],"curies":[{"name":"wp","href":"https:\/\/api.w.org\/{rel}","templated":true}]}}