{"id":2061266,"date":"2026-07-21T00:00:00","date_gmt":"2026-07-20T21:00:00","guid":{"rendered":"https:\/\/analyse.optim.biz\/?p=2061266"},"modified":"2026-07-21T00:00:00","modified_gmt":"2026-07-20T21:00:00","slug":"video-vrancea-in-saptamana-20-26-iulie-investitii-in-drumuri-energie-verde-apa-si-canalizare-educatie-si-cultura-in-agenda-cj","status":"publish","type":"post","link":"https:\/\/analyse.optim.biz\/?p=2061266","title":{"rendered":"VIDEO | Vrancea \u00een s\u0103pt\u0103m\u00e2na 20\u201326 iulie: investi\u021bii \u00een drumuri, energie verde, ap\u0103 \u0219i canalizare, educa\u021bie \u0219i cultur\u0103 \u00een agenda CJ"},"content":{"rendered":"<p>[analyse_image type=&#8221;featured&#8221; src=&#8221;https:\/\/zdvi.cname.ro\/_\/video-vrancea-in-saptamana-20-26-iulie-investitii-in-drumuri-energie-verde-apa-si-canalizare-educatie-si-cultura-in-agenda-cj\/mediaPool\/up7uSyE.jpg&#8221;]<\/p>\n<div class=\"main-content detaliu-articol\"><a class=\"titlu-cat-list\" href=\"https:\/\/ziaruldevrancea.ro\/promo\/brand-voice\">Brand voice<\/a><\/p>\n<h1>VIDEO | Vrancea \u00een s\u0103pt\u0103m\u00e2na 20\u201326 iulie: investi\u021bii \u00een drumuri, energie verde, ap\u0103 \u0219i canalizare, educa\u021bie \u0219i cultur\u0103 \u00een agenda CJ<\/h1>\n<div class=\"date-articol clearfix\">\n<div class=\"distribuie-articol dropdown\">\n    Distribuie: \u00a0<br \/>\n    <em>|<\/em><\/div>\n<div class=\"autor-articol\"><a href=\"https:\/\/ziaruldevrancea.ro\/autor\/mircea-pavel\/\"><img decoding=\"async\" class=\"img-circle\" src=\"https:\/\/zdvi.cname.ro\/50_50\/articleAuthor\/mircea-pavel\/articleAuthor\/uqcCx6q.jpg\" alt><\/a><\/p>\n<h5><a href=\"https:\/\/ziaruldevrancea.ro\/autor\/mircea-pavel\/\">Mircea Pavel<\/a><\/h5>\n<div class=\"grup-spatiere\"><span class=\"cu-spatiere\">21 iul 2026<\/span><span class=\"cu-spatiere\">821 vizualiz\u0103ri<\/span><\/div>\n<\/div>\n<\/div>\n<div class=\"poza-mare\"><a href class=\"openGallery\"><img decoding=\"async\" class=\"img-responsive\" src=\"https:\/\/zdvi.cname.ro\/850_530\/video-vrancea-in-saptamana-20-26-iulie-investitii-in-drumuri-energie-verde-apa-si-canalizare-educatie-si-cultura-in-agenda-cj\/article\/mediaPool\/up7uSyE.jpg\" alt><\/a><\/div>\n<p><strong>Modernizarea DJ 205L, proiectul parcului eolian de la Movili\u021ba, investi\u021biile \u00een re\u021belele de ap\u0103 \u0219i canalizare, programele educative pentru copii \u0219i Festivalul \u201ePe Plaiul Tojanului\u201d se num\u0103r\u0103 printre principalele ac\u021biuni anun\u021bate pentru aceast\u0103 s\u0103pt\u0103m\u00e2n\u0103 \u00een jude\u021bul Vrancea.<\/strong><\/p>\n<p><strong>Vrancea \u00een s\u0103pt\u0103m\u00e2na 20\u201326 iulie: investi\u021bii \u00een drumuri, energie verde, ap\u0103 \u0219i canalizare, educa\u021bie \u0219i cultur\u0103 \u00een agenda Consiliului Jude\u021bean<\/strong><\/p>\n<iframe loading=\"lazy\" frameborder height=\"560\" scrolling=\"no\" src=\"https:\/\/www.youtube.com\/embed\/wTbFewq8ZVk?si=KbUEin4tq9l0HyqN\" width=\"100%\"><\/iframe>\n<p>Consiliul Jude\u021bean Vrancea a prezentat luni, 20 iulie 2026, agenda principalelor proiecte \u0219i activit\u0103\u021bi programate \u00een perioada 20\u201326 iulie, acestea viz\u00e2nd infrastructura rutier\u0103, produc\u021bia de energie regenerabil\u0103, investi\u021biile \u00een utilit\u0103\u021bi publice, educa\u021bia, patrimoniul cultural \u0219i dezvoltarea turismului.<\/p>\n<p>Potrivit inform\u0103rii transmise de Biroul de Pres\u0103 al institu\u021biei, \u00een aceast\u0103 s\u0103pt\u0103m\u00e2n\u0103 continu\u0103 at\u00e2t implementarea unor investi\u021bii aflate deja \u00een execu\u021bie, c\u00e2t \u0219i preg\u0103tirea unor noi proiecte ce urmeaz\u0103 s\u0103 fie depuse spre finan\u021bare prin fonduri europene.<\/p>\n<p><strong>Modernizarea DJ 205L, proiect estimat la 76 de milioane de lei<\/strong><\/p>\n<p>Unul dintre cele mai importante proiecte anun\u021bate vizeaz\u0103 modernizarea drumului jude\u021bean <strong>DJ 205L Grumaz \u2013 Vr\u00e2ncioaia \u2013 Spine\u0219ti \u2013 P\u0103ule\u0219ti \u2013 Tulnici \u2013 DN2D<\/strong>.<\/p>\n<p>Pre\u0219edintele Consiliului Jude\u021bean Vrancea, Nicu\u0219or Halici, a semnat autoriza\u021bia de construire pentru investi\u021bia estimat\u0103 la aproximativ <strong>76 de milioane de lei<\/strong>, proiect care urmeaz\u0103 s\u0103 fie depus pentru finan\u021bare prin <strong>Programul Regional Sud-Est 2021\u20132027<\/strong>.<\/p>\n<p>Potrivit administra\u021biei jude\u021bene, obiectivele investi\u021biei sunt cre\u0219terea siguran\u021bei circula\u021biei \u0219i \u00eembun\u0103t\u0103\u021birea conectivit\u0103\u021bii comunit\u0103\u021bilor din zona montan\u0103 a jude\u021bului.<\/p>\n<p><strong>Lucr\u0103ri \u00een desf\u0103\u0219urare pe DJ 204E \u0219i DJ 204G<\/strong><\/p>\n<p>\u00cen paralel, continu\u0103 lucr\u0103rile \u0219i pe alte drumuri jude\u021bene.<\/p>\n<p>Pe <strong>DJ 204E<\/strong> se execut\u0103:<\/p>\n<ul>\n<li>amenajarea trotuarelor \u00een Doaga;<\/li>\n<li>realizarea rigolelor carosabile \u00een Str\u0103jescu;<\/li>\n<li>executarea \u0219an\u021burilor \u0219i acceselor c\u0103tre propriet\u0103\u021bi \u00een Mirce\u0219tii Vechi.<\/li>\n<\/ul>\n<p>Pe <strong>DJ 204G<\/strong>, constructorul desf\u0103\u0219oar\u0103:<\/p>\n<ul>\n<li>lucr\u0103ri de terasamente \u00een Bo\u021b\u00e2rl\u0103u;<\/li>\n<li>amenajarea spa\u021biilor verzi pe sectorul Suraia \u2013 Bo\u021b\u00e2rl\u0103u;<\/li>\n<li>preg\u0103tirea turn\u0103rii stratului de uzur\u0103 \u00een zona Suraia.<\/li>\n<\/ul>\n<p><strong>\u0218edin\u021b\u0103 extraordinar\u0103 a Consiliului Jude\u021bean<\/strong><\/p>\n<p>Mar\u021bi, 21 iulie, Consiliul Jude\u021bean Vrancea este convocat \u00een \u0219edin\u021b\u0103 extraordinar\u0103, desf\u0103\u0219urat\u0103 \u00een sistem online, \u00eencep\u00e2nd cu ora 9.00.<\/p>\n<p>Pe ordinea de zi sunt incluse proiecte de hot\u0103r\u00e2re privind investi\u021biile \u0219i dezvoltarea jude\u021bului.<\/p>\n<p><strong>Parc eolian la Movili\u021ba<\/strong><\/p>\n<p>\u00cen domeniul energiei regenerabile, Consiliul Jude\u021bean anun\u021b\u0103 semnarea autoriza\u021biei de construire pentru realizarea unui <strong>parc eolian \u00een comuna Movili\u021ba<\/strong>.<\/p>\n<p>Potrivit administra\u021biei jude\u021bene, investi\u021bia urm\u0103re\u0219te dezvoltarea produc\u021biei de energie verde \u0219i consolidarea independen\u021bei energetice la nivel regional.<\/p>\n<p><strong>Proiect pentru elevii pasiona\u021bi de robotic\u0103<\/strong><\/p>\n<p>\u00cen domeniul educa\u021biei a fost lansat proiectul <strong>\u201eC.Y.B.E.R. \u2013 Creative Youth for Engineering &amp; Robotics\u201d<\/strong>, implementat de Asocia\u021bia CyberLIS \u0219i finan\u021bat de Consiliul Jude\u021bean Vrancea \u00een baza Legii nr. 350\/2005.<\/p>\n<p>Programul le ofer\u0103 elevilor posibilitatea de a participa la:<\/p>\n<ul>\n<li>ateliere de robotic\u0103;<\/li>\n<li>activit\u0103\u021bi de mecanic\u0103;<\/li>\n<li>vizite de studiu \u00een universit\u0103\u021bi politehnice din Rom\u00e2nia.<\/li>\n<\/ul>\n<p><strong>Activit\u0103\u021bi pentru copii \u00een vacan\u021ba de var\u0103<\/strong><\/p>\n<p>Institu\u021biile de cultur\u0103 aflate \u00een subordinea Consiliului Jude\u021bean continu\u0103 programele dedicate vacan\u021bei de var\u0103.<\/p>\n<p>La <strong>Muzeul Vrancei<\/strong>, \u0218coala de Var\u0103 organizat\u0103 la Muzeul de Arheologie \u0219i Istorie Medieval\u0103 propune activit\u0103\u021bi dedicate jocurilor tradi\u021bionale.<\/p>\n<p>\u00cen acela\u0219i timp, <strong>Biblioteca Jude\u021bean\u0103 \u201eDuiliu Zamfirescu\u201d<\/strong> organizeaz\u0103 programul <strong>Bibliovacan\u021ba<\/strong>, care cuprinde:<\/p>\n<ul>\n<li>ateliere de lectur\u0103;<\/li>\n<li>pictur\u0103;<\/li>\n<li>limba englez\u0103;<\/li>\n<li>proiec\u021bii de filme;<\/li>\n<li>activit\u0103\u021bi introductive \u00een domeniul tehnologiei.<\/li>\n<\/ul>\n<p><strong>Lucr\u0103ri Salvamont \u00een zona montan\u0103<\/strong><\/p>\n<p>Serviciul Public Jude\u021bean Salvamont Vrancea continu\u0103 lucr\u0103rile de refacere, \u00eentre\u021binere \u0219i remarcare a traseelor turistice \u0219i a refugiilor montane, ac\u021biuni care urm\u0103resc cre\u0219terea gradului de siguran\u021b\u0103 pentru turi\u0219ti \u00een sezonul estival.<\/p>\n<p><strong>Comemorarea eroilor de la M\u0103r\u0103\u0219ti<\/strong><\/p>\n<p>Miercuri, <strong>22 iulie<\/strong>, vor avea loc manifest\u0103rile dedicate \u00eemplinirii a <strong>109 ani de la victoria din B\u0103t\u0103lia de la M\u0103r\u0103\u0219ti<\/strong>, evenimente organizate la Mausoleele Eroilor din <strong>M\u0103r\u0103\u0219ti<\/strong> \u0219i <strong>Soveja<\/strong>.<\/p>\n<p><strong>Continu\u0103 investi\u021biile \u00een ap\u0103 \u0219i canalizare<\/strong><\/p>\n<p>Agenda s\u0103pt\u0103m\u00e2nii include \u0219i continuarea investi\u021biilor \u00een infrastructura de ap\u0103 \u0219i canalizare derulate de Compania de Utilit\u0103\u021bi Publice.<\/p>\n<p>Sunt \u00een execu\u021bie lucr\u0103ri pentru extinderea \u0219i modernizarea sistemelor de alimentare cu ap\u0103 \u00een <strong>Odobe\u0219ti, Adjud, Panciu, M\u0103r\u0103\u0219e\u0219ti, Homocea, Guge\u0219ti, Bolote\u0219ti, T\u00e2mboe\u0219ti, Rugine\u0219ti, Dumbr\u0103veni, Jari\u0219tea \u0219i Str\u0103oane<\/strong>, precum \u0219i pentru realizarea sistemelor de ap\u0103 \u0219i canalizare \u00een <strong>Lep\u0219a<\/strong> \u0219i <strong>Gre\u0219u<\/strong>.<\/p>\n<p>De asemenea, continu\u0103 investi\u021biile la:<\/p>\n<ul>\n<li>sta\u021bia de epurare din Guge\u0219ti;<\/li>\n<li>sistemul de alimentare cu ap\u0103 din Sihlea;<\/li>\n<li>completarea sursei de ap\u0103 din Soveja.<\/li>\n<\/ul>\n<p><strong>Campanie de igienizare a pubelelor<\/strong><\/p>\n<p>P\u00e2n\u0103 la <strong>31 iulie<\/strong>, Polaris M Holding, \u00een parteneriat cu ADI \u201eVrancea Curat\u0103\u201d, continu\u0103 campania gratuit\u0103 de sp\u0103lare, igienizare \u0219i dezinfectare a pubelelor din municipiul <strong>Foc\u0219ani<\/strong> \u0219i ora\u0219ul <strong>Odobe\u0219ti<\/strong>.<\/p>\n<p><strong>Festivalul \u201ePe Plaiul Tojanului\u201d, la Paltin<\/strong><\/p>\n<p>S\u0103pt\u0103m\u00e2na se va \u00eencheia cu unul dintre cele mai cunoscute evenimente tradi\u021bionale din jude\u021b.<\/p>\n<p>Duminic\u0103, <strong>26 iulie<\/strong>, comuna <strong>Paltin<\/strong> va g\u0103zdui cea de-a <strong>57-a edi\u021bie a Festivalului Folcloric \u201ePe Plaiul Tojanului\u201d<\/strong>, eveniment care reune\u0219te ansambluri folclorice, me\u0219teri populari \u0219i produc\u0103tori locali \u0219i promoveaz\u0103 tradi\u021biile \u0219i patrimoniul cultural al zonei.<\/p>\n<p>Potrivit Consiliului Jude\u021bean Vrancea, aceste proiecte \u0219i evenimente fac parte din agenda institu\u021biei pentru perioada 20\u201326 iulie \u0219i acoper\u0103 domenii precum infrastructura, utilit\u0103\u021bile publice, energia regenerabil\u0103, educa\u021bia, cultura \u0219i turismul.<\/p>\n<p><strong>Mircea Pavel\u00a0<\/strong><\/p>\n<p><strong>Citi\u021bi \u00een continuare con\u021binutul integral al inform\u0103rii de pres\u0103 f\u0103cut\u0103 public luni 20 iulie 2026 ora 13:16 de Biroul de pres\u0103 al Consiliului Jude\u021bean Vrancea \u00een leg\u0103tur\u0103 cu acest articol<\/strong><\/p>\n<p><strong><img decoding=\"async\" alt src=\"https:\/\/zdvi.cname.ro\/_\/mediaPool-file\/mediaPool\/ucfLGo5.jpg\"><\/strong><\/p>\n<p><strong><img decoding=\"async\" alt src=\"https:\/\/zdvi.cname.ro\/_\/mediaPool-file\/mediaPool\/uKK36xo.jpg\"><\/strong><\/p>\n<p><strong><img decoding=\"async\" alt src=\"https:\/\/zdvi.cname.ro\/_\/mediaPool-file\/mediaPool\/uy4uBLS.jpg\">\u00a0<\/strong><\/p>\n<hr>\n<div class=\"bloc-widget widget-rosu\">\n<p>\u00cen lipsa unui acord scris din partea Ziarului de Vrancea, pute\u0163i prelua maxim 500 de caractere din acest articol dac\u0103 preciza\u0163i sursa \u015fi insera\u0163i vizibil link-ul articolului:\u00a0<span>#insertcurrentlinkhere<\/span><\/p>\n<\/div>\n<div class=\"extra-articol listing-anunturi\">\n<h6>Anun\u021buri <span class=\"text-primary\">ZdV<\/span> Premium<\/h6>\n<div class=\"row\">\n<div class=\"col-lg-4 col-md-6 bloc-egal\"><a class=\"card-anunt\" href=\"https:\/\/ziaruldevrancea.ro\/anunturi\/imobiliare\/vanzari-case\/vand-casa-si-teren-in-panciu-anunt-72818\"><strong class=\"titlu\">V\u00e2nz\u0103ri case<\/strong><span class=\"text-anunt\">V\u00e2nd cas\u0103 cu 2 camere, buc\u0103t\u0103rie, baie,&#8230;<\/span><span class=\"data-anunt\">23.07.2026  <\/span><\/a><\/div>\n<div class=\"col-lg-4 col-md-6 bloc-egal\"><a class=\"card-anunt\" href=\"https:\/\/ziaruldevrancea.ro\/anunturi\/angajari\/cereri-angajari\/doresc-angajare-anunt-72815\"><strong class=\"titlu\">Cereri<\/strong><span class=\"text-anunt\">Doresc s\u0103 am grij\u0103 de un copil de&#8230;<\/span><span class=\"data-anunt\">21.07.2026  <\/span><\/a><\/div>\n<div class=\"col-lg-4 col-md-6 bloc-egal\"><a class=\"card-anunt\" href=\"https:\/\/ziaruldevrancea.ro\/anunturi\/inchirieri\/locuinte-oferte\/primesc-in-gazda-anunt-72816\"><strong class=\"titlu\">Locuin\u021be oferte<\/strong><span class=\"text-anunt\">\u00a0Primesc \u00een gazd\u0103 la cas\u0103.<\/p>\n<p>Tel&#8230;.<\/span><span class=\"data-anunt\">21.07.2026  <\/span><\/a><\/div>\n<\/div>\n<\/div>\n<div class=\"extra-articol alte-articole\">\n<div class=\"row\">\n<div class=\"col-lg-6 bloc-egal\">\n<div class=\"card articol-listing\">\n<h6>\u00cen categoria <a href=\"https:\/\/ziaruldevrancea.ro\/promo\/brand-voice\">Brand voice<\/a><\/h6>\n<div class=\"grup-articol-listing\">\n<div class=\"cont-pils\"><a href=\"https:\/\/ziaruldevrancea.ro\/promo\/brand-voice\/video-vrancea-doi-huhurezi-salvati-de-acdb-focsani-au-revenit-in-salbaticie-dupa-perioada-de-recuperare\"><img decoding=\"async\" src=\"https:\/\/zdvi.cname.ro\/180_135\/promo\/brand-voice\/video-vrancea-doi-huhurezi-salvati-de-acdb-focsani-au-revenit-in-salbaticie-dupa-perioada-de-recuperare\/mediaPool\/u9cWHQZ.jpg\" class=\"img-responsive img-180\" alt><\/a><\/div>\n<h2><a class=\"link-titlu\" href=\"https:\/\/ziaruldevrancea.ro\/promo\/brand-voice\/video-vrancea-doi-huhurezi-salvati-de-acdb-focsani-au-revenit-in-salbaticie-dupa-perioada-de-recuperare\">VIDEO | Vrancea: Doi huhurezi salva\u021bi de ACDB Foc\u0219ani au revenit \u00een s\u0103lb\u0103ticie dup\u0103 perioada de recuperare<\/a><\/h2>\n<div class=\"date-post\"><a href=\"https:\/\/ziaruldevrancea.ro\/autor\/petre-paraschiv\">Petre Paraschiv<\/a>, 25 iul 2026  <\/div>\n<\/div>\n<div class=\"grup-articol-listing\">\n<div class=\"cont-pils\"><a href=\"https:\/\/ziaruldevrancea.ro\/promo\/brand-voice\/producatorul-de-ambalaje-electric-srl-focsani-a-depasit-958-milioane-de-lei-cifra-de-afaceri-in-2025-si-a-ajuns-la-225-de-angajati\"><img decoding=\"async\" src=\"https:\/\/zdvi.cname.ro\/180_135\/promo\/brand-voice\/producatorul-de-ambalaje-electric-srl-focsani-a-depasit-958-milioane-de-lei-cifra-de-afaceri-in-2025-si-a-ajuns-la-225-de-angajati\/mediaPool\/usBFBUg.jpeg\" class=\"img-responsive img-180\" alt><\/a><\/div>\n<h2><a class=\"link-titlu\" href=\"https:\/\/ziaruldevrancea.ro\/promo\/brand-voice\/producatorul-de-ambalaje-electric-srl-focsani-a-depasit-958-milioane-de-lei-cifra-de-afaceri-in-2025-si-a-ajuns-la-225-de-angajati\">Produc\u0103torul de ambalaje Electric SRL Foc\u0219ani a dep\u0103\u0219it 95,8 milioane de lei cifr\u0103 de afaceri \u00een 2025 \u0219i a ajuns la 225 de angaja\u021bi<\/a><\/h2>\n<div class=\"date-post\"><a href=\"https:\/\/ziaruldevrancea.ro\/autor\/eduard-popescu\">Eduard Popescu<\/a>, 25 iul 2026  <\/div>\n<\/div>\n<div class=\"grup-articol-listing\">\n<div class=\"cont-pils\"><a href=\"https:\/\/ziaruldevrancea.ro\/promo\/brand-voice\/video--foto-eleva-bianca-serban-din-focsani-campioana-mondiala-la-wcopa-2026.-aur-pentru-vrancea-pe-scena-din-las-vegas\"><img decoding=\"async\" src=\"https:\/\/zdvi.cname.ro\/180_135\/promo\/brand-voice\/video--foto-eleva-bianca-serban-din-focsani-campioana-mondiala-la-wcopa-2026.-aur-pentru-vrancea-pe-scena-din-las-vegas\/mediaPool\/uqLAbe1.jpeg\" class=\"img-responsive img-180\" alt><\/a><\/div>\n<h2><a class=\"link-titlu\" href=\"https:\/\/ziaruldevrancea.ro\/promo\/brand-voice\/video--foto-eleva-bianca-serban-din-focsani-campioana-mondiala-la-wcopa-2026.-aur-pentru-vrancea-pe-scena-din-las-vegas\">VIDEO + Foto | Eleva Bianca \u0218erban din Foc\u0219ani, campioan\u0103 mondial\u0103 la WCOPA 2026. Aur pentru Vrancea pe scena din Las Vegas<\/a><\/h2>\n<div class=\"date-post\"><a href=\"https:\/\/ziaruldevrancea.ro\/autor\/anca-vasiliu\">Anca Vasiliu<\/a>, 25 iul 2026  <\/div>\n<\/div>\n<\/div>\n<\/div>\n<div class=\"col-lg-6 bloc-egal\">\n<div class=\"card articol-listing\">\n<h6>De acela\u0219i <a href=\"https:\/\/ziaruldevrancea.ro\/autor\/mircea-pavel\/\">autor<\/a><\/h6>\n<div class=\"grup-articol-listing\">\n<div class=\"cont-pils\"><a href=\"https:\/\/ziaruldevrancea.ro\/special\/social\/spitalul-municipal-adjud-isi-consolideaza-echipa-medicala-un-nou-medic-specialist-obstetrica-ginecologie-incepe-activitatea\"><img decoding=\"async\" src=\"https:\/\/zdvi.cname.ro\/180_135\/special\/social\/spitalul-municipal-adjud-isi-consolideaza-echipa-medicala-un-nou-medic-specialist-obstetrica-ginecologie-incepe-activitatea\/mediaPool\/uTjUq5y.jpg\" class=\"img-responsive img-180\" alt><\/a><\/div>\n<h2><a class=\"link-titlu\" href=\"https:\/\/ziaruldevrancea.ro\/special\/social\/spitalul-municipal-adjud-isi-consolideaza-echipa-medicala-un-nou-medic-specialist-obstetrica-ginecologie-incepe-activitatea\">Spitalul Municipal Adjud \u00ee\u0219i consolideaz\u0103 echipa medical\u0103: un nou medic specialist Obstetric\u0103-Ginecologie \u00eencepe activitatea<\/a><\/h2>\n<div class=\"date-post\"><a href=\"https:\/\/ziaruldevrancea.ro\/autor\/mircea-pavel\">Mircea Pavel<\/a>, 25 iul 2026  <\/div>\n<\/div>\n<div class=\"grup-articol-listing\">\n<div class=\"cont-pils\"><a href=\"https:\/\/ziaruldevrancea.ro\/special\/social\/campanie-de-donare-de-sange-la-adjud-spitalul-municipal-ii-invita-pe-vranceni-sa-doneze-pe-29-iulie\"><img decoding=\"async\" src=\"https:\/\/zdvi.cname.ro\/180_135\/special\/social\/campanie-de-donare-de-sange-la-adjud-spitalul-municipal-ii-invita-pe-vranceni-sa-doneze-pe-29-iulie\/mediaPool\/uAX5gnH.jpg\" class=\"img-responsive img-180\" alt><\/a><\/div>\n<h2><a class=\"link-titlu\" href=\"https:\/\/ziaruldevrancea.ro\/special\/social\/campanie-de-donare-de-sange-la-adjud-spitalul-municipal-ii-invita-pe-vranceni-sa-doneze-pe-29-iulie\">Campanie de donare de s\u00e2nge la Adjud: Spitalul Municipal \u00eei invit\u0103 pe vr\u00e2nceni s\u0103 doneze pe 29 iulie<\/a><\/h2>\n<div class=\"date-post\"><a href=\"https:\/\/ziaruldevrancea.ro\/autor\/mircea-pavel\">Mircea Pavel<\/a>, 24 iul 2026  <\/div>\n<\/div>\n<div class=\"grup-articol-listing\">\n<div class=\"cont-pils\"><a href=\"https:\/\/ziaruldevrancea.ro\/promo\/brand-voice\/cartierul-livada-al-focsaniului-intra-in-etapa-realizarii-retelelor-de-apa-si-canalizare\"><img decoding=\"async\" src=\"https:\/\/zdvi.cname.ro\/180_135\/promo\/brand-voice\/cartierul-livada-al-focsaniului-intra-in-etapa-realizarii-retelelor-de-apa-si-canalizare\/mediaPool\/uT8EkEU.jpg\" class=\"img-responsive img-180\" alt><\/a><\/div>\n<h2><a class=\"link-titlu\" href=\"https:\/\/ziaruldevrancea.ro\/promo\/brand-voice\/cartierul-livada-al-focsaniului-intra-in-etapa-realizarii-retelelor-de-apa-si-canalizare\">Cartierul Livad\u0103 al Foc\u0219aniului intr\u0103 \u00een etapa realiz\u0103rii re\u021belelor de ap\u0103 \u0219i canalizare<\/a><\/h2>\n<div class=\"date-post\"><a href=\"https:\/\/ziaruldevrancea.ro\/autor\/mircea-pavel\">Mircea Pavel<\/a>, 23 iul 2026  <\/div>\n<\/div>\n<\/div>\n<\/div>\n<\/div>\n<\/div>\n<div class=\"extra-articol listing-anunturi\">\n<h6>Anun\u021buri <span class=\"text-primary\">ZdV<\/span> Premium<\/h6>\n<div class=\"row\">\n<div class=\"col-lg-4 col-md-6 bloc-egal\"><a class=\"card-anunt\" href=\"https:\/\/ziaruldevrancea.ro\/anunturi\/inchirieri\/locuinte-oferte\/primesc-in-gazda-anunt-72817\"><strong class=\"titlu\">Locuin\u021be oferte<\/strong><span class=\"text-anunt\">Primesc \u00een gazd\u0103 la bloc o elev\u0103. <\/p>\n<p>Tel&#8230;.<\/span><span class=\"data-anunt\">21.07.2026  <\/span><\/a><\/div>\n<div class=\"col-lg-4 col-md-6 bloc-egal\"><a class=\"card-anunt\" href=\"https:\/\/ziaruldevrancea.ro\/anunturi\/altele\/matrimoniale\/Imi-caut-sufletul-pereche-anunt-72811\"><strong class=\"titlu\">Matrimoniale<\/strong><span class=\"text-anunt\">Domn serios caut doamn\u0103 serioas\u0103, v\u00e2rsta&#8230;<\/span><span class=\"data-anunt\">20.07.2026  <\/span><\/a><\/div>\n<div class=\"col-lg-4 col-md-6 bloc-egal\"><a class=\"card-anunt\" href=\"https:\/\/ziaruldevrancea.ro\/anunturi\/altele\/matrimoniale\/Imi-caut-sufletul-pereche-anunt-72809\"><strong class=\"titlu\">Matrimoniale<\/strong><span class=\"text-anunt\">Domn de la \u021bar\u0103, 55 de ani, cu locuin\u021b\u0103, teren&#8230;<\/span><span class=\"data-anunt\">16.07.2026  <\/span><\/a><\/div>\n<\/div>\n<\/div>\n<div class=\"bloc-widget widget-albastru\">\n    Ziarul de Vrancea \u00a0nu este responsabil juridic pentru con\u0163inutul textelor din comentariile de mai jos. Responsabilitatea pentru mesajele dumneavoastra v\u0103 revine \u00een exclusivitate.\n<\/div>\n<div class=\"comentarii-articol\" id=\"comentarii\">\n<h3>Comentarii: <span class=\"text-primary\">0<\/span><\/h3>\n<p><a href=\"https:\/\/ziaruldevrancea.ro\/promo\/brand-voice\/video-vrancea-in-saptamana-20-26-iulie-investitii-in-drumuri-energie-verde-apa-si-canalizare-educatie-si-cultura-in-agenda-cj\" class=\"btn btn-success btn-adauga-com\" data-toggle=\"modal\" data-parent=\"0\" data-target=\"#commentModal\">Adaug\u0103 comentariu<\/a><\/p>\n<div class=\"loadMask comments-mask\"><img decoding=\"async\" src=\"https:\/\/zdvs.cname.ro\/images\/loader_40.gif\"><\/div>\n<div class=\"comenteaza-jos\">Trebuie s\u0103 fii <a href=\"https:\/\/ziaruldevrancea.ro\/account\">autentificat<\/a> pentru a putea <a href=\"https:\/\/ziaruldevrancea.ro\/promo\/brand-voice\/video-vrancea-in-saptamana-20-26-iulie-investitii-in-drumuri-energie-verde-apa-si-canalizare-educatie-si-cultura-in-agenda-cj\" class data-toggle=\"modal\" data-parent=\"0\" data-target=\"#commentModal\">posta un comentariu<\/a>.<\/div>\n<\/div>\n<div class=\"modal fade\" id=\"commentModal\" role=\"dialog\" aria-labelledby=\"commentModalLabel\">\n<div class=\"modal-dialog modal-lg\" role=\"document\">\n<div class=\"modal-content\">\n<div class=\"modal-header\">\n<h3 class=\"modal-title\" id=\"commentModalLabel\">Comenteaz\u0103<\/h3>\n<\/div>\n<div class=\"modal-body\">\n<div class=\"tabel tabel-full\">\n<div class=\"celula\">\n              Trebuie s\u0103 fii <a href=\"https:\/\/ziaruldevrancea.ro\/account\">autentificat<\/a> pentru a putea posta un comentariu.\n            <\/div>\n<\/div>\n<\/div>\n<div class=\"modal-footer\">\n<div id=\"commentPending\" class=\"formPending pull-left\"><img decoding=\"async\" src=\"https:\/\/zdvs.cname.ro\/images\/loader_40.gif\"> In curs de procesare&#8230;<\/div>\n<p><a href=\"https:\/\/ziaruldevrancea.ro\/promo\/brand-voice\/video-vrancea-in-saptamana-20-26-iulie-investitii-in-drumuri-energie-verde-apa-si-canalizare-educatie-si-cultura-in-agenda-cj\" class=\"btn btn-default\" data-dismiss=\"modal\">Anuleaz\u0103<\/a><\/div>\n<\/div>\n<\/div>\n<\/div>\n<div class=\"modal fade\" id=\"commentReportModal\" role=\"dialog\" aria-labelledby=\"commentReportModalLabel\">\n<div class=\"modal-dialog modal-lg\" role=\"document\">\n<div class=\"modal-content\">\n<div class=\"modal-header\">\n<h3 class=\"modal-title\" id=\"commentReportModalLabel\">Raporteaza comentariu<\/h3>\n<\/div>\n<div class=\"modal-body\">\n<div class=\"tabel tabel-full\">\n<div class=\"celula\">\n              Trebuie s\u0103 fii <a href=\"https:\/\/ziaruldevrancea.ro\/account\">autentificat<\/a> pentru a putea raporta un comentariu.\n            <\/div>\n<\/div>\n<\/div>\n<div class=\"modal-footer\">\n<div id=\"commentReportPending\" class=\"formPending pull-left\"><img decoding=\"async\" src=\"https:\/\/zdvs.cname.ro\/images\/loader_40.gif\"> In curs de procesare&#8230;<\/div>\n<p><a href=\"https:\/\/ziaruldevrancea.ro\/promo\/brand-voice\/video-vrancea-in-saptamana-20-26-iulie-investitii-in-drumuri-energie-verde-apa-si-canalizare-educatie-si-cultura-in-agenda-cj\" class=\"btn btn-default\" data-dismiss=\"modal\">Anuleaz\u0103<\/a><\/div>\n<\/div>\n<\/div>\n<\/div>\n<div class=\"modal fade\" id=\"commentLikeModal\" role=\"dialog\" aria-labelledby=\"commentLikeModalLabel\">\n<div class=\"modal-dialog modal-lg\" role=\"document\">\n<div class=\"modal-content\">\n<div class=\"modal-header\">\n<h3 class=\"modal-title\" id=\"commentReportModalLabel\">Apreciaza comentariu<\/h3>\n<\/div>\n<div class=\"modal-body\">\n<div class=\"tabel tabel-full\">\n<div class=\"celula\">\n            Trebuie s\u0103 fii <a href=\"https:\/\/ziaruldevrancea.ro\/account\">autentificat<\/a> pentru a putea aprecia un comentariu.\n          <\/div>\n<\/div>\n<\/div>\n<div class=\"modal-footer\"><a href=\"https:\/\/ziaruldevrancea.ro\/promo\/brand-voice\/video-vrancea-in-saptamana-20-26-iulie-investitii-in-drumuri-energie-verde-apa-si-canalizare-educatie-si-cultura-in-agenda-cj\" class=\"btn btn-default\" data-dismiss=\"modal\">Anuleaz\u0103<\/a><\/div>\n<\/div>\n<\/div>\n<\/div>\n<div class=\"bloc-widget widget-rosu\"><span><small>Ziarul de Vrancea doreste ca acest site sa fie un spatiu al discutiilor civilizate, al comentariilor de bun simt. Din acest motiv, cei care posteaza comentarii la articole trebuie sa respecte urmatoarele reguli:<br \/>\n1. Sa se refere doar la articolul la care posteaza comentarii.<br \/>\n2. Sa foloseasca un limbaj civilizat, fara injurii, calomnii, comentarii antisemite, xenofobe sau rasiste.<br \/>\n3. Sunt interzise atacurile la adresa autorilor, daca acestea nu au legatura cu textul.<br \/>\n4. Username-ul sa nu fie nume de personalitati ale vietii publice sau parodieri ale acestora.<br \/>\nAutorul unui articol poate fi criticat pentru eventuale greseli, incoerenta, lipsa de documentare etc.<br \/>\nNerespectarea regulilor mentionate mai sus va duce la stergerea comentariilor, fara avertisment si fara explicatii.<br \/>\nAbaterile repetate vor avea drept consecinta interdictia accesului la aceasta facilitate a site-ului.<\/small><\/span><\/div>\n<\/div>\n<p>[analyse_source url=&#8221;https:\/\/ziaruldevrancea.ro\/promo\/brand-voice\/video-vrancea-in-saptamana-20-26-iulie-investitii-in-drumuri-energie-verde-apa-si-canalizare-educatie-si-cultura-in-agenda-cj&#8221;]<\/p>\n","protected":false},"excerpt":{"rendered":"<p>[analyse_image type=&#8221;featured&#8221; src=&#8221;https:\/\/zdvi.cname.ro\/_\/video-vrancea-in-saptamana-20-26-iulie-investitii-in-drumuri-energie-verde-apa-si-canalizare-educatie-si-cultura-in-agenda-cj\/mediaPool\/up7uSyE.jpg&#8221;] Brand voice VIDEO | Vrancea \u00een s\u0103pt\u0103m\u00e2na 20\u201326 iulie: investi\u021bii \u00een drumuri, energie verde, ap\u0103 \u0219i canalizare, educa\u021bie \u0219i cultur\u0103 \u00een agenda CJ Distribuie: \u00a0 | Mircea Pavel 21 iul 2026821 vizualiz\u0103ri Modernizarea DJ 205L, proiectul parcului eolian de la Movili\u021ba, investi\u021biile \u00een re\u021belele de ap\u0103 \u0219i canalizare, programele educative pentru copii [&hellip;]<\/p>\n","protected":false},"author":1,"featured_media":0,"comment_status":"open","ping_status":"","sticky":false,"template":"","format":"standard","meta":{"footnotes":""},"categories":[89],"tags":[226,208],"class_list":["post-2061266","post","type-post","status-publish","format-standard","hentry","category-romania","tag-crawlmanager","tag-ziaruldevrancea-ro"],"_links":{"self":[{"href":"https:\/\/analyse.optim.biz\/index.php?rest_route=\/wp\/v2\/posts\/2061266","targetHints":{"allow":["GET"]}}],"collection":[{"href":"https:\/\/analyse.optim.biz\/index.php?rest_route=\/wp\/v2\/posts"}],"about":[{"href":"https:\/\/analyse.optim.biz\/index.php?rest_route=\/wp\/v2\/types\/post"}],"author":[{"embeddable":true,"href":"https:\/\/analyse.optim.biz\/index.php?rest_route=\/wp\/v2\/users\/1"}],"replies":[{"embeddable":true,"href":"https:\/\/analyse.optim.biz\/index.php?rest_route=%2Fwp%2Fv2%2Fcomments&post=2061266"}],"version-history":[{"count":0,"href":"https:\/\/analyse.optim.biz\/index.php?rest_route=\/wp\/v2\/posts\/2061266\/revisions"}],"wp:attachment":[{"href":"https:\/\/analyse.optim.biz\/index.php?rest_route=%2Fwp%2Fv2%2Fmedia&parent=2061266"}],"wp:term":[{"taxonomy":"category","embeddable":true,"href":"https:\/\/analyse.optim.biz\/index.php?rest_route=%2Fwp%2Fv2%2Fcategories&post=2061266"},{"taxonomy":"post_tag","embeddable":true,"href":"https:\/\/analyse.optim.biz\/index.php?rest_route=%2Fwp%2Fv2%2Ftags&post=2061266"}],"curies":[{"name":"wp","href":"https:\/\/api.w.org\/{rel}","templated":true}]}}