{"id":2061217,"date":"2026-07-24T00:00:00","date_gmt":"2026-07-23T21:00:00","guid":{"rendered":"https:\/\/analyse.optim.biz\/?p=2061217"},"modified":"2026-07-24T00:00:00","modified_gmt":"2026-07-23T21:00:00","slug":"ce-au-comandat-vrancenii-prin-platforma-wolt-pe-perioada-campionatului-mondial-de-fotbal-2026","status":"publish","type":"post","link":"https:\/\/analyse.optim.biz\/?p=2061217","title":{"rendered":"Ce au comandat vr\u00e2ncenii prin platforma Wolt pe perioada Campionatului Mondial de Fotbal 2026"},"content":{"rendered":"<p>[analyse_image type=&#8221;featured&#8221; src=&#8221;https:\/\/zdvi.cname.ro\/_\/ce-au-comandat-vrancenii-prin-platforma-wolt-pe-perioada-campionatului-mondial-de-fotbal-2026\/mediaPool\/uuSKvkc.jpg&#8221;]<\/p>\n<div class=\"main-content detaliu-articol\"><a class=\"titlu-cat-list\" href=\"https:\/\/ziaruldevrancea.ro\/promo\/brand-voice\">Brand voice<\/a><\/p>\n<h1>Ce au comandat vr\u00e2ncenii prin platforma Wolt pe perioada Campionatului Mondial de Fotbal 2026<\/h1>\n<div class=\"date-articol clearfix\">\n<div class=\"distribuie-articol dropdown\">\n    Distribuie: \u00a0<br \/>\n    <em>|<\/em><\/div>\n<div class=\"autor-articol\"><a href=\"https:\/\/ziaruldevrancea.ro\/autor\/paul-petrache\/\"><img decoding=\"async\" class=\"img-circle\" src=\"https:\/\/zdvi.cname.ro\/50_50\/articleAuthor\/paul-petrache\/articleAuthor\/uNItZQs.PNG\" alt><\/a><\/p>\n<h5><a href=\"https:\/\/ziaruldevrancea.ro\/autor\/paul-petrache\/\">Paul Petrache<\/a><\/h5>\n<div class=\"grup-spatiere\"><span class=\"cu-spatiere\">24 iul 2026<\/span><span class=\"cu-spatiere\">300 vizualiz\u0103ri<\/span><\/div>\n<\/div>\n<\/div>\n<div class=\"poza-mare\"><a href class=\"openGallery\"><img decoding=\"async\" class=\"img-responsive\" src=\"https:\/\/zdvi.cname.ro\/850_530\/ce-au-comandat-vrancenii-prin-platforma-wolt-pe-perioada-campionatului-mondial-de-fotbal-2026\/article\/mediaPool\/uuSKvkc.jpg\" alt=\"Foto:arhiva ZdV.Credit foto:presshub.ro\"><\/a><\/p>\n<div class=\"caption-poza\">Foto:arhiva ZdV.Credit foto:presshub.ro<\/div>\n<\/div>\n<p><strong>Vrancea intr\u0103 \u00een tendin\u021bele na\u021bionale: c\u0103p\u0219unile \u0219i b\u0103uturile carbogazoase, printre cele mai comandate produse \u00een serile de fotbal prin Wolt<\/strong><\/p>\n<p><strong>Foc\u0219aniul se num\u0103r\u0103 printre cele 34 de ora\u0219e \u00een care platforma Wolt este prezent\u0103, iar analiza companiei arat\u0103 c\u0103 \u00een timpul meciurilor interna\u021bionale rom\u00e2nii au comandat masiv fructe, b\u0103uturi \u0219i produse pentru mesele preg\u0103tite acas\u0103.<\/strong><\/p>\n<p><strong>Vr\u00e2ncenii, conecta\u021bi la tendin\u021bele de consum din timpul marilor meciuri. C\u0103p\u0219unile, b\u0103uturile carbogazoase \u0219i gust\u0103rile, \u00een topul comenzilor prin Wolt<\/strong><\/p>\n<p>Serile dedicate competi\u021biilor interna\u021bionale de fotbal au influen\u021bat semnificativ obiceiurile de consum ale rom\u00e2nilor, inclusiv \u00een ora\u0219ele \u00een care platforma Wolt este disponibil\u0103, printre acestea afl\u00e2ndu-se \u0219i municipiul Foc\u0219ani. O analiz\u0103 realizat\u0103 de companie arat\u0103 c\u0103, \u00een perioada desf\u0103\u0219ur\u0103rii meciurilor, comenzile de produse din supermarketuri au crescut spectaculos, iar cele mai c\u0103utate au fost fructele proaspete, b\u0103uturile r\u0103coritoare \u0219i gust\u0103rile.<\/p>\n<p>Datele analizate compar\u0103 comenzile plasate \u00een intervalul <strong>11\u201328 iunie 2026<\/strong>, c\u00e2nd s-au desf\u0103\u0219urat meciurile competi\u021biei interna\u021bionale de fotbal, cu perioada <strong>24 mai\u201310 iunie 2026<\/strong>, \u00eenaintea \u00eenceperii turneului.<\/p>\n<p>Potrivit analizei, <strong>c\u0103p\u0219unile<\/strong> au \u00eenregistrat cea mai mare cre\u0219tere, de peste <strong>1.100%<\/strong>, devenind produsul cu cea mai spectaculoas\u0103 evolu\u021bie \u00een comenzile din retail.<\/p>\n<p>Pe urm\u0103toarele locuri s-au situat:<\/p>\n<ul>\n<li>b\u0103uturile carbogazoase la pachet (dou\u0103 sticle de c\u00e2te doi litri), cu o cre\u0219tere de peste <strong>800%<\/strong>;<\/li>\n<li>biscui\u021bii cu crem\u0103 de cacao, peste <strong>650%<\/strong>;<\/li>\n<li>bananele, peste <strong>500%<\/strong>;<\/li>\n<li>pepenele verde, peste <strong>500%<\/strong>;<\/li>\n<li>br\u00e2nza cottage, peste <strong>500%<\/strong>;<\/li>\n<li>apa plat\u0103 la recipient de cinci litri, aproape <strong>490%<\/strong>;<\/li>\n<li>cartofii congela\u021bi, peste <strong>480%<\/strong>;<\/li>\n<li>ro\u0219iile rom\u00e2ne\u0219ti, aproape <strong>480%<\/strong>;<\/li>\n<li>p\u00e2inea alb\u0103 feliat\u0103, peste <strong>435%<\/strong>.<\/li>\n<\/ul>\n<p>Analiza eviden\u021biaz\u0103 faptul c\u0103 utilizatorii nu au comandat doar gust\u0103ri pentru timpul meciurilor, ci \u0219i produse necesare preg\u0103tirii meselor acas\u0103. Prezen\u021ba fructelor proaspete \u00een topul preferin\u021belor sugereaz\u0103, de asemenea, o orientare c\u0103tre alternative mai echilibrate din punct de vedere alimentar, al\u0103turi de produsele clasice consumate \u00een timpul transmisiunilor sportive.<\/p>\n<p><strong>Mai multe comenzi de grup \u00een timpul competi\u021biei<\/strong><\/p>\n<p>Perioada meciurilor a adus \u0219i o cre\u0219tere de aproape <strong>10%<\/strong> a comenzilor de grup la nivel na\u021bional. Func\u021bionalitatea permite mai multor persoane s\u0103 adauge produse \u00eentr-o singur\u0103 comand\u0103, fiecare aleg\u00e2ndu-\u0219i propriile preparate sau produse.<\/p>\n<p>Reprezentan\u021bii companiei spun c\u0103 serile dedicate fotbalului au devenit momente \u00een care comenzile online completeaz\u0103 experien\u021ba vizion\u0103rii meciurilor \u00eempreun\u0103 cu familia sau prietenii.<\/p>\n<p>\u201eMarile seri de fotbal sunt momente \u00een care oamenii se adun\u0103, iar comanda devine parte din experien\u021ba de a urm\u0103ri meciul \u00eempreun\u0103. Datele arat\u0103 c\u0103 rom\u00e2nii au ales at\u00e2t preparate familiare, precum burgerii \u0219i cartofii pr\u0103ji\u021bi, c\u00e2t \u0219i op\u021biuni precum sushi. Vedem, \u00een acela\u0219i timp, c\u0103 Wolt este folosit nu doar pentru m\u00e2ncare, ci \u0219i pentru produsele de care utilizatorii au nevoie pe moment, de la electronice p\u00e2n\u0103 la articole pentru animalele de companie\u201d, a declarat Alexandru \u0218tefan, Head of Account Management \u0219i Country Lead Wolt Rom\u00e2nia.<\/p>\n<p><strong>Foc\u0219ani, printre ora\u0219ele \u00een care serviciul este disponibil<\/strong><\/p>\n<p>Pentru cititorii din Vrancea, informa\u021bia are \u0219i o component\u0103 local\u0103. Din luna mai 2025, <strong>Foc\u0219ani<\/strong> face parte dintre cele <strong>34 de ora\u0219e din Rom\u00e2nia<\/strong> \u00een care platforma Wolt este disponibil\u0103, al\u0103turi de Bucure\u0219ti, Cluj-Napoca, Ia\u0219i, Bra\u0219ov, Gala\u021bi, Bac\u0103u, Constan\u021ba \u0219i alte centre urbane.<\/p>\n<p>Prezen\u021ba serviciului \u00een municipiul Foc\u0219ani ofer\u0103 utilizatorilor posibilitatea de a comanda at\u00e2t preparate de la restaurante, c\u00e2t \u0219i produse din supermarketuri sau din alte categorii de magazine, tendin\u021bele na\u021bionale reflect\u00e2nd astfel \u0219i modul \u00een care se schimb\u0103 obiceiurile de consum \u00een ora\u0219ele de dimensiuni medii.<\/p>\n<p>Analiza Wolt indic\u0103 faptul c\u0103 platformele de comer\u021b local sunt folosite din ce \u00een ce mai des nu doar pentru livrarea m\u00e2nc\u0103rii, ci \u0219i pentru cump\u0103r\u0103turi rapide, \u00een func\u021bie de nevoile de moment, inclusiv \u00een perioadele \u00een care evenimentele sportive adun\u0103 oamenii \u00een fa\u021ba televizoarelor.<\/p>\n<p><strong>Paul Petrache\u00a0<\/strong><\/p>\n<hr>\n<div class=\"bloc-widget widget-rosu\">\n<p>\u00cen lipsa unui acord scris din partea Ziarului de Vrancea, pute\u0163i prelua maxim 500 de caractere din acest articol dac\u0103 preciza\u0163i sursa \u015fi insera\u0163i vizibil link-ul articolului:\u00a0<span>#insertcurrentlinkhere<\/span><\/p>\n<\/div>\n<div class=\"extra-articol listing-anunturi\">\n<h6>Anun\u021buri <span class=\"text-primary\">ZdV<\/span> Premium<\/h6>\n<div class=\"row\">\n<div class=\"col-lg-4 col-md-6 bloc-egal\"><a class=\"card-anunt\" href=\"https:\/\/ziaruldevrancea.ro\/anunturi\/imobiliare\/vanzari-case\/vand-casa-si-teren-in-panciu-anunt-72818\"><strong class=\"titlu\">V\u00e2nz\u0103ri case<\/strong><span class=\"text-anunt\">V\u00e2nd cas\u0103 cu 2 camere, buc\u0103t\u0103rie, baie,&#8230;<\/span><span class=\"data-anunt\">23.07.2026  <\/span><\/a><\/div>\n<div class=\"col-lg-4 col-md-6 bloc-egal\"><a class=\"card-anunt\" href=\"https:\/\/ziaruldevrancea.ro\/anunturi\/angajari\/cereri-angajari\/doresc-angajare-anunt-72815\"><strong class=\"titlu\">Cereri<\/strong><span class=\"text-anunt\">Doresc s\u0103 am grij\u0103 de un copil de&#8230;<\/span><span class=\"data-anunt\">21.07.2026  <\/span><\/a><\/div>\n<div class=\"col-lg-4 col-md-6 bloc-egal\"><a class=\"card-anunt\" href=\"https:\/\/ziaruldevrancea.ro\/anunturi\/inchirieri\/locuinte-oferte\/primesc-in-gazda-anunt-72816\"><strong class=\"titlu\">Locuin\u021be oferte<\/strong><span class=\"text-anunt\">\u00a0Primesc \u00een gazd\u0103 la cas\u0103.<\/p>\n<p>Tel&#8230;.<\/span><span class=\"data-anunt\">21.07.2026  <\/span><\/a><\/div>\n<\/div>\n<\/div>\n<div class=\"extra-articol alte-articole\">\n<div class=\"row\">\n<div class=\"col-lg-6 bloc-egal\">\n<div class=\"card articol-listing\">\n<h6>\u00cen categoria <a href=\"https:\/\/ziaruldevrancea.ro\/promo\/brand-voice\">Brand voice<\/a><\/h6>\n<div class=\"grup-articol-listing\">\n<div class=\"cont-pils\"><a href=\"https:\/\/ziaruldevrancea.ro\/promo\/brand-voice\/video-vrancea-doi-huhurezi-salvati-de-acdb-focsani-au-revenit-in-salbaticie-dupa-perioada-de-recuperare\"><img decoding=\"async\" src=\"https:\/\/zdvi.cname.ro\/180_135\/promo\/brand-voice\/video-vrancea-doi-huhurezi-salvati-de-acdb-focsani-au-revenit-in-salbaticie-dupa-perioada-de-recuperare\/mediaPool\/u9cWHQZ.jpg\" class=\"img-responsive img-180\" alt><\/a><\/div>\n<h2><a class=\"link-titlu\" href=\"https:\/\/ziaruldevrancea.ro\/promo\/brand-voice\/video-vrancea-doi-huhurezi-salvati-de-acdb-focsani-au-revenit-in-salbaticie-dupa-perioada-de-recuperare\">VIDEO | Vrancea: Doi huhurezi salva\u021bi de ACDB Foc\u0219ani au revenit \u00een s\u0103lb\u0103ticie dup\u0103 perioada de recuperare<\/a><\/h2>\n<div class=\"date-post\"><a href=\"https:\/\/ziaruldevrancea.ro\/autor\/petre-paraschiv\">Petre Paraschiv<\/a>, 25 iul 2026  <\/div>\n<\/div>\n<div class=\"grup-articol-listing\">\n<div class=\"cont-pils\"><a href=\"https:\/\/ziaruldevrancea.ro\/promo\/brand-voice\/producatorul-de-ambalaje-electric-srl-focsani-a-depasit-958-milioane-de-lei-cifra-de-afaceri-in-2025-si-a-ajuns-la-225-de-angajati\"><img decoding=\"async\" src=\"https:\/\/zdvi.cname.ro\/180_135\/promo\/brand-voice\/producatorul-de-ambalaje-electric-srl-focsani-a-depasit-958-milioane-de-lei-cifra-de-afaceri-in-2025-si-a-ajuns-la-225-de-angajati\/mediaPool\/usBFBUg.jpeg\" class=\"img-responsive img-180\" alt><\/a><\/div>\n<h2><a class=\"link-titlu\" href=\"https:\/\/ziaruldevrancea.ro\/promo\/brand-voice\/producatorul-de-ambalaje-electric-srl-focsani-a-depasit-958-milioane-de-lei-cifra-de-afaceri-in-2025-si-a-ajuns-la-225-de-angajati\">Produc\u0103torul de ambalaje Electric SRL Foc\u0219ani a dep\u0103\u0219it 95,8 milioane de lei cifr\u0103 de afaceri \u00een 2025 \u0219i a ajuns la 225 de angaja\u021bi<\/a><\/h2>\n<div class=\"date-post\"><a href=\"https:\/\/ziaruldevrancea.ro\/autor\/eduard-popescu\">Eduard Popescu<\/a>, 25 iul 2026  <\/div>\n<\/div>\n<div class=\"grup-articol-listing\">\n<div class=\"cont-pils\"><a href=\"https:\/\/ziaruldevrancea.ro\/promo\/brand-voice\/video--foto-eleva-bianca-serban-din-focsani-campioana-mondiala-la-wcopa-2026.-aur-pentru-vrancea-pe-scena-din-las-vegas\"><img decoding=\"async\" src=\"https:\/\/zdvi.cname.ro\/180_135\/promo\/brand-voice\/video--foto-eleva-bianca-serban-din-focsani-campioana-mondiala-la-wcopa-2026.-aur-pentru-vrancea-pe-scena-din-las-vegas\/mediaPool\/uqLAbe1.jpeg\" class=\"img-responsive img-180\" alt><\/a><\/div>\n<h2><a class=\"link-titlu\" href=\"https:\/\/ziaruldevrancea.ro\/promo\/brand-voice\/video--foto-eleva-bianca-serban-din-focsani-campioana-mondiala-la-wcopa-2026.-aur-pentru-vrancea-pe-scena-din-las-vegas\">VIDEO + Foto | Eleva Bianca \u0218erban din Foc\u0219ani, campioan\u0103 mondial\u0103 la WCOPA 2026. Aur pentru Vrancea pe scena din Las Vegas<\/a><\/h2>\n<div class=\"date-post\"><a href=\"https:\/\/ziaruldevrancea.ro\/autor\/anca-vasiliu\">Anca Vasiliu<\/a>, 25 iul 2026  <\/div>\n<\/div>\n<\/div>\n<\/div>\n<div class=\"col-lg-6 bloc-egal\">\n<div class=\"card articol-listing\">\n<h6>De acela\u0219i <a href=\"https:\/\/ziaruldevrancea.ro\/autor\/paul-petrache\/\">autor<\/a><\/h6>\n<div class=\"grup-articol-listing\">\n<div class=\"cont-pils\"><a href=\"https:\/\/ziaruldevrancea.ro\/actualitatea\/stiri-locale\/tragedia-de-la-adjud-isu-vrancea-confirma-finalul-dramatic-al-interventiei-pentru-tanarul-surprins-sub-un-mal-de-pamant\"><img decoding=\"async\" src=\"https:\/\/zdvi.cname.ro\/180_135\/actualitatea\/stiri-locale\/tragedia-de-la-adjud-isu-vrancea-confirma-finalul-dramatic-al-interventiei-pentru-tanarul-surprins-sub-un-mal-de-pamant\/mediaPool\/uoHypC8.jpeg\" class=\"img-responsive img-180\" alt><\/a><\/div>\n<h2><a class=\"link-titlu\" href=\"https:\/\/ziaruldevrancea.ro\/actualitatea\/stiri-locale\/tragedia-de-la-adjud-isu-vrancea-confirma-finalul-dramatic-al-interventiei-pentru-tanarul-surprins-sub-un-mal-de-pamant\">Tragedia de la Adjud: ISU Vrancea confirm\u0103 finalul dramatic al interven\u021biei pentru t\u00e2n\u0103rul surprins sub un mal de p\u0103m\u00e2nt<\/a><\/h2>\n<div class=\"date-post\"><a href=\"https:\/\/ziaruldevrancea.ro\/autor\/paul-petrache\">Paul Petrache<\/a>, 25 iul 2026  <\/div>\n<\/div>\n<div class=\"grup-articol-listing\">\n<div class=\"cont-pils\"><a href=\"https:\/\/ziaruldevrancea.ro\/promo\/brand-voice\/video-o-noua-editie-a-targului-dam-din-casa-duminica-la-tifesti\"><img decoding=\"async\" src=\"https:\/\/zdvi.cname.ro\/180_135\/promo\/brand-voice\/video-o-noua-editie-a-targului-dam-din-casa-duminica-la-tifesti\/mediaPool\/uyoHrOv.jpg\" class=\"img-responsive img-180\" alt><\/a><\/div>\n<h2><a class=\"link-titlu\" href=\"https:\/\/ziaruldevrancea.ro\/promo\/brand-voice\/video-o-noua-editie-a-targului-dam-din-casa-duminica-la-tifesti\">VIDEO | O nou\u0103 edi\u021bie a t\u00e2rgului \u201eD\u0103m din cas\u0103\u201d, duminic\u0103 la \u021aife\u0219ti<\/a><\/h2>\n<div class=\"date-post\"><a href=\"https:\/\/ziaruldevrancea.ro\/autor\/paul-petrache\">Paul Petrache<\/a>, 25 iul 2026  <\/div>\n<\/div>\n<div class=\"grup-articol-listing\">\n<div class=\"cont-pils\"><a href=\"https:\/\/ziaruldevrancea.ro\/actualitatea\/stiri-locale\/tragedie-in-vrancea-tanar-de-21-de-ani-din-adjud-mort-dupa-ce-a-fost-surprins-de-un-mal-de-pamant-in-timp-ce-sapa-un-put\"><img decoding=\"async\" src=\"https:\/\/zdvi.cname.ro\/180_135\/actualitatea\/stiri-locale\/tragedie-in-vrancea-tanar-de-21-de-ani-din-adjud-mort-dupa-ce-a-fost-surprins-de-un-mal-de-pamant-in-timp-ce-sapa-un-put\/mediaPool\/ueWpHwC.jpg\" class=\"img-responsive img-180\" alt><\/a><\/div>\n<h2><a class=\"link-titlu\" href=\"https:\/\/ziaruldevrancea.ro\/actualitatea\/stiri-locale\/tragedie-in-vrancea-tanar-de-21-de-ani-din-adjud-mort-dupa-ce-a-fost-surprins-de-un-mal-de-pamant-in-timp-ce-sapa-un-put\">Tragedie \u00een Vrancea: t\u00e2n\u0103r de 21 de ani din Adjud, mort dup\u0103 ce a fost surprins de un mal de p\u0103m\u00e2nt \u00een timp ce s\u0103pa un pu\u021b<\/a><\/h2>\n<div class=\"date-post\"><a href=\"https:\/\/ziaruldevrancea.ro\/autor\/paul-petrache\">Paul Petrache<\/a>, 24 iul 2026  <\/div>\n<\/div>\n<\/div>\n<\/div>\n<\/div>\n<\/div>\n<div class=\"extra-articol listing-anunturi\">\n<h6>Anun\u021buri <span class=\"text-primary\">ZdV<\/span> Premium<\/h6>\n<div class=\"row\">\n<div class=\"col-lg-4 col-md-6 bloc-egal\"><a class=\"card-anunt\" href=\"https:\/\/ziaruldevrancea.ro\/anunturi\/inchirieri\/locuinte-oferte\/primesc-in-gazda-anunt-72817\"><strong class=\"titlu\">Locuin\u021be oferte<\/strong><span class=\"text-anunt\">Primesc \u00een gazd\u0103 la bloc o elev\u0103. <\/p>\n<p>Tel&#8230;.<\/span><span class=\"data-anunt\">21.07.2026  <\/span><\/a><\/div>\n<div class=\"col-lg-4 col-md-6 bloc-egal\"><a class=\"card-anunt\" href=\"https:\/\/ziaruldevrancea.ro\/anunturi\/altele\/matrimoniale\/Imi-caut-sufletul-pereche-anunt-72811\"><strong class=\"titlu\">Matrimoniale<\/strong><span class=\"text-anunt\">Domn serios caut doamn\u0103 serioas\u0103, v\u00e2rsta&#8230;<\/span><span class=\"data-anunt\">20.07.2026  <\/span><\/a><\/div>\n<div class=\"col-lg-4 col-md-6 bloc-egal\"><a class=\"card-anunt\" href=\"https:\/\/ziaruldevrancea.ro\/anunturi\/altele\/matrimoniale\/Imi-caut-sufletul-pereche-anunt-72809\"><strong class=\"titlu\">Matrimoniale<\/strong><span class=\"text-anunt\">Domn de la \u021bar\u0103, 55 de ani, cu locuin\u021b\u0103, teren&#8230;<\/span><span class=\"data-anunt\">16.07.2026  <\/span><\/a><\/div>\n<\/div>\n<\/div>\n<div class=\"bloc-widget widget-albastru\">\n    Ziarul de Vrancea \u00a0nu este responsabil juridic pentru con\u0163inutul textelor din comentariile de mai jos. Responsabilitatea pentru mesajele dumneavoastra v\u0103 revine \u00een exclusivitate.\n<\/div>\n<div class=\"comentarii-articol\" id=\"comentarii\">\n<h3>Comentarii: <span class=\"text-primary\">0<\/span><\/h3>\n<p><a href=\"https:\/\/ziaruldevrancea.ro\/promo\/brand-voice\/ce-au-comandat-vrancenii-prin-platforma-wolt-pe-perioada-campionatului-mondial-de-fotbal-2026\" class=\"btn btn-success btn-adauga-com\" data-toggle=\"modal\" data-parent=\"0\" data-target=\"#commentModal\">Adaug\u0103 comentariu<\/a><\/p>\n<div class=\"loadMask comments-mask\"><img decoding=\"async\" src=\"https:\/\/zdvs.cname.ro\/images\/loader_40.gif\"><\/div>\n<div class=\"comenteaza-jos\">Trebuie s\u0103 fii <a href=\"https:\/\/ziaruldevrancea.ro\/account\">autentificat<\/a> pentru a putea <a href=\"https:\/\/ziaruldevrancea.ro\/promo\/brand-voice\/ce-au-comandat-vrancenii-prin-platforma-wolt-pe-perioada-campionatului-mondial-de-fotbal-2026\" class data-toggle=\"modal\" data-parent=\"0\" data-target=\"#commentModal\">posta un comentariu<\/a>.<\/div>\n<\/div>\n<div class=\"modal fade\" id=\"commentModal\" role=\"dialog\" aria-labelledby=\"commentModalLabel\">\n<div class=\"modal-dialog modal-lg\" role=\"document\">\n<div class=\"modal-content\">\n<div class=\"modal-header\">\n<h3 class=\"modal-title\" id=\"commentModalLabel\">Comenteaz\u0103<\/h3>\n<\/div>\n<div class=\"modal-body\">\n<div class=\"tabel tabel-full\">\n<div class=\"celula\">\n              Trebuie s\u0103 fii <a href=\"https:\/\/ziaruldevrancea.ro\/account\">autentificat<\/a> pentru a putea posta un comentariu.\n            <\/div>\n<\/div>\n<\/div>\n<div class=\"modal-footer\">\n<div id=\"commentPending\" class=\"formPending pull-left\"><img decoding=\"async\" src=\"https:\/\/zdvs.cname.ro\/images\/loader_40.gif\"> In curs de procesare&#8230;<\/div>\n<p><a href=\"https:\/\/ziaruldevrancea.ro\/promo\/brand-voice\/ce-au-comandat-vrancenii-prin-platforma-wolt-pe-perioada-campionatului-mondial-de-fotbal-2026\" class=\"btn btn-default\" data-dismiss=\"modal\">Anuleaz\u0103<\/a><\/div>\n<\/div>\n<\/div>\n<\/div>\n<div class=\"modal fade\" id=\"commentReportModal\" role=\"dialog\" aria-labelledby=\"commentReportModalLabel\">\n<div class=\"modal-dialog modal-lg\" role=\"document\">\n<div class=\"modal-content\">\n<div class=\"modal-header\">\n<h3 class=\"modal-title\" id=\"commentReportModalLabel\">Raporteaza comentariu<\/h3>\n<\/div>\n<div class=\"modal-body\">\n<div class=\"tabel tabel-full\">\n<div class=\"celula\">\n              Trebuie s\u0103 fii <a href=\"https:\/\/ziaruldevrancea.ro\/account\">autentificat<\/a> pentru a putea raporta un comentariu.\n            <\/div>\n<\/div>\n<\/div>\n<div class=\"modal-footer\">\n<div id=\"commentReportPending\" class=\"formPending pull-left\"><img decoding=\"async\" src=\"https:\/\/zdvs.cname.ro\/images\/loader_40.gif\"> In curs de procesare&#8230;<\/div>\n<p><a href=\"https:\/\/ziaruldevrancea.ro\/promo\/brand-voice\/ce-au-comandat-vrancenii-prin-platforma-wolt-pe-perioada-campionatului-mondial-de-fotbal-2026\" class=\"btn btn-default\" data-dismiss=\"modal\">Anuleaz\u0103<\/a><\/div>\n<\/div>\n<\/div>\n<\/div>\n<div class=\"modal fade\" id=\"commentLikeModal\" role=\"dialog\" aria-labelledby=\"commentLikeModalLabel\">\n<div class=\"modal-dialog modal-lg\" role=\"document\">\n<div class=\"modal-content\">\n<div class=\"modal-header\">\n<h3 class=\"modal-title\" id=\"commentReportModalLabel\">Apreciaza comentariu<\/h3>\n<\/div>\n<div class=\"modal-body\">\n<div class=\"tabel tabel-full\">\n<div class=\"celula\">\n            Trebuie s\u0103 fii <a href=\"https:\/\/ziaruldevrancea.ro\/account\">autentificat<\/a> pentru a putea aprecia un comentariu.\n          <\/div>\n<\/div>\n<\/div>\n<div class=\"modal-footer\"><a href=\"https:\/\/ziaruldevrancea.ro\/promo\/brand-voice\/ce-au-comandat-vrancenii-prin-platforma-wolt-pe-perioada-campionatului-mondial-de-fotbal-2026\" class=\"btn btn-default\" data-dismiss=\"modal\">Anuleaz\u0103<\/a><\/div>\n<\/div>\n<\/div>\n<\/div>\n<div class=\"bloc-widget widget-rosu\"><span><small>Ziarul de Vrancea doreste ca acest site sa fie un spatiu al discutiilor civilizate, al comentariilor de bun simt. Din acest motiv, cei care posteaza comentarii la articole trebuie sa respecte urmatoarele reguli:<br \/>\n1. Sa se refere doar la articolul la care posteaza comentarii.<br \/>\n2. Sa foloseasca un limbaj civilizat, fara injurii, calomnii, comentarii antisemite, xenofobe sau rasiste.<br \/>\n3. Sunt interzise atacurile la adresa autorilor, daca acestea nu au legatura cu textul.<br \/>\n4. Username-ul sa nu fie nume de personalitati ale vietii publice sau parodieri ale acestora.<br \/>\nAutorul unui articol poate fi criticat pentru eventuale greseli, incoerenta, lipsa de documentare etc.<br \/>\nNerespectarea regulilor mentionate mai sus va duce la stergerea comentariilor, fara avertisment si fara explicatii.<br \/>\nAbaterile repetate vor avea drept consecinta interdictia accesului la aceasta facilitate a site-ului.<\/small><\/span><\/div>\n<\/div>\n<p>[analyse_source url=&#8221;https:\/\/ziaruldevrancea.ro\/promo\/brand-voice\/ce-au-comandat-vrancenii-prin-platforma-wolt-pe-perioada-campionatului-mondial-de-fotbal-2026&#8243;]<\/p>\n","protected":false},"excerpt":{"rendered":"<p>[analyse_image type=&#8221;featured&#8221; src=&#8221;https:\/\/zdvi.cname.ro\/_\/ce-au-comandat-vrancenii-prin-platforma-wolt-pe-perioada-campionatului-mondial-de-fotbal-2026\/mediaPool\/uuSKvkc.jpg&#8221;] Brand voice Ce au comandat vr\u00e2ncenii prin platforma Wolt pe perioada Campionatului Mondial de Fotbal 2026 Distribuie: \u00a0 | Paul Petrache 24 iul 2026300 vizualiz\u0103ri Foto:arhiva ZdV.Credit foto:presshub.ro Vrancea intr\u0103 \u00een tendin\u021bele na\u021bionale: c\u0103p\u0219unile \u0219i b\u0103uturile carbogazoase, printre cele mai comandate produse \u00een serile de fotbal prin Wolt Foc\u0219aniul se num\u0103r\u0103 printre [&hellip;]<\/p>\n","protected":false},"author":1,"featured_media":0,"comment_status":"open","ping_status":"","sticky":false,"template":"","format":"standard","meta":{"footnotes":""},"categories":[89],"tags":[226,208],"class_list":["post-2061217","post","type-post","status-publish","format-standard","hentry","category-romania","tag-crawlmanager","tag-ziaruldevrancea-ro"],"_links":{"self":[{"href":"https:\/\/analyse.optim.biz\/index.php?rest_route=\/wp\/v2\/posts\/2061217","targetHints":{"allow":["GET"]}}],"collection":[{"href":"https:\/\/analyse.optim.biz\/index.php?rest_route=\/wp\/v2\/posts"}],"about":[{"href":"https:\/\/analyse.optim.biz\/index.php?rest_route=\/wp\/v2\/types\/post"}],"author":[{"embeddable":true,"href":"https:\/\/analyse.optim.biz\/index.php?rest_route=\/wp\/v2\/users\/1"}],"replies":[{"embeddable":true,"href":"https:\/\/analyse.optim.biz\/index.php?rest_route=%2Fwp%2Fv2%2Fcomments&post=2061217"}],"version-history":[{"count":0,"href":"https:\/\/analyse.optim.biz\/index.php?rest_route=\/wp\/v2\/posts\/2061217\/revisions"}],"wp:attachment":[{"href":"https:\/\/analyse.optim.biz\/index.php?rest_route=%2Fwp%2Fv2%2Fmedia&parent=2061217"}],"wp:term":[{"taxonomy":"category","embeddable":true,"href":"https:\/\/analyse.optim.biz\/index.php?rest_route=%2Fwp%2Fv2%2Fcategories&post=2061217"},{"taxonomy":"post_tag","embeddable":true,"href":"https:\/\/analyse.optim.biz\/index.php?rest_route=%2Fwp%2Fv2%2Ftags&post=2061217"}],"curies":[{"name":"wp","href":"https:\/\/api.w.org\/{rel}","templated":true}]}}