{"id":2061183,"date":"2026-07-25T00:00:00","date_gmt":"2026-07-24T21:00:00","guid":{"rendered":"https:\/\/analyse.optim.biz\/?p=2061183"},"modified":"2026-07-25T00:00:00","modified_gmt":"2026-07-24T21:00:00","slug":"tanarul-dat-disparut-din-babadag-a-fost-gasit-decedat-politia-il-cauta-din-21-iulie","status":"publish","type":"post","link":"https:\/\/analyse.optim.biz\/?p=2061183","title":{"rendered":"T\u00e2n\u0103rul dat disp\u0103rut din Babadag a fost g\u0103sit decedat. Poli\u021bia \u00eel c\u0103uta din 21 iulie"},"content":{"rendered":"<p>[analyse_image type=&#8221;featured&#8221; src=&#8221;https:\/\/ziaruldetulcea.ro\/wp-content\/uploads\/2026\/07\/IMG-20260722-WA00171-353&#215;300.jpg&#8221;]<\/p>\n<div class=\"post\">\n<h2><img loading=\"lazy\" decoding=\"async\" class=\"alignleft size-full wp-image-43868\" src=\"https:\/\/ziaruldetulcea.ro\/wp-content\/uploads\/2026\/07\/IMG-20260722-WA00171.jpg\" alt width=\"353\" height=\"431\">B\u0103rbatul de 26 de ani, dat disp\u0103rut dup\u0103 ce plecase voluntar de la locuin\u021ba sa din Babadag, a fost g\u0103sit decedat \u00een cursul zilei de vineri, potrivit unor surse locale. Autorit\u0103\u021bile nu au transmis, p\u00e2n\u0103 la aceast\u0103 or\u0103, un comunicat oficial privind \u00eemprejur\u0103rile \u00een care a fost g\u0103sit.<\/h2>\n<p>T\u00e2n\u0103rul, identificat de poli\u021bi\u0219ti drept <strong>T\u0103rt\u0103cu\u021b\u0103 Bengi-George<\/strong>, \u00een v\u00e2rst\u0103 de 26 de ani, era c\u0103utat dup\u0103 ce, potrivit Inspectoratului de Poli\u021bie Jude\u021bean Tulcea, plecase voluntar \u00een data de 17 iulie de la locuin\u021ba \u00een care st\u0103tea cu chirie \u00een ora\u0219ul Babadag \u0219i nu mai revenise.<\/p>\n<p>Conform unor surse oficiale din ora\u0219ul Babadag, acesta ar fi fost g\u0103sit sp\u00e2nzurat,\u00een cursul zilei de vineri, \u00eentr-o zon\u0103 din apropierea fostei tabere din Babadag. Informa\u021biile privind cauza decesului nu au fost confirmate oficial de autorit\u0103\u021bi.<\/p>\n<h3>Ce spun cei care l-au cunoscut<\/h3>\n<p>Persoanele care l-au cunoscut spun c\u0103 vestea i-a luat prin surprindere.<\/p>\n<blockquote>\n<p>\u201eEra o persoan\u0103 lini\u0219tit\u0103, a fost plecat \u0219i prin Bosnia, nu f\u0103cea probleme. Este surprinz\u0103tor ce s-a \u00eent\u00e2mplat\u201d, a declarat pentru publica\u021bia noastr\u0103 un localnic din Babadag.<\/p>\n<\/blockquote>\n<\/div>\n<p>[analyse_source url=&#8221;https:\/\/ziaruldetulcea.ro\/tanarul-dat-disparut-din-babadag-a-fost-gasit-decedat-politia-il-cauta-din-21-iulie\/&#8221;]<\/p>\n","protected":false},"excerpt":{"rendered":"<p>[analyse_image type=&#8221;featured&#8221; src=&#8221;https:\/\/ziaruldetulcea.ro\/wp-content\/uploads\/2026\/07\/IMG-20260722-WA00171-353&#215;300.jpg&#8221;] B\u0103rbatul de 26 de ani, dat disp\u0103rut dup\u0103 ce plecase voluntar de la locuin\u021ba sa din Babadag, a fost g\u0103sit decedat \u00een cursul zilei de vineri, potrivit unor surse locale. Autorit\u0103\u021bile nu au transmis, p\u00e2n\u0103 la aceast\u0103 or\u0103, un comunicat oficial privind \u00eemprejur\u0103rile \u00een care a fost g\u0103sit. T\u00e2n\u0103rul, identificat de poli\u021bi\u0219ti [&hellip;]<\/p>\n","protected":false},"author":1,"featured_media":0,"comment_status":"open","ping_status":"","sticky":false,"template":"","format":"standard","meta":{"footnotes":""},"categories":[89],"tags":[226,205],"class_list":["post-2061183","post","type-post","status-publish","format-standard","hentry","category-romania","tag-crawlmanager","tag-ziaruldetulcea-ro"],"_links":{"self":[{"href":"https:\/\/analyse.optim.biz\/index.php?rest_route=\/wp\/v2\/posts\/2061183","targetHints":{"allow":["GET"]}}],"collection":[{"href":"https:\/\/analyse.optim.biz\/index.php?rest_route=\/wp\/v2\/posts"}],"about":[{"href":"https:\/\/analyse.optim.biz\/index.php?rest_route=\/wp\/v2\/types\/post"}],"author":[{"embeddable":true,"href":"https:\/\/analyse.optim.biz\/index.php?rest_route=\/wp\/v2\/users\/1"}],"replies":[{"embeddable":true,"href":"https:\/\/analyse.optim.biz\/index.php?rest_route=%2Fwp%2Fv2%2Fcomments&post=2061183"}],"version-history":[{"count":0,"href":"https:\/\/analyse.optim.biz\/index.php?rest_route=\/wp\/v2\/posts\/2061183\/revisions"}],"wp:attachment":[{"href":"https:\/\/analyse.optim.biz\/index.php?rest_route=%2Fwp%2Fv2%2Fmedia&parent=2061183"}],"wp:term":[{"taxonomy":"category","embeddable":true,"href":"https:\/\/analyse.optim.biz\/index.php?rest_route=%2Fwp%2Fv2%2Fcategories&post=2061183"},{"taxonomy":"post_tag","embeddable":true,"href":"https:\/\/analyse.optim.biz\/index.php?rest_route=%2Fwp%2Fv2%2Ftags&post=2061183"}],"curies":[{"name":"wp","href":"https:\/\/api.w.org\/{rel}","templated":true}]}}