{"id":2061075,"date":"2026-07-24T15:15:00","date_gmt":"2026-07-24T12:15:00","guid":{"rendered":"https:\/\/analyse.optim.biz\/?p=2061075"},"modified":"2026-07-24T15:15:00","modified_gmt":"2026-07-24T12:15:00","slug":"spectacol-de-muzica-dans-si-culoare-festivalul-international-plaiurile-mioritei-a-debutat-in-forta","status":"publish","type":"post","link":"https:\/\/analyse.optim.biz\/?p=2061075","title":{"rendered":"Spectacol de muzic\u0103, dans \u0219i culoare. Festivalul interna\u021bional \u201ePlaiurile Miori\u021bei\u201d a debutat \u00een for\u021b\u0103"},"content":{"rendered":"<p>[analyse_image type=&#8221;featured&#8221; src=&#8221;https:\/\/www.campusbuzau.ro\/wp-content\/uploads\/2026\/07\/parada-folclor-3.jpghttps:\/\/www.campusbuzau.ro\/wp-content\/uploads\/2026\/07\/parada-folclor-3.jpg&#8221;]<\/p>\n<div class=\"entry-content\">\n<p><strong><em><mark class=\"has-inline-color has-maincolor-color\">Arti\u0219tii celor opt ansambluri prezente la Festivalul Interna\u021bional de Folclor \u201ePlaiurile Miori\u021bei\u201d au f\u0103cut un spectacol de neuitat pe bulevardul Nicolae B\u0103lcescu din municipiul Buz\u0103u.<\/mark><\/em><\/strong><\/p>\n<p>Tradi\u021bionala parad\u0103 a festivalului a \u00eenceput, anul acesta, de la poarta Parcului Cr\u00e2ng \u0219i s-a \u00eencheiat la Centrul Muzeal \u201eI. C. Br\u0103tianu\u201d. Zeci de buzoieni care se aflau ieri sear\u0103 pe bulevardul B\u0103lcescu au admirat muzica, dansul \u0219i costumele celor peste 150 de arti\u0219ti interna\u021bionali. <\/p>\n<figure class=\"wp-block-image size-full is-resized\"><img loading=\"lazy\" decoding=\"async\" width=\"900\" height=\"514\" src=\"https:\/\/www.campusbuzau.ro\/wp-content\/uploads\/2026\/07\/parada-folclor-2.jpg\" alt class=\"wp-image-155836\"><\/figure>\n<figure class=\"wp-block-image size-full is-resized\"><img loading=\"lazy\" decoding=\"async\" width=\"900\" height=\"479\" src=\"https:\/\/www.campusbuzau.ro\/wp-content\/uploads\/2026\/07\/parada-folclor-1.jpg\" alt class=\"wp-image-155837\"><\/figure>\n<p>Prima zi a Festivalului Interna\u021bional de Folclor a continuat apoi cu un spectacol de excep\u021bie. Toate cele opt ansambluri au sus\u021binut c\u00e2te o reprezentan\u021bie de muzic\u0103 \u0219i dans pe scena din curtea interioar\u0103 a Centrului Muzeal \u201eI. C. Br\u0103tianu\u201d. <\/p>\n<p>Aproximativ 1.000 de buzoieni au \u021binut s\u0103 asiste la evenimentul artistic de \u00eenalt\u0103 \u021binut\u0103. Toate reprezentan\u021biile de ieri-sear\u0103 au fost r\u0103spl\u0103tite cu aplauze de c\u0103tre publicul buzoian iubitor de cultur\u0103 \u0219i tradi\u021bii. <\/p>\n<figure class=\"wp-block-image size-full is-resized\"><img loading=\"lazy\" decoding=\"async\" width=\"900\" height=\"503\" src=\"https:\/\/www.campusbuzau.ro\/wp-content\/uploads\/2026\/07\/prada-folclor-3.jpg\" alt class=\"wp-image-155835\"><\/figure>\n<p>La edi\u021bia din acest an a evenimentului particip\u0103 ansambluri folclorice din Cipru, Coreea de Sud, Letonia, Serbia, Slovacia, Spania, Statele Unite ale Americii \u0219i Rom\u00e2nia.<\/p>\n<p>Pe l\u00e2ng\u0103 spectacolul de pe scen\u0103, atmosfera de festival va fi completat\u0103 de T\u00e2rgul de Me\u0219te\u0219uguri \u0219i Artizanat. Vizitatorii vor putea descoperi ceramic\u0103, \u021bes\u0103turi, icoane, bijuterii, obiecte decorative \u0219i alte crea\u021bii lucrate manual de creatorii populari din Buz\u0103u.<\/p>\n<figure class=\"wp-block-embed is-type-video is-provider-youtube wp-block-embed-youtube wp-embed-aspect-16-9 wp-has-aspect-ratio\">\n<div class=\"wp-block-embed__wrapper\">\n<iframe loading=\"lazy\" title=\"SPECTACOL DE MUZIC\u0102, DANS \u015eI CULOARE \u00ceN PRIMA SEAR\u0102 A FESTIVALUILUI PLAIURILE MIORI\u0162EI\" width=\"500\" height=\"281\" src=\"https:\/\/www.youtube.com\/embed\/aYEbE93lc1Q?feature=oembed\" frameborder allow=\"accelerometer; autoplay; clipboard-write; encrypted-media; gyroscope; picture-in-picture; web-share\" referrerpolicy=\"strict-origin-when-cross-origin\" allowfullscreen><\/iframe>\n<\/div>\n<\/figure>\n<\/div>\n<p>[analyse_source url=&#8221;https:\/\/www.campusbuzau.ro\/spectacol-de-muzica-dans-si-culoare-festivalul-international-plaiurile-mioritei-a-debutat-in-forta\/&#8221;]<\/p>\n","protected":false},"excerpt":{"rendered":"<p>[analyse_image type=&#8221;featured&#8221; src=&#8221;https:\/\/www.campusbuzau.ro\/wp-content\/uploads\/2026\/07\/parada-folclor-3.jpghttps:\/\/www.campusbuzau.ro\/wp-content\/uploads\/2026\/07\/parada-folclor-3.jpg&#8221;] Arti\u0219tii celor opt ansambluri prezente la Festivalul Interna\u021bional de Folclor \u201ePlaiurile Miori\u021bei\u201d au f\u0103cut un spectacol de neuitat pe bulevardul Nicolae B\u0103lcescu din municipiul Buz\u0103u. Tradi\u021bionala parad\u0103 a festivalului a \u00eenceput, anul acesta, de la poarta Parcului Cr\u00e2ng \u0219i s-a \u00eencheiat la Centrul Muzeal \u201eI. C. Br\u0103tianu\u201d. Zeci de buzoieni care se [&hellip;]<\/p>\n","protected":false},"author":1,"featured_media":0,"comment_status":"open","ping_status":"","sticky":false,"template":"","format":"standard","meta":{"footnotes":""},"categories":[2],"tags":[118,226],"class_list":["post-2061075","post","type-post","status-publish","format-standard","hentry","category-politics","tag-campusbuzau-ro","tag-crawlmanager"],"_links":{"self":[{"href":"https:\/\/analyse.optim.biz\/index.php?rest_route=\/wp\/v2\/posts\/2061075","targetHints":{"allow":["GET"]}}],"collection":[{"href":"https:\/\/analyse.optim.biz\/index.php?rest_route=\/wp\/v2\/posts"}],"about":[{"href":"https:\/\/analyse.optim.biz\/index.php?rest_route=\/wp\/v2\/types\/post"}],"author":[{"embeddable":true,"href":"https:\/\/analyse.optim.biz\/index.php?rest_route=\/wp\/v2\/users\/1"}],"replies":[{"embeddable":true,"href":"https:\/\/analyse.optim.biz\/index.php?rest_route=%2Fwp%2Fv2%2Fcomments&post=2061075"}],"version-history":[{"count":0,"href":"https:\/\/analyse.optim.biz\/index.php?rest_route=\/wp\/v2\/posts\/2061075\/revisions"}],"wp:attachment":[{"href":"https:\/\/analyse.optim.biz\/index.php?rest_route=%2Fwp%2Fv2%2Fmedia&parent=2061075"}],"wp:term":[{"taxonomy":"category","embeddable":true,"href":"https:\/\/analyse.optim.biz\/index.php?rest_route=%2Fwp%2Fv2%2Fcategories&post=2061075"},{"taxonomy":"post_tag","embeddable":true,"href":"https:\/\/analyse.optim.biz\/index.php?rest_route=%2Fwp%2Fv2%2Ftags&post=2061075"}],"curies":[{"name":"wp","href":"https:\/\/api.w.org\/{rel}","templated":true}]}}