{"id":2061072,"date":"2026-07-24T16:45:00","date_gmt":"2026-07-24T13:45:00","guid":{"rendered":"https:\/\/analyse.optim.biz\/?p=2061072"},"modified":"2026-07-24T16:45:00","modified_gmt":"2026-07-24T13:45:00","slug":"operatiune-de-amploare-in-judetul-buzau-prima-drona-doborata-pe-teritoriul-romaniei","status":"publish","type":"post","link":"https:\/\/analyse.optim.biz\/?p=2061072","title":{"rendered":"Opera\u021biune de amploare \u00een jude\u021bul Buz\u0103u. Prima dron\u0103 dobor\u00e2t\u0103 pe teritoriul Rom\u00e2niei"},"content":{"rendered":"<p>[analyse_image type=&#8221;featured&#8221; src=&#8221;https:\/\/www.campusbuzau.ro\/wp-content\/uploads\/2026\/07\/cautari-drona-3.jpghttps:\/\/www.campusbuzau.ro\/wp-content\/uploads\/2026\/07\/cautari-drona-3.jpg&#8221;]<\/p>\n<div class=\"entry-content\">\n<p><em><strong><mark class=\"has-inline-color has-maincolor-color\">O dron\u0103 intrat\u0103 \u00een spa\u021biul aerian rom\u00e2nesc a fost dobor\u00e2t\u0103 de un avion de v\u00e2n\u0103toare al For\u021belor Aeriene Rom\u00e2ne. R\u0103m\u0103\u0219i\u021bele dronei au c\u0103zut \u00een jude\u021bul Buz\u0103u, pe un c\u00e2mp aflat la aproximativ trei kilometri de cea mai apropiat\u0103 zon\u0103 locuit\u0103 din comuna Padina.<\/mark><\/strong><\/em><\/p>\n<p>La fa\u021ba locului, a fost o mobilizare impresionant\u0103 de for\u021be! Au intervenit echipaje ale Armatei \u0219i MAI. A fost asigurat un perimetru cu o raz\u0103 de 3 km unde militarii au c\u0103utat resturi ale aparartului fara pilot, inclusiv \u00eentr-un lan de floarea soarelui. Dou\u0103 elicoptere, unul al For\u021belor Aeriene iar cel\u0103lalt al MAI, au survolat zona ore \u00eentregi.<\/p>\n<figure class=\"wp-block-image size-full is-resized\"><img loading=\"lazy\" decoding=\"async\" width=\"907\" height=\"517\" src=\"https:\/\/www.campusbuzau.ro\/wp-content\/uploads\/2026\/07\/cautari-drona-2.jpg\" alt class=\"wp-image-155831\"><\/figure>\n<p>La fa\u021ba locului au fost prezent \u0219i prefectul jude\u021bului Buz\u0103u, Leonard Dimian, cel care a prezentat situa\u021bia dup\u0103 primele ore ale interven\u021biei. Potrivit reprezentantului Guvernului \u00een teritoriu, chiar \u00een faza incipent\u0103 a c\u0103ut\u0103rilor, militarii au g\u0103sit elemente din muni\u021bia folosit\u0103 de avionul de v\u00e2n\u0103toare pentru dobor\u00e2rea obiectului de zbor f\u0103r\u0103 pilot.<\/p>\n<figure class=\"wp-block-image size-full is-resized\"><img loading=\"lazy\" decoding=\"async\" width=\"860\" height=\"491\" src=\"https:\/\/www.campusbuzau.ro\/wp-content\/uploads\/2026\/07\/prefect-camp.jpg\" alt class=\"wp-image-155842\"><\/figure>\n<p>Este prima dron\u0103 care a fost dobor\u00e2t\u0103 pe teritoriul Rom\u00e2niei \u0219i prima semnalat\u0103 de radarele Armatei pe raza jude\u021bului Buz\u0103u. De altfel, mai mul\u021bi localnici au sunat la 112 pentru a anun\u021ba c\u0103 au auzit o bubuitur\u0103 puternic\u0103.<\/p>\n<figure class=\"wp-block-image size-full is-resized\"><img loading=\"lazy\" decoding=\"async\" width=\"900\" height=\"506\" src=\"https:\/\/www.campusbuzau.ro\/wp-content\/uploads\/2026\/07\/cautari-drona-1.jpg\" alt class=\"wp-image-155833\"><\/figure>\n<p>Sistemul de supraveghere radar al Ministerului Ap\u0103r\u0103rii Na\u021bionale a detectat \u021binta aerian\u0103 la ora 9:39, la aproximativ 20 de kilometri sud de Sulina. Drona, identificat\u0103 vizual la acel moment drept un aparat Shahed, a fost dobor\u00e2t\u0103 de un avion F-16. Reprezentan\u021bii Ministerului Ap\u0103r\u0103rii spun c\u0103 aparatul de zbor f\u0103r\u0103 pilot nu a pus \u00een pericol baze militare sau ora\u0219e p\u00e2n\u0103 \u00een punctul \u00een care a fost neutralizat. <\/p>\n<figure class=\"wp-block-image size-large is-resized\"><img decoding=\"async\" loading=\"lazy\" width=\"1024\" height=\"683\" src=\"https:\/\/www.campusbuzau.ro\/wp-content\/uploads\/2026\/07\/drona-doborata-la-padina-jud-buzau-1024x683.jpg\" alt class=\"wp-image-155830\"><\/figure>\n<p>\u00cen jude\u021bul Buz\u0103u, dar \u0219i \u00een alte jude\u021be aflate pe traiectoria dronei, au fost transmise mesaje RO-ALERT de informare pentru popula\u021bie.<\/p>\n<figure class=\"wp-block-embed is-type-video is-provider-youtube wp-block-embed-youtube wp-embed-aspect-16-9 wp-has-aspect-ratio\">\n<div class=\"wp-block-embed__wrapper\">\n<iframe loading=\"lazy\" title=\"DRON\u0102 DOBOR\u00c2T\u0102 \u00ceN BUZ\u0102U, L\u00c2NG\u0102 PADINA\" width=\"500\" height=\"281\" src=\"https:\/\/www.youtube.com\/embed\/oVFYXtFt-3E?feature=oembed\" frameborder allow=\"accelerometer; autoplay; clipboard-write; encrypted-media; gyroscope; picture-in-picture; web-share\" referrerpolicy=\"strict-origin-when-cross-origin\" allowfullscreen><\/iframe>\n<\/div>\n<\/figure>\n<\/div>\n<p>[analyse_source url=&#8221;https:\/\/www.campusbuzau.ro\/operatiune-de-amploare-in-judetul-buzau-prima-drona-doborata-pe-teritoriul-romaniei\/&#8221;]<\/p>\n","protected":false},"excerpt":{"rendered":"<p>[analyse_image type=&#8221;featured&#8221; src=&#8221;https:\/\/www.campusbuzau.ro\/wp-content\/uploads\/2026\/07\/cautari-drona-3.jpghttps:\/\/www.campusbuzau.ro\/wp-content\/uploads\/2026\/07\/cautari-drona-3.jpg&#8221;] O dron\u0103 intrat\u0103 \u00een spa\u021biul aerian rom\u00e2nesc a fost dobor\u00e2t\u0103 de un avion de v\u00e2n\u0103toare al For\u021belor Aeriene Rom\u00e2ne. R\u0103m\u0103\u0219i\u021bele dronei au c\u0103zut \u00een jude\u021bul Buz\u0103u, pe un c\u00e2mp aflat la aproximativ trei kilometri de cea mai apropiat\u0103 zon\u0103 locuit\u0103 din comuna Padina. La fa\u021ba locului, a fost o mobilizare impresionant\u0103 de [&hellip;]<\/p>\n","protected":false},"author":1,"featured_media":0,"comment_status":"open","ping_status":"","sticky":false,"template":"","format":"standard","meta":{"footnotes":""},"categories":[2],"tags":[118,226],"class_list":["post-2061072","post","type-post","status-publish","format-standard","hentry","category-politics","tag-campusbuzau-ro","tag-crawlmanager"],"_links":{"self":[{"href":"https:\/\/analyse.optim.biz\/index.php?rest_route=\/wp\/v2\/posts\/2061072","targetHints":{"allow":["GET"]}}],"collection":[{"href":"https:\/\/analyse.optim.biz\/index.php?rest_route=\/wp\/v2\/posts"}],"about":[{"href":"https:\/\/analyse.optim.biz\/index.php?rest_route=\/wp\/v2\/types\/post"}],"author":[{"embeddable":true,"href":"https:\/\/analyse.optim.biz\/index.php?rest_route=\/wp\/v2\/users\/1"}],"replies":[{"embeddable":true,"href":"https:\/\/analyse.optim.biz\/index.php?rest_route=%2Fwp%2Fv2%2Fcomments&post=2061072"}],"version-history":[{"count":0,"href":"https:\/\/analyse.optim.biz\/index.php?rest_route=\/wp\/v2\/posts\/2061072\/revisions"}],"wp:attachment":[{"href":"https:\/\/analyse.optim.biz\/index.php?rest_route=%2Fwp%2Fv2%2Fmedia&parent=2061072"}],"wp:term":[{"taxonomy":"category","embeddable":true,"href":"https:\/\/analyse.optim.biz\/index.php?rest_route=%2Fwp%2Fv2%2Fcategories&post=2061072"},{"taxonomy":"post_tag","embeddable":true,"href":"https:\/\/analyse.optim.biz\/index.php?rest_route=%2Fwp%2Fv2%2Ftags&post=2061072"}],"curies":[{"name":"wp","href":"https:\/\/api.w.org\/{rel}","templated":true}]}}