{"id":2060937,"date":"2026-07-24T10:57:03","date_gmt":"2026-07-24T07:57:03","guid":{"rendered":"https:\/\/analyse.optim.biz\/?p=2060937"},"modified":"2026-07-24T10:57:03","modified_gmt":"2026-07-24T07:57:03","slug":"sorin-sipos-ce-urmeaza-dupa-drona-doborata-astazi-de-pilotii-romani-de-f-16-p","status":"publish","type":"post","link":"https:\/\/analyse.optim.biz\/?p=2060937","title":{"rendered":"Sorin \u0218ipo\u0219: Ce urmeaz\u0103 dup\u0103 drona dobor\u00e2t\u0103 ast\u0103zi de pilo\u021bii rom\u00e2ni de F-16? (P)"},"content":{"rendered":"<p>[analyse_image type=&#8221;featured&#8221; src=&#8221;https:\/\/www.opiniatimisoarei.ro\/wp-content\/uploads\/2026\/07\/usr-2-728&#215;336.jpghttps:\/\/www.opiniatimisoarei.ro\/wp-content\/uploads\/2026\/07\/usr-2.jpg&#8221;]<\/p>\n<div class=\"the_content\">\n<p align=\"left\">Radu Miru\u0163\u0103 a semnat, prin SAFE, contractul pentru achizi\u021bia celui mai modern sistem de ap\u0103rare antidron\u0103, finan\u021bat din fonduri europene.<\/p>\n<p align=\"left\">Felicit\u0103ri pilo\u021bilor no\u0219tri de F-16 \u0219i Armatei Rom\u00e2ne. Rom\u00e2nia nu e sat f\u0103r\u0103 c\u00e2ini \u0219i se va ap\u0103ra pe ea \u0219i cet\u0103\u021benii s\u0103i.<\/p>\n<p align=\"left\">Radu Miru\u0163\u0103 a semnat, prin SAFE, contractul pentru achizi\u021bia celui mai modern sistem de ap\u0103rare antidron\u0103, finan\u021bat din fonduri europene.<\/p>\n<p align=\"left\">Mini\u0219trii USR au pus \u00eenc\u0103 din prima zi pe agenda Guvernului achizi\u021bia \u0219i dotarea Armatei Rom\u00e2ne cu astfel de sisteme, tocmai pentru a acoperi golul l\u0103sat de guvernele Ciuc\u0103\u2013Ciolacu dup\u0103 trei ani de r\u0103zboi la grani\u021ba Rom\u00e2niei.<\/p>\n<p align=\"left\">\u00cen paralel, Oana \u021aoiu a ob\u021binut deta\u0219area unor sisteme de ap\u0103rare din partea alia\u021bilor no\u0219tri, pentru ca Rom\u00e2nia s\u0103 fie protejat\u0103 p\u00e2n\u0103 la opera\u021bionalizarea propriilor capabilit\u0103\u021bi.<\/p>\n<p align=\"left\">Iar \u00een Timi\u0219 prim\u0103ria Timi\u0219oara condus\u0103 de Dominic Fritz a f\u0103cut primii pa\u0219i pentru a crea un hub al industriei dual-use \u0219i de ap\u0103rare. Unde firme rom\u00e2ne\u0219ti vor dezvolta tehnologii noi \u00een mare cerere acum.<\/p>\n<p align=\"left\">Cine nu a vrut \u00eens\u0103 ca Rom\u00e2nia s\u0103 se poat\u0103 ap\u0103ra?<\/p>\n<p align=\"left\">PSD a de\u021binut portofoliul Ap\u0103r\u0103rii de c\u00e2nd a \u00eenceput r\u0103zboiul Rusiei \u00eempotriva Ucrainei \u0219i nu a f\u0103cut nimic 3 ani. P\u00e2n\u0103 la USR, nimeni nu a avut inteligen\u021ba s\u0103 introduc\u0103 proiecte anti-dron\u0103.<\/p>\n<p align=\"left\">PSD \u0219i AUR au contestat \u0219i atacat SAFE la CCR.<\/p>\n<p align=\"left\">PSD \u0219i AUR au d\u0103r\u00e2mat guvernul pro-european care avea ca scop implementarea SAFE.<\/p>\n<p align=\"left\">AUR \u0219i extremi\u0219tii cu care PSD s-a aliat au votat de fiecare dat\u0103 \u00eempotriva dreptului Rom\u00e2niei de a se ap\u0103ra.<\/p>\n<p align=\"left\">Asta \u00een timp ce Diana \u0218o\u0219oaca este invitat\u0103 permanent ba la Russia Today, ba la ambasada Rusiei, ba pe la diferite evenimente unde apare \u0219i Putin.<\/p>\n<p align=\"left\">Cum s\u0103 numim astfel de ac\u021biuni?<\/p>\n<p align=\"left\">\u00cen orice caz, prioritatea fiec\u0103rui politician rom\u00e2n trebuie s\u0103 fie acum implementarea c\u00e2t mai accelerat\u0103 a SAFE \u0219i cur\u0103\u021barea Rom\u00e2niei de interesele RUSE\u0218TI care atenteaz\u0103 la siguran\u021ba \u0219i suveranitatea noastr\u0103.<\/p>\n<p align=\"left\">S\u0103 fie clar pentru orice stat expansionist \u0219i imperialist: Rom\u00e2nia este stat membru NATO \u0219i se va ap\u0103ra ca atare!<\/p>\n<p align=\"left\">Felicit\u0103ri pilo\u021bilor no\u0219tri de F-16 \u0219i Armatei Rom\u00e2ne.<\/p>\n<\/div>\n<p>[analyse_source url=&#8221;https:\/\/www.opiniatimisoarei.ro\/sorin-sipos-ce-urmeaza-dupa-drona-doborata-astazi-de-pilotii-romani-de-f-16-p\/24\/07\/2026&#8243;]<\/p>\n","protected":false},"excerpt":{"rendered":"<p>[analyse_image type=&#8221;featured&#8221; src=&#8221;https:\/\/www.opiniatimisoarei.ro\/wp-content\/uploads\/2026\/07\/usr-2-728&#215;336.jpghttps:\/\/www.opiniatimisoarei.ro\/wp-content\/uploads\/2026\/07\/usr-2.jpg&#8221;] Radu Miru\u0163\u0103 a semnat, prin SAFE, contractul pentru achizi\u021bia celui mai modern sistem de ap\u0103rare antidron\u0103, finan\u021bat din fonduri europene. Felicit\u0103ri pilo\u021bilor no\u0219tri de F-16 \u0219i Armatei Rom\u00e2ne. Rom\u00e2nia nu e sat f\u0103r\u0103 c\u00e2ini \u0219i se va ap\u0103ra pe ea \u0219i cet\u0103\u021benii s\u0103i. Radu Miru\u0163\u0103 a semnat, prin SAFE, contractul pentru achizi\u021bia [&hellip;]<\/p>\n","protected":false},"author":1,"featured_media":0,"comment_status":"open","ping_status":"","sticky":false,"template":"","format":"standard","meta":{"footnotes":""},"categories":[89],"tags":[226,190],"class_list":["post-2060937","post","type-post","status-publish","format-standard","hentry","category-romania","tag-crawlmanager","tag-opiniatimisoarei-ro"],"_links":{"self":[{"href":"https:\/\/analyse.optim.biz\/index.php?rest_route=\/wp\/v2\/posts\/2060937","targetHints":{"allow":["GET"]}}],"collection":[{"href":"https:\/\/analyse.optim.biz\/index.php?rest_route=\/wp\/v2\/posts"}],"about":[{"href":"https:\/\/analyse.optim.biz\/index.php?rest_route=\/wp\/v2\/types\/post"}],"author":[{"embeddable":true,"href":"https:\/\/analyse.optim.biz\/index.php?rest_route=\/wp\/v2\/users\/1"}],"replies":[{"embeddable":true,"href":"https:\/\/analyse.optim.biz\/index.php?rest_route=%2Fwp%2Fv2%2Fcomments&post=2060937"}],"version-history":[{"count":0,"href":"https:\/\/analyse.optim.biz\/index.php?rest_route=\/wp\/v2\/posts\/2060937\/revisions"}],"wp:attachment":[{"href":"https:\/\/analyse.optim.biz\/index.php?rest_route=%2Fwp%2Fv2%2Fmedia&parent=2060937"}],"wp:term":[{"taxonomy":"category","embeddable":true,"href":"https:\/\/analyse.optim.biz\/index.php?rest_route=%2Fwp%2Fv2%2Fcategories&post=2060937"},{"taxonomy":"post_tag","embeddable":true,"href":"https:\/\/analyse.optim.biz\/index.php?rest_route=%2Fwp%2Fv2%2Ftags&post=2060937"}],"curies":[{"name":"wp","href":"https:\/\/api.w.org\/{rel}","templated":true}]}}