{"id":2060935,"date":"2026-07-24T06:14:54","date_gmt":"2026-07-24T03:14:54","guid":{"rendered":"https:\/\/analyse.optim.biz\/?p=2060935"},"modified":"2026-07-24T06:14:54","modified_gmt":"2026-07-24T03:14:54","slug":"consilierul-judetean-pnl-tudor-placinta-dupa-impartirea-banilor-pe-localitati-de-catre-cj-poate-psd-ul-vrea-sa-mute-capitala-judetului-la-falticeni","status":"publish","type":"post","link":"https:\/\/analyse.optim.biz\/?p=2060935","title":{"rendered":"Consilierul jude\u021bean PNL Tudor Pl\u0103cint\u0103, dup\u0103 \u00eemp\u0103r\u021birea banilor pe localit\u0103\u021bi de c\u0103tre CJ: Poate PSD-ul vrea s\u0103 mute capitala jude\u021bului la F\u0103lticeni"},"content":{"rendered":"<p>[analyse_image type=&#8221;featured&#8221; src=&#8221;https:\/\/www.radiotop.ro\/img\/media\/2022\/06\/placinta-consilier-judetean.jpg.jpg&#8221;]<\/p>\n<div class=\"entry-content no-share\">\n<div class=\"content-inner \">\n<p>Consilierul jude\u021bean PNL Tudor Pl\u0103cint\u0103 este nemul\u021bumit de cum a \u00eemp\u0103r\u021bit pre\u0219edintele PSD al Consiliului Jude\u021bean, Gheorghe \u0218oldan, banii reprezent\u00eend 6% din impozitul pe venit cuvenit bugetelor locale. Domnul Pl\u0103cint\u0103 a f\u0103cut o compara\u021bie \u00eentre municipiul R\u0103d\u0103u\u021bi, condus de liberalul Bogdan Loghin, \u0219i municipiul F\u0103lticeni, condus de social-democratul C\u0103t\u0103lin Coman. Totodat\u0103, domnul Pl\u0103cint\u0103 a remarcat c\u0103 dac\u0103 anul trecut municipiul Suceava a primit o sum\u0103 consistent\u0103, anul acesta va beneficia de o sum\u0103 mult mai mic\u0103 dec\u00eet cea pe care o va primi municipiul F\u0103lticeni, care este de cel pu\u021bin trei ori mai mic dec\u00eet municipiul re\u0219edin\u021b\u0103 de jude\u021b. Consilierul liberal pune acest lucru pe seama tensiunii dintre Gheorghe \u0218oldan \u0219i primarul Sucevei, Vasile R\u00eembu. Domnul R\u00eembu este exlus din PSD p\u00een\u0103 anul viitor \u00een luna iulie.<\/p>\n<p>\u00centr-o interven\u021bie telefonic\u0103 la Radio Top, Tudor Pl\u0103cint\u0103 a declarat: \u201dLa popula\u021bii aproximativ egale, primarul de la R\u0103d\u0103u\u021bi a cerut peste 9 milioane de lei pentru cheltuieli de cofinan\u021bare \u0219i ceva la func\u021bionare. F\u0103lticeniul a cerut 4,4 milioane de lei, cam jum\u0103tate pentru func\u021bionare, jum\u0103tate pentru dezvoltare. F\u0103lticeniul a primit 1,7 milioane de lei \u0219i R\u0103d\u0103u\u021biul a primit 400.000 de lei\u201d.<\/p>\n<p>Referitor la situa\u021bia legat\u0103 de municipiul Suceava, Tudor Pl\u0103cint\u0103 a afirmat: \u201dEu mi-aduc aminte \u00een campania electoral\u0103 c\u0103 domnul \u0218oldan era de m\u00een\u0103 cu Vasile R\u00e2mbu \u0219i spuneau ce vor face \u0219i vor drege \u00een municipiul Suceava. Sigur c\u0103 \u00eentre timp domnul \u0218oldan s-a sup\u0103rat, a\u0219a \u0219tiu eu din dezbaterea public\u0103, s-a sup\u0103rat pe Vasile R\u00e2mbu, nu se \u00een\u021beleg. Anul trecut, municipiul Suceava a avut o alocare de 2,3 milioane de lei, iar anul \u0103sta prime\u0219te 700.000, \u00een condi\u021biile \u00een care F\u0103lticeniul prime\u0219te 1,7 milioane de lei. Poate, nu \u0219tiu, PSD-ul vrea s\u0103 mute capitala jude\u021bului la F\u0103lticeni. M\u0103 g\u00eendesc \u0219i eu\u201d.<\/p>\n<p>\u00a0<\/p>\n<p>\u00a0<\/p>\n<p>\u00a0<\/p>\n<\/div>\n<\/div>\n<div class=\"content-inner \">\n<p>Consilierul jude\u021bean PNL Tudor Pl\u0103cint\u0103 este nemul\u021bumit de cum a \u00eemp\u0103r\u021bit pre\u0219edintele PSD al Consiliului Jude\u021bean, Gheorghe \u0218oldan, banii reprezent\u00eend 6% din impozitul pe venit cuvenit bugetelor locale. Domnul Pl\u0103cint\u0103 a f\u0103cut o compara\u021bie \u00eentre municipiul R\u0103d\u0103u\u021bi, condus de liberalul Bogdan Loghin, \u0219i municipiul F\u0103lticeni, condus de social-democratul C\u0103t\u0103lin Coman. Totodat\u0103, domnul Pl\u0103cint\u0103 a remarcat c\u0103 dac\u0103 anul trecut municipiul Suceava a primit o sum\u0103 consistent\u0103, anul acesta va beneficia de o sum\u0103 mult mai mic\u0103 dec\u00eet cea pe care o va primi municipiul F\u0103lticeni, care este de cel pu\u021bin trei ori mai mic dec\u00eet municipiul re\u0219edin\u021b\u0103 de jude\u021b. Consilierul liberal pune acest lucru pe seama tensiunii dintre Gheorghe \u0218oldan \u0219i primarul Sucevei, Vasile R\u00eembu. Domnul R\u00eembu este exlus din PSD p\u00een\u0103 anul viitor \u00een luna iulie.<\/p>\n<p>\u00centr-o interven\u021bie telefonic\u0103 la Radio Top, Tudor Pl\u0103cint\u0103 a declarat: \u201dLa popula\u021bii aproximativ egale, primarul de la R\u0103d\u0103u\u021bi a cerut peste 9 milioane de lei pentru cheltuieli de cofinan\u021bare \u0219i ceva la func\u021bionare. F\u0103lticeniul a cerut 4,4 milioane de lei, cam jum\u0103tate pentru func\u021bionare, jum\u0103tate pentru dezvoltare. F\u0103lticeniul a primit 1,7 milioane de lei \u0219i R\u0103d\u0103u\u021biul a primit 400.000 de lei\u201d.<\/p>\n<p>Referitor la situa\u021bia legat\u0103 de municipiul Suceava, Tudor Pl\u0103cint\u0103 a afirmat: \u201dEu mi-aduc aminte \u00een campania electoral\u0103 c\u0103 domnul \u0218oldan era de m\u00een\u0103 cu Vasile R\u00e2mbu \u0219i spuneau ce vor face \u0219i vor drege \u00een municipiul Suceava. Sigur c\u0103 \u00eentre timp domnul \u0218oldan s-a sup\u0103rat, a\u0219a \u0219tiu eu din dezbaterea public\u0103, s-a sup\u0103rat pe Vasile R\u00e2mbu, nu se \u00een\u021beleg. Anul trecut, municipiul Suceava a avut o alocare de 2,3 milioane de lei, iar anul \u0103sta prime\u0219te 700.000, \u00een condi\u021biile \u00een care F\u0103lticeniul prime\u0219te 1,7 milioane de lei. Poate, nu \u0219tiu, PSD-ul vrea s\u0103 mute capitala jude\u021bului la F\u0103lticeni. M\u0103 g\u00eendesc \u0219i eu\u201d.<\/p>\n<p>\u00a0<\/p>\n<p>\u00a0<\/p>\n<p>\u00a0<\/p>\n<\/div>\n<p>[analyse_source url=&#8221;https:\/\/www.radiotop.ro\/actualitate\/consilierul-judetean-pnl-tudor-placinta-dupa-impartirea-banilor-pe-localitati-de-catre-cj-poate-psd-ul-vrea-sa-mute-capitala-judetului-la-falticeni.html&#8221;]<\/p>\n","protected":false},"excerpt":{"rendered":"<p>[analyse_image type=&#8221;featured&#8221; src=&#8221;https:\/\/www.radiotop.ro\/img\/media\/2022\/06\/placinta-consilier-judetean.jpg.jpg&#8221;] Consilierul jude\u021bean PNL Tudor Pl\u0103cint\u0103 este nemul\u021bumit de cum a \u00eemp\u0103r\u021bit pre\u0219edintele PSD al Consiliului Jude\u021bean, Gheorghe \u0218oldan, banii reprezent\u00eend 6% din impozitul pe venit cuvenit bugetelor locale. Domnul Pl\u0103cint\u0103 a f\u0103cut o compara\u021bie \u00eentre municipiul R\u0103d\u0103u\u021bi, condus de liberalul Bogdan Loghin, \u0219i municipiul F\u0103lticeni, condus de social-democratul C\u0103t\u0103lin Coman. Totodat\u0103, domnul [&hellip;]<\/p>\n","protected":false},"author":1,"featured_media":0,"comment_status":"open","ping_status":"","sticky":false,"template":"","format":"standard","meta":{"footnotes":""},"categories":[89],"tags":[226,163],"class_list":["post-2060935","post","type-post","status-publish","format-standard","hentry","category-romania","tag-crawlmanager","tag-radiotop-ro"],"_links":{"self":[{"href":"https:\/\/analyse.optim.biz\/index.php?rest_route=\/wp\/v2\/posts\/2060935","targetHints":{"allow":["GET"]}}],"collection":[{"href":"https:\/\/analyse.optim.biz\/index.php?rest_route=\/wp\/v2\/posts"}],"about":[{"href":"https:\/\/analyse.optim.biz\/index.php?rest_route=\/wp\/v2\/types\/post"}],"author":[{"embeddable":true,"href":"https:\/\/analyse.optim.biz\/index.php?rest_route=\/wp\/v2\/users\/1"}],"replies":[{"embeddable":true,"href":"https:\/\/analyse.optim.biz\/index.php?rest_route=%2Fwp%2Fv2%2Fcomments&post=2060935"}],"version-history":[{"count":0,"href":"https:\/\/analyse.optim.biz\/index.php?rest_route=\/wp\/v2\/posts\/2060935\/revisions"}],"wp:attachment":[{"href":"https:\/\/analyse.optim.biz\/index.php?rest_route=%2Fwp%2Fv2%2Fmedia&parent=2060935"}],"wp:term":[{"taxonomy":"category","embeddable":true,"href":"https:\/\/analyse.optim.biz\/index.php?rest_route=%2Fwp%2Fv2%2Fcategories&post=2060935"},{"taxonomy":"post_tag","embeddable":true,"href":"https:\/\/analyse.optim.biz\/index.php?rest_route=%2Fwp%2Fv2%2Ftags&post=2060935"}],"curies":[{"name":"wp","href":"https:\/\/api.w.org\/{rel}","templated":true}]}}