{"id":2060934,"date":"2026-07-23T18:04:35","date_gmt":"2026-07-23T15:04:35","guid":{"rendered":"https:\/\/analyse.optim.biz\/?p=2060934"},"modified":"2026-07-23T18:04:35","modified_gmt":"2026-07-23T15:04:35","slug":"barbat-mort-intr-un-accident-care-a-avut-loc-pe-calea-ferata-la-pojorita-un-excavator-a-fost-lovit-de-trenul-iasi-timisoara","status":"publish","type":"post","link":"https:\/\/analyse.optim.biz\/?p=2060934","title":{"rendered":"B\u0103rbat mort \u00eentr-un accident care a avut loc pe calea ferat\u0103, la Pojor\u00eeta. Un excavator a fost lovit de trenul Ia\u0219i-Timi\u0219oara"},"content":{"rendered":"<p>[analyse_image type=&#8221;featured&#8221; src=&#8221;https:\/\/www.radiotop.ro\/img\/media\/2026\/07\/tren-accident-1.jpg&#8221;]<\/p>\n<div class=\"entry-content no-share\">\n<div class=\"content-inner \">\n<div class=\"jeg_preview_slider gallery_1\" data-selector=\"gallery_1\">\n<div class=\"jeg_preview_holder\">\n<div class=\"jeg_preview_media\">\n<div class=\"jeg_preview_media_holder\">\n<h3>\u00a0<\/h3>\n<div class=\"jeg_preview_control\">\n<div class=\"left_control\">\n<div class=\"counter\"><span class=\"current\">1<\/span> of  1<\/div>\n<\/div>\n<div class=\"zoom\"><span class=\"reduce\">&#8211;<\/span><span class=\"increase\">+<\/span><\/div>\n<\/div>\n<\/div>\n<\/div>\n<div class=\"jeg_preview_bottom_slider\"><a data-id=\"0\" data-title data-image=\"https:\/\/www.radiotop.ro\/img\/media\/2026\/07\/tren-accident.jpg\" href=\"https:\/\/www.radiotop.ro\/img\/media\/2026\/07\/tren-accident.jpg\" class=\"jeg_preview_item active\"><\/p>\n<div class=\"jeg_preview_item_thumbnail\"><img loading=\"lazy\" decoding=\"async\" width=\"120\" height=\"86\" src=\"https:\/\/www.radiotop.ro\/img\/media\/2026\/07\/tren-accident-120x86.jpg\" class=\"attachment-jnews-120x86 size-jnews-120x86\" alt><\/div>\n<p><\/a><\/div>\n<\/div>\n<\/div>\n<p>Inspectoratul pentru Situa\u021bii de Urgen\u021b\u0103 \u201dBucovina\u201d Suceava a anun\u021bat, la ora 20 \u0219i 49 de minute, c\u0103 un b\u0103rbat \u00een v\u00eerst\u0103 de 52 de ani a murit ca urmare unui accident care a avut loc pe raza comunei Pojor\u00eeta.<\/p>\n<p>Poli\u021bia Jude\u021bului Suceava a anun\u021bat c\u0103, la ora 19.40, Poli\u021bia Municipiului C\u00eempulung Moldovenesc a fost sesizat\u0103 prin 112 cu privire la producerea unui accident feroviar pe raza comunei Pojor\u00eeta. Din primele verific\u0103ri s-a constatat c\u0103 pe raza comunei se efectuau lucr\u0103ri \u00een zona c\u0103ii ferate, iar un excavator a fost surprins de trenul accelerat care circula pe ruta Ia\u0219i-Timi\u0219oara, \u00een gabaritul de pericol al locomotivei.<\/p>\n<p>Conduc\u0103torului excavatorului i s-au aplicat manevre de resuscitare la fa\u021ba locului, \u00eens\u0103 f\u0103r\u0103 succes.<\/p>\n<p>Conform ISU, au intervenit pompierii militari cu o autospecial\u0103 cu accesorii pentru descarcerare \u0219i o ambulan\u021b\u0103 SMURD, cu sprijinul unui echipaj al Serviciului de Ambulan\u021b\u0103 Jude\u021bean. Conduc\u0103torul utilajului fusese g\u0103sit \u00een stare de incon\u0219tien\u021b\u0103.<\/p>\n<\/div>\n<\/div>\n<div class=\"content-inner \">\n<div class=\"jeg_preview_slider gallery_1\" data-selector=\"gallery_1\">\n<div class=\"jeg_preview_holder\">\n<div class=\"jeg_preview_media\">\n<div class=\"jeg_preview_media_holder\">\n<h3>\u00a0<\/h3>\n<div class=\"jeg_preview_control\">\n<div class=\"left_control\">\n<div class=\"counter\"><span class=\"current\">1<\/span> of  1<\/div>\n<\/div>\n<div class=\"zoom\"><span class=\"reduce\">&#8211;<\/span><span class=\"increase\">+<\/span><\/div>\n<\/div>\n<\/div>\n<\/div>\n<div class=\"jeg_preview_bottom_slider\"><a data-id=\"0\" data-title data-image=\"https:\/\/www.radiotop.ro\/img\/media\/2026\/07\/tren-accident.jpg\" href=\"https:\/\/www.radiotop.ro\/img\/media\/2026\/07\/tren-accident.jpg\" class=\"jeg_preview_item active\"><\/p>\n<div class=\"jeg_preview_item_thumbnail\"><img loading=\"lazy\" decoding=\"async\" width=\"120\" height=\"86\" src=\"https:\/\/www.radiotop.ro\/img\/media\/2026\/07\/tren-accident-120x86.jpg\" class=\"attachment-jnews-120x86 size-jnews-120x86\" alt><\/div>\n<p><\/a><\/div>\n<\/div>\n<\/div>\n<p>Inspectoratul pentru Situa\u021bii de Urgen\u021b\u0103 \u201dBucovina\u201d Suceava a anun\u021bat, la ora 20 \u0219i 49 de minute, c\u0103 un b\u0103rbat \u00een v\u00eerst\u0103 de 52 de ani a murit ca urmare unui accident care a avut loc pe raza comunei Pojor\u00eeta.<\/p>\n<p>Poli\u021bia Jude\u021bului Suceava a anun\u021bat c\u0103, la ora 19.40, Poli\u021bia Municipiului C\u00eempulung Moldovenesc a fost sesizat\u0103 prin 112 cu privire la producerea unui accident feroviar pe raza comunei Pojor\u00eeta. Din primele verific\u0103ri s-a constatat c\u0103 pe raza comunei se efectuau lucr\u0103ri \u00een zona c\u0103ii ferate, iar un excavator a fost surprins de trenul accelerat care circula pe ruta Ia\u0219i-Timi\u0219oara, \u00een gabaritul de pericol al locomotivei.<\/p>\n<p>Conduc\u0103torului excavatorului i s-au aplicat manevre de resuscitare la fa\u021ba locului, \u00eens\u0103 f\u0103r\u0103 succes.<\/p>\n<p>Conform ISU, au intervenit pompierii militari cu o autospecial\u0103 cu accesorii pentru descarcerare \u0219i o ambulan\u021b\u0103 SMURD, cu sprijinul unui echipaj al Serviciului de Ambulan\u021b\u0103 Jude\u021bean. Conduc\u0103torul utilajului fusese g\u0103sit \u00een stare de incon\u0219tien\u021b\u0103.<\/p>\n<\/div>\n<p>[analyse_source url=&#8221;https:\/\/www.radiotop.ro\/actualitate\/barbat-mort-intr-un-accident-care-a-avut-loc-pe-calea-ferata-la-pojorita-un-excavator-a-fost-lovit-de-trenul-iasi-timisoara.html&#8221;]<\/p>\n","protected":false},"excerpt":{"rendered":"<p>[analyse_image type=&#8221;featured&#8221; src=&#8221;https:\/\/www.radiotop.ro\/img\/media\/2026\/07\/tren-accident-1.jpg&#8221;] \u00a0 1 of 1 &#8211;+ Inspectoratul pentru Situa\u021bii de Urgen\u021b\u0103 \u201dBucovina\u201d Suceava a anun\u021bat, la ora 20 \u0219i 49 de minute, c\u0103 un b\u0103rbat \u00een v\u00eerst\u0103 de 52 de ani a murit ca urmare unui accident care a avut loc pe raza comunei Pojor\u00eeta. Poli\u021bia Jude\u021bului Suceava a anun\u021bat c\u0103, la ora [&hellip;]<\/p>\n","protected":false},"author":1,"featured_media":0,"comment_status":"open","ping_status":"","sticky":false,"template":"","format":"standard","meta":{"footnotes":""},"categories":[89],"tags":[226,163],"class_list":["post-2060934","post","type-post","status-publish","format-standard","hentry","category-romania","tag-crawlmanager","tag-radiotop-ro"],"_links":{"self":[{"href":"https:\/\/analyse.optim.biz\/index.php?rest_route=\/wp\/v2\/posts\/2060934","targetHints":{"allow":["GET"]}}],"collection":[{"href":"https:\/\/analyse.optim.biz\/index.php?rest_route=\/wp\/v2\/posts"}],"about":[{"href":"https:\/\/analyse.optim.biz\/index.php?rest_route=\/wp\/v2\/types\/post"}],"author":[{"embeddable":true,"href":"https:\/\/analyse.optim.biz\/index.php?rest_route=\/wp\/v2\/users\/1"}],"replies":[{"embeddable":true,"href":"https:\/\/analyse.optim.biz\/index.php?rest_route=%2Fwp%2Fv2%2Fcomments&post=2060934"}],"version-history":[{"count":0,"href":"https:\/\/analyse.optim.biz\/index.php?rest_route=\/wp\/v2\/posts\/2060934\/revisions"}],"wp:attachment":[{"href":"https:\/\/analyse.optim.biz\/index.php?rest_route=%2Fwp%2Fv2%2Fmedia&parent=2060934"}],"wp:term":[{"taxonomy":"category","embeddable":true,"href":"https:\/\/analyse.optim.biz\/index.php?rest_route=%2Fwp%2Fv2%2Fcategories&post=2060934"},{"taxonomy":"post_tag","embeddable":true,"href":"https:\/\/analyse.optim.biz\/index.php?rest_route=%2Fwp%2Fv2%2Ftags&post=2060934"}],"curies":[{"name":"wp","href":"https:\/\/api.w.org\/{rel}","templated":true}]}}