{"id":2060932,"date":"2026-07-23T09:28:40","date_gmt":"2026-07-23T06:28:40","guid":{"rendered":"https:\/\/analyse.optim.biz\/?p=2060932"},"modified":"2026-07-23T09:28:40","modified_gmt":"2026-07-23T06:28:40","slug":"ionut-epureanu-adjunctul-ipj-suceava-imi-doresc-cit-de-curind-sa-putem-avea-intilniri-cu-administratiile-locale-pentru-reguli-mai-stricte-privind-trotinetele","status":"publish","type":"post","link":"https:\/\/analyse.optim.biz\/?p=2060932","title":{"rendered":"Ionu\u021b Epureanu, adjunctul IPJ Suceava: \u201d\u00cemi doresc c\u00eet de cur\u00eend s\u0103 putem avea \u00eent\u00eelniri cu administra\u021biile locale\u201d, pentru reguli mai stricte privind trotinetele"},"content":{"rendered":"<p>[analyse_image type=&#8221;featured&#8221; src=&#8221;https:\/\/www.radiotop.ro\/img\/media\/2021\/07\/fata-trotineta.jpg&#8221;]<\/p>\n<div class=\"entry-content no-share\">\n<div class=\"content-inner \">\n<p>Cazul copilului de 14 ani care se deplasa cu trotineta \u0219i a fost lovit inten\u021bionat de un \u0219ofer, dar \u0219i cel al copilului accidentat care a c\u0103zut de pe o trotinet\u0103 \u00een comuna Satu Mare, accident\u00eendu-se grav, readuc \u00een discu\u021bie siguran\u021ba celor care folosesc astfel de vehicule. Comisarul-\u0219ef Ionu\u021b Epureanu a spus, \u00een cadrul unei interven\u021bii telefonice la Radio Top, c\u0103 ar trebui g\u0103site solu\u021bii suplimentare \u0219i anun\u021b\u0103 c\u0103 \u00ee\u0219i dore\u0219te \u00eent\u00eelniri cu administra\u021biile locale, pentru stabilirea unor reguli mai stricte privind circula\u021bia trotinetelor \u00een anumite zone.<\/p>\n<p>A declarat comisarul-\u0219ef Ionu\u021b Epureanu, purt\u0103torul de cuv\u00eent \u0219i adjunctul IPJ Suceava, la Radio Top: \u201dCred eu c\u0103 nu trebuie s\u0103 a\u0219tept\u0103m ca astfel de evenimente s\u0103 se \u00eent\u00eemple pentru a dispune ceva mai concret. \u00cemi doresc c\u00eet de cur\u00eend s\u0103 putem avea \u00eent\u00eelniri cu administra\u021biile locale, cel pu\u021bin din zonele de municipii \u0219i ora\u0219e, \u0219i s\u0103 stabilim prin regulamente locale ni\u0219te condi\u021bii mai stricte \u0219i mai concrete \u00een care anumi\u021bi conduc\u0103tori de trotinete, de mopede, dar \u00een special trotinete, se pot deplasa pe anumite tronsoane\u201d.<\/p>\n<p>Ionu\u021b Epureanu consider\u0103 c\u0103 parcurile, esplanadele \u0219i zonele pietonale ar trebui protejate de riscul suplimentar reprezentat de deplasarea trotinetelor cu vitez\u0103 mare. A spus domnul Epureanu, cu referire la faptul c\u0103 pe esplanada din centrul Sucevei circul\u0103 mul\u021bi adolescen\u021bi cu trotinete, inclusiv printre copii mici: \u201dUn simplu impact \u00eentre cei doi poate avea urm\u0103ri grave \u0219i pentru pietoni, nu numai pentru conduc\u0103torul de trotinet\u0103\u201d.<\/p>\n<p>Acesta atrage aten\u021bia \u0219i asupra dificult\u0103\u021bilor legate de verificarea v\u00eerstei celor care circul\u0103 cu trotinete, \u00een condi\u021biile \u00een care legisla\u021bia permite utilizarea acestora \u00eencep\u00eend de la 14 ani. \u201dF\u0103c\u00eend-o doar ochiometric (\u2026) faptul c\u0103 un t\u00een\u0103r are sau nu are 14 ani \u00een momentul \u00een care \u00eel vezi deplas\u00eendu-se pe o trotinet\u0103 este destul de greu\u201d, a explicat comisarul-\u0219ef Ionu\u021b Epureanu. El a ad\u0103ugat c\u0103 legitimarea poate fi, de asemenea, dificil\u0103, deoarece \u201dnu trebuie s\u0103 fim penibili, s\u0103 avem preten\u021bie de la un copil de 12, 13, 14 ani s\u0103 umble \u00een permanen\u021b\u0103 cu buletinul la el\u201d.<\/p>\n<p>Potrivit adjunctului IPJ Suceava, problema este una dificil\u0103 \u0219i din cauza infrastructurii din ora\u0219ele \u0219i municipiile jude\u021bului Suceava, care este veche, iar pistele pentru biciclete s\u00eent, \u00een multe cazuri, amenajate pe trotuare. A declarat domnul Epureanu: \u201dProbabil alternativa, \u00eentr-adev\u0103r, de viitor ar fi ca cei cu trotinete electrice s\u0103 se deplaseze pe partea carosabil\u0103, a\u0219a cum o spune \u0219i legisla\u021bia. \u00cens\u0103, \u0219i acolo pericolul devine unul destul de mare, \u00een special pentru conduc\u0103torul de trotinet\u0103\u201d.<\/p>\n<p>Ionu\u021b Epureanu spune c\u0103, \u00een lipsa unor solu\u021bii de infrastructur\u0103, este nevoie de reguli mai clare privind locurile \u00een care pot circula trotinetele, astfel \u00eenc\u00eet s\u0103 fie redus at\u00eet riscul de accidentare al utilizatorilor, c\u00eet \u0219i pericolul pentru pietoni. \u00cen acest context, adjunctul IPJ Suceava consider\u0103 necesare discu\u021biile cu administra\u021biile locale pentru stabilirea unor reguli adaptate fiec\u0103rei localit\u0103\u021bi.<\/p>\n<p>Potrivit comisarului-\u0219ef, \u00een acest an, 54 de conduc\u0103tori de trotinete au fost implica\u021bi \u00een accidente, unul dintre ace\u0219tia fiind \u00een stare grav\u0103.<\/p>\n<\/div>\n<\/div>\n<div class=\"content-inner \">\n<p>Cazul copilului de 14 ani care se deplasa cu trotineta \u0219i a fost lovit inten\u021bionat de un \u0219ofer, dar \u0219i cel al copilului accidentat care a c\u0103zut de pe o trotinet\u0103 \u00een comuna Satu Mare, accident\u00eendu-se grav, readuc \u00een discu\u021bie siguran\u021ba celor care folosesc astfel de vehicule. Comisarul-\u0219ef Ionu\u021b Epureanu a spus, \u00een cadrul unei interven\u021bii telefonice la Radio Top, c\u0103 ar trebui g\u0103site solu\u021bii suplimentare \u0219i anun\u021b\u0103 c\u0103 \u00ee\u0219i dore\u0219te \u00eent\u00eelniri cu administra\u021biile locale, pentru stabilirea unor reguli mai stricte privind circula\u021bia trotinetelor \u00een anumite zone.<\/p>\n<p>A declarat comisarul-\u0219ef Ionu\u021b Epureanu, purt\u0103torul de cuv\u00eent \u0219i adjunctul IPJ Suceava, la Radio Top: \u201dCred eu c\u0103 nu trebuie s\u0103 a\u0219tept\u0103m ca astfel de evenimente s\u0103 se \u00eent\u00eemple pentru a dispune ceva mai concret. \u00cemi doresc c\u00eet de cur\u00eend s\u0103 putem avea \u00eent\u00eelniri cu administra\u021biile locale, cel pu\u021bin din zonele de municipii \u0219i ora\u0219e, \u0219i s\u0103 stabilim prin regulamente locale ni\u0219te condi\u021bii mai stricte \u0219i mai concrete \u00een care anumi\u021bi conduc\u0103tori de trotinete, de mopede, dar \u00een special trotinete, se pot deplasa pe anumite tronsoane\u201d.<\/p>\n<p>Ionu\u021b Epureanu consider\u0103 c\u0103 parcurile, esplanadele \u0219i zonele pietonale ar trebui protejate de riscul suplimentar reprezentat de deplasarea trotinetelor cu vitez\u0103 mare. A spus domnul Epureanu, cu referire la faptul c\u0103 pe esplanada din centrul Sucevei circul\u0103 mul\u021bi adolescen\u021bi cu trotinete, inclusiv printre copii mici: \u201dUn simplu impact \u00eentre cei doi poate avea urm\u0103ri grave \u0219i pentru pietoni, nu numai pentru conduc\u0103torul de trotinet\u0103\u201d.<\/p>\n<p>Acesta atrage aten\u021bia \u0219i asupra dificult\u0103\u021bilor legate de verificarea v\u00eerstei celor care circul\u0103 cu trotinete, \u00een condi\u021biile \u00een care legisla\u021bia permite utilizarea acestora \u00eencep\u00eend de la 14 ani. \u201dF\u0103c\u00eend-o doar ochiometric (\u2026) faptul c\u0103 un t\u00een\u0103r are sau nu are 14 ani \u00een momentul \u00een care \u00eel vezi deplas\u00eendu-se pe o trotinet\u0103 este destul de greu\u201d, a explicat comisarul-\u0219ef Ionu\u021b Epureanu. El a ad\u0103ugat c\u0103 legitimarea poate fi, de asemenea, dificil\u0103, deoarece \u201dnu trebuie s\u0103 fim penibili, s\u0103 avem preten\u021bie de la un copil de 12, 13, 14 ani s\u0103 umble \u00een permanen\u021b\u0103 cu buletinul la el\u201d.<\/p>\n<p>Potrivit adjunctului IPJ Suceava, problema este una dificil\u0103 \u0219i din cauza infrastructurii din ora\u0219ele \u0219i municipiile jude\u021bului Suceava, care este veche, iar pistele pentru biciclete s\u00eent, \u00een multe cazuri, amenajate pe trotuare. A declarat domnul Epureanu: \u201dProbabil alternativa, \u00eentr-adev\u0103r, de viitor ar fi ca cei cu trotinete electrice s\u0103 se deplaseze pe partea carosabil\u0103, a\u0219a cum o spune \u0219i legisla\u021bia. \u00cens\u0103, \u0219i acolo pericolul devine unul destul de mare, \u00een special pentru conduc\u0103torul de trotinet\u0103\u201d.<\/p>\n<p>Ionu\u021b Epureanu spune c\u0103, \u00een lipsa unor solu\u021bii de infrastructur\u0103, este nevoie de reguli mai clare privind locurile \u00een care pot circula trotinetele, astfel \u00eenc\u00eet s\u0103 fie redus at\u00eet riscul de accidentare al utilizatorilor, c\u00eet \u0219i pericolul pentru pietoni. \u00cen acest context, adjunctul IPJ Suceava consider\u0103 necesare discu\u021biile cu administra\u021biile locale pentru stabilirea unor reguli adaptate fiec\u0103rei localit\u0103\u021bi.<\/p>\n<p>Potrivit comisarului-\u0219ef, \u00een acest an, 54 de conduc\u0103tori de trotinete au fost implica\u021bi \u00een accidente, unul dintre ace\u0219tia fiind \u00een stare grav\u0103.<\/p>\n<\/div>\n<p>[analyse_source url=&#8221;https:\/\/www.radiotop.ro\/actualitate\/ionut-epureanu-adjunctul-ipj-suceava-imi-doresc-cit-de-curind-sa-putem-avea-intilniri-cu-administratiile-locale-pentru-reguli-mai-stricte-privind-trotinetele.html&#8221;]<\/p>\n","protected":false},"excerpt":{"rendered":"<p>[analyse_image type=&#8221;featured&#8221; src=&#8221;https:\/\/www.radiotop.ro\/img\/media\/2021\/07\/fata-trotineta.jpg&#8221;] Cazul copilului de 14 ani care se deplasa cu trotineta \u0219i a fost lovit inten\u021bionat de un \u0219ofer, dar \u0219i cel al copilului accidentat care a c\u0103zut de pe o trotinet\u0103 \u00een comuna Satu Mare, accident\u00eendu-se grav, readuc \u00een discu\u021bie siguran\u021ba celor care folosesc astfel de vehicule. Comisarul-\u0219ef Ionu\u021b Epureanu a spus, [&hellip;]<\/p>\n","protected":false},"author":1,"featured_media":0,"comment_status":"open","ping_status":"","sticky":false,"template":"","format":"standard","meta":{"footnotes":""},"categories":[89],"tags":[226,163],"class_list":["post-2060932","post","type-post","status-publish","format-standard","hentry","category-romania","tag-crawlmanager","tag-radiotop-ro"],"_links":{"self":[{"href":"https:\/\/analyse.optim.biz\/index.php?rest_route=\/wp\/v2\/posts\/2060932","targetHints":{"allow":["GET"]}}],"collection":[{"href":"https:\/\/analyse.optim.biz\/index.php?rest_route=\/wp\/v2\/posts"}],"about":[{"href":"https:\/\/analyse.optim.biz\/index.php?rest_route=\/wp\/v2\/types\/post"}],"author":[{"embeddable":true,"href":"https:\/\/analyse.optim.biz\/index.php?rest_route=\/wp\/v2\/users\/1"}],"replies":[{"embeddable":true,"href":"https:\/\/analyse.optim.biz\/index.php?rest_route=%2Fwp%2Fv2%2Fcomments&post=2060932"}],"version-history":[{"count":0,"href":"https:\/\/analyse.optim.biz\/index.php?rest_route=\/wp\/v2\/posts\/2060932\/revisions"}],"wp:attachment":[{"href":"https:\/\/analyse.optim.biz\/index.php?rest_route=%2Fwp%2Fv2%2Fmedia&parent=2060932"}],"wp:term":[{"taxonomy":"category","embeddable":true,"href":"https:\/\/analyse.optim.biz\/index.php?rest_route=%2Fwp%2Fv2%2Fcategories&post=2060932"},{"taxonomy":"post_tag","embeddable":true,"href":"https:\/\/analyse.optim.biz\/index.php?rest_route=%2Fwp%2Fv2%2Ftags&post=2060932"}],"curies":[{"name":"wp","href":"https:\/\/api.w.org\/{rel}","templated":true}]}}