{"id":2060927,"date":"2026-07-23T09:06:02","date_gmt":"2026-07-23T06:06:02","guid":{"rendered":"https:\/\/analyse.optim.biz\/?p=2060927"},"modified":"2026-07-23T09:06:02","modified_gmt":"2026-07-23T06:06:02","slug":"comisarul-sef-ionut-epureanu-despre-soferul-care-a-lovit-intentionat-cu-masina-un-copil-pe-trotineta-si-apoi-l-a-batut-exista-posibilitatea-ca-minorul-sa-fi-depasit-putin-cadrul-normal-al-unei-discu","status":"publish","type":"post","link":"https:\/\/analyse.optim.biz\/?p=2060927","title":{"rendered":"Comisarul \u0219ef Ionu\u021b Epureanu, despre \u0219oferul care a lovit inten\u021bionat cu ma\u0219ina un copil pe trotinet\u0103 \u0219i apoi l-a b\u0103tut: Exist\u0103 posibilitatea ca minorul s\u0103 fi dep\u0103\u0219it pu\u021bin cadrul normal al unei discu\u021bii, \u00eens\u0103 din punctul meu de vedere, ca poli\u021bist, ca om, comportamentul ulterior al unui adult \u0219ofer pe un vehicul este inacceptabil"},"content":{"rendered":"<p>[analyse_image type=&#8221;featured&#8221; src=&#8221;https:\/\/www.radiotop.ro\/img\/media\/2025\/01\/epureanu-telefon.jpg&#8221;]<\/p>\n<div class=\"entry-content no-share\">\n<div class=\"content-inner \">\n<p>Cazul \u0219oferului care a urm\u0103rit cu ma\u0219ina un copil de 14 ani aflat pe trotinet\u0103 pe o strad\u0103 din municipiul Suceava, l-a lovit inten\u021bionat, apoi l-a b\u0103tut, este unul f\u0103r\u0103 precedent \u00een ultimii ani la Suceava, spune comisarul-\u0219ef Ionu\u021b Epureanu, purt\u0103torul de cuv\u00eent \u0219i adjunctul Inspectoratului de Poli\u021bie Jude\u021bean. \u0218oferul a fost arestat preventiv pentru 30 de zile, fiind cercetat pentru tentativ\u0103 de omor, iar copilul a sc\u0103pat, din fericire, doar cu c\u00eeteva zg\u00eerieturi.<\/p>\n<p>\u00cen cadrul unei interven\u021bii telefonice la Radio Top, domnul Epureanu a declarat: \u201dO dinamic\u0103 precum cea petrecut\u0103 mar\u021bi nu am \u00eent\u00eelnit, cel pu\u021bin \u00een ultima perioad\u0103, \u00een ultimii ani. Au mai fost situa\u021bii \u00een care anumi\u021bi \u0219oferi au utilizat vehiculul condus pentru a v\u0103t\u0103ma o alt\u0103 persoan\u0103, dar faptul care s-a \u00eent\u00eemplat alalt\u0103ieri este pentru noi \u00eengrijor\u0103tor, pentru c\u0103 acutizeaz\u0103 \u0219i o scindare social\u0103 \u00eentre utilizatorii de trotinete, mopede, motociclete, biciclete \u0219i unii dintre \u0219oferi\u201d.<\/p>\n<p>A ad\u0103ugat adjunctul IPJ Suceava: \u201dResim\u021bim uneori o stare conflictual\u0103 dus\u0103 la extrem \u00eentre categorii de participan\u021bi la trafic, iar lucrul \u0103sta, la un moment dat, \u00een mod inevitabil, explodeaz\u0103 \u0219i se ajunge \u0219i la situa\u021bii de un risc deosebit\u201d.<\/p>\n<p>Potrivit acestuia, dup\u0103 ce a lovit copilul \u0219i l-a b\u0103tut, \u0219oferul a plecat de la fa\u021ba locului, \u00eens\u0103 s-a prezentat ulterior la Poli\u021bia Municipiului Suceava. Ionu\u021b Epureanu a explicat la Radio Top c\u0103, \u00een scurt timp, poli\u021bi\u0219tii au stabilit, cu ajutorul imaginilor de pe camerele de supraveghere, ce ma\u0219in\u0103 a fost implicat\u0103 \u0219i au avut indicii clare cu privire la identitatea conduc\u0103torului auto.<\/p>\n<p>A declarat Ionu\u021b Epureanu: \u201dProbabil c\u0103, realiz\u00eend \u0219i el aceste lucruri, \u00een mai pu\u021bin de jum\u0103tate de or\u0103 s-a prezentat la sediul Poli\u021biei Municipiului Suceava, \u00eencerc\u00eend &lt;o variant\u0103 de mijloc&gt;, neasum\u00eendu-\u0219i \u00een mod total evenimentul, dar recunosc\u00eend faptul c\u0103 a fost implicat \u00een incidentul respectiv, \u00eencerc\u00eend s\u0103 blameze mai mult comportamentul t\u00een\u0103rului\u201d.<\/p>\n<p>\u00cen ceea ce prive\u0219te comportamentul copilului, despre care s-a spus c\u0103 i-ar fi f\u0103cut \u0219oferului semne obscene, comisarul-\u0219ef Ionu\u021b Epureanu a subliniat c\u0103, indiferent de acest aspect, reac\u021bia adultului este inacceptabil\u0103. A spus domnul Epureanu: \u201dAm v\u0103zut \u0219i eu declara\u021biile mamei t\u00een\u0103rului \u00een care inclusiv doamna recunoa\u0219te la un moment dat c\u0103 exist\u0103 posibilitatea ca minorul s\u0103 fi dep\u0103\u0219it pu\u021bin cadrul normal al unei discu\u021bii, \u00eens\u0103 din punctul meu de vedere, ca poli\u021bist, ca om, comportamentul ulterior al unui adult \u0219ofer pe un vehicul este inacceptabil\u201d.<\/p>\n<p>Comisarul \u0219ef a mai afirmat: \u201dNu s\u00eent un om care s\u0103 invoc neap\u0103rat divinitatea \u00een meseria pe care o fac sau \u00een activit\u0103\u021bile desf\u0103\u0219urate, \u00eens\u0103 nu cred c\u0103 gre\u0219esc dac\u0103 spun c\u0103 numai bunul Dumnezeu a f\u0103cut ca la evenimentul de alalt\u0103ieri s\u0103 nu existe consecin\u021be mai grave dec\u00eet au fost\u201d.<\/p>\n<p>\u00a0<\/p>\n<\/div>\n<\/div>\n<div class=\"content-inner \">\n<p>Cazul \u0219oferului care a urm\u0103rit cu ma\u0219ina un copil de 14 ani aflat pe trotinet\u0103 pe o strad\u0103 din municipiul Suceava, l-a lovit inten\u021bionat, apoi l-a b\u0103tut, este unul f\u0103r\u0103 precedent \u00een ultimii ani la Suceava, spune comisarul-\u0219ef Ionu\u021b Epureanu, purt\u0103torul de cuv\u00eent \u0219i adjunctul Inspectoratului de Poli\u021bie Jude\u021bean. \u0218oferul a fost arestat preventiv pentru 30 de zile, fiind cercetat pentru tentativ\u0103 de omor, iar copilul a sc\u0103pat, din fericire, doar cu c\u00eeteva zg\u00eerieturi.<\/p>\n<p>\u00cen cadrul unei interven\u021bii telefonice la Radio Top, domnul Epureanu a declarat: \u201dO dinamic\u0103 precum cea petrecut\u0103 mar\u021bi nu am \u00eent\u00eelnit, cel pu\u021bin \u00een ultima perioad\u0103, \u00een ultimii ani. Au mai fost situa\u021bii \u00een care anumi\u021bi \u0219oferi au utilizat vehiculul condus pentru a v\u0103t\u0103ma o alt\u0103 persoan\u0103, dar faptul care s-a \u00eent\u00eemplat alalt\u0103ieri este pentru noi \u00eengrijor\u0103tor, pentru c\u0103 acutizeaz\u0103 \u0219i o scindare social\u0103 \u00eentre utilizatorii de trotinete, mopede, motociclete, biciclete \u0219i unii dintre \u0219oferi\u201d.<\/p>\n<p>A ad\u0103ugat adjunctul IPJ Suceava: \u201dResim\u021bim uneori o stare conflictual\u0103 dus\u0103 la extrem \u00eentre categorii de participan\u021bi la trafic, iar lucrul \u0103sta, la un moment dat, \u00een mod inevitabil, explodeaz\u0103 \u0219i se ajunge \u0219i la situa\u021bii de un risc deosebit\u201d.<\/p>\n<p>Potrivit acestuia, dup\u0103 ce a lovit copilul \u0219i l-a b\u0103tut, \u0219oferul a plecat de la fa\u021ba locului, \u00eens\u0103 s-a prezentat ulterior la Poli\u021bia Municipiului Suceava. Ionu\u021b Epureanu a explicat la Radio Top c\u0103, \u00een scurt timp, poli\u021bi\u0219tii au stabilit, cu ajutorul imaginilor de pe camerele de supraveghere, ce ma\u0219in\u0103 a fost implicat\u0103 \u0219i au avut indicii clare cu privire la identitatea conduc\u0103torului auto.<\/p>\n<p>A declarat Ionu\u021b Epureanu: \u201dProbabil c\u0103, realiz\u00eend \u0219i el aceste lucruri, \u00een mai pu\u021bin de jum\u0103tate de or\u0103 s-a prezentat la sediul Poli\u021biei Municipiului Suceava, \u00eencerc\u00eend &lt;o variant\u0103 de mijloc&gt;, neasum\u00eendu-\u0219i \u00een mod total evenimentul, dar recunosc\u00eend faptul c\u0103 a fost implicat \u00een incidentul respectiv, \u00eencerc\u00eend s\u0103 blameze mai mult comportamentul t\u00een\u0103rului\u201d.<\/p>\n<p>\u00cen ceea ce prive\u0219te comportamentul copilului, despre care s-a spus c\u0103 i-ar fi f\u0103cut \u0219oferului semne obscene, comisarul-\u0219ef Ionu\u021b Epureanu a subliniat c\u0103, indiferent de acest aspect, reac\u021bia adultului este inacceptabil\u0103. A spus domnul Epureanu: \u201dAm v\u0103zut \u0219i eu declara\u021biile mamei t\u00een\u0103rului \u00een care inclusiv doamna recunoa\u0219te la un moment dat c\u0103 exist\u0103 posibilitatea ca minorul s\u0103 fi dep\u0103\u0219it pu\u021bin cadrul normal al unei discu\u021bii, \u00eens\u0103 din punctul meu de vedere, ca poli\u021bist, ca om, comportamentul ulterior al unui adult \u0219ofer pe un vehicul este inacceptabil\u201d.<\/p>\n<p>Comisarul \u0219ef a mai afirmat: \u201dNu s\u00eent un om care s\u0103 invoc neap\u0103rat divinitatea \u00een meseria pe care o fac sau \u00een activit\u0103\u021bile desf\u0103\u0219urate, \u00eens\u0103 nu cred c\u0103 gre\u0219esc dac\u0103 spun c\u0103 numai bunul Dumnezeu a f\u0103cut ca la evenimentul de alalt\u0103ieri s\u0103 nu existe consecin\u021be mai grave dec\u00eet au fost\u201d.<\/p>\n<p>\u00a0<\/p>\n<\/div>\n<p>[analyse_source url=&#8221;https:\/\/www.radiotop.ro\/actualitate\/comisarul-sef-ionut-epureanu-despre-soferul-care-a-lovit-intentionat-cu-masina-un-copil-pe-trotineta-si-apoi-l-a-batut-exista-posibilitatea-ca-minorul-sa-fi-depasit-putin-cadrul-normal-al-unei-discu.html&#8221;]<\/p>\n","protected":false},"excerpt":{"rendered":"<p>[analyse_image type=&#8221;featured&#8221; src=&#8221;https:\/\/www.radiotop.ro\/img\/media\/2025\/01\/epureanu-telefon.jpg&#8221;] Cazul \u0219oferului care a urm\u0103rit cu ma\u0219ina un copil de 14 ani aflat pe trotinet\u0103 pe o strad\u0103 din municipiul Suceava, l-a lovit inten\u021bionat, apoi l-a b\u0103tut, este unul f\u0103r\u0103 precedent \u00een ultimii ani la Suceava, spune comisarul-\u0219ef Ionu\u021b Epureanu, purt\u0103torul de cuv\u00eent \u0219i adjunctul Inspectoratului de Poli\u021bie Jude\u021bean. \u0218oferul a fost [&hellip;]<\/p>\n","protected":false},"author":1,"featured_media":0,"comment_status":"open","ping_status":"","sticky":false,"template":"","format":"standard","meta":{"footnotes":""},"categories":[89],"tags":[226,163],"class_list":["post-2060927","post","type-post","status-publish","format-standard","hentry","category-romania","tag-crawlmanager","tag-radiotop-ro"],"_links":{"self":[{"href":"https:\/\/analyse.optim.biz\/index.php?rest_route=\/wp\/v2\/posts\/2060927","targetHints":{"allow":["GET"]}}],"collection":[{"href":"https:\/\/analyse.optim.biz\/index.php?rest_route=\/wp\/v2\/posts"}],"about":[{"href":"https:\/\/analyse.optim.biz\/index.php?rest_route=\/wp\/v2\/types\/post"}],"author":[{"embeddable":true,"href":"https:\/\/analyse.optim.biz\/index.php?rest_route=\/wp\/v2\/users\/1"}],"replies":[{"embeddable":true,"href":"https:\/\/analyse.optim.biz\/index.php?rest_route=%2Fwp%2Fv2%2Fcomments&post=2060927"}],"version-history":[{"count":0,"href":"https:\/\/analyse.optim.biz\/index.php?rest_route=\/wp\/v2\/posts\/2060927\/revisions"}],"wp:attachment":[{"href":"https:\/\/analyse.optim.biz\/index.php?rest_route=%2Fwp%2Fv2%2Fmedia&parent=2060927"}],"wp:term":[{"taxonomy":"category","embeddable":true,"href":"https:\/\/analyse.optim.biz\/index.php?rest_route=%2Fwp%2Fv2%2Fcategories&post=2060927"},{"taxonomy":"post_tag","embeddable":true,"href":"https:\/\/analyse.optim.biz\/index.php?rest_route=%2Fwp%2Fv2%2Ftags&post=2060927"}],"curies":[{"name":"wp","href":"https:\/\/api.w.org\/{rel}","templated":true}]}}