{"id":2060925,"date":"2026-07-24T07:06:14","date_gmt":"2026-07-24T04:06:14","guid":{"rendered":"https:\/\/analyse.optim.biz\/?p=2060925"},"modified":"2026-07-24T07:06:14","modified_gmt":"2026-07-24T04:06:14","slug":"liberalul-tudor-placinta-asteapta-ca-dupa-numirea-unui-sef-din-psd-la-conducerea-acet-suceava-preturile-la-apa-si-canalizare-sa-scada","status":"publish","type":"post","link":"https:\/\/analyse.optim.biz\/?p=2060925","title":{"rendered":"Liberalul Tudor Pl\u0103cint\u0103 a\u0219teapt\u0103 ca, dup\u0103 numirea unui \u0219ef din PSD la conducerea ACET Suceava, pre\u021burile la ap\u0103 \u0219i canalizare s\u0103 scad\u0103"},"content":{"rendered":"<p>[analyse_image type=&#8221;featured&#8221; src=&#8221;https:\/\/www.radiotop.ro\/img\/media\/2026\/07\/acet-sediu.jpg&#8221;]<\/p>\n<div class=\"entry-content no-share\">\n<div class=\"content-inner \">\n<p>Consilierul jude\u021bean PNL Tudor Pl\u0103cint\u0103 a\u0219teapt\u0103 acum, dup\u0103 ce pre\u0219edintele PSD al Consiliului Jude\u021bean Suceava, Gheorghe \u0218oldan, l-a impus pe secretarul general al partidului, Lorand Ercse, \u00een func\u021bia de director interimar la ACET Suceava, ca pre\u021burile la ap\u0103 \u0219i canal s\u0103 scad\u0103 substan\u021bial. Domnul Pl\u0103cint\u0103 nu \u0219tie exact c\u00eete procente din ac\u021biunile ACET S.A. s\u00eent ale Consiliului Jude\u021bean \u0219i spune c\u0103 nici nu-l cunoa\u0219te personal pe Lorand Ercse.<\/p>\n<p>\u00centr-o interven\u021bie telefonic\u0103 la Radio Top, domnul Pl\u0103cint\u0103 a declarat: \u201dV\u0103 spun sincer c\u0103 m\u0103 a\u0219tept ca serviciile de ap\u0103 \u0219i canal s\u0103 se reduc\u0103 la jum\u0103tate, pentru c\u0103 atunci c\u00eend \u00ee\u021bi asumi politic numirea, este clar c\u0103 e o numire politic\u0103 a unui om politic acolo, \u00eenseamn\u0103 c\u0103 ai un plan. \u0218i cel mai bun plan,\u2026 pentru c\u0103 tot din dezbaterea public\u0103 \u0219tiu c\u0103 avem unele dintre cele mai scumpe servicii de ap\u0103 \u0219i canal din \u021bar\u0103, da? \u0218i atunci te a\u0219tep\u021bi, dom\u2019le, dac\u0103 \u0219i-a asumat politic domnul \u0218oldan o numire acolo, \u00eenseamn\u0103 c\u0103 are un plan. \u0218i eu la asta m\u0103 a\u0219tept, s\u0103 scad\u0103 pre\u021bul la jum\u0103tate. Asta e singura mea a\u0219teptare. \u0218i mai s\u00eent \u0219i alte chestiuni de comunicare, m\u0103 a\u0219tept la o comunicare un pic mai bun\u0103. Ca s\u0103 nu mai spunem \u0219i de alte chestiuni legate de re\u021bele, de celelalte, lucr\u0103rile care se desf\u0103\u0219oar\u0103, cum s\u00eent semnalizate, cum s\u00eent f\u0103cute. Adic\u0103, a\u0219tept ni\u0219te rezultate. Eu m\u0103 a\u0219tept la pre\u021buri mult mai mici fa\u021b\u0103 de ceea ce avem ast\u0103zi\u201d.<\/p>\n<p>\u00a0<\/p>\n<\/div>\n<\/div>\n<div class=\"content-inner \">\n<p>Consilierul jude\u021bean PNL Tudor Pl\u0103cint\u0103 a\u0219teapt\u0103 acum, dup\u0103 ce pre\u0219edintele PSD al Consiliului Jude\u021bean Suceava, Gheorghe \u0218oldan, l-a impus pe secretarul general al partidului, Lorand Ercse, \u00een func\u021bia de director interimar la ACET Suceava, ca pre\u021burile la ap\u0103 \u0219i canal s\u0103 scad\u0103 substan\u021bial. Domnul Pl\u0103cint\u0103 nu \u0219tie exact c\u00eete procente din ac\u021biunile ACET S.A. s\u00eent ale Consiliului Jude\u021bean \u0219i spune c\u0103 nici nu-l cunoa\u0219te personal pe Lorand Ercse.<\/p>\n<p>\u00centr-o interven\u021bie telefonic\u0103 la Radio Top, domnul Pl\u0103cint\u0103 a declarat: \u201dV\u0103 spun sincer c\u0103 m\u0103 a\u0219tept ca serviciile de ap\u0103 \u0219i canal s\u0103 se reduc\u0103 la jum\u0103tate, pentru c\u0103 atunci c\u00eend \u00ee\u021bi asumi politic numirea, este clar c\u0103 e o numire politic\u0103 a unui om politic acolo, \u00eenseamn\u0103 c\u0103 ai un plan. \u0218i cel mai bun plan,\u2026 pentru c\u0103 tot din dezbaterea public\u0103 \u0219tiu c\u0103 avem unele dintre cele mai scumpe servicii de ap\u0103 \u0219i canal din \u021bar\u0103, da? \u0218i atunci te a\u0219tep\u021bi, dom\u2019le, dac\u0103 \u0219i-a asumat politic domnul \u0218oldan o numire acolo, \u00eenseamn\u0103 c\u0103 are un plan. \u0218i eu la asta m\u0103 a\u0219tept, s\u0103 scad\u0103 pre\u021bul la jum\u0103tate. Asta e singura mea a\u0219teptare. \u0218i mai s\u00eent \u0219i alte chestiuni de comunicare, m\u0103 a\u0219tept la o comunicare un pic mai bun\u0103. Ca s\u0103 nu mai spunem \u0219i de alte chestiuni legate de re\u021bele, de celelalte, lucr\u0103rile care se desf\u0103\u0219oar\u0103, cum s\u00eent semnalizate, cum s\u00eent f\u0103cute. Adic\u0103, a\u0219tept ni\u0219te rezultate. Eu m\u0103 a\u0219tept la pre\u021buri mult mai mici fa\u021b\u0103 de ceea ce avem ast\u0103zi\u201d.<\/p>\n<p>\u00a0<\/p>\n<\/div>\n<p>[analyse_source url=&#8221;https:\/\/www.radiotop.ro\/actualitate\/liberalul-tudor-placinta-asteapta-ca-dupa-numirea-unui-sef-din-psd-la-conducerea-acet-suceava-preturile-la-apa-si-canalizare-sa-scada.html&#8221;]<\/p>\n","protected":false},"excerpt":{"rendered":"<p>[analyse_image type=&#8221;featured&#8221; src=&#8221;https:\/\/www.radiotop.ro\/img\/media\/2026\/07\/acet-sediu.jpg&#8221;] Consilierul jude\u021bean PNL Tudor Pl\u0103cint\u0103 a\u0219teapt\u0103 acum, dup\u0103 ce pre\u0219edintele PSD al Consiliului Jude\u021bean Suceava, Gheorghe \u0218oldan, l-a impus pe secretarul general al partidului, Lorand Ercse, \u00een func\u021bia de director interimar la ACET Suceava, ca pre\u021burile la ap\u0103 \u0219i canal s\u0103 scad\u0103 substan\u021bial. Domnul Pl\u0103cint\u0103 nu \u0219tie exact c\u00eete procente din ac\u021biunile [&hellip;]<\/p>\n","protected":false},"author":1,"featured_media":0,"comment_status":"open","ping_status":"","sticky":false,"template":"","format":"standard","meta":{"footnotes":""},"categories":[89],"tags":[226,163],"class_list":["post-2060925","post","type-post","status-publish","format-standard","hentry","category-romania","tag-crawlmanager","tag-radiotop-ro"],"_links":{"self":[{"href":"https:\/\/analyse.optim.biz\/index.php?rest_route=\/wp\/v2\/posts\/2060925","targetHints":{"allow":["GET"]}}],"collection":[{"href":"https:\/\/analyse.optim.biz\/index.php?rest_route=\/wp\/v2\/posts"}],"about":[{"href":"https:\/\/analyse.optim.biz\/index.php?rest_route=\/wp\/v2\/types\/post"}],"author":[{"embeddable":true,"href":"https:\/\/analyse.optim.biz\/index.php?rest_route=\/wp\/v2\/users\/1"}],"replies":[{"embeddable":true,"href":"https:\/\/analyse.optim.biz\/index.php?rest_route=%2Fwp%2Fv2%2Fcomments&post=2060925"}],"version-history":[{"count":0,"href":"https:\/\/analyse.optim.biz\/index.php?rest_route=\/wp\/v2\/posts\/2060925\/revisions"}],"wp:attachment":[{"href":"https:\/\/analyse.optim.biz\/index.php?rest_route=%2Fwp%2Fv2%2Fmedia&parent=2060925"}],"wp:term":[{"taxonomy":"category","embeddable":true,"href":"https:\/\/analyse.optim.biz\/index.php?rest_route=%2Fwp%2Fv2%2Fcategories&post=2060925"},{"taxonomy":"post_tag","embeddable":true,"href":"https:\/\/analyse.optim.biz\/index.php?rest_route=%2Fwp%2Fv2%2Ftags&post=2060925"}],"curies":[{"name":"wp","href":"https:\/\/api.w.org\/{rel}","templated":true}]}}