{"id":2060804,"date":"2026-07-25T06:05:43","date_gmt":"2026-07-25T03:05:43","guid":{"rendered":"https:\/\/analyse.optim.biz\/?p=2060804"},"modified":"2026-07-25T06:05:43","modified_gmt":"2026-07-25T03:05:43","slug":"usv-in-italia-la-jocurile-europene-universitare-cu-gindul-la-aur-handbalistii-suceveni-sint-de-patru-ori-campioni-europeni-universitari","status":"publish","type":"post","link":"https:\/\/analyse.optim.biz\/?p=2060804","title":{"rendered":"USV, \u00een Italia, la Jocurile Europene Universitare, cu g\u00eendul la aur. Handbali\u0219tii suceveni s\u00eent de patru ori campioni europeni universitari"},"content":{"rendered":"<p>[analyse_image type=&#8221;featured&#8221; src=&#8221;https:\/\/www.radiotop.ro\/img\/media\/2026\/07\/handbal-universitari-2026.jpg&#8221;]<\/p>\n<div class=\"entry-content no-share\">\n<div class=\"content-inner \">\n<p>Echipa de handbal masculin a Universit\u0103\u021bii \u201c\u015etefan cel Mare\u201d Suceava a plecat \u00een Italia, unde va reprezenta Rom\u00e2nia la Jocurile Europene Universitare. Competi\u021bia se va desf\u0103\u0219ura, la Salerno, \u00eentre 27 iulie \u0219i 1 august. Iat\u0103 lotul deplasat: Drago\u0219 Podovei, R\u0103zvan R\u00eep\u0103, Botond Balazs, Alexandru Bologa, Andrei Bruj, Codrin Dasc\u0103lu, Sorin Grigore, Teodor Iluc\u0103, Bogdan Niculaie, Codrin Radu, Bogdan Dobo\u0219eru, Eduard Rusu, Emanuel \u0218erban \u0219i C\u0103t\u0103lin Zari\u021bchi. Staff: Iulian Andrei (\u0219ef delega\u021bie), R\u0103zvan Gavriloaia (antrenor principal), Bogdan \u0218old\u0103nescu (antrenor secund), George Morari (kinetoterapeut).<\/p>\n<p>Universitatea sucevean\u0103 are \u00een palmares patru titluri de campioan\u0103 european\u0103 universitar\u0103 la handbal masculin ob\u021binute \u00een 2017, la Malaga (Spania), \u00een 2022, la Lodz (Polonia), \u00een 2023, la Podgorica (Muntenegru), \u0219i \u00een 2024, la Debrecen (Ungaria). Anul trecut, la Covilha (Portugalia), sucevenii s-au clasat pe locul II.<\/p>\n<p>Bogdan \u0218old\u0103nescu, antrenorul principal al echipei de prim\u0103 lig\u0103 CSU, care este secundul lotului universitar, a declarat: \u201ePlec\u0103m \u00eencrez\u0103tori \u0219i motiva\u021bi, \u00een primul r\u00eend s\u0103 aducem medalia de aur la Suceava. Avem o revan\u0219\u0103 de luat pentru ce s-a \u00eent\u00eemplat anul trecut, c\u00eend am pierdut, poate nemeritat, acea final\u0103. Acum ne dorim cu to\u021bii s\u0103 venim cu cea mai str\u0103lucitoare medalie la g\u00eet \u00eenapoi acas\u0103 \u0219i s\u0103 mai aducem un trofeu de campioni europeni Universit\u0103\u021bii din Suceava. Lotul este un pic \u00eembun\u0103t\u0103\u021bit fa\u021b\u0103 de anul trecut, cu mai multe solu\u021bii la 9 metri \u0219i pe partea st\u00eeng\u0103. Anul trecut am fost f\u0103r\u0103 o extrem\u0103 st\u00eeng\u0103 de meserie, pentru c\u0103 singurul care era eligibil, C\u0103t\u0103lin Zari\u021bchi, a fost accidentat. Am avut c\u00eeteva probleme pe partea aceea \u0219i a trebuit s\u0103 improviz\u0103m \u00een fiecare meci. Acum avem un lot echilibrat pe fiecare post \u0219i cred c\u0103 avem destule solu\u021bii de pe margine pentru a face fa\u021b\u0103 pe tot parcursul turneului\u201d.<\/p>\n<\/div>\n<\/div>\n<div class=\"content-inner \">\n<p>Echipa de handbal masculin a Universit\u0103\u021bii \u201c\u015etefan cel Mare\u201d Suceava a plecat \u00een Italia, unde va reprezenta Rom\u00e2nia la Jocurile Europene Universitare. Competi\u021bia se va desf\u0103\u0219ura, la Salerno, \u00eentre 27 iulie \u0219i 1 august. Iat\u0103 lotul deplasat: Drago\u0219 Podovei, R\u0103zvan R\u00eep\u0103, Botond Balazs, Alexandru Bologa, Andrei Bruj, Codrin Dasc\u0103lu, Sorin Grigore, Teodor Iluc\u0103, Bogdan Niculaie, Codrin Radu, Bogdan Dobo\u0219eru, Eduard Rusu, Emanuel \u0218erban \u0219i C\u0103t\u0103lin Zari\u021bchi. Staff: Iulian Andrei (\u0219ef delega\u021bie), R\u0103zvan Gavriloaia (antrenor principal), Bogdan \u0218old\u0103nescu (antrenor secund), George Morari (kinetoterapeut).<\/p>\n<p>Universitatea sucevean\u0103 are \u00een palmares patru titluri de campioan\u0103 european\u0103 universitar\u0103 la handbal masculin ob\u021binute \u00een 2017, la Malaga (Spania), \u00een 2022, la Lodz (Polonia), \u00een 2023, la Podgorica (Muntenegru), \u0219i \u00een 2024, la Debrecen (Ungaria). Anul trecut, la Covilha (Portugalia), sucevenii s-au clasat pe locul II.<\/p>\n<p>Bogdan \u0218old\u0103nescu, antrenorul principal al echipei de prim\u0103 lig\u0103 CSU, care este secundul lotului universitar, a declarat: \u201ePlec\u0103m \u00eencrez\u0103tori \u0219i motiva\u021bi, \u00een primul r\u00eend s\u0103 aducem medalia de aur la Suceava. Avem o revan\u0219\u0103 de luat pentru ce s-a \u00eent\u00eemplat anul trecut, c\u00eend am pierdut, poate nemeritat, acea final\u0103. Acum ne dorim cu to\u021bii s\u0103 venim cu cea mai str\u0103lucitoare medalie la g\u00eet \u00eenapoi acas\u0103 \u0219i s\u0103 mai aducem un trofeu de campioni europeni Universit\u0103\u021bii din Suceava. Lotul este un pic \u00eembun\u0103t\u0103\u021bit fa\u021b\u0103 de anul trecut, cu mai multe solu\u021bii la 9 metri \u0219i pe partea st\u00eeng\u0103. Anul trecut am fost f\u0103r\u0103 o extrem\u0103 st\u00eeng\u0103 de meserie, pentru c\u0103 singurul care era eligibil, C\u0103t\u0103lin Zari\u021bchi, a fost accidentat. Am avut c\u00eeteva probleme pe partea aceea \u0219i a trebuit s\u0103 improviz\u0103m \u00een fiecare meci. Acum avem un lot echilibrat pe fiecare post \u0219i cred c\u0103 avem destule solu\u021bii de pe margine pentru a face fa\u021b\u0103 pe tot parcursul turneului\u201d.<\/p>\n<\/div>\n<p>[analyse_source url=&#8221;https:\/\/www.radiotop.ro\/sport\/usv-in-italia-la-jocurile-europene-universitare-cu-gindul-la-aur-handbalistii-suceveni-sint-de-patru-ori-campioni-europeni-universitari.html&#8221;]<\/p>\n","protected":false},"excerpt":{"rendered":"<p>[analyse_image type=&#8221;featured&#8221; src=&#8221;https:\/\/www.radiotop.ro\/img\/media\/2026\/07\/handbal-universitari-2026.jpg&#8221;] Echipa de handbal masculin a Universit\u0103\u021bii \u201c\u015etefan cel Mare\u201d Suceava a plecat \u00een Italia, unde va reprezenta Rom\u00e2nia la Jocurile Europene Universitare. Competi\u021bia se va desf\u0103\u0219ura, la Salerno, \u00eentre 27 iulie \u0219i 1 august. Iat\u0103 lotul deplasat: Drago\u0219 Podovei, R\u0103zvan R\u00eep\u0103, Botond Balazs, Alexandru Bologa, Andrei Bruj, Codrin Dasc\u0103lu, Sorin Grigore, Teodor [&hellip;]<\/p>\n","protected":false},"author":1,"featured_media":0,"comment_status":"open","ping_status":"","sticky":false,"template":"","format":"standard","meta":{"footnotes":""},"categories":[89],"tags":[226,163],"class_list":["post-2060804","post","type-post","status-publish","format-standard","hentry","category-romania","tag-crawlmanager","tag-radiotop-ro"],"_links":{"self":[{"href":"https:\/\/analyse.optim.biz\/index.php?rest_route=\/wp\/v2\/posts\/2060804","targetHints":{"allow":["GET"]}}],"collection":[{"href":"https:\/\/analyse.optim.biz\/index.php?rest_route=\/wp\/v2\/posts"}],"about":[{"href":"https:\/\/analyse.optim.biz\/index.php?rest_route=\/wp\/v2\/types\/post"}],"author":[{"embeddable":true,"href":"https:\/\/analyse.optim.biz\/index.php?rest_route=\/wp\/v2\/users\/1"}],"replies":[{"embeddable":true,"href":"https:\/\/analyse.optim.biz\/index.php?rest_route=%2Fwp%2Fv2%2Fcomments&post=2060804"}],"version-history":[{"count":0,"href":"https:\/\/analyse.optim.biz\/index.php?rest_route=\/wp\/v2\/posts\/2060804\/revisions"}],"wp:attachment":[{"href":"https:\/\/analyse.optim.biz\/index.php?rest_route=%2Fwp%2Fv2%2Fmedia&parent=2060804"}],"wp:term":[{"taxonomy":"category","embeddable":true,"href":"https:\/\/analyse.optim.biz\/index.php?rest_route=%2Fwp%2Fv2%2Fcategories&post=2060804"},{"taxonomy":"post_tag","embeddable":true,"href":"https:\/\/analyse.optim.biz\/index.php?rest_route=%2Fwp%2Fv2%2Ftags&post=2060804"}],"curies":[{"name":"wp","href":"https:\/\/api.w.org\/{rel}","templated":true}]}}