{"id":2060803,"date":"2026-07-24T11:58:26","date_gmt":"2026-07-24T08:58:26","guid":{"rendered":"https:\/\/analyse.optim.biz\/?p=2060803"},"modified":"2026-07-24T11:58:26","modified_gmt":"2026-07-24T08:58:26","slug":"drumul-de-balast-care-leaga-burla-de-arbore-se-modernizeaza","status":"publish","type":"post","link":"https:\/\/analyse.optim.biz\/?p=2060803","title":{"rendered":"Drumul de balast care leag\u0103 Burla de Arbore se modernizeaz\u0103"},"content":{"rendered":"<p>[analyse_image type=&#8221;featured&#8221; src=&#8221;https:\/\/www.radiotop.ro\/img\/media\/2026\/07\/drum-arbore-burla-5.jpg&#8221;]<\/p>\n<div class=\"entry-content no-share\">\n<div class=\"content-inner \">\n<div class=\"jeg_preview_slider gallery_1\" data-selector=\"gallery_1\">\n<div class=\"jeg_preview_holder\">\n<div class=\"jeg_preview_media\">\n<div class=\"jeg_preview_media_holder\">\n<h3>\u00a0<\/h3>\n<div class=\"jeg_preview_control\">\n<div class=\"left_control\">\n<div class=\"counter\"><span class=\"current\">1<\/span> of  5<\/div>\n<\/div>\n<div class=\"zoom\"><span class=\"reduce\">&#8211;<\/span><span class=\"increase\">+<\/span><\/div>\n<\/div>\n<\/div>\n<\/div>\n<div class=\"jeg_preview_bottom_slider\"><a data-id=\"0\" data-title data-image=\"https:\/\/www.radiotop.ro\/img\/media\/2026\/07\/drum-arbore-burla.jpg\" href=\"https:\/\/www.radiotop.ro\/img\/media\/2026\/07\/drum-arbore-burla.jpg\" class=\"jeg_preview_item active\"><\/p>\n<div class=\"jeg_preview_item_thumbnail\"><img loading=\"lazy\" decoding=\"async\" width=\"120\" height=\"86\" src=\"https:\/\/www.radiotop.ro\/img\/media\/2026\/07\/drum-arbore-burla-120x86.jpg\" class=\"attachment-jnews-120x86 size-jnews-120x86\" alt><\/div>\n<p><\/a><a data-id=\"1\" data-title data-image=\"https:\/\/www.radiotop.ro\/img\/media\/2026\/07\/drum-arbore-burla-1.jpg\" href=\"https:\/\/www.radiotop.ro\/img\/media\/2026\/07\/drum-arbore-burla-1.jpg\" class=\"jeg_preview_item \"><\/p>\n<div class=\"jeg_preview_item_thumbnail\"><img loading=\"lazy\" decoding=\"async\" width=\"120\" height=\"86\" src=\"https:\/\/www.radiotop.ro\/img\/media\/2026\/07\/drum-arbore-burla-1-120x86.jpg\" class=\"attachment-jnews-120x86 size-jnews-120x86\" alt><\/div>\n<p><\/a><a data-id=\"2\" data-title data-image=\"https:\/\/www.radiotop.ro\/img\/media\/2026\/07\/drum-arbore-burla-2.jpg\" href=\"https:\/\/www.radiotop.ro\/img\/media\/2026\/07\/drum-arbore-burla-2.jpg\" class=\"jeg_preview_item \"><\/p>\n<div class=\"jeg_preview_item_thumbnail\"><img loading=\"lazy\" decoding=\"async\" width=\"120\" height=\"86\" src=\"https:\/\/www.radiotop.ro\/img\/media\/2026\/07\/drum-arbore-burla-2-120x86.jpg\" class=\"attachment-jnews-120x86 size-jnews-120x86\" alt><\/div>\n<p><\/a><a data-id=\"3\" data-title data-image=\"https:\/\/www.radiotop.ro\/img\/media\/2026\/07\/drum-arbore-burla-3.jpg\" href=\"https:\/\/www.radiotop.ro\/img\/media\/2026\/07\/drum-arbore-burla-3.jpg\" class=\"jeg_preview_item \"><\/p>\n<div class=\"jeg_preview_item_thumbnail\"><img loading=\"lazy\" decoding=\"async\" width=\"120\" height=\"86\" src=\"https:\/\/www.radiotop.ro\/img\/media\/2026\/07\/drum-arbore-burla-3-120x86.jpg\" class=\"attachment-jnews-120x86 size-jnews-120x86\" alt><\/div>\n<p><\/a><a data-id=\"4\" data-title data-image=\"https:\/\/www.radiotop.ro\/img\/media\/2026\/07\/drum-arbore-burla-4.jpg\" href=\"https:\/\/www.radiotop.ro\/img\/media\/2026\/07\/drum-arbore-burla-4.jpg\" class=\"jeg_preview_item \"><\/p>\n<div class=\"jeg_preview_item_thumbnail\"><img loading=\"lazy\" decoding=\"async\" width=\"120\" height=\"86\" src=\"https:\/\/www.radiotop.ro\/img\/media\/2026\/07\/drum-arbore-burla-4-120x86.jpg\" class=\"attachment-jnews-120x86 size-jnews-120x86\" alt><\/div>\n<p><\/a><\/div>\n<\/div>\n<\/div>\n<p>Pre\u0219edintele Consiliului Jude\u021bean Suceava, Gheorghe \u0218oldan, anun\u021b\u0103 c\u0103 se modernizeaz\u0103 drumul jude\u021bean DJ 178, pe tronsonul care leag\u0103 Burla de Arbore, un drum de balast de peste doi kilometri.<\/p>\n<p>Domnul \u0218oldan a declarat: \u201dLa mijlocul acestei s\u0103pt\u0103m\u00eeni am predat amplasamentul, iar constructorul s-a apucat imediat de treab\u0103. Un drum aproape impracticabil, \u00eengust, plin de denivel\u0103ri, gropi \u0219i noroi la fiecare ploaie. Mul\u021bi \u0219oferi nici m\u0103car nu se mai \u00eencumetau s\u0103 circule pe acest drum. \u00cel vom l\u0103rgi la 8 metri, cu o parte carosabil\u0103 de 6 metri, cu dou\u0103 benzi de circula\u021bie, c\u00eete una pe fiecare sens. Pe ambele p\u0103r\u021bi vor fi amenajate \u0219an\u021buri pentru preluarea apelor pluviale, vor fi ref\u0103cute accesele c\u0103tre propriet\u0103\u021bi \u0219i drumurile laterale, iar structura rutier\u0103 va fi realizat\u0103 de la zero, cu toate straturile de funda\u021bie \u0219i asfalt necesare pentru un drum modern \u0219i durabil. Un element important al proiectului \u00eel reprezint\u0103 construirea unui pod nou, cel existent urm\u00eend s\u0103 fie demolat, deoarece nu mai corespunde cerin\u021belor actuale de siguran\u021b\u0103 \u0219i de \u00eenc\u0103rcare\u201d.<\/p>\n<p>Termenul de finalizare este de 24 de luni.<\/p>\n<\/div>\n<\/div>\n<div class=\"content-inner \">\n<div class=\"jeg_preview_slider gallery_1\" data-selector=\"gallery_1\">\n<div class=\"jeg_preview_holder\">\n<div class=\"jeg_preview_media\">\n<div class=\"jeg_preview_media_holder\">\n<h3>\u00a0<\/h3>\n<div class=\"jeg_preview_control\">\n<div class=\"left_control\">\n<div class=\"counter\"><span class=\"current\">1<\/span> of  5<\/div>\n<\/div>\n<div class=\"zoom\"><span class=\"reduce\">&#8211;<\/span><span class=\"increase\">+<\/span><\/div>\n<\/div>\n<\/div>\n<\/div>\n<div class=\"jeg_preview_bottom_slider\"><a data-id=\"0\" data-title data-image=\"https:\/\/www.radiotop.ro\/img\/media\/2026\/07\/drum-arbore-burla.jpg\" href=\"https:\/\/www.radiotop.ro\/img\/media\/2026\/07\/drum-arbore-burla.jpg\" class=\"jeg_preview_item active\"><\/p>\n<div class=\"jeg_preview_item_thumbnail\"><img loading=\"lazy\" decoding=\"async\" width=\"120\" height=\"86\" src=\"https:\/\/www.radiotop.ro\/img\/media\/2026\/07\/drum-arbore-burla-120x86.jpg\" class=\"attachment-jnews-120x86 size-jnews-120x86\" alt><\/div>\n<p><\/a><a data-id=\"1\" data-title data-image=\"https:\/\/www.radiotop.ro\/img\/media\/2026\/07\/drum-arbore-burla-1.jpg\" href=\"https:\/\/www.radiotop.ro\/img\/media\/2026\/07\/drum-arbore-burla-1.jpg\" class=\"jeg_preview_item \"><\/p>\n<div class=\"jeg_preview_item_thumbnail\"><img loading=\"lazy\" decoding=\"async\" width=\"120\" height=\"86\" src=\"https:\/\/www.radiotop.ro\/img\/media\/2026\/07\/drum-arbore-burla-1-120x86.jpg\" class=\"attachment-jnews-120x86 size-jnews-120x86\" alt><\/div>\n<p><\/a><a data-id=\"2\" data-title data-image=\"https:\/\/www.radiotop.ro\/img\/media\/2026\/07\/drum-arbore-burla-2.jpg\" href=\"https:\/\/www.radiotop.ro\/img\/media\/2026\/07\/drum-arbore-burla-2.jpg\" class=\"jeg_preview_item \"><\/p>\n<div class=\"jeg_preview_item_thumbnail\"><img loading=\"lazy\" decoding=\"async\" width=\"120\" height=\"86\" src=\"https:\/\/www.radiotop.ro\/img\/media\/2026\/07\/drum-arbore-burla-2-120x86.jpg\" class=\"attachment-jnews-120x86 size-jnews-120x86\" alt><\/div>\n<p><\/a><a data-id=\"3\" data-title data-image=\"https:\/\/www.radiotop.ro\/img\/media\/2026\/07\/drum-arbore-burla-3.jpg\" href=\"https:\/\/www.radiotop.ro\/img\/media\/2026\/07\/drum-arbore-burla-3.jpg\" class=\"jeg_preview_item \"><\/p>\n<div class=\"jeg_preview_item_thumbnail\"><img loading=\"lazy\" decoding=\"async\" width=\"120\" height=\"86\" src=\"https:\/\/www.radiotop.ro\/img\/media\/2026\/07\/drum-arbore-burla-3-120x86.jpg\" class=\"attachment-jnews-120x86 size-jnews-120x86\" alt><\/div>\n<p><\/a><a data-id=\"4\" data-title data-image=\"https:\/\/www.radiotop.ro\/img\/media\/2026\/07\/drum-arbore-burla-4.jpg\" href=\"https:\/\/www.radiotop.ro\/img\/media\/2026\/07\/drum-arbore-burla-4.jpg\" class=\"jeg_preview_item \"><\/p>\n<div class=\"jeg_preview_item_thumbnail\"><img loading=\"lazy\" decoding=\"async\" width=\"120\" height=\"86\" src=\"https:\/\/www.radiotop.ro\/img\/media\/2026\/07\/drum-arbore-burla-4-120x86.jpg\" class=\"attachment-jnews-120x86 size-jnews-120x86\" alt><\/div>\n<p><\/a><\/div>\n<\/div>\n<\/div>\n<p>Pre\u0219edintele Consiliului Jude\u021bean Suceava, Gheorghe \u0218oldan, anun\u021b\u0103 c\u0103 se modernizeaz\u0103 drumul jude\u021bean DJ 178, pe tronsonul care leag\u0103 Burla de Arbore, un drum de balast de peste doi kilometri.<\/p>\n<p>Domnul \u0218oldan a declarat: \u201dLa mijlocul acestei s\u0103pt\u0103m\u00eeni am predat amplasamentul, iar constructorul s-a apucat imediat de treab\u0103. Un drum aproape impracticabil, \u00eengust, plin de denivel\u0103ri, gropi \u0219i noroi la fiecare ploaie. Mul\u021bi \u0219oferi nici m\u0103car nu se mai \u00eencumetau s\u0103 circule pe acest drum. \u00cel vom l\u0103rgi la 8 metri, cu o parte carosabil\u0103 de 6 metri, cu dou\u0103 benzi de circula\u021bie, c\u00eete una pe fiecare sens. Pe ambele p\u0103r\u021bi vor fi amenajate \u0219an\u021buri pentru preluarea apelor pluviale, vor fi ref\u0103cute accesele c\u0103tre propriet\u0103\u021bi \u0219i drumurile laterale, iar structura rutier\u0103 va fi realizat\u0103 de la zero, cu toate straturile de funda\u021bie \u0219i asfalt necesare pentru un drum modern \u0219i durabil. Un element important al proiectului \u00eel reprezint\u0103 construirea unui pod nou, cel existent urm\u00eend s\u0103 fie demolat, deoarece nu mai corespunde cerin\u021belor actuale de siguran\u021b\u0103 \u0219i de \u00eenc\u0103rcare\u201d.<\/p>\n<p>Termenul de finalizare este de 24 de luni.<\/p>\n<\/div>\n<p>[analyse_source url=&#8221;https:\/\/www.radiotop.ro\/actualitate\/drumul-de-balast-care-leaga-burla-de-arbore-se-modernizeaza.html&#8221;]<\/p>\n","protected":false},"excerpt":{"rendered":"<p>[analyse_image type=&#8221;featured&#8221; src=&#8221;https:\/\/www.radiotop.ro\/img\/media\/2026\/07\/drum-arbore-burla-5.jpg&#8221;] \u00a0 1 of 5 &#8211;+ Pre\u0219edintele Consiliului Jude\u021bean Suceava, Gheorghe \u0218oldan, anun\u021b\u0103 c\u0103 se modernizeaz\u0103 drumul jude\u021bean DJ 178, pe tronsonul care leag\u0103 Burla de Arbore, un drum de balast de peste doi kilometri. Domnul \u0218oldan a declarat: \u201dLa mijlocul acestei s\u0103pt\u0103m\u00eeni am predat amplasamentul, iar constructorul s-a apucat imediat de treab\u0103. [&hellip;]<\/p>\n","protected":false},"author":1,"featured_media":0,"comment_status":"open","ping_status":"","sticky":false,"template":"","format":"standard","meta":{"footnotes":""},"categories":[89],"tags":[226,163],"class_list":["post-2060803","post","type-post","status-publish","format-standard","hentry","category-romania","tag-crawlmanager","tag-radiotop-ro"],"_links":{"self":[{"href":"https:\/\/analyse.optim.biz\/index.php?rest_route=\/wp\/v2\/posts\/2060803","targetHints":{"allow":["GET"]}}],"collection":[{"href":"https:\/\/analyse.optim.biz\/index.php?rest_route=\/wp\/v2\/posts"}],"about":[{"href":"https:\/\/analyse.optim.biz\/index.php?rest_route=\/wp\/v2\/types\/post"}],"author":[{"embeddable":true,"href":"https:\/\/analyse.optim.biz\/index.php?rest_route=\/wp\/v2\/users\/1"}],"replies":[{"embeddable":true,"href":"https:\/\/analyse.optim.biz\/index.php?rest_route=%2Fwp%2Fv2%2Fcomments&post=2060803"}],"version-history":[{"count":0,"href":"https:\/\/analyse.optim.biz\/index.php?rest_route=\/wp\/v2\/posts\/2060803\/revisions"}],"wp:attachment":[{"href":"https:\/\/analyse.optim.biz\/index.php?rest_route=%2Fwp%2Fv2%2Fmedia&parent=2060803"}],"wp:term":[{"taxonomy":"category","embeddable":true,"href":"https:\/\/analyse.optim.biz\/index.php?rest_route=%2Fwp%2Fv2%2Fcategories&post=2060803"},{"taxonomy":"post_tag","embeddable":true,"href":"https:\/\/analyse.optim.biz\/index.php?rest_route=%2Fwp%2Fv2%2Ftags&post=2060803"}],"curies":[{"name":"wp","href":"https:\/\/api.w.org\/{rel}","templated":true}]}}