{"id":2060802,"date":"2026-07-24T11:16:20","date_gmt":"2026-07-24T08:16:20","guid":{"rendered":"https:\/\/analyse.optim.biz\/?p=2060802"},"modified":"2026-07-24T11:16:20","modified_gmt":"2026-07-24T08:16:20","slug":"99-de-cupluri-au-fost-sarbatorite-la-nunta-de-aur-organizata-de-primaria-suceava-si-arhiepiscopie","status":"publish","type":"post","link":"https:\/\/analyse.optim.biz\/?p=2060802","title":{"rendered":"99 de cupluri au fost s\u0103rb\u0103torite la \u201dNunta de Aur\u201d organizat\u0103 de Prim\u0103ria Suceava \u0219i Arhiepiscopie"},"content":{"rendered":"<p>[analyse_image type=&#8221;featured&#8221; src=&#8221;https:\/\/www.radiotop.ro\/img\/media\/2026\/07\/rimbu-damaschin-cupluri-1.jpg&#8221;]<\/p>\n<div class=\"entry-content no-share\">\n<div class=\"content-inner \">\n<p>99 de cupluri din municipiul Suceava, care au \u00eemplinit 50 de ani de c\u0103s\u0103torie, au fost s\u0103rb\u0103torite, ast\u0103zi, la \u201dNunta de Aur\u201d, eveniment organizat de Prim\u0103ria Suceava \u00een colaborare cu Arhiepiscopia Sucevei \u0219i R\u0103d\u0103u\u021bilor. Alte 100 de cupluri vor participa la evenimentul programat m\u00eeine.<\/p>\n<p>A transmis primarul Vasile R\u00eembu: \u201d99 de cupluri au mai spus azi o dat\u0103 DA, la &lt;Nunta de aur&gt; g\u0103zduit\u0103 de Arhiepiscopia Sucevei \u0219i organizat\u0103 de Prim\u0103ria Municipiului Suceava\u201d.<\/p>\n<p>Primarul Sucevei a anun\u021bat, la jum\u0103tatea acestei luni, reluarea premierii cuplurilor care au \u00eemplinit 50 de ani de c\u0103s\u0103torie. \u00cen total, aproximativ 200 de familii care au \u00eemplinit 50 de ani de c\u0103snicie din noiembrie 2024 \u0219i p\u00een\u0103 \u00een prezent urmeaz\u0103 s\u0103 fie premiate fiecare cu c\u00eete 1.000 de lei.<\/p>\n<p>La evenimentul de ast\u0103zi, Arhiepiscopia a fost reprezentat\u0103 de PreaSfin\u021bia Sa Damaschin, Episcopul Vicar.<\/p>\n<\/div>\n<\/div>\n<div class=\"content-inner \">\n<p>99 de cupluri din municipiul Suceava, care au \u00eemplinit 50 de ani de c\u0103s\u0103torie, au fost s\u0103rb\u0103torite, ast\u0103zi, la \u201dNunta de Aur\u201d, eveniment organizat de Prim\u0103ria Suceava \u00een colaborare cu Arhiepiscopia Sucevei \u0219i R\u0103d\u0103u\u021bilor. Alte 100 de cupluri vor participa la evenimentul programat m\u00eeine.<\/p>\n<p>A transmis primarul Vasile R\u00eembu: \u201d99 de cupluri au mai spus azi o dat\u0103 DA, la &lt;Nunta de aur&gt; g\u0103zduit\u0103 de Arhiepiscopia Sucevei \u0219i organizat\u0103 de Prim\u0103ria Municipiului Suceava\u201d.<\/p>\n<p>Primarul Sucevei a anun\u021bat, la jum\u0103tatea acestei luni, reluarea premierii cuplurilor care au \u00eemplinit 50 de ani de c\u0103s\u0103torie. \u00cen total, aproximativ 200 de familii care au \u00eemplinit 50 de ani de c\u0103snicie din noiembrie 2024 \u0219i p\u00een\u0103 \u00een prezent urmeaz\u0103 s\u0103 fie premiate fiecare cu c\u00eete 1.000 de lei.<\/p>\n<p>La evenimentul de ast\u0103zi, Arhiepiscopia a fost reprezentat\u0103 de PreaSfin\u021bia Sa Damaschin, Episcopul Vicar.<\/p>\n<\/div>\n<p>[analyse_source url=&#8221;https:\/\/www.radiotop.ro\/actualitate\/99-de-cupluri-au-fost-sarbatorite-la-nunta-de-aur-organizata-de-primaria-suceava-si-arhiepiscopie.html&#8221;]<\/p>\n","protected":false},"excerpt":{"rendered":"<p>[analyse_image type=&#8221;featured&#8221; src=&#8221;https:\/\/www.radiotop.ro\/img\/media\/2026\/07\/rimbu-damaschin-cupluri-1.jpg&#8221;] 99 de cupluri din municipiul Suceava, care au \u00eemplinit 50 de ani de c\u0103s\u0103torie, au fost s\u0103rb\u0103torite, ast\u0103zi, la \u201dNunta de Aur\u201d, eveniment organizat de Prim\u0103ria Suceava \u00een colaborare cu Arhiepiscopia Sucevei \u0219i R\u0103d\u0103u\u021bilor. Alte 100 de cupluri vor participa la evenimentul programat m\u00eeine. A transmis primarul Vasile R\u00eembu: \u201d99 de cupluri [&hellip;]<\/p>\n","protected":false},"author":1,"featured_media":0,"comment_status":"open","ping_status":"","sticky":false,"template":"","format":"standard","meta":{"footnotes":""},"categories":[89],"tags":[226,163],"class_list":["post-2060802","post","type-post","status-publish","format-standard","hentry","category-romania","tag-crawlmanager","tag-radiotop-ro"],"_links":{"self":[{"href":"https:\/\/analyse.optim.biz\/index.php?rest_route=\/wp\/v2\/posts\/2060802","targetHints":{"allow":["GET"]}}],"collection":[{"href":"https:\/\/analyse.optim.biz\/index.php?rest_route=\/wp\/v2\/posts"}],"about":[{"href":"https:\/\/analyse.optim.biz\/index.php?rest_route=\/wp\/v2\/types\/post"}],"author":[{"embeddable":true,"href":"https:\/\/analyse.optim.biz\/index.php?rest_route=\/wp\/v2\/users\/1"}],"replies":[{"embeddable":true,"href":"https:\/\/analyse.optim.biz\/index.php?rest_route=%2Fwp%2Fv2%2Fcomments&post=2060802"}],"version-history":[{"count":0,"href":"https:\/\/analyse.optim.biz\/index.php?rest_route=\/wp\/v2\/posts\/2060802\/revisions"}],"wp:attachment":[{"href":"https:\/\/analyse.optim.biz\/index.php?rest_route=%2Fwp%2Fv2%2Fmedia&parent=2060802"}],"wp:term":[{"taxonomy":"category","embeddable":true,"href":"https:\/\/analyse.optim.biz\/index.php?rest_route=%2Fwp%2Fv2%2Fcategories&post=2060802"},{"taxonomy":"post_tag","embeddable":true,"href":"https:\/\/analyse.optim.biz\/index.php?rest_route=%2Fwp%2Fv2%2Ftags&post=2060802"}],"curies":[{"name":"wp","href":"https:\/\/api.w.org\/{rel}","templated":true}]}}