{"id":2060801,"date":"2026-07-24T10:17:49","date_gmt":"2026-07-24T07:17:49","guid":{"rendered":"https:\/\/analyse.optim.biz\/?p=2060801"},"modified":"2026-07-24T10:17:49","modified_gmt":"2026-07-24T07:17:49","slug":"capitol-nerostit-expozitie-de-fotografie-si-grafica-la-spitalul-judetean-suceava-vindecarea-inseamna-nu-doar-tratament-ci-si-empatie-sensibilitate-si-apropiere-de-oameni","status":"publish","type":"post","link":"https:\/\/analyse.optim.biz\/?p=2060801","title":{"rendered":"\u201dCapitol Nerostit\u201d, expozi\u021bie de fotografie \u0219i grafic\u0103 la Spitalul Jude\u021bean Suceava. \u201dVindecarea \u00eenseamn\u0103 nu doar tratament, ci \u0219i empatie, sensibilitate \u0219i apropiere de oameni\u201d"},"content":{"rendered":"<p>[analyse_image type=&#8221;featured&#8221; src=&#8221;https:\/\/www.radiotop.ro\/img\/media\/2023\/05\/spital-vechi-steaguri.jpg&#8221;]<\/p>\n<div class=\"entry-content no-share\">\n<div class=\"content-inner \">\n<p>Asocia\u021bia Institutul Bucovina, \u00een colaborare cu Sec\u021bia de Boli Infec\u021bioase a Spitalului Clinic Jude\u021bean de Urgen\u021b\u0103 \u201dSf\u00eentul Ioan cel Nou\u201d Suceava, organizeaz\u0103 mar\u021bi, 28 iulie, de la ora 11.00, vernisajul expozi\u021biei de fotografie \u0219i grafic\u0103 \u201dCapitol Nerostit\u201d. Evenimentul are loc cu ocazia Zilei Mondiale de Lupt\u0103 \u00cempotriva Hepatitei, la Pavilionul de Boli Infec\u021bioase al Spitalului Jude\u021bean.<\/p>\n<p>Fotografiile realizate de Ilker Sam Da\u011fli \u0219i Casandra Burz-P\u00eenzaru-Da\u011fli, precum \u0219i lucr\u0103rile de grafic\u0103 semnate de Mihai P\u00eenzaru \u2013 PIM, vor fi prezentate \u00een cadrul expozi\u021biei, lucr\u0103rile fiind oferite pentru aceast\u0103 ini\u021biativ\u0103. Potrivit organizatorilor, evenimentul \u00ee\u0219i propune s\u0103 aduc\u0103 \u00eempreun\u0103 medicina \u0219i arta, \u201ddemonstr\u00eend c\u0103 vindecarea \u00eenseamn\u0103 nu doar tratament, ci \u0219i empatie, sensibilitate \u0219i apropiere de oameni\u201d.<\/p>\n<p>Vernisajul va include interven\u021biile curatorului Mihai P\u00eenzaru \u2013 PIM \u0219i ale criticului de art\u0103 drd. Delia-Ioana Leizeriuc, un moment muzical sus\u021binut de profesorul Johannes Raimund Onesiuc \u0219i un moment poetic oferit de Adela \u0218ulea, elev\u0103 a Colegiului Na\u021bional \u201dPetru Rare\u0219\u201d. Organizatorii spun c\u0103 expozi\u021bia este \u0219i \u201do celebrare a solidarit\u0103\u021bii \u0219i a puterii artei de a inspira, de a transmite speran\u021b\u0103 \u0219i de a sus\u021bine pacien\u021bii \u0219i cadrele medicale\u201d.<\/p>\n<p>\u00a0<\/p>\n<\/div>\n<\/div>\n<div class=\"content-inner \">\n<p>Asocia\u021bia Institutul Bucovina, \u00een colaborare cu Sec\u021bia de Boli Infec\u021bioase a Spitalului Clinic Jude\u021bean de Urgen\u021b\u0103 \u201dSf\u00eentul Ioan cel Nou\u201d Suceava, organizeaz\u0103 mar\u021bi, 28 iulie, de la ora 11.00, vernisajul expozi\u021biei de fotografie \u0219i grafic\u0103 \u201dCapitol Nerostit\u201d. Evenimentul are loc cu ocazia Zilei Mondiale de Lupt\u0103 \u00cempotriva Hepatitei, la Pavilionul de Boli Infec\u021bioase al Spitalului Jude\u021bean.<\/p>\n<p>Fotografiile realizate de Ilker Sam Da\u011fli \u0219i Casandra Burz-P\u00eenzaru-Da\u011fli, precum \u0219i lucr\u0103rile de grafic\u0103 semnate de Mihai P\u00eenzaru \u2013 PIM, vor fi prezentate \u00een cadrul expozi\u021biei, lucr\u0103rile fiind oferite pentru aceast\u0103 ini\u021biativ\u0103. Potrivit organizatorilor, evenimentul \u00ee\u0219i propune s\u0103 aduc\u0103 \u00eempreun\u0103 medicina \u0219i arta, \u201ddemonstr\u00eend c\u0103 vindecarea \u00eenseamn\u0103 nu doar tratament, ci \u0219i empatie, sensibilitate \u0219i apropiere de oameni\u201d.<\/p>\n<p>Vernisajul va include interven\u021biile curatorului Mihai P\u00eenzaru \u2013 PIM \u0219i ale criticului de art\u0103 drd. Delia-Ioana Leizeriuc, un moment muzical sus\u021binut de profesorul Johannes Raimund Onesiuc \u0219i un moment poetic oferit de Adela \u0218ulea, elev\u0103 a Colegiului Na\u021bional \u201dPetru Rare\u0219\u201d. Organizatorii spun c\u0103 expozi\u021bia este \u0219i \u201do celebrare a solidarit\u0103\u021bii \u0219i a puterii artei de a inspira, de a transmite speran\u021b\u0103 \u0219i de a sus\u021bine pacien\u021bii \u0219i cadrele medicale\u201d.<\/p>\n<p>\u00a0<\/p>\n<\/div>\n<p>[analyse_source url=&#8221;https:\/\/www.radiotop.ro\/actualitate\/capitol-nerostit-expozitie-de-fotografie-si-grafica-la-spitalul-judetean-suceava-vindecarea-inseamna-nu-doar-tratament-ci-si-empatie-sensibilitate-si-apropiere-de-oameni.html&#8221;]<\/p>\n","protected":false},"excerpt":{"rendered":"<p>[analyse_image type=&#8221;featured&#8221; src=&#8221;https:\/\/www.radiotop.ro\/img\/media\/2023\/05\/spital-vechi-steaguri.jpg&#8221;] Asocia\u021bia Institutul Bucovina, \u00een colaborare cu Sec\u021bia de Boli Infec\u021bioase a Spitalului Clinic Jude\u021bean de Urgen\u021b\u0103 \u201dSf\u00eentul Ioan cel Nou\u201d Suceava, organizeaz\u0103 mar\u021bi, 28 iulie, de la ora 11.00, vernisajul expozi\u021biei de fotografie \u0219i grafic\u0103 \u201dCapitol Nerostit\u201d. Evenimentul are loc cu ocazia Zilei Mondiale de Lupt\u0103 \u00cempotriva Hepatitei, la Pavilionul de Boli [&hellip;]<\/p>\n","protected":false},"author":1,"featured_media":0,"comment_status":"open","ping_status":"","sticky":false,"template":"","format":"standard","meta":{"footnotes":""},"categories":[89],"tags":[226,163],"class_list":["post-2060801","post","type-post","status-publish","format-standard","hentry","category-romania","tag-crawlmanager","tag-radiotop-ro"],"_links":{"self":[{"href":"https:\/\/analyse.optim.biz\/index.php?rest_route=\/wp\/v2\/posts\/2060801","targetHints":{"allow":["GET"]}}],"collection":[{"href":"https:\/\/analyse.optim.biz\/index.php?rest_route=\/wp\/v2\/posts"}],"about":[{"href":"https:\/\/analyse.optim.biz\/index.php?rest_route=\/wp\/v2\/types\/post"}],"author":[{"embeddable":true,"href":"https:\/\/analyse.optim.biz\/index.php?rest_route=\/wp\/v2\/users\/1"}],"replies":[{"embeddable":true,"href":"https:\/\/analyse.optim.biz\/index.php?rest_route=%2Fwp%2Fv2%2Fcomments&post=2060801"}],"version-history":[{"count":0,"href":"https:\/\/analyse.optim.biz\/index.php?rest_route=\/wp\/v2\/posts\/2060801\/revisions"}],"wp:attachment":[{"href":"https:\/\/analyse.optim.biz\/index.php?rest_route=%2Fwp%2Fv2%2Fmedia&parent=2060801"}],"wp:term":[{"taxonomy":"category","embeddable":true,"href":"https:\/\/analyse.optim.biz\/index.php?rest_route=%2Fwp%2Fv2%2Fcategories&post=2060801"},{"taxonomy":"post_tag","embeddable":true,"href":"https:\/\/analyse.optim.biz\/index.php?rest_route=%2Fwp%2Fv2%2Ftags&post=2060801"}],"curies":[{"name":"wp","href":"https:\/\/api.w.org\/{rel}","templated":true}]}}