{"id":2060799,"date":"2026-07-24T18:48:54","date_gmt":"2026-07-24T15:48:54","guid":{"rendered":"https:\/\/analyse.optim.biz\/?p=2060799"},"modified":"2026-07-24T18:48:54","modified_gmt":"2026-07-24T15:48:54","slug":"calendarul-zilei-25-iulie-47-de-ani-de-la-inaugurarea-pasajului-bucur-obor-obiectivul-a-fost-proiectat-si-realizat-exclusiv-de-romani-in-doar-15-luni","status":"publish","type":"post","link":"https:\/\/analyse.optim.biz\/?p=2060799","title":{"rendered":"Calendarul zilei 25 iulie: 47 de ani de la inaugurarea pasajului Bucur \u2013 Obor. Obiectivul a fost proiectat \u0219i realizat exclusiv de rom\u00e2ni, \u00een doar 15 luni"},"content":{"rendered":"<p>[analyse_image type=&#8221;featured&#8221; src=&#8221;https:\/\/r3media.ro\/wp-content\/uploads\/2022\/07\/pasajul-bucur-obor-e1658696921934.jpghttps:\/\/r3media.ro\/wp-content\/uploads\/2022\/07\/pasajul-bucur-obor-e1658696921934.jpg&#8221;]<\/p>\n<article id=\"template-id-109\" class=\"post-109 tdb_templates type-tdb_templates status-publish post\">\n<div id=\"tdi_2\" class=\"tdc-zone\">\n<div class=\"tdc_zone tdi_3  wpb_row td-pb-row\">\n<div id=\"tdi_4\" class=\"tdc-row\">\n<div class=\"vc_row tdi_5  wpb_row td-pb-row\">\n<div class=\"vc_column tdi_7  wpb_column vc_column_container tdc-column td-pb-span8\">\n<div class=\"wpb_wrapper\">\n<div class=\"td_block_wrap tdb_breadcrumbs tdi_8 td-pb-border-top td_block_template_1 tdb-breadcrumbs \" data-td-block-uid=\"tdi_8\">\n<div class=\"tdb-block-inner td-fix-index\"><span><a title=\"Vede\u021bi toate articolele \u00een PRIM PLAN\" class=\"tdb-entry-crumb\" href=\"https:\/\/r3media.ro\/category\/stiri-prim-plan\/\">PRIM PLAN<\/a><\/span><span class=\"tdb-bred-no-url-last\">Calendarul zilei 25 iulie: 47 de ani de la inaugurarea pasajului Bucur&#8230;<\/span><\/div>\n<\/div>\n<div class=\"td_block_wrap tdb_single_categories tdi_9 td-pb-border-top td_block_template_1 \" data-td-block-uid=\"tdi_9\">\n<div class=\"tdb-category td-fix-index\"><a class=\"tdb-entry-category\" href=\"https:\/\/r3media.ro\/category\/stiri-prim-plan\/\">PRIM PLAN<\/a><a class=\"tdb-entry-category\" href=\"https:\/\/r3media.ro\/category\/stiri\/\">\u0218TIRI<\/a><\/div>\n<\/div>\n<div class=\"td_block_wrap tdb_title tdi_10 tdb-single-title td-pb-border-top td_block_template_1\" data-td-block-uid=\"tdi_10\">\n<div class=\"tdb-block-inner td-fix-index\">\n<h1 class=\"tdb-title-text\">Calendarul zilei 25 iulie: 47 de ani de la inaugurarea pasajului Bucur \u2013 Obor. Obiectivul a fost proiectat \u0219i realizat exclusiv de rom\u00e2ni, \u00een doar 15 luni<\/h1>\n<\/div>\n<\/div>\n<div class=\"vc_row_inner tdi_12  vc_row vc_inner wpb_row td-pb-row\">\n<div class=\"vc_column_inner tdi_14  wpb_column vc_column_container tdc-inner-column td-pb-span12\">\n<div class=\"vc_column-inner\">\n<div class=\"wpb_wrapper\">\n<div class=\"td_block_wrap tdb_single_author tdi_15 td-pb-border-top td_block_template_1 tdb-post-meta\" data-td-block-uid=\"tdi_15\">\n<div class=\"tdb-block-inner td-fix-index\">\n<div class=\"tdb-author-name-wrap\"><a class=\"tdb-author-name\" href=\"https:\/\/r3media.ro\/author\/redactia\/\">Redac\u021bia<\/a><\/div>\n<\/div>\n<\/div>\n<div class=\"td_block_wrap tdb_single_date tdi_16 td-pb-border-top td_block_template_1 tdb-post-meta\" data-td-block-uid=\"tdi_16\">\n<div class=\"tdb-block-inner td-fix-index\"><time class=\"entry-date updated td-module-date\" datetime=\"2026-07-24T21:48:54+03:00\">24\/07\/2026<\/time><\/div>\n<\/div>\n<\/div>\n<\/div>\n<\/div>\n<\/div>\n<div class=\"td_block_wrap tdb_single_content tdi_18 td-pb-border-top td_block_template_1 td-post-content tagdiv-type\" data-td-block-uid=\"tdi_18\">\n<div class=\"tdb-block-inner td-fix-index\">\n<p><strong>Pasajul Bucur \u2013 Obor este amplasat la intersec\u021bia a patru mari artere rutiere din Bucure\u0219ti, \u0218oseaua \u0218tefan cel Mare, \u0218oseaua Mihai Bravu, Calea Mo\u0219ilor \u0219i \u0218oseaua Colentina \u0219i este pozi\u021bionat aproape perpendicular pe acestea dou\u0103 din urm\u0103.<\/strong><\/p>\n<p>\u00cen anii 70 ai secolului trecut, din cauza circula\u021biei greoaie din zon\u0103, autorit\u0103\u021bile iau decizia reamenaj\u0103rii totale a zonei, inclusiv prin construirea unui pasaj subteran pentru a fluidiza traficul.<\/p>\n<p>\u0218eful proiectului a fost numit inginerul Gheorghe Constantin, iar proiectele pasajului s-au elaborat la Institutul de Proiect\u0103ri Bucure\u0219ti, sub conducerea inginerei Siranu\u0219 Vasilache( foto).<\/p>\n<figure id=\"attachment_51158\" aria-describedby=\"caption-attachment-51158\" class=\"wp-caption aligncenter\"><figcaption id=\"caption-attachment-51158\" class=\"wp-caption-text\">Sursa foto: Revista Rom\u00e2nia pitoreasc\u0103, nr. 7. Iulie 1979.<\/figcaption><\/figure>\n<p>Execu\u021bia, estimat\u0103 s\u0103 dureze 30 de luni, a fost \u00eencredin\u021bat\u0103 Trustului de Construc\u021bii Industriale, iar lucr\u0103rile s-au desf\u0103\u0219urat cu \u00eenchiderea total\u0103 a circula\u021biei.<\/p>\n<p>Constructorii rom\u00e2ni s-au mi\u0219cat mai bine, \u00eens\u0103, \u0219i au predat lucrarea dup\u0103 15 luni. Pe 25 iulie 1979, conform Rador, pasajul a fost inaugurat de pre\u0219edintele Nicolae Ceau\u0219escu.<\/p>\n<p>Alte surse afirm\u0103 c\u0103 acest lucru s-ar fi petrecut pe 24 iulie.<\/p>\n<p>Dispozi\u021bia final\u0103 a pasajului cuprindea patru fire de circula\u021bie pentru autovehicule, c\u00e2te dou\u0103 pe fiecare sens de mers, \u0219i dou\u0103 linii de tramvai prev\u0103zute cu o sta\u021bie subteran\u0103, dotat\u0103 cu sc\u0103ri de acces c\u0103tre suprafa\u021b\u0103.<\/p>\n<p>Circula\u021bia pe direc\u021bia \u0218oseaua Colentina \u2013 Calea Mo\u0219ilor a urmat s\u0103 se fac\u0103 \u00een continuare la cota zero, \u00een timp ce circula\u021bia pe rela\u021bia \u0218oseaua \u0218tefan cel Mare \u2013 \u0218oseaua Mihai Bravu a fost introdus\u0103 \u00een subteran.<\/p>\n<p>Tot subteran a fost realizat\u0103 \u0219i o parcare cu o capacitate de 1140 de autovehicule, dispus\u0103 de o parte \u0219i de alta a c\u0103ii de circula\u021bie.<\/p>\n<p>Pasajul a fost calculat pentru un trafic de 900 de vehicule pe or\u0103, iar circula\u021bia pietonal\u0103 a fost \u0219i ea redistribuit\u0103 pe dou\u0103 niveluri, separat de fluxul auto.<\/p>\n<p>Deasupra pasajului au fost amenajate spa\u021bii verzi \u0219i covoare florale \u0219i instala\u021bi st\u00e2lpi ornamentali pentru iluminat. Lucr\u0103rile de drumuri au fost proiectate sub conducerea ing. Lidia Dobrescu, cele de rezisten\u021b\u0103 sub conducerea ing. Siranu\u0219 Vasilache, instala\u021biile electrice de c\u0103tre ing. Radu Hera, cele de instala\u021bii sanitare, canalizare \u0219i alimentare cu ap\u0103 de c\u0103tre inginerii B. Rauchwerger, Dorina Cr\u00eenga\u0219i \u0219i Ana Muntean, iar proiectul de spa\u021bii verzi \u0219i amenajare a pie\u021bei a fost realizat de arhitectul Valentin Donose.<\/p>\n<p>O nou\u0103 reamenajare a pasajului \u0219i a \u00eentregii pie\u021be a avut loc \u00een anii 2007\u20132008, c\u00e2nd au fost ref\u0103cute sistemul rutier \u0219i trotuarele, au fost a\u0219ternute mixturi asfaltice pe o suprafa\u021b\u0103 de aproximativ 37.000 m2, a fost instalat un sistem modern de management al traficului \u0219i modernizat\u0103 re\u021beaua de iluminat public, planta\u021bi circa 6.000 m2 de gazon, 13.800 de plante ornamentale \u0219i 15 arbori.<\/p>\n<p>\u0218i lucr\u0103rile de reamenajare au fost realizate numai de firme rom\u00e2ne\u0219ti: Tehnologica Radion, Metroul SA \u0219i Delta ACM 93 SRL.<\/p>\n<div class=\"crp_related     crp-masonry\">\n<h2>\u00ceN CONTEXT<\/h2>\n<ul>\n<li><a href=\"https:\/\/r3media.ro\/calendarul-zilei-4-aprilie-1944-cea-mai-neagra-zi-a-capitalei-2942-de-bucuresteni-ucisi-de-bombardamentele-americane-aviatorii-care-au-adus-moartea-au-monumente-romanii\/\" class=\"crp_link post-17571\"><span class=\"crp_title\">Calendarul zilei | 4 aprilie 1944, cea mai neagr\u0103 zi a Capitalei: 2942 de bucure\u0219teni uci\u0219i\u2026<\/span><\/a><\/li>\n<li><a href=\"https:\/\/r3media.ro\/20-septembrie-565-de-ani-de-la-atestarea-documentara-a-capitalei-romaniei-bucuresti\/\" class=\"crp_link post-101018\"><span class=\"crp_title\">20 septembrie: 566 de ani de la atestarea documentar\u0103 a capitalei Rom\u00e2niei, Bucure\u0219ti<\/span><\/a><\/li>\n<li><a href=\"https:\/\/r3media.ro\/suc-cico-bautura-carbogazoasa-fructe-naturala\/\" class=\"crp_link post-119276\"><span class=\"crp_title\">Sucul CICO, subiect de ironii azi, era singura b\u0103utura carbogazoas\u0103 f\u0103cut EXCLUSIV din\u2026<\/span><\/a><\/li>\n<li><a href=\"https:\/\/r3media.ro\/19-iunie-demolarea-bisericii-sfanta-vineri\/\" class=\"crp_link post-22961\"><span class=\"crp_title\">Calendarul zilei 19 iunie: Demolarea bisericii Sf\u00e2nta Vineri. Lumea pl\u00e2ngea \u00een hohote, iar\u2026<\/span><\/a><\/li>\n<li><a href=\"https:\/\/r3media.ro\/violente-romani-ucraineni-centrul-vechi-capitala\/\" class=\"crp_link post-116716\"><span class=\"crp_title\">Violen\u021be \u00eentre rom\u00e2ni \u0219i ucraineni \u00een Centrul Vechi al Capitalei: un ucrainean a ajuns la\u2026<\/span><\/a><\/li>\n<li><a href=\"https:\/\/r3media.ro\/furtuna-bucuresti-explicatie-stiintifica-dezinformati-media-autoritati\/\" class=\"crp_link post-119314\"><span class=\"crp_title\">Furtuna din Bucure\u0219ti: \u00eentre explica\u021bia \u0219tiin\u021bific\u0103 \u0219i isteria mediatic\u0103. Cum am fost\u2026<\/span><\/a><\/li>\n<li><a href=\"https:\/\/r3media.ro\/zambetul-de-joi-aventuri-imobiliare\/\" class=\"crp_link post-113564\"><span class=\"crp_title\">Z\u00e2mbetul de joi | Aventuri imobiliare<\/span><\/a><\/li>\n<li><a href=\"https:\/\/r3media.ro\/romanii-boteaza-copii-nume-exotice-constantin-ion-andreea-eric-mark-emma\/\" class=\"crp_link post-116282\"><span class=\"crp_title\">Rom\u00e2nii \u00ee\u0219i boteaz\u0103 tot mai des copiii cu nume exotice. Constantin, Ion \u0219i Andreea,\u2026<\/span><\/a><\/li>\n<\/ul>\n<\/div>\n<\/div>\n<\/div>\n<div class=\"td_block_wrap tdb_single_tags tdi_19 td-pb-border-top td_block_template_1\" data-td-block-uid=\"tdi_19\">\n<div class=\"tdb-block-inner td-fix-index\">\n<ul class=\"tdb-tags\">\n<li><span>SUBIECTE FIERBIN\u021aI<\/span><\/li>\n<li><a href=\"https:\/\/r3media.ro\/tag\/bucuresti\/\">Bucuresti<\/a><\/li>\n<li><a href=\"https:\/\/r3media.ro\/tag\/industria-romaneasca\/\">industria rom\u00e2neasc\u0103<\/a><\/li>\n<li><a href=\"https:\/\/r3media.ro\/tag\/istoria-bucurestiului\/\">istoria bucurestiului<\/a><\/li>\n<\/ul>\n<\/div>\n<\/div>\n<div class=\"td_block_wrap td_block_9 tdi_20 td_with_ajax_pagination td-pb-border-top td_block_template_1 td-column-2 td_block_padding td_block_bot_line\" data-td-block-uid=\"tdi_20\">\n<div class=\"td-block-title-wrap\">\n<h4 class=\"block-title td-block-title\"><span class=\"td-pulldown-size\">CITE\u0218TE MAI MULT<\/span><\/h4>\n<\/div>\n<div id=\"tdi_20\" class=\"td_block_inner\">\n<div class=\"td-block-row\">\n<div class=\"td-block-span6\">\n<div class=\"td_module_8 td_module_wrap\">\n<div class=\"item-details\">\n<h3 class=\"entry-title td-module-title\"><a href=\"https:\/\/r3media.ro\/campion-olimpic-olaf-tufte-mort-subit-50-ani\/\" rel=\"bookmark\" title=\"Campionul olimpic Olaf Tufte a murit subit la 50 de ani\">Campionul olimpic Olaf Tufte a murit subit la 50 de ani<\/a><\/h3>\n<div class=\"td-module-meta-info\"><a href=\"https:\/\/r3media.ro\/category\/actualitate\/\" class=\"td-post-category\">ACTUALITATE<\/a><span class=\"td-post-author-name\"><a href=\"https:\/\/r3media.ro\/author\/oana\/\">Oana Ivan<\/a><span>&#8211;<\/span><\/span><span class=\"td-post-date\"><time class=\"entry-date updated td-module-date\" datetime=\"2026-07-22T12:11:02+03:00\">22\/07\/2026<\/time><\/span><\/div>\n<\/div>\n<\/div>\n<\/div>\n<div class=\"td-block-span6\">\n<div class=\"td_module_8 td_module_wrap\">\n<div class=\"item-details\">\n<h3 class=\"entry-title td-module-title\"><a href=\"https:\/\/r3media.ro\/marea-britanie-apa-inteligenta-artificiala-romania-centru-ai-restrictii-consum-apa\/\" rel=\"bookmark\" title=\"Marea Britanie nu mai are suficient\u0103 ap\u0103 pentru Inteligen\u021ba Artificial\u0103, dar Rom\u00e2nia vrea s\u0103 g\u0103zduiasc\u0103 un centru AI care consum\u0103 c\u00e2t sute de mii de oameni \u0219i impune restric\u021bii la consumul de ap\u0103 al popula\u021biei\">Marea Britanie nu mai are suficient\u0103 ap\u0103 pentru Inteligen\u021ba Artificial\u0103, dar Rom\u00e2nia vrea s\u0103&#8230;<\/a><\/h3>\n<div class=\"td-module-meta-info\"><a href=\"https:\/\/r3media.ro\/category\/featured\/\" class=\"td-post-category\">FEATURED<\/a><span class=\"td-post-author-name\"><a href=\"https:\/\/r3media.ro\/author\/radu_ursan\/\">Radu Ursan<\/a><span>&#8211;<\/span><\/span><span class=\"td-post-date\"><time class=\"entry-date updated td-module-date\" datetime=\"2026-07-23T11:44:13+03:00\">23\/07\/2026<\/time><\/span><\/div>\n<\/div>\n<\/div>\n<\/div>\n<\/div>\n<div class=\"td-block-row\">\n<div class=\"td-block-span6\">\n<div class=\"td_module_8 td_module_wrap\">\n<div class=\"item-details\">\n<h3 class=\"entry-title td-module-title\"><a href=\"https:\/\/r3media.ro\/explozie-incendiu-fabrica-kronospan-brasov-video\/\" rel=\"bookmark\" title=\"VIDEO | Explozie urmat\u0103 de un incendiu la fabrica Kronospan din Bra\u0219ov. \u00cen timp ce pompierii \u00eencercau s\u0103 sting\u0103 focul s-a produs o alt\u0103 explozie\">VIDEO | Explozie urmat\u0103 de un incendiu la fabrica Kronospan din Bra\u0219ov. \u00cen timp&#8230;<\/a><\/h3>\n<div class=\"td-module-meta-info\"><a href=\"https:\/\/r3media.ro\/category\/actualitate\/\" class=\"td-post-category\">ACTUALITATE<\/a><span class=\"td-post-author-name\"><a href=\"https:\/\/r3media.ro\/author\/oana\/\">Oana Ivan<\/a><span>&#8211;<\/span><\/span><span class=\"td-post-date\"><time class=\"entry-date updated td-module-date\" datetime=\"2026-07-22T10:01:28+03:00\">22\/07\/2026<\/time><\/span><\/div>\n<\/div>\n<\/div>\n<\/div>\n<div class=\"td-block-span6\">\n<div class=\"td_module_8 td_module_wrap\">\n<div class=\"item-details\">\n<h3 class=\"entry-title td-module-title\"><a href=\"https:\/\/r3media.ro\/asa-incepe-compania-openai-afirma-un-model-de-inteligenta-artificiala-a-atacat-din-proprie-initiativa-sistemele-unei-alte-companii\/\" rel=\"bookmark\" title=\"A\u0219a \u00eencepe? Compania OpenAI afirm\u0103 un model de inteligen\u021b\u0103 artificial\u0103 a ATACAT din proprie ini\u021biativ\u0103 sistemele unei alte companii\">A\u0219a \u00eencepe? Compania OpenAI afirm\u0103 un model de inteligen\u021b\u0103 artificial\u0103 a ATACAT din proprie&#8230;<\/a><\/h3>\n<div class=\"td-module-meta-info\"><a href=\"https:\/\/r3media.ro\/category\/actualitate\/\" class=\"td-post-category\">ACTUALITATE<\/a><span class=\"td-post-author-name\"><a href=\"https:\/\/r3media.ro\/author\/teodor_stan\/\">Teodor Stan<\/a><span>&#8211;<\/span><\/span><span class=\"td-post-date\"><time class=\"entry-date updated td-module-date\" datetime=\"2026-07-22T09:10:53+03:00\">22\/07\/2026<\/time><\/span><\/div>\n<\/div>\n<\/div>\n<\/div>\n<\/div>\n<div class=\"td-block-row\">\n<div class=\"td-block-span6\">\n<div class=\"td_module_8 td_module_wrap\">\n<div class=\"item-details\">\n<h3 class=\"entry-title td-module-title\"><a href=\"https:\/\/r3media.ro\/episcopul-husilor-oameni-animale-therieni-degradare-progresism\/\" rel=\"bookmark\" title=\"Episcopul Hu\u0219ilor, despre oamenii care se cred animale: V\u0103 da\u021bi seama c\u00e2t\u0103 degradare uman\u0103 este? De ce? Pentru c\u0103 se \u00eencred \u00een progresism\">Episcopul Hu\u0219ilor, despre oamenii care se cred animale: V\u0103 da\u021bi seama c\u00e2t\u0103 degradare uman\u0103&#8230;<\/a><\/h3>\n<div class=\"td-module-meta-info\"><a href=\"https:\/\/r3media.ro\/category\/actualitate\/\" class=\"td-post-category\">ACTUALITATE<\/a><span class=\"td-post-author-name\"><a href=\"https:\/\/r3media.ro\/author\/radu_ursan\/\">Radu Ursan<\/a><span>&#8211;<\/span><\/span><span class=\"td-post-date\"><time class=\"entry-date updated td-module-date\" datetime=\"2026-07-21T19:30:46+03:00\">21\/07\/2026<\/time><\/span><\/div>\n<\/div>\n<\/div>\n<\/div>\n<div class=\"td-block-span6\">\n<div class=\"td_module_8 td_module_wrap\">\n<div class=\"item-details\">\n<h3 class=\"entry-title td-module-title\"><a href=\"https:\/\/r3media.ro\/video-cult-femeie-dumnezeu-mama-romania\/\" rel=\"bookmark\" title=\"VIDEO | Un cult care consider\u0103 o femeie coreean\u0103 drept \u201eDumnezeu Mama\u201d face prozeli\u021bi \u00een Rom\u00e2nia\">VIDEO | Un cult care consider\u0103 o femeie coreean\u0103 drept \u201eDumnezeu Mama\u201d face prozeli\u021bi&#8230;<\/a><\/h3>\n<div class=\"td-module-meta-info\"><a href=\"https:\/\/r3media.ro\/category\/actualitate\/\" class=\"td-post-category\">ACTUALITATE<\/a><span class=\"td-post-author-name\"><a href=\"https:\/\/r3media.ro\/author\/redactia\/\">Redac\u021bia<\/a><span>&#8211;<\/span><\/span><span class=\"td-post-date\"><time class=\"entry-date updated td-module-date\" datetime=\"2026-07-21T11:14:08+03:00\">21\/07\/2026<\/time><\/span><\/div>\n<\/div>\n<\/div>\n<\/div>\n<\/div>\n<div class=\"td-block-row\">\n<div class=\"td-block-span6\">\n<div class=\"td_module_8 td_module_wrap\">\n<div class=\"item-details\">\n<h3 class=\"entry-title td-module-title\"><a href=\"https:\/\/r3media.ro\/cehia-interzice-telefoanele-in-scoli\/\" rel=\"bookmark\" title=\"Cehia se preg\u0103te\u0219te s\u0103 interzic\u0103 telefoanele mobile \u00een \u0219coli\">Cehia se preg\u0103te\u0219te s\u0103 interzic\u0103 telefoanele mobile \u00een \u0219coli<\/a><\/h3>\n<div class=\"td-module-meta-info\"><a href=\"https:\/\/r3media.ro\/category\/actualitate\/\" class=\"td-post-category\">ACTUALITATE<\/a><span class=\"td-post-author-name\"><a href=\"https:\/\/r3media.ro\/author\/redactia\/\">Redac\u021bia<\/a><span>&#8211;<\/span><\/span><span class=\"td-post-date\"><time class=\"entry-date updated td-module-date\" datetime=\"2026-07-20T22:34:13+03:00\">20\/07\/2026<\/time><\/span><\/div>\n<\/div>\n<\/div>\n<\/div>\n<div class=\"td-block-span6\">\n<div class=\"td_module_8 td_module_wrap\">\n<div class=\"item-details\">\n<h3 class=\"entry-title td-module-title\"><a href=\"https:\/\/r3media.ro\/mihail-neamtu-oblgatie-romania\/\" rel=\"bookmark\" title=\"Mihail Neam\u021bu: Suntem o \u021bar\u0103 mic\u0103, iar singura obliga\u021bie a politicienilor de la Bucure\u0219ti e s\u0103 nu introduc\u0103 Rom\u00e2nia \u00eentr-un r\u0103zboi stupid \u0219i perdant\">Mihail Neam\u021bu: Suntem o \u021bar\u0103 mic\u0103, iar singura obliga\u021bie a politicienilor de la Bucure\u0219ti&#8230;<\/a><\/h3>\n<div class=\"td-module-meta-info\"><a href=\"https:\/\/r3media.ro\/category\/actualitate\/\" class=\"td-post-category\">ACTUALITATE<\/a><span class=\"td-post-author-name\"><a href=\"https:\/\/r3media.ro\/author\/redactia\/\">Redac\u021bia<\/a><span>&#8211;<\/span><\/span><span class=\"td-post-date\"><time class=\"entry-date updated td-module-date\" datetime=\"2026-07-20T22:01:16+03:00\">20\/07\/2026<\/time><\/span><\/div>\n<\/div>\n<\/div>\n<\/div>\n<\/div>\n<div class=\"td-block-row\">\n<div class=\"td-block-span6\">\n<div class=\"td_module_8 td_module_wrap\">\n<div class=\"item-details\">\n<h3 class=\"entry-title td-module-title\"><a href=\"https:\/\/r3media.ro\/petrisor-peiu-conditii-aur-vot-guvernul-vestea-nicusor-dan-solutii-bunastare-romani\/\" rel=\"bookmark\" title=\"Condi\u021biile AUR pentru a vota Guvernul Ve\u0219tea. Petri\u0219or Peiu propune solu\u021bii clare pentru bun\u0103starea rom\u00e2nilor\">Condi\u021biile AUR pentru a vota Guvernul Ve\u0219tea. Petri\u0219or Peiu propune solu\u021bii clare pentru bun\u0103starea&#8230;<\/a><\/h3>\n<div class=\"td-module-meta-info\"><a href=\"https:\/\/r3media.ro\/category\/stiri\/\" class=\"td-post-category\">\u0218TIRI<\/a><span class=\"td-post-author-name\"><a href=\"https:\/\/r3media.ro\/author\/oana\/\">Oana Ivan<\/a><span>&#8211;<\/span><\/span><span class=\"td-post-date\"><time class=\"entry-date updated td-module-date\" datetime=\"2026-06-17T10:10:31+03:00\">17\/06\/2026<\/time><\/span><\/div>\n<\/div>\n<\/div>\n<\/div>\n<div class=\"td-block-span6\">\n<div class=\"td_module_8 td_module_wrap\">\n<div class=\"item-details\">\n<h3 class=\"entry-title td-module-title\"><a href=\"https:\/\/r3media.ro\/mihail-neamtu-neeuropeana-imperiu-birocrati-bruxelles-inarmarea-germaniei\/\" rel=\"bookmark\" title=\"EXCLUSIVITATE Mihail Neam\u021bu: Exist\u0103 o tendin\u021b\u0103 neeuropean\u0103 de a se crea un imperiu condus de birocra\u021bi de la Bruxelles \/ Pericolul \u00eenarm\u0103rii Germaniei\">EXCLUSIVITATE Mihail Neam\u021bu: Exist\u0103 o tendin\u021b\u0103 neeuropean\u0103 de a se crea un imperiu condus&#8230;<\/a><\/h3>\n<div class=\"td-module-meta-info\"><a href=\"https:\/\/r3media.ro\/category\/stiri\/\" class=\"td-post-category\">\u0218TIRI<\/a><span class=\"td-post-author-name\"><a href=\"https:\/\/r3media.ro\/author\/oana\/\">Oana Ivan<\/a><span>&#8211;<\/span><\/span><span class=\"td-post-date\"><time class=\"entry-date updated td-module-date\" datetime=\"2026-06-22T09:02:12+03:00\">22\/06\/2026<\/time><\/span><\/div>\n<\/div>\n<\/div>\n<\/div>\n<\/div>\n<div class=\"td-block-row\">\n<div class=\"td-block-span6\">\n<div class=\"td_module_8 td_module_wrap\">\n<div class=\"item-details\">\n<h3 class=\"entry-title td-module-title\"><a href=\"https:\/\/r3media.ro\/spania-invinge-argentina-castiga-cupa-mondiala\/\" rel=\"bookmark\" title=\"Spania a \u00eenvins Argentina \u0219i a c\u00e2\u0219tigat Cupa Mondial\u0103 pentru a doua oar\u0103 \u00een istorie\">Spania a \u00eenvins Argentina \u0219i a c\u00e2\u0219tigat Cupa Mondial\u0103 pentru a doua oar\u0103 \u00een&#8230;<\/a><\/h3>\n<div class=\"td-module-meta-info\"><a href=\"https:\/\/r3media.ro\/category\/actualitate\/\" class=\"td-post-category\">ACTUALITATE<\/a><span class=\"td-post-author-name\"><a href=\"https:\/\/r3media.ro\/author\/oana\/\">Oana Ivan<\/a><span>&#8211;<\/span><\/span><span class=\"td-post-date\"><time class=\"entry-date updated td-module-date\" datetime=\"2026-07-20T01:04:07+03:00\">20\/07\/2026<\/time><\/span><\/div>\n<\/div>\n<\/div>\n<\/div>\n<div class=\"td-block-span6\">\n<div class=\"td_module_8 td_module_wrap\">\n<div class=\"item-details\">\n<h3 class=\"entry-title td-module-title\"><a href=\"https:\/\/r3media.ro\/prapad-busteni-valea-prahovei-statiuni-ploi-viitura-oameni-raniti-masini-avariate-case-inundate\/\" rel=\"bookmark\" title=\"VIDEO | Pr\u0103p\u0103d la Bu\u0219teni! Ploile au cauzat o viitur\u0103 care a m\u0103turat tot \u00een cale \u00een sta\u021biunile de pe valea Prahovei: oameni r\u0103ni\u021bi, ma\u0219ini avariate \u0219i locuin\u021be inundate\">VIDEO | Pr\u0103p\u0103d la Bu\u0219teni! Ploile au cauzat o viitur\u0103 care a m\u0103turat tot&#8230;<\/a><\/h3>\n<div class=\"td-module-meta-info\"><a href=\"https:\/\/r3media.ro\/category\/actualitate\/\" class=\"td-post-category\">ACTUALITATE<\/a><span class=\"td-post-author-name\"><a href=\"https:\/\/r3media.ro\/author\/oana\/\">Oana Ivan<\/a><span>&#8211;<\/span><\/span><span class=\"td-post-date\"><time class=\"entry-date updated td-module-date\" datetime=\"2026-07-19T19:07:45+03:00\">19\/07\/2026<\/time><\/span><\/div>\n<\/div>\n<\/div>\n<\/div>\n<\/div>\n<\/div>\n<div class=\"td-load-more-wrap td-load-more-infinite-wrap\" id=\"infinite-lm-tdi_20\"><a href=\"https:\/\/r3media.ro\/25-iulie-inaugurarea-pasajului-bucur-obor-realizat-romani\/\" class=\"td_ajax_load_more td_ajax_load_more_js\" aria-label=\"\u00cenc\u0103rca\u021bi mai multe\" id=\"next-page-tdi_20\" data-td_block_id=\"tdi_20\">\u00cenc\u0103rca\u021bi mai multe<\/a><\/div>\n<\/div>\n<div class=\"td_block_wrap tdb_single_comments tdi_21 tdb-comm-layout2 td-pb-border-top td_block_template_1\" data-td-block-uid=\"tdi_21\">\n<div class=\"tdb-block-inner td-fix-index\">\n<div class=\"comments\" id=\"comments\">\n<div class=\"td-comments-title-wrap td_block_template_1\">\n<h4 class=\"td-comments-title block-title\"><span>1 COMENTARIU<\/span><\/h4>\n<\/div>\n<ol class=\"comment-list\">\n<li class=\"comment \" id=\"comment-15407\">\n<article>\n<footer><cite>maxtor<\/cite><a class=\"comment-link\" href=\"https:\/\/r3media.ro\/25-iulie-inaugurarea-pasajului-bucur-obor-realizat-romani\/#comment-15407\"><time><br \/>\n27\/07\/2022\t\t\t\t\t\t    La\t\t\t\t\t\t    18:10<\/time><\/a><\/footer>\n<div class=\"comment-content\">\n<p>\u201cceaushima\u201d<\/p>\n<\/div>\n<div class=\"comment-meta\" id=\"comment-15407\"><a rel=\"nofollow\" class=\"comment-reply-link\" href=\"https:\/\/r3media.ro\/25-iulie-inaugurarea-pasajului-bucur-obor-realizat-romani\/#comment-15407\" data-commentid=\"15407\" data-postid=\"51156\" data-belowelement=\"comment-15407\" data-respondelement=\"respond\" data-replyto=\"R\u0103spunde-i lui maxtor\" aria-label=\"R\u0103spunde-i lui maxtor\">R\u0103spund<\/a><\/div>\n<\/article>\n<\/li>\n<\/ol>\n<div id=\"respond\" class=\"comment-respond\">\n<h3 id=\"reply-title\" class=\"comment-reply-title\">AI CEVA DE SPUS? <small><a rel=\"nofollow\" id=\"cancel-comment-reply-link\" href=\"https:\/\/r3media.ro\/25-iulie-inaugurarea-pasajului-bucur-obor-realizat-romani\/#respond\">Renun\u021ba\u021bi la r\u0103spuns<\/a><\/small><\/h3>\n<div class=\"comment-form-input-wrap td-form-comment\">\n<div class=\"td-warning-comment\">V\u0103 rug\u0103m s\u0103 introduce\u021bi comentariul dvs.!<\/div>\n<\/div>\n<div class=\"comment-form-input-wrap td-form-author\">\n<div class=\"td-warning-author\">Introduce\u021bi aici numele dvs.<\/div>\n<\/div>\n<div class=\"comment-form-input-wrap td-form-email\">\n<div class=\"td-warning-email-error\">A\u021bi introdus o adres\u0103 de e-mail incorect\u0103!<\/div>\n<div class=\"td-warning-email\">V\u0103 rug\u0103m s\u0103 introduce\u021bi adresa dvs. de e-mail aici<\/div>\n<\/div>\n<\/div>\n<\/div>\n<\/div>\n<\/div>\n<\/div>\n<\/div>\n<div class=\"vc_column tdi_23  wpb_column vc_column_container tdc-column td-pb-span4 td-is-sticky\">\n<div class=\"wpb_wrapper\" data-sticky-enabled-on=\"W3RydWUsdHJ1ZSx0cnVlLHRydWVd\" data-sticky-offset=\"20\" data-sticky-is-width-auto=\"W2ZhbHNlLGZhbHNlLGZhbHNlLGZhbHNlXQ==\">\n<div class=\"wpb_wrapper td_block_wrap vc_widget_sidebar tdi_25 \">\n<div class=\"td_block_wrap td_block_7 td_block_widget tdi_26 td-pb-border-top td_block_template_1 td-column-1 td_block_padding\" data-td-block-uid=\"tdi_26\">\n<div class=\"td-block-title-wrap\">\n<h4 class=\"block-title td-block-title\"><span class=\"td-pulldown-size\">Articole RELA\u021aIONATE<\/span><\/h4>\n<\/div>\n<div id=\"tdi_26\" class=\"td_block_inner\">\n<div class=\"td-block-span12\">\n<div class=\"td_module_6 td_module_wrap td-animation-stack\">\n<div class=\"td-module-thumb\"><a href=\"https:\/\/r3media.ro\/25-iulie-adormirea-sfintei-ana-mama-preasfintei-nascatoare-de-dumnezeu\/\" rel=\"bookmark\" class=\"td-image-wrap \" title=\"Calendarul zilei 25 iulie: Adormirea Sfintei Ana, mama Preasfintei N\u0103sc\u0103toare de Dumnezeu\"><img loading=\"lazy\" decoding=\"async\" class=\"entry-thumb\" src=\"https:\/\/r3media.ro\/wp-content\/uploads\/2023\/07\/sddefault-3-100x70.jpg\" alt title=\"Calendarul zilei 25 iulie: Adormirea Sfintei Ana, mama Preasfintei N\u0103sc\u0103toare de Dumnezeu\" width=\"100\" height=\"70\"><\/a><\/div>\n<div class=\"item-details\">\n<h3 class=\"entry-title td-module-title\"><a href=\"https:\/\/r3media.ro\/25-iulie-adormirea-sfintei-ana-mama-preasfintei-nascatoare-de-dumnezeu\/\" rel=\"bookmark\" title=\"Calendarul zilei 25 iulie: Adormirea Sfintei Ana, mama Preasfintei N\u0103sc\u0103toare de Dumnezeu\">Calendarul zilei 25 iulie: Adormirea Sfintei Ana, mama Preasfintei N\u0103sc\u0103toare de&#8230;<\/a><\/h3>\n<div class=\"td-module-meta-info\"><span class=\"td-post-date\"><time class=\"entry-date updated td-module-date\" datetime=\"2026-07-24T20:48:06+03:00\">24\/07\/2026<\/time><\/span><\/div>\n<\/div>\n<\/div>\n<\/div>\n<div class=\"td-block-span12\">\n<div class=\"td_module_6 td_module_wrap td-animation-stack\">\n<div class=\"td-module-thumb\"><a href=\"https:\/\/r3media.ro\/iiccmer-solicita-demolare-statuie-poet-adrian-paunescu-gradina-icoanei-bucuresti\/\" rel=\"bookmark\" class=\"td-image-wrap \" title=\"IICCMER solicit\u0103 demolarea statuii poetului Adrian P\u0103unescu din Gr\u0103dina Icoanei din Bucure\u0219ti\"><img loading=\"lazy\" decoding=\"async\" class=\"entry-thumb\" src=\"https:\/\/r3media.ro\/wp-content\/uploads\/2026\/07\/andrei-si-adrian-paunescu-100x70.jpg\" alt title=\"IICCMER solicit\u0103 demolarea statuii poetului Adrian P\u0103unescu din Gr\u0103dina Icoanei din Bucure\u0219ti\" width=\"100\" height=\"70\"><\/a><\/div>\n<div class=\"item-details\">\n<h3 class=\"entry-title td-module-title\"><a href=\"https:\/\/r3media.ro\/iiccmer-solicita-demolare-statuie-poet-adrian-paunescu-gradina-icoanei-bucuresti\/\" rel=\"bookmark\" title=\"IICCMER solicit\u0103 demolarea statuii poetului Adrian P\u0103unescu din Gr\u0103dina Icoanei din Bucure\u0219ti\">IICCMER solicit\u0103 demolarea statuii poetului Adrian P\u0103unescu din Gr\u0103dina Icoanei din&#8230;<\/a><\/h3>\n<div class=\"td-module-meta-info\"><span class=\"td-post-date\"><time class=\"entry-date updated td-module-date\" datetime=\"2026-07-24T18:53:09+03:00\">24\/07\/2026<\/time><\/span><\/div>\n<\/div>\n<\/div>\n<\/div>\n<div class=\"td-block-span12\">\n<div class=\"td_module_6 td_module_wrap td-animation-stack\">\n<div class=\"td-module-thumb\"><a href=\"https:\/\/r3media.ro\/nicusor-dan-pilot-roman-doborat-drona-spatiul-aerian-romania\/\" rel=\"bookmark\" class=\"td-image-wrap \" title=\"Nicu\u0219or Dan: O dron\u0103 a fost dobor\u00e2t\u0103 de un pilot rom\u00e2n de F-16 \u00een spa\u021biul aerian al \u021b\u0103rii\"><img loading=\"lazy\" decoding=\"async\" class=\"entry-thumb\" src=\"https:\/\/r3media.ro\/wp-content\/uploads\/2026\/05\/avion-romanesc-drona-ucraineana-100x70.jpg\" alt title=\"Nicu\u0219or Dan: O dron\u0103 a fost dobor\u00e2t\u0103 de un pilot rom\u00e2n de F-16 \u00een spa\u021biul aerian al \u021b\u0103rii\" width=\"100\" height=\"70\"><\/a><\/div>\n<div class=\"item-details\">\n<h3 class=\"entry-title td-module-title\"><a href=\"https:\/\/r3media.ro\/nicusor-dan-pilot-roman-doborat-drona-spatiul-aerian-romania\/\" rel=\"bookmark\" title=\"Nicu\u0219or Dan: O dron\u0103 a fost dobor\u00e2t\u0103 de un pilot rom\u00e2n de F-16 \u00een spa\u021biul aerian al \u021b\u0103rii\">Nicu\u0219or Dan: O dron\u0103 a fost dobor\u00e2t\u0103 de un pilot rom\u00e2n&#8230;<\/a><\/h3>\n<div class=\"td-module-meta-info\"><span class=\"td-post-date\"><time class=\"entry-date updated td-module-date\" datetime=\"2026-07-24T11:36:54+03:00\">24\/07\/2026<\/time><\/span><\/div>\n<\/div>\n<\/div>\n<\/div>\n<div class=\"td-block-span12\">\n<div class=\"td_module_6 td_module_wrap td-animation-stack\">\n<div class=\"td-module-thumb\"><a href=\"https:\/\/r3media.ro\/mihail-neamtu-aur-transparentizarea-surselor-de-finantare-a-ong-urilor-este-obligatorie-unele-dintre-ele-pun-in-pericol-interesele-romaniei\/\" rel=\"bookmark\" class=\"td-image-wrap \" title=\"Mihail Neam\u021bu (AUR): Transparentizarea surselor de finan\u021bare a ONG-urilor este obligatorie! Unele dintre ele pun \u00een pericol interesele Rom\u00e2niei\"><img loading=\"lazy\" decoding=\"async\" class=\"entry-thumb\" src=\"https:\/\/r3media.ro\/wp-content\/uploads\/2025\/06\/mihail-neamtu-camera-deputatilor-100x70.png\" alt title=\"Mihail Neam\u021bu (AUR): Transparentizarea surselor de finan\u021bare a ONG-urilor este obligatorie! Unele dintre ele pun \u00een pericol interesele Rom\u00e2niei\" width=\"100\" height=\"70\"><\/a><\/div>\n<div class=\"item-details\">\n<h3 class=\"entry-title td-module-title\"><a href=\"https:\/\/r3media.ro\/mihail-neamtu-aur-transparentizarea-surselor-de-finantare-a-ong-urilor-este-obligatorie-unele-dintre-ele-pun-in-pericol-interesele-romaniei\/\" rel=\"bookmark\" title=\"Mihail Neam\u021bu (AUR): Transparentizarea surselor de finan\u021bare a ONG-urilor este obligatorie! Unele dintre ele pun \u00een pericol interesele Rom\u00e2niei\">Mihail Neam\u021bu (AUR): Transparentizarea surselor de finan\u021bare a ONG-urilor este obligatorie!&#8230;<\/a><\/h3>\n<div class=\"td-module-meta-info\"><span class=\"td-post-date\"><time class=\"entry-date updated td-module-date\" datetime=\"2026-07-24T00:10:14+03:00\">24\/07\/2026<\/time><\/span><\/div>\n<\/div>\n<\/div>\n<\/div>\n<div class=\"td-block-span12\">\n<div class=\"td_module_6 td_module_wrap td-animation-stack\">\n<div class=\"td-module-thumb\"><a href=\"https:\/\/r3media.ro\/24-iulie-sf-mare-mc-hristina-sf-mc-ermoghen\/\" rel=\"bookmark\" class=\"td-image-wrap \" title=\"Calendarul zilei 24 iulie: Sf. Mare Mc. Hristina; Sf. Mc. Ermoghen\"><img loading=\"lazy\" decoding=\"async\" class=\"entry-thumb\" src=\"https:\/\/r3media.ro\/wp-content\/uploads\/2023\/07\/sddefault-2-100x70.jpg\" alt title=\"Calendarul zilei 24 iulie: Sf. Mare Mc. Hristina; Sf. Mc. Ermoghen\" width=\"100\" height=\"70\"><\/a><\/div>\n<div class=\"item-details\">\n<h3 class=\"entry-title td-module-title\"><a href=\"https:\/\/r3media.ro\/24-iulie-sf-mare-mc-hristina-sf-mc-ermoghen\/\" rel=\"bookmark\" title=\"Calendarul zilei 24 iulie: Sf. Mare Mc. Hristina; Sf. Mc. Ermoghen\">Calendarul zilei 24 iulie: Sf. Mare Mc. Hristina; Sf. Mc. Ermoghen<\/a><\/h3>\n<div class=\"td-module-meta-info\"><span class=\"td-post-date\"><time class=\"entry-date updated td-module-date\" datetime=\"2026-07-23T23:18:26+03:00\">23\/07\/2026<\/time><\/span><\/div>\n<\/div>\n<\/div>\n<\/div>\n<div class=\"td-block-span12\">\n<div class=\"td_module_6 td_module_wrap td-animation-stack\">\n<div class=\"td-module-thumb\"><a href=\"https:\/\/r3media.ro\/marea-britanie-apa-inteligenta-artificiala-romania-centru-ai-restrictii-consum-apa\/\" rel=\"bookmark\" class=\"td-image-wrap \" title=\"Marea Britanie nu mai are suficient\u0103 ap\u0103 pentru Inteligen\u021ba Artificial\u0103, dar Rom\u00e2nia vrea s\u0103 g\u0103zduiasc\u0103 un centru AI care consum\u0103 c\u00e2t sute de mii de oameni \u0219i impune restric\u021bii la consumul de ap\u0103 al popula\u021biei\"><img loading=\"lazy\" decoding=\"async\" class=\"entry-thumb\" src=\"https:\/\/r3media.ro\/wp-content\/uploads\/2026\/07\/centru-date-ai-consum-apa-100x70.png\" alt title=\"Marea Britanie nu mai are suficient\u0103 ap\u0103 pentru Inteligen\u021ba Artificial\u0103, dar Rom\u00e2nia vrea s\u0103 g\u0103zduiasc\u0103 un centru AI care consum\u0103 c\u00e2t sute de mii de oameni \u0219i impune restric\u021bii la consumul de ap\u0103 al popula\u021biei\" width=\"100\" height=\"70\"><\/a><\/div>\n<div class=\"item-details\">\n<h3 class=\"entry-title td-module-title\"><a href=\"https:\/\/r3media.ro\/marea-britanie-apa-inteligenta-artificiala-romania-centru-ai-restrictii-consum-apa\/\" rel=\"bookmark\" title=\"Marea Britanie nu mai are suficient\u0103 ap\u0103 pentru Inteligen\u021ba Artificial\u0103, dar Rom\u00e2nia vrea s\u0103 g\u0103zduiasc\u0103 un centru AI care consum\u0103 c\u00e2t sute de mii de oameni \u0219i impune restric\u021bii la consumul de ap\u0103 al popula\u021biei\">Marea Britanie nu mai are suficient\u0103 ap\u0103 pentru Inteligen\u021ba Artificial\u0103, dar&#8230;<\/a><\/h3>\n<div class=\"td-module-meta-info\"><span class=\"td-post-date\"><time class=\"entry-date updated td-module-date\" datetime=\"2026-07-23T11:44:13+03:00\">23\/07\/2026<\/time><\/span><\/div>\n<\/div>\n<\/div>\n<\/div>\n<div class=\"td-block-span12\">\n<div class=\"td_module_6 td_module_wrap td-animation-stack\">\n<div class=\"td-module-thumb\"><a href=\"https:\/\/r3media.ro\/pretul-gazelor-romania-razboi-ucraina\/\" rel=\"bookmark\" class=\"td-image-wrap \" title=\"Pre\u021bul gazelor a explodat \u00een Rom\u00e2nia, la cel mai \u00eenalt nivel de la declan\u0219area r\u0103zboiului din Ucraina\"><img loading=\"lazy\" decoding=\"async\" class=\"entry-thumb\" src=\"https:\/\/r3media.ro\/wp-content\/uploads\/2020\/12\/contor-facebook-100x70.jpg\" alt title=\"Pre\u021bul gazelor a explodat \u00een Rom\u00e2nia, la cel mai \u00eenalt nivel de la declan\u0219area r\u0103zboiului din Ucraina\" width=\"100\" height=\"70\"><\/a><\/div>\n<div class=\"item-details\">\n<h3 class=\"entry-title td-module-title\"><a href=\"https:\/\/r3media.ro\/pretul-gazelor-romania-razboi-ucraina\/\" rel=\"bookmark\" title=\"Pre\u021bul gazelor a explodat \u00een Rom\u00e2nia, la cel mai \u00eenalt nivel de la declan\u0219area r\u0103zboiului din Ucraina\">Pre\u021bul gazelor a explodat \u00een Rom\u00e2nia, la cel mai \u00eenalt nivel&#8230;<\/a><\/h3>\n<div class=\"td-module-meta-info\"><span class=\"td-post-date\"><time class=\"entry-date updated td-module-date\" datetime=\"2026-07-23T10:19:38+03:00\">23\/07\/2026<\/time><\/span><\/div>\n<\/div>\n<\/div>\n<\/div>\n<\/div>\n<\/div>\n<aside class=\"td_block_template_1 widget widget_recent_comments\">\n<h4 class=\"block-title\"><span>INTR\u0102 \u00ceN DISCU\u021aIE!<\/span><\/h4>\n<ul id=\"recentcomments\">\n<li class=\"recentcomments\"><span class=\"comment-author-link\">Eu<\/span> la <a href=\"https:\/\/r3media.ro\/mihail-neamtu-aur-transparentizarea-surselor-de-finantare-a-ong-urilor-este-obligatorie-unele-dintre-ele-pun-in-pericol-interesele-romaniei\/#comment-40308\">Mihail Neam\u021bu (AUR): Transparentizarea surselor de finan\u021bare a ONG-urilor este obligatorie! Unele dintre ele pun \u00een pericol interesele Rom\u00e2niei<\/a><\/li>\n<li class=\"recentcomments\"><span class=\"comment-author-link\">Mamarica<\/span> la <a href=\"https:\/\/r3media.ro\/marea-britanie-apa-inteligenta-artificiala-romania-centru-ai-restrictii-consum-apa\/#comment-40307\">Marea Britanie nu mai are suficient\u0103 ap\u0103 pentru Inteligen\u021ba Artificial\u0103, dar Rom\u00e2nia vrea s\u0103 g\u0103zduiasc\u0103 un centru AI care consum\u0103 c\u00e2t sute de mii de oameni \u0219i impune restric\u021bii la consumul de ap\u0103 al popula\u021biei<\/a><\/li>\n<li class=\"recentcomments\"><span class=\"comment-author-link\">Redac\u021bia<\/span> la <a href=\"https:\/\/r3media.ro\/marea-britanie-apa-inteligenta-artificiala-romania-centru-ai-restrictii-consum-apa\/#comment-40306\">Marea Britanie nu mai are suficient\u0103 ap\u0103 pentru Inteligen\u021ba Artificial\u0103, dar Rom\u00e2nia vrea s\u0103 g\u0103zduiasc\u0103 un centru AI care consum\u0103 c\u00e2t sute de mii de oameni \u0219i impune restric\u021bii la consumul de ap\u0103 al popula\u021biei<\/a><\/li>\n<li class=\"recentcomments\"><span class=\"comment-author-link\">Luminita<\/span> la <a href=\"https:\/\/r3media.ro\/marea-britanie-apa-inteligenta-artificiala-romania-centru-ai-restrictii-consum-apa\/#comment-40305\">Marea Britanie nu mai are suficient\u0103 ap\u0103 pentru Inteligen\u021ba Artificial\u0103, dar Rom\u00e2nia vrea s\u0103 g\u0103zduiasc\u0103 un centru AI care consum\u0103 c\u00e2t sute de mii de oameni \u0219i impune restric\u021bii la consumul de ap\u0103 al popula\u021biei<\/a><\/li>\n<li class=\"recentcomments\"><span class=\"comment-author-link\">Redac\u021bia<\/span> la <a href=\"https:\/\/r3media.ro\/marea-britanie-apa-inteligenta-artificiala-romania-centru-ai-restrictii-consum-apa\/#comment-40304\">Marea Britanie nu mai are suficient\u0103 ap\u0103 pentru Inteligen\u021ba Artificial\u0103, dar Rom\u00e2nia vrea s\u0103 g\u0103zduiasc\u0103 un centru AI care consum\u0103 c\u00e2t sute de mii de oameni \u0219i impune restric\u021bii la consumul de ap\u0103 al popula\u021biei<\/a><\/li>\n<li class=\"recentcomments\"><span class=\"comment-author-link\">RaduD<\/span> la <a href=\"https:\/\/r3media.ro\/asa-incepe-compania-openai-afirma-un-model-de-inteligenta-artificiala-a-atacat-din-proprie-initiativa-sistemele-unei-alte-companii\/#comment-40302\">A\u0219a \u00eencepe? Compania OpenAI afirm\u0103 un model de inteligen\u021b\u0103 artificial\u0103 a ATACAT din proprie ini\u021biativ\u0103 sistemele unei alte companii<\/a><\/li>\n<li class=\"recentcomments\"><span class=\"comment-author-link\">Funny<\/span> la <a href=\"https:\/\/r3media.ro\/marea-britanie-apa-inteligenta-artificiala-romania-centru-ai-restrictii-consum-apa\/#comment-40300\">Marea Britanie nu mai are suficient\u0103 ap\u0103 pentru Inteligen\u021ba Artificial\u0103, dar Rom\u00e2nia vrea s\u0103 g\u0103zduiasc\u0103 un centru AI care consum\u0103 c\u00e2t sute de mii de oameni \u0219i impune restric\u021bii la consumul de ap\u0103 al popula\u021biei<\/a><\/li>\n<\/ul>\n<\/aside>\n<aside class=\"td_block_template_1 widget widget_search\">\n<h4 class=\"block-title\"><span>CAUT\u0102 \u0218I VEI G\u0102SI<\/span><\/h4>\n<\/aside>\n<\/div>\n<\/div>\n<\/div>\n<\/div>\n<\/div>\n<\/div>\n<\/div>\n<p><span class=\"td-page-meta\"><\/span><span class=\"td-page-meta\"><span class=\"td-page-meta\"><\/span><\/span><span class=\"td-page-meta\"><\/span><\/article>\n<\/p>\n<div class=\"td_block_wrap tdb_single_content tdi_18 td-pb-border-top td_block_template_1 td-post-content tagdiv-type\" data-td-block-uid=\"tdi_18\">\n<div class=\"tdb-block-inner td-fix-index\">\n<p><strong>Pasajul Bucur \u2013 Obor este amplasat la intersec\u021bia a patru mari artere rutiere din Bucure\u0219ti, \u0218oseaua \u0218tefan cel Mare, \u0218oseaua Mihai Bravu, Calea Mo\u0219ilor \u0219i \u0218oseaua Colentina \u0219i este pozi\u021bionat aproape perpendicular pe acestea dou\u0103 din urm\u0103.<\/strong><\/p>\n<p>\u00cen anii 70 ai secolului trecut, din cauza circula\u021biei greoaie din zon\u0103, autorit\u0103\u021bile iau decizia reamenaj\u0103rii totale a zonei, inclusiv prin construirea unui pasaj subteran pentru a fluidiza traficul.<\/p>\n<p>\u0218eful proiectului a fost numit inginerul Gheorghe Constantin, iar proiectele pasajului s-au elaborat la Institutul de Proiect\u0103ri Bucure\u0219ti, sub conducerea inginerei Siranu\u0219 Vasilache( foto).<\/p>\n<figure id=\"attachment_51158\" aria-describedby=\"caption-attachment-51158\" class=\"wp-caption aligncenter\"><figcaption id=\"caption-attachment-51158\" class=\"wp-caption-text\">Sursa foto: Revista Rom\u00e2nia pitoreasc\u0103, nr. 7. Iulie 1979.<\/figcaption><\/figure>\n<p>Execu\u021bia, estimat\u0103 s\u0103 dureze 30 de luni, a fost \u00eencredin\u021bat\u0103 Trustului de Construc\u021bii Industriale, iar lucr\u0103rile s-au desf\u0103\u0219urat cu \u00eenchiderea total\u0103 a circula\u021biei.<\/p>\n<p>Constructorii rom\u00e2ni s-au mi\u0219cat mai bine, \u00eens\u0103, \u0219i au predat lucrarea dup\u0103 15 luni. Pe 25 iulie 1979, conform Rador, pasajul a fost inaugurat de pre\u0219edintele Nicolae Ceau\u0219escu.<\/p>\n<p>Alte surse afirm\u0103 c\u0103 acest lucru s-ar fi petrecut pe 24 iulie.<\/p>\n<p>Dispozi\u021bia final\u0103 a pasajului cuprindea patru fire de circula\u021bie pentru autovehicule, c\u00e2te dou\u0103 pe fiecare sens de mers, \u0219i dou\u0103 linii de tramvai prev\u0103zute cu o sta\u021bie subteran\u0103, dotat\u0103 cu sc\u0103ri de acces c\u0103tre suprafa\u021b\u0103.<\/p>\n<p>Circula\u021bia pe direc\u021bia \u0218oseaua Colentina \u2013 Calea Mo\u0219ilor a urmat s\u0103 se fac\u0103 \u00een continuare la cota zero, \u00een timp ce circula\u021bia pe rela\u021bia \u0218oseaua \u0218tefan cel Mare \u2013 \u0218oseaua Mihai Bravu a fost introdus\u0103 \u00een subteran.<\/p>\n<p>Tot subteran a fost realizat\u0103 \u0219i o parcare cu o capacitate de 1140 de autovehicule, dispus\u0103 de o parte \u0219i de alta a c\u0103ii de circula\u021bie.<\/p>\n<p>Pasajul a fost calculat pentru un trafic de 900 de vehicule pe or\u0103, iar circula\u021bia pietonal\u0103 a fost \u0219i ea redistribuit\u0103 pe dou\u0103 niveluri, separat de fluxul auto.<\/p>\n<p>Deasupra pasajului au fost amenajate spa\u021bii verzi \u0219i covoare florale \u0219i instala\u021bi st\u00e2lpi ornamentali pentru iluminat. Lucr\u0103rile de drumuri au fost proiectate sub conducerea ing. Lidia Dobrescu, cele de rezisten\u021b\u0103 sub conducerea ing. Siranu\u0219 Vasilache, instala\u021biile electrice de c\u0103tre ing. Radu Hera, cele de instala\u021bii sanitare, canalizare \u0219i alimentare cu ap\u0103 de c\u0103tre inginerii B. Rauchwerger, Dorina Cr\u00eenga\u0219i \u0219i Ana Muntean, iar proiectul de spa\u021bii verzi \u0219i amenajare a pie\u021bei a fost realizat de arhitectul Valentin Donose.<\/p>\n<p>O nou\u0103 reamenajare a pasajului \u0219i a \u00eentregii pie\u021be a avut loc \u00een anii 2007\u20132008, c\u00e2nd au fost ref\u0103cute sistemul rutier \u0219i trotuarele, au fost a\u0219ternute mixturi asfaltice pe o suprafa\u021b\u0103 de aproximativ 37.000 m2, a fost instalat un sistem modern de management al traficului \u0219i modernizat\u0103 re\u021beaua de iluminat public, planta\u021bi circa 6.000 m2 de gazon, 13.800 de plante ornamentale \u0219i 15 arbori.<\/p>\n<p>\u0218i lucr\u0103rile de reamenajare au fost realizate numai de firme rom\u00e2ne\u0219ti: Tehnologica Radion, Metroul SA \u0219i Delta ACM 93 SRL.<\/p>\n<div class=\"crp_related     crp-masonry\">\n<h2>\u00ceN CONTEXT<\/h2>\n<ul>\n<li><a href=\"https:\/\/r3media.ro\/calendarul-zilei-4-aprilie-1944-cea-mai-neagra-zi-a-capitalei-2942-de-bucuresteni-ucisi-de-bombardamentele-americane-aviatorii-care-au-adus-moartea-au-monumente-romanii\/\" class=\"crp_link post-17571\"><span class=\"crp_title\">Calendarul zilei | 4 aprilie 1944, cea mai neagr\u0103 zi a Capitalei: 2942 de bucure\u0219teni uci\u0219i\u2026<\/span><\/a><\/li>\n<li><a href=\"https:\/\/r3media.ro\/20-septembrie-565-de-ani-de-la-atestarea-documentara-a-capitalei-romaniei-bucuresti\/\" class=\"crp_link post-101018\"><span class=\"crp_title\">20 septembrie: 566 de ani de la atestarea documentar\u0103 a capitalei Rom\u00e2niei, Bucure\u0219ti<\/span><\/a><\/li>\n<li><a href=\"https:\/\/r3media.ro\/suc-cico-bautura-carbogazoasa-fructe-naturala\/\" class=\"crp_link post-119276\"><span class=\"crp_title\">Sucul CICO, subiect de ironii azi, era singura b\u0103utura carbogazoas\u0103 f\u0103cut EXCLUSIV din\u2026<\/span><\/a><\/li>\n<li><a href=\"https:\/\/r3media.ro\/19-iunie-demolarea-bisericii-sfanta-vineri\/\" class=\"crp_link post-22961\"><span class=\"crp_title\">Calendarul zilei 19 iunie: Demolarea bisericii Sf\u00e2nta Vineri. Lumea pl\u00e2ngea \u00een hohote, iar\u2026<\/span><\/a><\/li>\n<li><a href=\"https:\/\/r3media.ro\/violente-romani-ucraineni-centrul-vechi-capitala\/\" class=\"crp_link post-116716\"><span class=\"crp_title\">Violen\u021be \u00eentre rom\u00e2ni \u0219i ucraineni \u00een Centrul Vechi al Capitalei: un ucrainean a ajuns la\u2026<\/span><\/a><\/li>\n<li><a href=\"https:\/\/r3media.ro\/furtuna-bucuresti-explicatie-stiintifica-dezinformati-media-autoritati\/\" class=\"crp_link post-119314\"><span class=\"crp_title\">Furtuna din Bucure\u0219ti: \u00eentre explica\u021bia \u0219tiin\u021bific\u0103 \u0219i isteria mediatic\u0103. Cum am fost\u2026<\/span><\/a><\/li>\n<li><a href=\"https:\/\/r3media.ro\/zambetul-de-joi-aventuri-imobiliare\/\" class=\"crp_link post-113564\"><span class=\"crp_title\">Z\u00e2mbetul de joi | Aventuri imobiliare<\/span><\/a><\/li>\n<li><a href=\"https:\/\/r3media.ro\/romanii-boteaza-copii-nume-exotice-constantin-ion-andreea-eric-mark-emma\/\" class=\"crp_link post-116282\"><span class=\"crp_title\">Rom\u00e2nii \u00ee\u0219i boteaz\u0103 tot mai des copiii cu nume exotice. Constantin, Ion \u0219i Andreea,\u2026<\/span><\/a><\/li>\n<\/ul>\n<\/div>\n<\/div>\n<\/div>\n<p>[analyse_source url=&#8221;https:\/\/r3media.ro\/25-iulie-inaugurarea-pasajului-bucur-obor-realizat-romani\/&#8221;]<\/p>\n","protected":false},"excerpt":{"rendered":"<p>[analyse_image type=&#8221;featured&#8221; src=&#8221;https:\/\/r3media.ro\/wp-content\/uploads\/2022\/07\/pasajul-bucur-obor-e1658696921934.jpghttps:\/\/r3media.ro\/wp-content\/uploads\/2022\/07\/pasajul-bucur-obor-e1658696921934.jpg&#8221;] PRIM PLANCalendarul zilei 25 iulie: 47 de ani de la inaugurarea pasajului Bucur&#8230; PRIM PLAN\u0218TIRI Calendarul zilei 25 iulie: 47 de ani de la inaugurarea pasajului Bucur \u2013 Obor. Obiectivul a fost proiectat \u0219i realizat exclusiv de rom\u00e2ni, \u00een doar 15 luni Redac\u021bia 24\/07\/2026 Pasajul Bucur \u2013 Obor este amplasat la intersec\u021bia [&hellip;]<\/p>\n","protected":false},"author":1,"featured_media":0,"comment_status":"open","ping_status":"","sticky":false,"template":"","format":"standard","meta":{"footnotes":""},"categories":[89],"tags":[226,93],"class_list":["post-2060799","post","type-post","status-publish","format-standard","hentry","category-romania","tag-crawlmanager","tag-r3media-ro"],"_links":{"self":[{"href":"https:\/\/analyse.optim.biz\/index.php?rest_route=\/wp\/v2\/posts\/2060799","targetHints":{"allow":["GET"]}}],"collection":[{"href":"https:\/\/analyse.optim.biz\/index.php?rest_route=\/wp\/v2\/posts"}],"about":[{"href":"https:\/\/analyse.optim.biz\/index.php?rest_route=\/wp\/v2\/types\/post"}],"author":[{"embeddable":true,"href":"https:\/\/analyse.optim.biz\/index.php?rest_route=\/wp\/v2\/users\/1"}],"replies":[{"embeddable":true,"href":"https:\/\/analyse.optim.biz\/index.php?rest_route=%2Fwp%2Fv2%2Fcomments&post=2060799"}],"version-history":[{"count":0,"href":"https:\/\/analyse.optim.biz\/index.php?rest_route=\/wp\/v2\/posts\/2060799\/revisions"}],"wp:attachment":[{"href":"https:\/\/analyse.optim.biz\/index.php?rest_route=%2Fwp%2Fv2%2Fmedia&parent=2060799"}],"wp:term":[{"taxonomy":"category","embeddable":true,"href":"https:\/\/analyse.optim.biz\/index.php?rest_route=%2Fwp%2Fv2%2Fcategories&post=2060799"},{"taxonomy":"post_tag","embeddable":true,"href":"https:\/\/analyse.optim.biz\/index.php?rest_route=%2Fwp%2Fv2%2Ftags&post=2060799"}],"curies":[{"name":"wp","href":"https:\/\/api.w.org\/{rel}","templated":true}]}}