{"id":206050,"date":"2014-05-08T20:49:03","date_gmt":"2014-05-08T17:49:03","guid":{"rendered":"https:\/\/analyse.optim.biz\/?p=206050"},"modified":"2014-05-08T20:49:03","modified_gmt":"2014-05-08T17:49:03","slug":"traian-basescu-premierul-minte-cand-spune-ca-nu-a-dorit-decorarea-lui-marcel-opris-din-cauza-accidentului-aviatic","status":"publish","type":"post","link":"https:\/\/analyse.optim.biz\/?p=206050","title":{"rendered":"Traian B\u0103sescu: Premierul minte c\u00e2nd spune c\u0103 nu a dorit decorarea lui Marcel Opri\u015f din cauza accidentului aviatic"},"content":{"rendered":"<div class=\"entry data-app-meta data-app-meta-article\" data-embed-base-url-canonical=\"https:\/\/www.digi24.ro\/embed\/stiri\/actualitate\/politica\/traian-basescu-premierul-minte-cand-spune-ca-nu-a-dorit-decorarea-lui-marcel-opris-din-cauza-accidentului-aviatic-240490\">\n<p data-index=\"1\"><img decoding=\"async\" src=\"https:\/\/analyse.optim.biz\/wp-content\/uploads\/2024\/09\/jmhhc2g9odq5mjfhzmy1mjuyotlmmwi1zjy3nzrmnde3zgninte-thumb_.jpg\" data-skip-htmlfix=\"1\" title=\"jmhhc2g9odq5mjfhzmy1mjuyotlmmwi1zjy3nzrmnde3zgninte-thumb_\"><\/p>\n<p data-index=\"2\">\u201e<span>Minte, pentru c\u0103 decorarea generalului<strong> Marcel Opri\u015f (foto)<\/strong> a fost propus\u0103 pe data de 11 noiembrie 2013, al\u0103turi de multe alte decrete de decorare, specifice ac\u0163iunilor care se desf\u0103\u015foar\u0103 \u00een preajma Zilei na\u0163ionale. Este evident c\u0103 premierul nu a vrut s\u0103 contrasemneze acest decret\u201d, a spus Traian B\u0103sescu, potrivit Mediafax.\u00a0<\/span><\/p>\n<p data-index=\"3\">El a explicat c\u0103 a fost evident c\u0103 premierul nu a dorit s\u0103 \u00eel decoreze pe marcel Opri\u015f, dar faptul c\u0103 a venit \u015fi a declarat c\u0103 a f\u0103cut acest gest din cauza accidentului aviatic, care a avut loc dou\u0103 luni mai t\u00e2rziu, pe 20 ianuarie 2014, face parte din \u201emodul de a min\u0163i a acestui premier\u201d.<\/p>\n<p data-index=\"4\">\u201eA vrut de la bun \u00eenceput s\u0103 nu \u00eel decoreze, s\u0103 p\u00e2ndeasc\u0103 momente pentru a-\u015fi lua \u00een subordine STS, a\u015fa cum a f\u0103cut-o cu DGIPI, cu Poli\u0163ia, cu Direc\u0163ia de Informa\u0163ii a Armatei. Este goana dup\u0103 putere absolut\u0103 a acestui individ\u201d, a mai afirmat T. B\u0103sescu.<\/p>\n<p data-index=\"5\">Premierul Victor Ponta a declarat c\u0103 va contrasemna decretul de decorare \u015fi pentru \u015feful STS, Marcel Opri\u015f, \u00een cazul \u00een care Curtea Constitu\u0163ional\u0103 va decide \u00een acest sens, ar\u0103t\u00e2nd \u00eens\u0103 c\u0103 decorarea acestuia este o gre\u015feal\u0103 \u00een condi\u0163iile \u00een care \u015fi-a p\u0103strat \u015fi func\u0163ia dup\u0103 accidentul din Apuseni. \u00a0<\/p>\n<\/div>\n<p> Source URL: https:\/\/www.digi24.ro\/stiri\/actualitate\/politica\/traian-basescu-premierul-minte-cand-spune-ca-nu-a-dorit-decorarea-lui-marcel-opris-din-cauza-accidentului-aviatic-240490<\/p>\n","protected":false},"excerpt":{"rendered":"<p>\u201eMinte, pentru c\u0103 decorarea generalului Marcel Opri\u015f (foto) a fost propus\u0103 pe data de 11 noiembrie 2013, al\u0103turi de multe alte decrete de decorare, specifice ac\u0163iunilor care se desf\u0103\u015foar\u0103 \u00een preajma Zilei na\u0163ionale. Este evident c\u0103 premierul nu a vrut s\u0103 contrasemneze acest decret\u201d, a spus Traian B\u0103sescu, potrivit Mediafax.\u00a0 El a explicat c\u0103 a [&hellip;]<\/p>\n","protected":false},"author":1,"featured_media":206051,"comment_status":"open","ping_status":"","sticky":false,"template":"","format":"standard","meta":{"footnotes":""},"categories":[2],"tags":[11],"class_list":["post-206050","post","type-post","status-publish","format-standard","has-post-thumbnail","hentry","category-politics","tag-digi24"],"_links":{"self":[{"href":"https:\/\/analyse.optim.biz\/index.php?rest_route=\/wp\/v2\/posts\/206050","targetHints":{"allow":["GET"]}}],"collection":[{"href":"https:\/\/analyse.optim.biz\/index.php?rest_route=\/wp\/v2\/posts"}],"about":[{"href":"https:\/\/analyse.optim.biz\/index.php?rest_route=\/wp\/v2\/types\/post"}],"author":[{"embeddable":true,"href":"https:\/\/analyse.optim.biz\/index.php?rest_route=\/wp\/v2\/users\/1"}],"replies":[{"embeddable":true,"href":"https:\/\/analyse.optim.biz\/index.php?rest_route=%2Fwp%2Fv2%2Fcomments&post=206050"}],"version-history":[{"count":0,"href":"https:\/\/analyse.optim.biz\/index.php?rest_route=\/wp\/v2\/posts\/206050\/revisions"}],"wp:featuredmedia":[{"embeddable":true,"href":"https:\/\/analyse.optim.biz\/index.php?rest_route=\/wp\/v2\/media\/206051"}],"wp:attachment":[{"href":"https:\/\/analyse.optim.biz\/index.php?rest_route=%2Fwp%2Fv2%2Fmedia&parent=206050"}],"wp:term":[{"taxonomy":"category","embeddable":true,"href":"https:\/\/analyse.optim.biz\/index.php?rest_route=%2Fwp%2Fv2%2Fcategories&post=206050"},{"taxonomy":"post_tag","embeddable":true,"href":"https:\/\/analyse.optim.biz\/index.php?rest_route=%2Fwp%2Fv2%2Ftags&post=206050"}],"curies":[{"name":"wp","href":"https:\/\/api.w.org\/{rel}","templated":true}]}}