{"id":206038,"date":"2014-05-08T22:15:58","date_gmt":"2014-05-08T19:15:58","guid":{"rendered":"https:\/\/analyse.optim.biz\/?p=206038"},"modified":"2014-05-08T22:15:58","modified_gmt":"2014-05-08T19:15:58","slug":"traian-basescu-victor-ponta-mi-a-cerut-sa-ii-fiu-nas","status":"publish","type":"post","link":"https:\/\/analyse.optim.biz\/?p=206038","title":{"rendered":"Traian B\u0103sescu: Victor Ponta mi-a cerut s\u0103 \u00eei fiu na\u015f"},"content":{"rendered":"<div class=\"entry data-app-meta data-app-meta-article\" data-embed-base-url-canonical=\"https:\/\/www.digi24.ro\/embed\/stiri\/actualitate\/politica\/traian-basescu-victor-ponta-mi-a-cerut-sa-ii-fiu-nas-240503\">\n<p data-index=\"1\"><img decoding=\"async\" src=\"https:\/\/analyse.optim.biz\/wp-content\/uploads\/2024\/09\/dz04mdamagfzad1lyzm5otezn2y0yzi2yjmzotzizjazm2fmzjq4nwyyza-thumb_.jpg\" data-skip-htmlfix=\"1\" title=\"dz04mdamagfzad1lyzm5otezn2y0yzi2yjmzotzizjazm2fmzjq4nwyyza-thumb_\"><\/p>\n<p data-index=\"2\">Pre\u015fedintele a spus,<a href=\"http:\/\/www.b1.ro\/\" target=\"_blank\" data-skip-linkfix=\"1\" rel=\"noopener\"> la un post de televiziune<\/a>, c\u0103 ceea ce nu \u015fi-a imaginat la Victor Ponta a fost &#8220;dimensiunea g\u0103o\u015feniei, c\u00e2t de g\u0103unos este&#8221;.<\/p>\n<p data-index=\"3\">Traian B\u0103sescu a relatat c\u0103 premierul obi\u015fnuia s\u0103 vin\u0103 la el \u201eca un pisicu\u0163\u201d.<\/p>\n<p data-index=\"4\">\u201e<span>S\u0103 m\u0103 \u00eentrebe dac\u0103 poate s\u0103 candideze la Prim\u0103ria Capitalei, dac\u0103 nu m\u0103 \u00een\u015fel foarte tare \u015fi dac\u0103 a\u015f vrea s\u0103 \u00eei fiu na\u015f. Era un pisicu\u0163 (..) Pur \u015fi simplu s-a cerut s\u0103 vorbeasc\u0103 cu mine \u015fi l-am primit, eram parlamentar de opozi\u0163ie. Cum \u015fi-a l\u0103sat so\u0163ia \u00eens\u0103rcinat\u0103 \u00een \u015fase luni ca s\u0103 se \u00eensoare cu fiica unui prea puternic din PSD la el nu trebuie s\u0103 ne mire, cum nu trebuie s\u0103 ne mire \u015fi modul \u00een care s-a cam mu\u015famalizat aventura lui \u015fi rela\u0163ia lui cu Dumnezeu s\u0103 \u00eel ierte procurorul Panait\u201d, a spus pre\u0219edintele, potrivit Mediafax.<\/span><\/p>\n<p data-index=\"5\">Traian B\u0103sescu a mai spus c\u0103 b\u0103nuie\u015fte c\u0103 dosarul Panait este \u201e\u00eenchis for\u0163at\u201d, mai ales c\u0103 m\u0103tu\u015fa procurorului a declarat c\u0103 actualul premier este ultimul om care l-a v\u0103zut pe procuror \u00een via\u0163\u0103.<\/p>\n<p data-index=\"6\">Pre\u015fedintele a mai spus c\u0103 premierul ar fi cel care ar trebui s\u0103 fac\u0103 declara\u0163ii pe acest subiect.<\/p>\n<\/div>\n<p> Source URL: https:\/\/www.digi24.ro\/stiri\/actualitate\/politica\/traian-basescu-victor-ponta-mi-a-cerut-sa-ii-fiu-nas-240503<\/p>\n","protected":false},"excerpt":{"rendered":"<p>Pre\u015fedintele a spus, la un post de televiziune, c\u0103 ceea ce nu \u015fi-a imaginat la Victor Ponta a fost &#8220;dimensiunea g\u0103o\u015feniei, c\u00e2t de g\u0103unos este&#8221;. Traian B\u0103sescu a relatat c\u0103 premierul obi\u015fnuia s\u0103 vin\u0103 la el \u201eca un pisicu\u0163\u201d. \u201eS\u0103 m\u0103 \u00eentrebe dac\u0103 poate s\u0103 candideze la Prim\u0103ria Capitalei, dac\u0103 nu m\u0103 \u00een\u015fel foarte tare [&hellip;]<\/p>\n","protected":false},"author":1,"featured_media":206039,"comment_status":"open","ping_status":"","sticky":false,"template":"","format":"standard","meta":{"footnotes":""},"categories":[2],"tags":[11],"class_list":["post-206038","post","type-post","status-publish","format-standard","has-post-thumbnail","hentry","category-politics","tag-digi24"],"_links":{"self":[{"href":"https:\/\/analyse.optim.biz\/index.php?rest_route=\/wp\/v2\/posts\/206038","targetHints":{"allow":["GET"]}}],"collection":[{"href":"https:\/\/analyse.optim.biz\/index.php?rest_route=\/wp\/v2\/posts"}],"about":[{"href":"https:\/\/analyse.optim.biz\/index.php?rest_route=\/wp\/v2\/types\/post"}],"author":[{"embeddable":true,"href":"https:\/\/analyse.optim.biz\/index.php?rest_route=\/wp\/v2\/users\/1"}],"replies":[{"embeddable":true,"href":"https:\/\/analyse.optim.biz\/index.php?rest_route=%2Fwp%2Fv2%2Fcomments&post=206038"}],"version-history":[{"count":0,"href":"https:\/\/analyse.optim.biz\/index.php?rest_route=\/wp\/v2\/posts\/206038\/revisions"}],"wp:featuredmedia":[{"embeddable":true,"href":"https:\/\/analyse.optim.biz\/index.php?rest_route=\/wp\/v2\/media\/206039"}],"wp:attachment":[{"href":"https:\/\/analyse.optim.biz\/index.php?rest_route=%2Fwp%2Fv2%2Fmedia&parent=206038"}],"wp:term":[{"taxonomy":"category","embeddable":true,"href":"https:\/\/analyse.optim.biz\/index.php?rest_route=%2Fwp%2Fv2%2Fcategories&post=206038"},{"taxonomy":"post_tag","embeddable":true,"href":"https:\/\/analyse.optim.biz\/index.php?rest_route=%2Fwp%2Fv2%2Ftags&post=206038"}],"curies":[{"name":"wp","href":"https:\/\/api.w.org\/{rel}","templated":true}]}}