{"id":2060328,"date":"2026-07-24T06:47:40","date_gmt":"2026-07-24T03:47:40","guid":{"rendered":"https:\/\/analyse.optim.biz\/?p=2060328"},"modified":"2026-07-24T06:47:40","modified_gmt":"2026-07-24T03:47:40","slug":"sala-de-kinetoterapie-la-spitalul-cf-timisoara-pacientii-pot-incepe-recuperarea-inca-din-perioada-internarii","status":"publish","type":"post","link":"https:\/\/analyse.optim.biz\/?p=2060328","title":{"rendered":"Sal\u0103 de kinetoterapie la Spitalul CF Timi\u0219oara. Pacien\u021bii pot \u00eencepe recuperarea \u00eenc\u0103 din perioada intern\u0103rii"},"content":{"rendered":"<p>[analyse_image type=&#8221;featured&#8221; src=&#8221;https:\/\/www.opiniatimisoarei.ro\/wp-content\/uploads\/2026\/07\/kineto-728&#215;336.jpghttps:\/\/www.opiniatimisoarei.ro\/wp-content\/uploads\/2026\/07\/kineto.jpg&#8221;]<\/p>\n<div class=\"the_content\">\n<p><strong>TIMISOARA<\/strong>. Pacien\u021bii interna\u021bi \u00een Spitalul Clinic CF Timi\u0219oara beneficiaz\u0103 de un spa\u021biu special amenajat pentru recuperare medical\u0103.<\/p>\n<p><strong><span>CITESTE SI<\/span>: <a href=\"https:\/\/www.opiniatimisoarei.ro\/dominic-fritz-s-a-razgandit-dupa-inceperea-demersurilor-pentru-un-referendum-local-voi-propune-interzicerea-totala-a-pacanelelor-in-timisoara\/24\/07\/2026\">Dominic Fritz s-a r\u0103zg\u00e2ndit, dup\u0103 \u00eenceperea demersurilor pentru un referendum local. \u2018Voi propune interzicerea total\u0103 a p\u0103c\u0103nelelor \u00een Timi\u0219oara\u2019<\/a><\/strong><\/p>\n<p>Sala de kinetoterapie a fost dotat\u0103 cu echipamente care permit realizarea unor programe de exerci\u021bii adaptate afec\u021biunii, capacit\u0103\u021bii de efort \u0219i limitelor fiec\u0103rui pacient.<\/p>\n<p>Deocamdat\u0103, de serviciile de recuperare medical\u0103 beneficiaz\u0103 exclusiv pacien\u021bii interna\u021bi \u00een sec\u021biile de Neurologie \u0219i Recuperare Cardiovascular\u0103, dar \u0219i cei din sec\u021bia de Medicin\u0103 Intern\u0103 si Ortopedie care prezint\u0103 afec\u021biuni ortopedice sau neurologice asociate.<\/p>\n<p>\u201e<strong>Am amenajat aceast\u0103 sal\u0103 pentru ca pacien\u021bii no\u0219tri s\u0103 poat\u0103 \u00eencepe recuperarea c\u00e2t mai repede, \u00eenc\u0103 din perioada intern\u0103rii. Am dotat spa\u021biul cu dou\u0103 biciclete sta\u021bionare, un stepper, spaliere, saltele, gantere, benzi elastice \u0219i mingi medicinale, echipamentele necesare pentru primele etape ale recuper\u0103rii. <\/strong><\/p>\n<p><strong>De asemenea, pentru procedurile de fizioterapie avem un aparat multifunc\u021bional performant, care poate fi utilizat pentru reducerea durerii \u0219i a inflama\u021biei, stimularea circula\u021biei locale \u0219i sus\u021binerea procesului de vindecare. Este \u00eenc\u0103 un pas pe care \u00eel facem pentru a completa tratamentul medical<\/strong>\u201d, spune dr. Cosmin Gridan, manager Spitalul Clinic CF Timi\u0219oara.<\/p>\n<h2><strong><span>Programul de <span class=\"dia_suggestion w2\">mi\u0219care<\/span> e adaptat <span class=\"dia_suggestion w5\">\u00een<\/span><span class=\"dia_suggestion w6\">func\u021bie<\/span> de diagnostic, <span class=\"dia_suggestion w9\">v\u00e2rst\u0103<\/span>, <span class=\"dia_suggestion w10\">afec\u021biuni<\/span> asociate<\/span><\/strong><\/h2>\n<p>\u00cenainte de \u00eenceperea programului de recuperare, kinetoterapeutul evalueaz\u0103 mobilitatea, for\u021ba muscular\u0103, echilibrul \u0219i capacitatea pacientului de a face efort.<\/p>\n<p>\u00cen cazul persoanelor cu afec\u021biuni cardiovasculare sunt urm\u0103rite inclusiv frecven\u021ba cardiac\u0103, tensiunea arterial\u0103, satura\u021bia de oxigen \u0219i apari\u021bia unor simptome precum dificult\u0103\u021bile de respira\u021bie sau oboseala accentuat\u0103.<\/p>\n<p>Exerci\u021biile sunt stabilite individual \u0219i adaptate permanent, \u00een func\u021bie de evolu\u021bia pacientului. Acestea pot avea ca obiectiv rec\u00e2\u0219tigarea mobilit\u0103\u021bii, cre\u0219terea for\u021bei musculare, reeducarea mersului, \u00eembun\u0103t\u0103\u021birea echilibrului sau cre\u0219terea treptat\u0103 a toleran\u021bei la efort.<\/p>\n<p>\u201e<strong>Kinetoterapia nu \u00eenseamn\u0103 doar realizarea unor exerci\u021bii. Fiecare pacient este evaluat, iar programul este construit \u00een func\u021bie de diagnostic, v\u00e2rst\u0103, afec\u021biunile asociate \u0219i nivelul s\u0103u de independen\u021b\u0103. Exerci\u021biile sunt adaptate la patologia \u0219i limitele pacientului. <\/strong><\/p>\n<p><strong>\u00cen recuperarea cardiovascular\u0103, mi\u0219carea este reluat\u0103 treptat \u0219i atent monitorizat\u0103, pentru ca pacientul s\u0103 \u00ee\u0219i recapete capacitatea de efort \u00een siguran\u021b\u0103. \u00cen cazul afec\u021biunilor neurologice, lucr\u0103m pentru \u00eembun\u0103t\u0103\u021birea echilibrului, a coordon\u0103rii \u0219i a mersului, dar \u0219i pentru prevenirea complica\u021biilor produse de imobilizarea prelungit\u0103. Dar \u00eei ajutam \u0219i pe pacien\u021bii care au suferit interven\u021bii chirurgicale ortopedice. Ne dorim ca ace\u0219tia s\u0103 redevin\u0103 c\u00e2t mai repede independen\u021bi \u0219i s\u0103 \u00ee\u0219i poat\u0103 relua activit\u0103\u021bile obi\u0219nuite\u201d<\/strong>, spune Ana Janai, kinetoterapeut Spitalul Clinic CF Timi\u0219oara.<\/p>\n<p>Deocamdat\u0103, de aceste proceduri beneficiaz\u0103 doar pacien\u021bii interna\u021bi \u00een unitatea sanitar\u0103, \u00eens\u0103, \u00een viitor, serviciile de recuperare medical\u0103 ar putea fi extinse \u0219i pentru pacien\u021bii din afara spitalului.<\/p>\n<p>***<\/p>\n<p><strong><span class=\"dia_suggestion w0\">Mai<\/span><span class=\"dia_suggestion w1\">multe<\/span><span class=\"dia_suggestion w2\">g\u0103si\u021bi<\/span> pe <span class=\"dia_suggestion w4\">pagina noastr<span class=\"dia_suggestion w0\">\u0103<\/span><\/span>\u00a0de <a href=\"https:\/\/www.facebook.com\/OpiniaTM\/?ref=page_internal\" target=\"_blank\" rel=\"noopener\">Facebook opiniatimisoarei.ro<\/a>!<\/strong><\/p>\n<p><strong><span class=\"dia_suggestion w0\">Dac\u0103<\/span><span class=\"dia_suggestion w1\">a\u021bi<\/span> fost martorii unui eveniment <span class=\"dia_suggestion w6\">sau<\/span><span class=\"dia_suggestion w7\">ai<\/span> unei <span class=\"dia_suggestion w9\">situa\u021bii<\/span><span class=\"dia_suggestion w10\">neobi\u0219nuite<\/span><span class=\"dia_suggestion w11\">care<\/span> ar <span class=\"dia_suggestion w13\">putea<\/span> deveni subiect de <span class=\"dia_suggestion w17\">\u0219tire<\/span>, <span class=\"dia_suggestion w18\">contacta\u021bi<\/span>-ne <span class=\"dia_suggestion w20\">la<\/span><span><a href=\"https:\/\/www.opiniatimisoarei.ro\/cdn-cgi\/l\/email-protection\" class=\"__cf_email__\" data-cfemail=\"562433323735223f331639263f383f37223f3b3f25393724333f782439\">[email\u00a0protected]<\/a>,<\/span>\u00a0 pe <a href=\"https:\/\/www.facebook.com\/OpiniaTM\">FB<\/a><span>sau pe contul nostru de<\/span><a href=\"https:\/\/www.instagram.com\/opiniatimisoarei.ro\/\" target=\"_blank\" rel=\"noopener\">Instagram<\/a>!<\/strong><\/p>\n<p><strong><span>CITE\u0218TE \u0218I<\/span>: <a href=\"https:\/\/www.opiniatimisoarei.ro\/afli-primul-tot-ceea-ce-se-intampla-cu-adevarat-important-in-timisoara-si-in-regiune-cu-aplicatia-de-stiri-opinia-timisoarei-3-tipuri-de-alerte-te-tin-mereu-conectat-la-evenimente-descarca-gratuit-a\/31\/10\/2022\">Afli primul tot ceea ce se intampla cu adevarat important in Timisoara si in regiune cu Aplicatia de stiri Opinia Timisoarei. 3 tipuri de alerte te tin mereu conectat la evenimente. Descarca gratuit Aplicatia OT aici!<\/a><\/strong><\/p>\n<\/div>\n<p>[analyse_source url=&#8221;https:\/\/www.opiniatimisoarei.ro\/sala-de-kinetoterapie-la-spitalul-cf-timisoara-pacientii-pot-incepe-recuperarea-inca-din-perioada-internarii\/24\/07\/2026&#8243;]<\/p>\n","protected":false},"excerpt":{"rendered":"<p>[analyse_image type=&#8221;featured&#8221; src=&#8221;https:\/\/www.opiniatimisoarei.ro\/wp-content\/uploads\/2026\/07\/kineto-728&#215;336.jpghttps:\/\/www.opiniatimisoarei.ro\/wp-content\/uploads\/2026\/07\/kineto.jpg&#8221;] TIMISOARA. Pacien\u021bii interna\u021bi \u00een Spitalul Clinic CF Timi\u0219oara beneficiaz\u0103 de un spa\u021biu special amenajat pentru recuperare medical\u0103. CITESTE SI: Dominic Fritz s-a r\u0103zg\u00e2ndit, dup\u0103 \u00eenceperea demersurilor pentru un referendum local. \u2018Voi propune interzicerea total\u0103 a p\u0103c\u0103nelelor \u00een Timi\u0219oara\u2019 Sala de kinetoterapie a fost dotat\u0103 cu echipamente care permit realizarea unor programe de [&hellip;]<\/p>\n","protected":false},"author":1,"featured_media":0,"comment_status":"open","ping_status":"","sticky":false,"template":"","format":"standard","meta":{"footnotes":""},"categories":[89],"tags":[226,190],"class_list":["post-2060328","post","type-post","status-publish","format-standard","hentry","category-romania","tag-crawlmanager","tag-opiniatimisoarei-ro"],"_links":{"self":[{"href":"https:\/\/analyse.optim.biz\/index.php?rest_route=\/wp\/v2\/posts\/2060328","targetHints":{"allow":["GET"]}}],"collection":[{"href":"https:\/\/analyse.optim.biz\/index.php?rest_route=\/wp\/v2\/posts"}],"about":[{"href":"https:\/\/analyse.optim.biz\/index.php?rest_route=\/wp\/v2\/types\/post"}],"author":[{"embeddable":true,"href":"https:\/\/analyse.optim.biz\/index.php?rest_route=\/wp\/v2\/users\/1"}],"replies":[{"embeddable":true,"href":"https:\/\/analyse.optim.biz\/index.php?rest_route=%2Fwp%2Fv2%2Fcomments&post=2060328"}],"version-history":[{"count":0,"href":"https:\/\/analyse.optim.biz\/index.php?rest_route=\/wp\/v2\/posts\/2060328\/revisions"}],"wp:attachment":[{"href":"https:\/\/analyse.optim.biz\/index.php?rest_route=%2Fwp%2Fv2%2Fmedia&parent=2060328"}],"wp:term":[{"taxonomy":"category","embeddable":true,"href":"https:\/\/analyse.optim.biz\/index.php?rest_route=%2Fwp%2Fv2%2Fcategories&post=2060328"},{"taxonomy":"post_tag","embeddable":true,"href":"https:\/\/analyse.optim.biz\/index.php?rest_route=%2Fwp%2Fv2%2Ftags&post=2060328"}],"curies":[{"name":"wp","href":"https:\/\/api.w.org\/{rel}","templated":true}]}}