{"id":2060323,"date":"2026-07-24T09:03:32","date_gmt":"2026-07-24T06:03:32","guid":{"rendered":"https:\/\/analyse.optim.biz\/?p=2060323"},"modified":"2026-07-24T09:03:32","modified_gmt":"2026-07-24T06:03:32","slug":"am-vazut-oameni-murind-fara-familie-alaturi-si-am-fost-noi-cei-care-le-am-tinut-mana-in-ultimele-clipe-romania-va-ramane-fara-ati-semnalul-de-alarma-tras-de-medic","status":"publish","type":"post","link":"https:\/\/analyse.optim.biz\/?p=2060323","title":{"rendered":"\u2018Am v\u0103zut oameni murind f\u0103r\u0103 familie al\u0103turi \u0219i am fost noi cei care le-am \u021binut m\u00e2na \u00een ultimele clipe\u2019, \u2018Rom\u00e2nia va r\u0103m\u00e2ne f\u0103r\u0103 ATI\u2019. Semnalul de alarm\u0103 tras de medicii din Timi\u0219oara"},"content":{"rendered":"<p>[analyse_image type=&#8221;featured&#8221; src=&#8221;https:\/\/www.opiniatimisoarei.ro\/wp-content\/uploads\/2021\/09\/terapie-intensiva-covid-coronavirus-2-700&#215;336.jpghttps:\/\/www.opiniatimisoarei.ro\/wp-content\/uploads\/2021\/09\/terapie-intensiva-covid-coronavirus-2.jpg&#8221;]<\/p>\n<div class=\"the_content\">\n<p><strong>TIMI\u0218OARA<\/strong>. Medicii din Sec\u021biile ATI ale celui mai mare spital din vestul \u021b\u0103rii, Spitalul Jude\u021bean Timi\u0219oara, trag semnale de alarm\u0103, dup\u0103 ce \u00een spa\u021biul public se discut\u0103 de zile bune despre legea salariz\u0103rii. El spun c\u0103 Rom\u00e2nia va r\u0103m\u00e2ne f\u0103r\u0103 ATI \u0219i c\u0103 medicii care acum sunt mai mult l\u00e2ng\u0103 pacien\u021bi dec\u00e2t al\u0103turi de familiile lor, vor alege s\u0103 plece, r\u00e2nd pe r\u00e2nd, fie \u00een str\u0103in\u0103tate, fie spre spitalele private.<\/p>\n<p><strong><span>CITE\u0218TE \u0218I: <\/span><a href=\"https:\/\/www.opiniatimisoarei.ro\/sala-de-kinetoterapie-la-spitalul-cf-timisoara-pacientii-pot-incepe-recuperarea-inca-din-perioada-internarii\/24\/07\/2026\">Sal\u0103 de kinetoterapie la Spitalul CF Timi\u0219oara. Pacien\u021bii pot \u00eencepe recuperarea \u00eenc\u0103 din perioada intern\u0103rii<\/a><\/strong><\/p>\n<p>\u201d<strong>Sunt medic primar ATI \u00een cea mai mare unitate de Terapie Intensiv\u0103 din vestul \u021b\u0103rii. Eu \u0219i colegii mei muncim \u00eentr-un mediu performant \u00een care volumul de lucru este de 4-5 ori mai mare dec\u00e2t ceea ce este stipulat \u00een contractul de munc\u0103. Asta se \u00eent\u00e2mpl\u0103 deoarece personalul este absolut insuficient. Suntem bine preg\u0103ti\u021bi, mul\u021bi am lucrat afar\u0103 \u0219i am decis s\u0103 ne \u00eentoarcem. Eu, personal, sunt membr\u0103 General Medical Council (UK) \u0219i Irish Medical Council. Am Diplom\u0103 European\u0103 de Anestezie \u00een format complet (ambele p\u0103r\u021bi). Asta m\u0103 face un candidat foarte bun pentru afar\u0103. Mul\u021bi dintre colegii mei sunt \u00een aceea\u0219i postur\u0103. Unii \u0219i mai bine preg\u0103ti\u021bi, mai tineri, cu mai pu\u021bine \u201eobliga\u021b\u00eei\u201d fa\u021b\u0103 de Rom\u00e2nia. Cum motivezi genul acesta de oameni s\u0103 r\u0103m\u00e2n\u0103 aici, s\u0103 nu plece automat unde v\u0103d cu ochii? Unde sunt respecta\u021bi, unde sunt pl\u0103ti\u021bi. Prin jur\u0103m\u00e2ntul lui Hippocrate? Cred c\u0103 e momentul s\u0103 recunoa\u0219tem cu to\u021bii c\u0103 nu Hippocrate pl\u0103te\u0219te facturile personalului medical. Hippocrate nu cre\u0219te empatia \u0219i cheful de munc\u0103. \u0218ti\u021bi ce cre\u0219te cheful de munc\u0103, implicarea, r\u0103bdarea? Un medic\/asistent\/infirmier odihnit, hr\u0103nit, nebatjocorit, apreciat<\/strong>\u201d, a scris Corina Georgescu, medic primar ATI la SPitalul Jude\u021bean din Timi\u0219oara, pe Facebook.<\/p>\n<p>Medicul spune c\u0103 \u00een acest ritm, Rom\u00e2nia va r\u0103m\u00e2ne f\u0103r\u0103 ATI<\/p>\n<p>\u201d<strong>Ce se \u00eent\u00e2mpl\u0103 ast\u0103zi, cu aceast\u0103 lege, este cea mai mare batjocur\u0103 adus\u0103 personalului medical. S\u0103 pierzi jum\u0103tate din venit dup\u0103 toat\u0103 munc\u0103 depus\u0103, nop\u021bile pierdute, copiii l\u0103s\u0103\u021bi acas\u0103, e batjocur\u0103 suprem\u0103. ROM\u00c2NIA VA R\u0102M\u00c2NE F\u0102R\u0102 ATI. Colegii reziden\u021bi care vin \u00ee\u0219i schimb\u0103 specialitatea dup\u0103 c\u00e2teva luni. Nu to\u021bi, dar tot mai mul\u021bi. De ce s\u0103 vad\u0103 zilnic moarte, s\u00e2nge, secre\u021bii, de ce s\u0103 ia decizii la secund\u0103, decizii care le albesc p\u0103rul din cap. Mai ales \u00eentr-o societate \u00een care tot mai mul\u021bi absolven\u021bi de medicin\u0103 se viseaz\u0103 medici esteticieni, dermatologi, cabinete elegante, halate albe imaculate, bani mul\u021bi, etc. CUM MOTIVA\u021aI ALEGEREA ATI??? Cum ne motiva\u021bi pe noi sa r\u0103m\u00e2nem????? Cu jum\u0103tate din venitul lunar t\u0103iat???? Mai mult de jum\u0103tate din cei pe care ii \u0219tiu discuta plecarea din \u021bar\u0103. Bafta, Rom\u00e2nia, la s\u0103n\u0103tate! De bafta vei avea nevoie f\u0103r\u0103 ATI competent, nu de \u0219tiin\u021b\u0103<\/strong>\u201d, a mai scris Corina Georgescu.<\/p>\n<p>Un alt medic tot din Sec\u021bia ATI a Spitalului Jude\u021bean Timi\u0219oara trage, de asemenea, un semnal de alarm\u0103 privind noua lege a salariz\u0103rii. Raluca Velovan spune c\u0103 a ales s\u0103 profeseze \u00een Rom\u00e2nia, de\u0219i i-a f\u0103cut reziden\u021biatul \u00een Irlanda \u0219i putea r\u0103m\u00e2ne \u00een acea \u021bar\u0103. Dar a ales Rom\u00e2nia pentru c\u0103 a sim\u021bit c\u0103 poate aduce acas\u0103 ceea ce a \u00eenv\u0103\u021bat \u00eentr-un sistem care func\u021bioneaz\u0103.<\/p>\n<p>\u201d<strong>Am ales s\u0103 r\u0103m\u00e2n \u00een Rom\u00e2nia.<\/strong><br \/><strong>Nu pentru c\u0103 mi-a fost mai u\u0219or. Ci pentru c\u0103 am crezut c\u0103 aici este locul \u00een care pot face bine.<\/strong><br \/><strong>Am terminat facultatea cu burs\u0103 de merit \u00een fiecare an. Am \u00eenv\u0103\u021bat ani la r\u00e2nd, am renun\u021bat la timp, la familie, la odihn\u0103 \u0219i la multe dintre lucrurile pe care al\u021bi tineri le tr\u0103iau firesc. Am plecat \u00een str\u0103in\u0103tate (Irlanda) \u00een timpul reziden\u021biatului, unde am descoperit un sistem medical \u00een care medicul este respectat, ascultat \u0219i protejat. Un sistem \u00een care nu \u021bi cere s\u0103 faci compromisuri doar pentru c\u0103 \u201ca\u0219a merge\u201d.<\/strong><br \/><strong>\u0218i totu\u0219i, m-am \u00eentors.<\/strong><br \/><strong>Mul\u021bi probabil se vor \u00eentreba: \u201cDe ce? De ce nu ai r\u0103mas acolo?\u201d<\/strong><br \/><strong>Pentru c\u0103 Rom\u00e2nia este acas\u0103.<\/strong><br \/><strong>Pentru c\u0103 iubesc \u021bara \u00een care m-am n\u0103scut. Pentru c\u0103 aici sunt oamenii mei, familia mea, r\u0103d\u0103cinile mele. Pentru c\u0103, dincolo de toate neajunsurile, aici sufletul meu se simte acas\u0103.<\/strong><br \/><strong>M-am \u00eentors pentru c\u0103 am crezut c\u0103 experien\u021ba acumulat\u0103 \u00een afar\u0103 poate \u00eensemna o \u0219ans\u0103 \u00een plus pentru pacien\u021bii de aici. Pentru c\u0103 am vrut s\u0103 aduc acas\u0103 ceea ce am \u00eenv\u0103\u021bat \u00eentr-un sistem care func\u021bioneaz\u0103. <\/strong><br \/><strong>Nu am ales Rom\u00e2nia pentru c\u0103 era varianta cea mai u\u0219oar\u0103. Am ales-o pentru c\u0103 este \u021bara mea \u0219i pentru c\u0103 am crezut c\u0103 merit\u0103 s\u0103 lupt pentru ea<\/strong>\u201d, a scris Raluca Velovan.<\/p>\n<p>Medicul \u0219i-a amintit \u0219i de perioada pandemiei de Covid c\u00e2nd a stat ore \u00eentregi f\u0103r\u0103 ap\u0103, iar ast\u0103zi, spune ea, mesajul primit este c\u0103 munca personalului medical valoreaz\u0103 mai pu\u021bin.<\/p>\n<p>\u201d<strong>Apoi a venit pandemia.<\/strong><br \/><strong>Ani \u00een care sec\u021biile ATI au devenit grani\u021ba dintre via\u021b\u0103 \u0219i moarte. Am purtat echipamente ore \u00eentregi f\u0103r\u0103 s\u0103 putem bea un pahar cu ap\u0103. Am v\u0103zut oameni murind f\u0103r\u0103 familie al\u0103turi \u0219i am fost noi cei care le-am \u021binut m\u00e2na \u00een ultimele clipe. <\/strong><br \/><strong>Iar ast\u0103zi, dup\u0103 toate acestea, mesajul pe care \u00eel primim este c\u0103 munca noastr\u0103 valoreaz\u0103 mai pu\u021bin.<\/strong><br \/><strong>Ast\u0103zi sunt medic primar ATI \u00een cel mai mare spital din vestul \u021b\u0103rii! \u00cempreun\u0103 cu ai mei colegi trat\u0103m cei mai gravi pacien\u021bi, cazurile pe care alte spitale nu le mai pot gestiona. Lucr\u0103m \u00eentr-un ritm pe care pu\u021bini \u00eel pot \u00een\u021belege.<\/strong><br \/><strong>Cum convingi un medic t\u00e2n\u0103r, bine preg\u0103tit, s\u0103 r\u0103m\u00e2n\u0103 \u00een Rom\u00e2nia?<\/strong><br \/><strong>Cum \u00eei spui c\u0103 merit\u0103 s\u0103 investeasc\u0103 ani din via\u021b\u0103 \u00eentr-un sistem care \u00eel \u00eempinge spre epuizare \u0219i apoi \u00eei transmite c\u0103 sacrificiul lui este negociabil?<\/strong><br \/><strong>Cum construie\u0219ti un sistem medical performant c\u00e2nd \u00eei descurajezi tocmai pe cei care \u00eel \u021bin \u00een via\u021b\u0103?<\/strong>\u201d, a spus Raluca Velovan.<\/p>\n<p>Ea a subliniat c\u0103 nu vorbe\u0219te doar despre medici, ci \u0219i despre asistente, infirmiere, brancardieri, care au de suferit \u00een urma acestei legi.<\/p>\n<p>\u201d<strong>Nu vorbim doar despre medici. Vorbim despre asistente medicale, infirmieri, brancardieri, registratori, personal auxiliar \u0219i to\u021bi cei f\u0103r\u0103 de care niciun spital nu poate func\u021biona. S\u0103n\u0103tatea nu \u00eenseamn\u0103 cl\u0103diri \u0219i aparatur\u0103. \u00censeamn\u0103 oameni.<\/strong><br \/><strong>Ast\u0103zi nu scriu doar \u00een numele meu. Scriu \u00een numele tuturor colegilor care au ales s\u0103 r\u0103m\u00e2n\u0103. Al celor care \u00eenc\u0103 intr\u0103 \u00een gard\u0103 dup\u0103 zeci de ore nedormite. Al celor care \u00ee\u0219i v\u0103d copiii mai rar dec\u00e2t \u00ee\u0219i v\u0103d pacien\u021bii. Al celor care \u00eenc\u0103 mai cred c\u0103 medicina \u00een Rom\u00e2nia poate exista. Dar credin\u021ba singur\u0103 nu mai este suficient\u0103. Respectul nu poate r\u0103m\u00e2ne doar un cuv\u00e2nt rostit la ceremonii sau \u00een discursuri. El trebuie s\u0103 se reg\u0103seasc\u0103 \u00een deciziile pe care statul le ia pentru cei care \u00eei \u021bin sistemul \u00een via\u021b\u0103.<\/strong><br \/><strong>Dac\u0103 \u00eei alungi pe cei care \u00eenc\u0103 mai aleg s\u0103 r\u0103m\u00e2n\u0103, cine va avea grij\u0103 de pacien\u021bii de m\u00e2ine?<\/strong><br \/><strong>Nu cer privilegii.<\/strong><br \/><strong>Cer respect.<\/strong><br \/><strong>Cer decizii care s\u0103 p\u0103streze profesioni\u0219tii \u00een aceast\u0103 \u021bar\u0103, nu s\u0103 \u00eei \u00eemping\u0103 s\u0103 plece.<\/strong><br \/><strong>Pentru c\u0103, atunci c\u00e2nd ultimii oameni care \u00eenc\u0103 mai cred \u00een acest sistem vor renun\u021ba, nota de plat\u0103 nu o vor achita medicii<\/strong>\u201d, a scris Raluca Velovan.<\/p>\n<p>***<\/p>\n<p>Conform proiectului de lege a salariz\u0103rii, \u00een sectorul s\u0103n\u0103t\u0103\u021bii sunt prev\u0103zute modific\u0103ri salariale pentru anii 2026 \u0219i 2027.<\/p>\n<p>Pentru un medic primar, salariul mediu brut va cre\u0219te de la 21.437 de lei (2026) la 22.016 (2027), \u00een timp ce salariul minim va urca de la 17.588 la 20.127 de lei, iar salariul maxim va \u00eenregistra o sc\u0103dere, de la 32.206 lei la 28.738 lei.<\/p>\n<p>\u00cen cazul medicilor primari \u0219i speciali\u0219ti cu g\u0103rzi, pierderile sunt \u00eentre 1.333 \u0219i 3.444 lei\/lun\u0103. Reziden\u021bii terminali ATI cu g\u0103rzi sunt singurii care vor beneficia de cre\u0219teri (+639 lei net).<\/p>\n<p>\u00cen cazul unui biolog principal sau expert \u00een fizic\u0103 medical\u0103, salariul mediu brut va fi de 11.954 lei, comparativ cu 11.706 lei \u00een prezent, iar salariul minim va cre\u0219te de la 7.869 la 9.653 lei.<\/p>\n<p>Asisten\u021bii medicali principali sau seniori vor beneficia de un salariu mediu brut de 11.788 lei, fa\u021b\u0103 de 11.270 lei, iar salariul minim va \u00eenregistra o cre\u0219tere semnificativ\u0103, de la 8.413 la 9.952 lei.<\/p>\n<p>Una dintre cele mai mari major\u0103ri este prev\u0103zut\u0103 pentru asisten\u021bii sociali principali sau seniori, al c\u0103ror salariu mediu brut va urca de la 8.244 la 10.033 lei, ceea ce reprezint\u0103 o cre\u0219tere de aproximativ 22%, iar salariul maxim va cre\u0219te de la 10.459 la 11.282 lei.<\/p>\n<p>G\u0103rzile \u0219i sporurile se taie masiv \u2014 sporul de 75\u2013100% pentru g\u0103rzi dispare, sporul de condi\u021bii periculoase scade de la 85% la 50%, iar sporul pentru garda la domiciliu de la 40% la 15%.<\/p>\n<p>***<\/p>\n<p><strong><span class=\"dia_suggestion w0\">Mai<\/span><span class=\"dia_suggestion w1\">multe<\/span><span class=\"dia_suggestion w2\">g\u0103si\u021bi<\/span> pe <span class=\"dia_suggestion w4\">pagina noastr<span class=\"dia_suggestion w0\">\u0103<\/span><\/span>\u00a0de <a href=\"https:\/\/www.facebook.com\/OpiniaTM\/?ref=page_internal\" target=\"_blank\" rel=\"noopener\">Facebook opiniatimisoarei.ro<\/a>!<\/strong><\/p>\n<p><strong><span class=\"dia_suggestion w0\">Dac\u0103<\/span><span class=\"dia_suggestion w1\">a\u021bi<\/span> fost martorii unui eveniment <span class=\"dia_suggestion w6\">sau<\/span><span class=\"dia_suggestion w7\">ai<\/span> unei <span class=\"dia_suggestion w9\">situa\u021bii<\/span><span class=\"dia_suggestion w10\">neobi\u0219nuite<\/span><span class=\"dia_suggestion w11\">care<\/span> ar <span class=\"dia_suggestion w13\">putea<\/span> deveni subiect de <span class=\"dia_suggestion w17\">\u0219tire<\/span>, <span class=\"dia_suggestion w18\">contacta\u021bi<\/span>-ne <span class=\"dia_suggestion w20\">la<\/span><span><a href=\"https:\/\/www.opiniatimisoarei.ro\/cdn-cgi\/l\/email-protection\" class=\"__cf_email__\" data-cfemail=\"8bf9eeefeae8ffe2eecbe4fbe2e5e2eaffe2e6e2f8e4eaf9eee2a5f9e4\">[email\u00a0protected]<\/a>,<\/span>\u00a0 pe <a href=\"https:\/\/www.facebook.com\/OpiniaTM\">FB<\/a><span>sau pe contul nostru de<\/span><a href=\"https:\/\/www.instagram.com\/opiniatimisoarei.ro\/\" target=\"_blank\" rel=\"noopener\">Instagram<\/a>!<\/strong><\/p>\n<p><strong><span>CITE\u0218TE \u0218I<\/span>: <a href=\"https:\/\/www.opiniatimisoarei.ro\/afli-primul-tot-ceea-ce-se-intampla-cu-adevarat-important-in-timisoara-si-in-regiune-cu-aplicatia-de-stiri-opinia-timisoarei-3-tipuri-de-alerte-te-tin-mereu-conectat-la-evenimente-descarca-gratuit-a\/31\/10\/2022\">Afli primul tot ceea ce se intampla cu adevarat important in Timisoara si in regiune cu Aplicatia de stiri Opinia Timisoarei. 3 tipuri de alerte te tin mereu conectat la evenimente. Descarca gratuit Aplicatia OT aici!<\/a><\/strong><\/p>\n<p>\u00a0<\/p>\n<\/div>\n<p>[analyse_source url=&#8221;https:\/\/www.opiniatimisoarei.ro\/am-vazut-oameni-murind-fara-familie-alaturi-si-am-fost-noi-cei-care-le-am-tinut-mana-in-ultimele-clipe-romania-va-ramane-fara-ati-semnalul-de-alarma-tras-de-medicii-din-timisoara\/24\/07\/2026&#8243;]<\/p>\n","protected":false},"excerpt":{"rendered":"<p>[analyse_image type=&#8221;featured&#8221; src=&#8221;https:\/\/www.opiniatimisoarei.ro\/wp-content\/uploads\/2021\/09\/terapie-intensiva-covid-coronavirus-2-700&#215;336.jpghttps:\/\/www.opiniatimisoarei.ro\/wp-content\/uploads\/2021\/09\/terapie-intensiva-covid-coronavirus-2.jpg&#8221;] TIMI\u0218OARA. Medicii din Sec\u021biile ATI ale celui mai mare spital din vestul \u021b\u0103rii, Spitalul Jude\u021bean Timi\u0219oara, trag semnale de alarm\u0103, dup\u0103 ce \u00een spa\u021biul public se discut\u0103 de zile bune despre legea salariz\u0103rii. El spun c\u0103 Rom\u00e2nia va r\u0103m\u00e2ne f\u0103r\u0103 ATI \u0219i c\u0103 medicii care acum sunt mai mult l\u00e2ng\u0103 pacien\u021bi dec\u00e2t [&hellip;]<\/p>\n","protected":false},"author":1,"featured_media":0,"comment_status":"open","ping_status":"","sticky":false,"template":"","format":"standard","meta":{"footnotes":""},"categories":[89],"tags":[226,190],"class_list":["post-2060323","post","type-post","status-publish","format-standard","hentry","category-romania","tag-crawlmanager","tag-opiniatimisoarei-ro"],"_links":{"self":[{"href":"https:\/\/analyse.optim.biz\/index.php?rest_route=\/wp\/v2\/posts\/2060323","targetHints":{"allow":["GET"]}}],"collection":[{"href":"https:\/\/analyse.optim.biz\/index.php?rest_route=\/wp\/v2\/posts"}],"about":[{"href":"https:\/\/analyse.optim.biz\/index.php?rest_route=\/wp\/v2\/types\/post"}],"author":[{"embeddable":true,"href":"https:\/\/analyse.optim.biz\/index.php?rest_route=\/wp\/v2\/users\/1"}],"replies":[{"embeddable":true,"href":"https:\/\/analyse.optim.biz\/index.php?rest_route=%2Fwp%2Fv2%2Fcomments&post=2060323"}],"version-history":[{"count":0,"href":"https:\/\/analyse.optim.biz\/index.php?rest_route=\/wp\/v2\/posts\/2060323\/revisions"}],"wp:attachment":[{"href":"https:\/\/analyse.optim.biz\/index.php?rest_route=%2Fwp%2Fv2%2Fmedia&parent=2060323"}],"wp:term":[{"taxonomy":"category","embeddable":true,"href":"https:\/\/analyse.optim.biz\/index.php?rest_route=%2Fwp%2Fv2%2Fcategories&post=2060323"},{"taxonomy":"post_tag","embeddable":true,"href":"https:\/\/analyse.optim.biz\/index.php?rest_route=%2Fwp%2Fv2%2Ftags&post=2060323"}],"curies":[{"name":"wp","href":"https:\/\/api.w.org\/{rel}","templated":true}]}}