{"id":2060272,"date":"2026-07-24T16:40:00","date_gmt":"2026-07-24T13:40:00","guid":{"rendered":"https:\/\/analyse.optim.biz\/?p=2060272"},"modified":"2026-07-24T16:40:00","modified_gmt":"2026-07-24T13:40:00","slug":"vesti-excelente-pentru-ramnicu-sarat-olimpia-evita-disparitia-si-intra-in-cupa-romaniei","status":"publish","type":"post","link":"https:\/\/analyse.optim.biz\/?p=2060272","title":{"rendered":"Ve\u0219ti excelente pentru R\u00e2mnicu S\u0103rat: Olimpia \u00a0evit\u0103 dispari\u021bia \u0219i intr\u0103 \u00een Cupa Rom\u00e2niei"},"content":{"rendered":"<p>[analyse_image type=&#8221;featured&#8221; src=&#8221;https:\/\/www.campusbuzau.ro\/wp-content\/uploads\/2026\/07\/755694426_1803977490767517_7868185842083101427_n.jpghttps:\/\/www.campusbuzau.ro\/wp-content\/uploads\/2026\/07\/755694426_1803977490767517_7868185842083101427_n.jpg&#8221;]<\/p>\n<div class=\"entry-content\">\n<p>Ceea ce, \u00een urm\u0103 cu doar c\u00e2teva s\u0103pt\u0103m\u00e2ni, p\u0103rea imposibil a devenit realitate. Dup\u0103 ce retrogradarea din Liga 3 alimentase zvonurile privind desfiin\u021barea clubului, CSM R\u00e2mnicu S\u0103rat continu\u0103 \u00een fotbalul profesionist \u0219i va lua startul at\u00e2t \u00een noul sezon al Ligii 3, c\u00e2t \u0219i \u00een Cupa Rom\u00e2niei.<\/p>\n<p>Federa\u021bia Rom\u00e2n\u0103 de Fotbal a stabilit programul Turului 1 al competi\u021biei, iar forma\u021bia din nordul jude\u021bului va \u00eent\u00e2lni pe teren propriu pe CSM Adjud. Partida este programat\u0103 pe 29 iulie, de la ora 17:30.<\/p>\n<p>Pentru suporterii r\u00e2mniceni, vestea are o \u00eensemn\u0103tate aparte. Dup\u0103 retrogradare, mul\u021bi considerau c\u0103 echipa \u0219i-a \u00eencheiat existen\u021ba, \u00een contextul incertitudinilor financiare \u0219i administrative. \u00centre timp, situa\u021bia s-a schimbat radical. CSM R\u00e2mnicu S\u0103rat a primit invita\u021bia FRF de a continua \u00een Liga 3, iar Consiliul Local a aprobat bugetul necesar func\u021bion\u0103rii clubului \u00een sezonul 2026-2027.<\/p>\n<figure class=\"wp-block-image size-large\"><img loading=\"lazy\" decoding=\"async\" width=\"1024\" height=\"796\" src=\"https:\/\/www.campusbuzau.ro\/wp-content\/uploads\/2026\/07\/754462553_1029494299670653_765692587921046759_n-1024x796.jpg\" alt class=\"wp-image-155828\"><\/figure>\n<p>\u0218i Petrolul Berca va reprezenta jude\u021bul Buz\u0103u \u00een primul tur al Cupei Rom\u00e2niei. Campioana jude\u021bean\u0103 \u0219i c\u00e2\u0219tig\u0103toarea fazei regionale va avea \u00eens\u0103 o misiune complicat\u0103, urm\u00e2nd s\u0103 \u00eent\u00e2lneasc\u0103 CSO Teleajenul V\u0103lenii de Munte, forma\u021bie care a evoluat \u0219i \u00een sezonul trecut \u00een Liga 3, unde a \u00eencheiat pe locul 6 \u00een Seria a 4-a. La prahoveni a activat o perioad\u0103 \u0219i fostul interna\u021bional B\u0103nel Nicoli\u021b\u0103<\/p>\n<figure class=\"wp-block-image size-full\"><img loading=\"lazy\" decoding=\"async\" width=\"696\" height=\"465\" src=\"https:\/\/www.campusbuzau.ro\/wp-content\/uploads\/2026\/07\/Petrolul-Berca_Cupa-Romaniei_3-696x465-1.jpeg\" alt class=\"wp-image-155629\"><\/figure>\n<p>Un alt \u00a0detaliu interesant este c\u0103 la echipa prahovean\u0103 a evoluat p\u00e2n\u0103 \u00een aceast\u0103 var\u0103 Sergiu Arn\u0103utu, fostul golgheter al Metalului Buz\u0103u, atacant de care clubul din V\u0103lenii de Munte s-a desp\u0103r\u021bit recent. <\/p>\n<p>Turul 1 al Cupei Rom\u00e2niei va programa 36 de partide, cel mai redus num\u0103r de meciuri de la introducerea actualului format al competi\u021biei. <\/p>\n<\/div>\n<p>[analyse_source url=&#8221;https:\/\/www.campusbuzau.ro\/vesti-excelente-pentru-ramnicu-sarat-olimpia-evita-disparitia-si-intra-in-cupa-romaniei\/&#8221;]<\/p>\n","protected":false},"excerpt":{"rendered":"<p>[analyse_image type=&#8221;featured&#8221; src=&#8221;https:\/\/www.campusbuzau.ro\/wp-content\/uploads\/2026\/07\/755694426_1803977490767517_7868185842083101427_n.jpghttps:\/\/www.campusbuzau.ro\/wp-content\/uploads\/2026\/07\/755694426_1803977490767517_7868185842083101427_n.jpg&#8221;] Ceea ce, \u00een urm\u0103 cu doar c\u00e2teva s\u0103pt\u0103m\u00e2ni, p\u0103rea imposibil a devenit realitate. Dup\u0103 ce retrogradarea din Liga 3 alimentase zvonurile privind desfiin\u021barea clubului, CSM R\u00e2mnicu S\u0103rat continu\u0103 \u00een fotbalul profesionist \u0219i va lua startul at\u00e2t \u00een noul sezon al Ligii 3, c\u00e2t \u0219i \u00een Cupa Rom\u00e2niei. Federa\u021bia Rom\u00e2n\u0103 de Fotbal a [&hellip;]<\/p>\n","protected":false},"author":1,"featured_media":0,"comment_status":"open","ping_status":"","sticky":false,"template":"","format":"standard","meta":{"footnotes":""},"categories":[2],"tags":[118,226],"class_list":["post-2060272","post","type-post","status-publish","format-standard","hentry","category-politics","tag-campusbuzau-ro","tag-crawlmanager"],"_links":{"self":[{"href":"https:\/\/analyse.optim.biz\/index.php?rest_route=\/wp\/v2\/posts\/2060272","targetHints":{"allow":["GET"]}}],"collection":[{"href":"https:\/\/analyse.optim.biz\/index.php?rest_route=\/wp\/v2\/posts"}],"about":[{"href":"https:\/\/analyse.optim.biz\/index.php?rest_route=\/wp\/v2\/types\/post"}],"author":[{"embeddable":true,"href":"https:\/\/analyse.optim.biz\/index.php?rest_route=\/wp\/v2\/users\/1"}],"replies":[{"embeddable":true,"href":"https:\/\/analyse.optim.biz\/index.php?rest_route=%2Fwp%2Fv2%2Fcomments&post=2060272"}],"version-history":[{"count":0,"href":"https:\/\/analyse.optim.biz\/index.php?rest_route=\/wp\/v2\/posts\/2060272\/revisions"}],"wp:attachment":[{"href":"https:\/\/analyse.optim.biz\/index.php?rest_route=%2Fwp%2Fv2%2Fmedia&parent=2060272"}],"wp:term":[{"taxonomy":"category","embeddable":true,"href":"https:\/\/analyse.optim.biz\/index.php?rest_route=%2Fwp%2Fv2%2Fcategories&post=2060272"},{"taxonomy":"post_tag","embeddable":true,"href":"https:\/\/analyse.optim.biz\/index.php?rest_route=%2Fwp%2Fv2%2Ftags&post=2060272"}],"curies":[{"name":"wp","href":"https:\/\/api.w.org\/{rel}","templated":true}]}}