{"id":206027,"date":"2014-05-08T23:16:33","date_gmt":"2014-05-08T20:16:33","guid":{"rendered":"https:\/\/analyse.optim.biz\/?p=206027"},"modified":"2014-05-08T23:16:33","modified_gmt":"2014-05-08T20:16:33","slug":"de-veghe-la-afisele-electorale-angajatii-unei-primarii-din-gorj-stau-de-paza-de-la-10-seara-la-6-dimineata","status":"publish","type":"post","link":"https:\/\/analyse.optim.biz\/?p=206027","title":{"rendered":"De veghe la afi\u015fele electorale. Angaja\u021bii unei prim\u0103rii din Gorj stau de paz\u0103 de la 10 seara la 6 diminea\u0163a"},"content":{"rendered":"<div class=\"entry data-app-meta data-app-meta-article\" data-embed-base-url-canonical=\"https:\/\/www.digi24.ro\/embed\/stiri\/actualitate\/politica\/de-veghe-la-afisele-electorale-angajatii-unei-primarii-din-gorj-stau-de-paza-de-la-10-seara-la-6-dimineata-240512\">\n<p data-index=\"1\">Fiecare punct de afi\u0219aj electoral este p\u0103zit de un angajat al prim\u0103riei. Oricine se apropie de afi\u0219ele electorale este luat la \u00eentreb\u0103ri.<\/p>\n<p data-index=\"2\">Mul\u021bi dintre func\u0163ionarii prim\u0103riei nu au un loc unde s\u0103 stea noaptea la ad\u0103post. Unii s-au mai rugat de oamenii care locuiesc \u00een zon\u0103 s\u0103-i g\u0103zduiasc\u0103, dar numai dac\u0103 au camere cu vedere spre afi\u015fele candida\u0163ilor la europarlamentare.<\/p>\n<p data-index=\"3\">\u201e<span>M-am rugat de vecinul \u0103sta, pentru c\u00e2nd plou\u0103\u201d, spune Dumitru R\u0103doi, unul dintre paznicii de ocazie.<\/span><\/p>\n<p data-index=\"4\">Ordinul dat de primarul din Alimpe\u015fti nu se discut\u0103, se execut\u0103. Decizia primarului este cu at\u00e2t mai greu de \u00een\u0163eles, cu c\u00e2t \u00een comun\u0103 exist\u0103 un post de poli\u0163ie. Iar prin lege, agen\u0163ii sunt obliga\u0163i s\u0103 patruleze pe timp de noapte.<\/p>\n<p data-index=\"5\">\u201eE vorba de bani publici, oamenii nu pl\u0103tesc oamenii \u0103\u0219tia s\u0103 p\u0103zeasc\u0103 panouri electorale, \u00eei pl\u0103tesc s\u0103 \u00eentre\u021bin\u0103 conducta de ap\u0103, \u0219an\u021burile\u201d, spune consilierul local Leonida Belgher.<\/p>\n<p data-index=\"6\">Edilul a refuzat s\u0103 explice de ce este nevoie ca func\u0163ionarii s\u0103 p\u0103zeasc\u0103 afi\u015fele electorale. A anun\u0163at \u00eens\u0103 c\u0103 va anula dispozi\u0163ia. <\/p>\n<p data-index=\"7\">\u201e\u00cemi retrag oamenii c\u0103 mi-a\u021bi spus dumneavoastr\u0103, i-a\u0163i speriat c\u0103 le-a\u0163i zis c\u0103 n-au ce c\u0103uta acolo\u201d, a declarat la Digi24 primarul comunei Alimpe\u0219ti, Maria Mosor.<\/p>\n<p data-index=\"8\">Primarul \u015fi-a trimis \u015foferul s\u0103 anun\u0163e echipa Digi24 c\u0103 nu dore\u015fte s\u0103 dea o declara\u0163ie \u015fi \u00een fa\u0163a camerei de filmat. Angajatul nu s-a limitat doar la at\u00e2t, ci a f\u0103cut semne obscene c\u0103tre jurnali\u015fti.<\/p>\n<\/div>\n<p> Source URL: https:\/\/www.digi24.ro\/stiri\/actualitate\/politica\/de-veghe-la-afisele-electorale-angajatii-unei-primarii-din-gorj-stau-de-paza-de-la-10-seara-la-6-dimineata-240512<\/p>\n","protected":false},"excerpt":{"rendered":"<p>Fiecare punct de afi\u0219aj electoral este p\u0103zit de un angajat al prim\u0103riei. Oricine se apropie de afi\u0219ele electorale este luat la \u00eentreb\u0103ri. Mul\u021bi dintre func\u0163ionarii prim\u0103riei nu au un loc unde s\u0103 stea noaptea la ad\u0103post. Unii s-au mai rugat de oamenii care locuiesc \u00een zon\u0103 s\u0103-i g\u0103zduiasc\u0103, dar numai dac\u0103 au camere cu vedere [&hellip;]<\/p>\n","protected":false},"author":1,"featured_media":206028,"comment_status":"open","ping_status":"","sticky":false,"template":"","format":"standard","meta":{"footnotes":""},"categories":[2],"tags":[11],"class_list":["post-206027","post","type-post","status-publish","format-standard","has-post-thumbnail","hentry","category-politics","tag-digi24"],"_links":{"self":[{"href":"https:\/\/analyse.optim.biz\/index.php?rest_route=\/wp\/v2\/posts\/206027","targetHints":{"allow":["GET"]}}],"collection":[{"href":"https:\/\/analyse.optim.biz\/index.php?rest_route=\/wp\/v2\/posts"}],"about":[{"href":"https:\/\/analyse.optim.biz\/index.php?rest_route=\/wp\/v2\/types\/post"}],"author":[{"embeddable":true,"href":"https:\/\/analyse.optim.biz\/index.php?rest_route=\/wp\/v2\/users\/1"}],"replies":[{"embeddable":true,"href":"https:\/\/analyse.optim.biz\/index.php?rest_route=%2Fwp%2Fv2%2Fcomments&post=206027"}],"version-history":[{"count":0,"href":"https:\/\/analyse.optim.biz\/index.php?rest_route=\/wp\/v2\/posts\/206027\/revisions"}],"wp:featuredmedia":[{"embeddable":true,"href":"https:\/\/analyse.optim.biz\/index.php?rest_route=\/wp\/v2\/media\/206028"}],"wp:attachment":[{"href":"https:\/\/analyse.optim.biz\/index.php?rest_route=%2Fwp%2Fv2%2Fmedia&parent=206027"}],"wp:term":[{"taxonomy":"category","embeddable":true,"href":"https:\/\/analyse.optim.biz\/index.php?rest_route=%2Fwp%2Fv2%2Fcategories&post=206027"},{"taxonomy":"post_tag","embeddable":true,"href":"https:\/\/analyse.optim.biz\/index.php?rest_route=%2Fwp%2Fv2%2Ftags&post=206027"}],"curies":[{"name":"wp","href":"https:\/\/api.w.org\/{rel}","templated":true}]}}