{"id":206016,"date":"2014-05-09T00:29:28","date_gmt":"2014-05-08T21:29:28","guid":{"rendered":"https:\/\/analyse.optim.biz\/?p=206016"},"modified":"2014-05-09T00:29:28","modified_gmt":"2014-05-08T21:29:28","slug":"24-intr-o-ora-traian-basescu-atac-dur-la-adresa-lui-victor-ponta-reactiile-politicienilor-si-analistilor","status":"publish","type":"post","link":"https:\/\/analyse.optim.biz\/?p=206016","title":{"rendered":"24 \u00eentr-o or\u0103. Traian B\u0103sescu, atac dur la adresa lui Victor Ponta. Reac\u021biile politicienilor \u0219i anali\u0219tilor"},"content":{"rendered":"<div class=\"entry data-app-meta data-app-meta-article\" data-embed-base-url-canonical=\"https:\/\/www.digi24.ro\/embed\/stiri\/actualitate\/politica\/24-intr-o-ora-traian-basescu-atac-dur-la-adresa-lui-victor-ponta-reactiile-politicienilor-si-analistilor-240523\">\n<p data-index=\"1\">Senatorul PSD Ecaterina Andronescu a declarat la Digi24 c\u0103 \u201edialogul \u00eentre institu\u021bii at\u00e2t de importante trebuie s\u0103 p\u0103streze o anumit\u0103 \u021binut\u0103\u201d.<\/p>\n<p data-index=\"2\">\u201e<span>Nu pot s\u0103 accept s\u0103 trimitem \u00een derizoriu institu\u021biile fundamentale ale statului. Nu pot s\u0103 agreez un asemenea limbaj. (&#8230;) Cred c\u0103 trebuie s\u0103 ne p\u0103str\u0103m demnitatea de na\u021bie important\u0103 \u00eentre celelalte na\u021bii din Uniunea European\u0103. Nu cred c\u0103 un asemenea discurs ne face bine vreunuia dintre noi, cet\u0103\u021benii Rom\u00e2niei, sau \u00eei face bine Rom\u00e2niei. Iar cet\u0103\u021benii cred c\u0103 a\u0219teapt\u0103 cu totul altceva de la cei care ocup\u0103 scena public\u0103, \u00een orice pozi\u021bie ar fi ei\u201d, a spus Ecaterina Andronescu.<\/span><\/p>\n<p data-index=\"3\">Deputatul PDL Cezar Preda a spus c\u0103 at\u00e2t premierul, c\u00e2t \u0219i pre\u0219edintele \u00eei \u00eempiedic\u0103 pe rom\u00e2ni s\u0103 se preocupe de Europa \u0219i de viitorul lor.<\/p>\n<p data-index=\"4\">\u201e<span>Unul care \u00eei face fasci\u0219ti diminea\u021ba \u2013 \u0219i nazi\u0219ti \u2013 pe ni\u0219te oameni de cultur\u0103, altul care seara, \u00een disperare \u2013 \u0219i am s\u0103 v\u0103 spun despre acel sondaj, \u0219tiam de ieri c\u0103 de disperare c\u0103 nu intr\u0103 \u00een parlament vor veni cu o f\u0103c\u0103tur\u0103, dar nu m\u0103 g\u00e2ndeam c\u0103 o s\u0103 vin\u0103 chiar \u0219eful statului s\u0103 sus\u021bin\u0103 aceast\u0103 f\u0103c\u0103tur\u0103. Eu nu cred c\u0103 aducerea \u00een discu\u021bie a unor chestii at\u00e2t de sensibile, at\u00e2t de intime pot s\u0103 aduc\u0103 ceva bun oric\u0103ruia din noi.<\/span><\/p>\n<p data-index=\"5\">Cristian Preda, candidat la alegerile parlamentare din partea Partidului Mi\u0219carea Popular\u0103, a declarat la Digi24 c\u0103 nu a urm\u0103rit declara\u021biile pre\u0219edintelui pentru c\u0103 se afl\u0103 \u00een Republica Moldova.<\/p>\n<p data-index=\"6\">\u201e<span>\u00cen Rom\u00e2nia nu exist\u0103 un cod al dezbaterii publice \u0219i pe de alt\u0103 parte e clar c\u0103 \u00een listele de la Parlamentul European sunt persoane care sunt rude foarte apropiate ale liderilor de partid PSD \u0219i PNL. Dar altceva nu \u0219tiu \u0219i nu vreau s\u0103 m\u0103 pronun\u021b \u00een necuno\u0219tin\u021b\u0103 de cauz\u0103.<\/span><\/p>\n<p data-index=\"7\">Politologul Andrei \u021a\u0103ranu spune c\u0103 este destul de pu\u021bin obi\u0219nuit ca via\u021ba privat\u0103 a cuiva s\u0103 fie adus\u0103 astfel \u00een campania electoral\u0103. \u00cen opinia sa, s\u0103 ceri cuiva s\u0103-\u021bi fie na\u0219 de cununie presupune o rela\u021bie foarte bun\u0103 \u00eentre doi oameni.<\/p>\n<p data-index=\"8\">\u201e<span>Dac\u0103 devoalezi o asemenea rela\u021bie \u00eenseamn\u0103 c\u0103 exist\u0103 ceva, o du\u0219m\u0103nie foarte mare. Cred c\u0103 am \u00eenceput s\u0103 \u00een\u021beleg de ce pre\u0219edintele este at\u00e2t de vehement \u00eempotriva premierului, pe care \u00eel consider\u0103 vehicului PSD-ului. \u0218i asta pentru c\u0103 domnia sa a spus c\u0103 sondajul pe care tocmai l-au lansat cei de la Mi\u0219carea Popular\u0103 are o tendin\u021b\u0103 de cre\u0219tere \u0219i c\u0103, dac\u0103 s-ar prezenta la vot \u0219i o parte din indeci\u0219i, ar ajunge la 46%. Ori 46%, cu c\u00e2teva s\u0103pt\u0103m\u00e2ni \u00eenainte, ar fi un scor care ar spulbera capacitatea altor partide de a se coaliza. Aici cred c\u0103 este marea team\u0103 a pre\u0219edintelui\u201d, a spus Andrei \u021a\u0103ranu.<\/span><\/p>\n<p data-index=\"9\">Jurnalistul Bogdan Ficeac a spus c\u0103 pre\u0219edintele este \u00een campanie electoral\u0103.<\/p>\n<p data-index=\"10\">\u201e<span>Dore\u0219te s\u0103-\u0219i ridice construc\u021bia politic\u0103 a\u0219a cum crede domnia sa. Din nefericire, nivelul discu\u021biilor domniei sale a ajuns la ni\u0219te abisuri pestilen\u021biale. Ne spunea dumnealui s\u0103 discut\u0103m despre programe, despre partide, acum v\u0103d c\u0103 \u00eencepe s\u0103 scotoceasc\u0103&#8230;\u201d, a spus el.<\/span><\/p>\n<p data-index=\"11\">Bogdan Ficeac consider\u0103 c\u0103 e posibil ca premierul s\u0103 reac\u021bioneze \u00een aceea\u0219i manier\u0103.<\/p>\n<p data-index=\"12\">\u201e<span>Am senza\u021bia c\u0103 acea coabitare \u00eenceput\u0103 acum doi ani s-a transformat \u00eentr-un fel de rela\u021bie sado-masochist\u0103. Pre\u0219edintele g\u0103se\u0219te noi formule de a m\u0103tura podeaua cu diver\u0219i deciden\u021bi ai actualei puteri, iar deciden\u021bii respectivi au o pl\u0103cere de a se angrena \u00een aceast\u0103 disput\u0103, \u00een loc s\u0103-\u0219i vad\u0103 de treaba lor\u201d, a spus el.<\/span><\/p>\n<p data-index=\"13\">\u201e<span>Cel mai r\u0103u e c\u0103 aceste discu\u021bii sunt urm\u0103rite de reprezentan\u021bii ambasadelor str\u0103ine\u201d, a ad\u0103ugat Bogdan Ficeac.<\/span><\/p>\n<\/div>\n<p> Source URL: https:\/\/www.digi24.ro\/stiri\/actualitate\/politica\/24-intr-o-ora-traian-basescu-atac-dur-la-adresa-lui-victor-ponta-reactiile-politicienilor-si-analistilor-240523<\/p>\n","protected":false},"excerpt":{"rendered":"<p>Senatorul PSD Ecaterina Andronescu a declarat la Digi24 c\u0103 \u201edialogul \u00eentre institu\u021bii at\u00e2t de importante trebuie s\u0103 p\u0103streze o anumit\u0103 \u021binut\u0103\u201d. \u201eNu pot s\u0103 accept s\u0103 trimitem \u00een derizoriu institu\u021biile fundamentale ale statului. Nu pot s\u0103 agreez un asemenea limbaj. (&#8230;) Cred c\u0103 trebuie s\u0103 ne p\u0103str\u0103m demnitatea de na\u021bie important\u0103 \u00eentre celelalte na\u021bii din [&hellip;]<\/p>\n","protected":false},"author":1,"featured_media":206017,"comment_status":"open","ping_status":"","sticky":false,"template":"","format":"standard","meta":{"footnotes":""},"categories":[2],"tags":[11],"class_list":["post-206016","post","type-post","status-publish","format-standard","has-post-thumbnail","hentry","category-politics","tag-digi24"],"_links":{"self":[{"href":"https:\/\/analyse.optim.biz\/index.php?rest_route=\/wp\/v2\/posts\/206016","targetHints":{"allow":["GET"]}}],"collection":[{"href":"https:\/\/analyse.optim.biz\/index.php?rest_route=\/wp\/v2\/posts"}],"about":[{"href":"https:\/\/analyse.optim.biz\/index.php?rest_route=\/wp\/v2\/types\/post"}],"author":[{"embeddable":true,"href":"https:\/\/analyse.optim.biz\/index.php?rest_route=\/wp\/v2\/users\/1"}],"replies":[{"embeddable":true,"href":"https:\/\/analyse.optim.biz\/index.php?rest_route=%2Fwp%2Fv2%2Fcomments&post=206016"}],"version-history":[{"count":0,"href":"https:\/\/analyse.optim.biz\/index.php?rest_route=\/wp\/v2\/posts\/206016\/revisions"}],"wp:featuredmedia":[{"embeddable":true,"href":"https:\/\/analyse.optim.biz\/index.php?rest_route=\/wp\/v2\/media\/206017"}],"wp:attachment":[{"href":"https:\/\/analyse.optim.biz\/index.php?rest_route=%2Fwp%2Fv2%2Fmedia&parent=206016"}],"wp:term":[{"taxonomy":"category","embeddable":true,"href":"https:\/\/analyse.optim.biz\/index.php?rest_route=%2Fwp%2Fv2%2Fcategories&post=206016"},{"taxonomy":"post_tag","embeddable":true,"href":"https:\/\/analyse.optim.biz\/index.php?rest_route=%2Fwp%2Fv2%2Ftags&post=206016"}],"curies":[{"name":"wp","href":"https:\/\/api.w.org\/{rel}","templated":true}]}}