{"id":2060092,"date":"2026-07-24T14:40:51","date_gmt":"2026-07-24T11:40:51","guid":{"rendered":"https:\/\/analyse.optim.biz\/?p=2060092"},"modified":"2026-07-24T14:40:51","modified_gmt":"2026-07-24T11:40:51","slug":"primaria-timisoara-modernizeaza-curtile-si-terenurile-de-sport-din-scoli-foto","status":"publish","type":"post","link":"https:\/\/analyse.optim.biz\/?p=2060092","title":{"rendered":"Prim\u0103ria Timi\u015foara modernizeaz\u0103 cur\u0163ile \u015fi terenurile de sport din \u015fcoli FOTO"},"content":{"rendered":"<p>[analyse_image type=&#8221;featured&#8221; src=&#8221;http:\/\/www.banatulmeu.ro\/wp-content\/uploads\/2026\/07\/Teren-Ferdinand-4-e1784909650723.jpg&#8221;]<\/p>\n<div class=\"post-content-bd\">\n<p>Prim\u0103ria Timi\u015foara modernizeaz\u0103, \u00een aceast\u0103 perioad\u0103, cur\u0163ile \u015fi terenurile de sport din mai multe unit\u0103\u0163i de \u00eenv\u0103\u0163\u0103m\u00e2nt.\u00a0Interven\u021biile sunt realizate prin ASEMT \u0219i urm\u0103resc s\u0103 \u00eencurajeze mi\u0219carea \u00een r\u00e2ndul elevilor \u0219i s\u0103 transforme cur\u021bile \u00een spa\u021bii folosite at\u00e2t \u00een timpul programului \u0219colar, c\u00e2t \u0219i dup\u0103 ore.<\/p>\n<p><em>\u201e\u00cencuraj\u0103m mi\u0219carea \u00een r\u00e2ndul copiilor prin proiecte desf\u0103\u0219urate \u00eempreun\u0103 cu SCM Timi\u0219oara. Aducem sportivi de performan\u021b\u0103 \u00een \u0219coli pentru a transforma pauza mare \u00een antrenament pentru elevi, iar la Baza Sportiv\u0103 Deheleanu organiz\u0103m activit\u0103\u021bi pentru copii. Avem \u0219i un program care sprijin\u0103 at\u00e2t mi\u0219carea, c\u00e2t \u0219i aten\u021bia \u0219i concentrarea elevilor \u2013 \u00een cur\u021bile a 30 de \u0219coli gimnaziale \u0219i licee am montat mese de ping pong. Acum modernizarea cur\u021bilor \u0219i terenurilor de sport completeaz\u0103 aceste demersuri<\/em>\u201d, a declarat viceprimarul Paula Romocean.<\/p>\n<p>Printre proiectele finan\u021bate de prim\u0103rie se num\u0103r\u0103 refacerea terenului de sport de la Liceul Tehnologic Energetic \u201eRegele Ferdinand I\u201d, unde lucr\u0103rile sunt aproape finalizate. Urmeaz\u0103 ultimele interven\u021bii la gardul de \u00eemprejmuire, astfel \u00eenc\u00e2t, odat\u0103 cu \u00eenceperea noului an \u0219colar, cei peste 500 de elevi ai liceului s\u0103 se bucure de un teren modern, potrivit pentru orele de sport \u0219i activit\u0103\u021bi \u00een aer liber.<\/p>\n<p>\u00cen programul Prim\u0103riei Timi\u015foara sunt incluse \u0219i alte unit\u0103\u021bi de \u00eenv\u0103\u021b\u0103m\u00e2nt din ora\u0219. La Colegiul Tehnic \u201eEmanuil Ungureanu\u201d este prev\u0103zut\u0103 amenajarea unui teren multisport, care va putea fi inclus, dup\u0103 finalizarea lucr\u0103rilor, \u00een programul \u201eDeschidem Curtea \u0218colii\u201d, prin care elevii pot folosi terenurile \u0219i dup\u0103 terminarea cursurilor. Totodat\u0103, sunt prev\u0103zute interven\u021bii la cur\u021bile \u0218colii Gimnaziale nr. 2, \u0218colii Gimnaziale nr. 6, Liceului cu Program Sportiv \u201eBanatul\u201d \u0219i Colegiului Na\u021bional B\u0103n\u0103\u021bean.<\/p>\n<p>\u00cen paralel, \u00een parteneriat cu Funda\u021bia Alber, Prim\u0103ria Timi\u0219oara sus\u021bine \u0219i amenajarea unor zone verzi \u0219i spa\u021bii de recreere \u00een trei \u0219coli din ora\u0219: Liceul Teoretic \u201eGrigore Moisil\u201d, Liceul Tehnologic de Agricultur\u0103, Silvicultur\u0103 \u0219i \u0218tiin\u021bele Naturii \u0219i \u0218coala Gimnazial\u0103 nr. 21 \u201eVicen\u021biu Babe\u0219\u201d.<\/p>\n<div id=\"gallery-1\" class=\"gallery galleryid-188367 gallery-columns-3 gallery-size-thumbnail\">\n<figure class=\"gallery-item\">\n<div class=\"gallery-icon landscape\"><a href=\"https:\/\/www.banatulmeu.ro\/primaria-timisoara-modernizeaza-curtile-si-terenurile-de-sport-din-scoli-foto\/default-214\/\"><img loading=\"lazy\" decoding=\"async\" width=\"150\" height=\"150\" src=\"https:\/\/www.banatulmeu.ro\/wp-content\/uploads\/2026\/07\/Teen-Ferdinand-3-150x150.jpg\" class=\"attachment-thumbnail size-thumbnail\" alt aria-describedby=\"gallery-1-188371\"><img loading=\"lazy\" decoding=\"async\" width=\"150\" height=\"150\" src=\"https:\/\/www.banatulmeu.ro\/wp-content\/uploads\/2026\/07\/Teen-Ferdinand-3-150x150.jpg\" class=\"attachment-thumbnail size-thumbnail\" alt aria-describedby=\"gallery-1-188371\"><\/a><\/div><figcaption class=\"wp-caption-text gallery-caption\" id=\"gallery-1-188371\">\n\t\t\t\tdefault<br \/>\n\t\t\t\t<\/figcaption><\/figure>\n<figure class=\"gallery-item\">\n<div class=\"gallery-icon landscape\"><a href=\"https:\/\/www.banatulmeu.ro\/primaria-timisoara-modernizeaza-curtile-si-terenurile-de-sport-din-scoli-foto\/teren-ferdinand-2\/\"><img loading=\"lazy\" decoding=\"async\" width=\"150\" height=\"150\" src=\"https:\/\/www.banatulmeu.ro\/wp-content\/uploads\/2026\/07\/Teren-Ferdinand-2-150x150.jpg\" class=\"attachment-thumbnail size-thumbnail\" alt><img loading=\"lazy\" decoding=\"async\" width=\"150\" height=\"150\" src=\"https:\/\/www.banatulmeu.ro\/wp-content\/uploads\/2026\/07\/Teren-Ferdinand-2-150x150.jpg\" class=\"attachment-thumbnail size-thumbnail\" alt><\/a><\/div>\n<\/figure>\n<figure class=\"gallery-item\">\n<div class=\"gallery-icon landscape\"><a href=\"https:\/\/www.banatulmeu.ro\/primaria-timisoara-modernizeaza-curtile-si-terenurile-de-sport-din-scoli-foto\/teren-ferdinand-1\/\"><img loading=\"lazy\" decoding=\"async\" width=\"150\" height=\"150\" src=\"https:\/\/www.banatulmeu.ro\/wp-content\/uploads\/2026\/07\/Teren-Ferdinand-1-150x150.jpg\" class=\"attachment-thumbnail size-thumbnail\" alt><img decoding=\"async\" loading=\"lazy\" width=\"150\" height=\"150\" src=\"https:\/\/www.banatulmeu.ro\/wp-content\/uploads\/2026\/07\/Teren-Ferdinand-1-150x150.jpg\" class=\"attachment-thumbnail size-thumbnail\" alt><\/a><\/div>\n<\/figure>\n<\/div>\n<\/div>\n<p>[analyse_source url=&#8221;https:\/\/www.banatulmeu.ro\/primaria-timisoara-modernizeaza-curtile-si-terenurile-de-sport-din-scoli-foto\/&#8221;]<\/p>\n","protected":false},"excerpt":{"rendered":"<p>[analyse_image type=&#8221;featured&#8221; src=&#8221;http:\/\/www.banatulmeu.ro\/wp-content\/uploads\/2026\/07\/Teren-Ferdinand-4-e1784909650723.jpg&#8221;] Prim\u0103ria Timi\u015foara modernizeaz\u0103, \u00een aceast\u0103 perioad\u0103, cur\u0163ile \u015fi terenurile de sport din mai multe unit\u0103\u0163i de \u00eenv\u0103\u0163\u0103m\u00e2nt.\u00a0Interven\u021biile sunt realizate prin ASEMT \u0219i urm\u0103resc s\u0103 \u00eencurajeze mi\u0219carea \u00een r\u00e2ndul elevilor \u0219i s\u0103 transforme cur\u021bile \u00een spa\u021bii folosite at\u00e2t \u00een timpul programului \u0219colar, c\u00e2t \u0219i dup\u0103 ore. \u201e\u00cencuraj\u0103m mi\u0219carea \u00een r\u00e2ndul copiilor prin proiecte [&hellip;]<\/p>\n","protected":false},"author":1,"featured_media":0,"comment_status":"open","ping_status":"","sticky":false,"template":"","format":"standard","meta":{"footnotes":""},"categories":[89],"tags":[204,226],"class_list":["post-2060092","post","type-post","status-publish","format-standard","hentry","category-romania","tag-banatulmeu-ro","tag-crawlmanager"],"_links":{"self":[{"href":"https:\/\/analyse.optim.biz\/index.php?rest_route=\/wp\/v2\/posts\/2060092","targetHints":{"allow":["GET"]}}],"collection":[{"href":"https:\/\/analyse.optim.biz\/index.php?rest_route=\/wp\/v2\/posts"}],"about":[{"href":"https:\/\/analyse.optim.biz\/index.php?rest_route=\/wp\/v2\/types\/post"}],"author":[{"embeddable":true,"href":"https:\/\/analyse.optim.biz\/index.php?rest_route=\/wp\/v2\/users\/1"}],"replies":[{"embeddable":true,"href":"https:\/\/analyse.optim.biz\/index.php?rest_route=%2Fwp%2Fv2%2Fcomments&post=2060092"}],"version-history":[{"count":0,"href":"https:\/\/analyse.optim.biz\/index.php?rest_route=\/wp\/v2\/posts\/2060092\/revisions"}],"wp:attachment":[{"href":"https:\/\/analyse.optim.biz\/index.php?rest_route=%2Fwp%2Fv2%2Fmedia&parent=2060092"}],"wp:term":[{"taxonomy":"category","embeddable":true,"href":"https:\/\/analyse.optim.biz\/index.php?rest_route=%2Fwp%2Fv2%2Fcategories&post=2060092"},{"taxonomy":"post_tag","embeddable":true,"href":"https:\/\/analyse.optim.biz\/index.php?rest_route=%2Fwp%2Fv2%2Ftags&post=2060092"}],"curies":[{"name":"wp","href":"https:\/\/api.w.org\/{rel}","templated":true}]}}