{"id":2060089,"date":"2026-07-24T14:55:17","date_gmt":"2026-07-24T11:55:17","guid":{"rendered":"https:\/\/analyse.optim.biz\/?p=2060089"},"modified":"2026-07-24T14:55:17","modified_gmt":"2026-07-24T11:55:17","slug":"accesul-catre-aeroportul-timisoara-afectat-de-lucrarile-la-calea-ferata-pana-la-sfarsitul-lunii-august","status":"publish","type":"post","link":"https:\/\/analyse.optim.biz\/?p=2060089","title":{"rendered":"Accesul c\u0103tre Aeroportul Timi\u0219oara, afectat de lucr\u0103rile la calea ferat\u0103 p\u00e2n\u0103 la sf\u00e2r\u0219itul lunii august"},"content":{"rendered":"<p>[analyse_image type=&#8221;featured&#8221; src=&#8221;https:\/\/orasul-timisoara.ro\/wp-content\/uploads\/2026\/07\/WhatsApp-Image-2026-07-24-at-14.26.28.jpg&#8221;]<\/p>\n<article id=\"post-39860\" class=\"td-post-template-7 post-39860 post type-post status-publish format-standard has-post-thumbnail category-featured category-stiri-timisoara tag-aeroportul-international-timioara tag-aeroportul-international-traian-vuia tag-aeroportul-timisoara-2 tag-cale-ferata-2 tag-centura-timisoarei-2 tag-dj-609d tag-dn6 tag-fcc-construccion tag-ghiroda tag-infrastructura-2 tag-lugoj-timisoara-est tag-restrictii-trafic-2 tag-stiri-timisoara tag-strada-aeroport td-container-wrap\">\n<div class=\"td-full-screen-header-image-wrap\">\n<div class=\"td-container td-post-header\">\n<div class=\"td-crumb-container\">\n<div class=\"entry-crumbs\"><span><a title=\"Vede\u021bi toate articolele \u00een \u0218tiri Locale\" class=\"entry-crumb\" href=\"https:\/\/orasul-timisoara.ro\/local-category\/stiri-timisoara\/\">\u0218tiri Locale<\/a><\/span><span class=\"td-bred-no-url-last\">Accesul c\u0103tre Aeroportul Timi\u0219oara, afectat de lucr\u0103rile la calea ferat\u0103 p\u00e2n\u0103 la&#8230;<\/span><\/div>\n<\/div>\n<div class=\"td-post-header-holder\">\n<div class=\"td-parallax-header\">\n<header class=\"td-post-title\">\n<ul class=\"td-category\">\n<li class=\"entry-category\"><a href=\"https:\/\/orasul-timisoara.ro\/local-category\/stiri-timisoara\/\">\u0218tiri Locale<\/a><\/li>\n<\/ul>\n<h1 class=\"entry-title\">Accesul c\u0103tre Aeroportul Timi\u0219oara, afectat de lucr\u0103rile la calea ferat\u0103 p\u00e2n\u0103 la sf\u00e2r\u0219itul lunii august<\/h1>\n<div class=\"td-module-meta-info\">\n<div class=\"td-post-author-name\">\n<div class=\"td-author-by\">De c\u0103tre<\/div>\n<p><a href=\"https:\/\/orasul-timisoara.ro\/author\/timisoara\/\">redactia<\/a><\/p>\n<div class=\"td-author-line\"> &#8211; <\/div>\n<\/div>\n<p><span class=\"td-post-date\"><time class=\"entry-date updated td-module-date\" datetime=\"2026-07-24T17:55:17+03:00\">24\/07\/2026<\/time><\/span><\/div>\n<\/header>\n<\/div>\n<\/div>\n<\/div>\n<div id=\"td-full-screen-header-image\" class=\"td-image-gradient-style7\"><img decoding=\"async\" class=\"td-backstretch\" src=\"https:\/\/orasul-timisoara.ro\/wp-content\/uploads\/2026\/07\/WhatsApp-Image-2026-07-24-at-14.26.28.jpg\"><\/div>\n<\/div>\n<div class=\"td-container\">\n<div class=\"td-pb-row\">\n<div class=\"td-pb-span8 td-main-content\" role=\"main\">\n<div class=\"td-ss-main-content\">\n<div class=\"td-post-sharing-top\">\n<div class=\"td-post-sharing-classic\"><iframe title=\"topFacebookLike\" frameborder src=\"https:\/\/www.facebook.com\/plugins\/like.php?href=https:\/\/orasul-timisoara.ro\/local-39860\/&amp;layout=button_count&amp;show_faces=false&amp;width=105&amp;action=like&amp;colorscheme=light&amp;height=21\"><\/iframe><\/div>\n<div id=\"td_social_sharing_article_top\" class=\"td-post-sharing td-ps-bg td-ps-notext td-post-sharing-style1 \">\n<div class=\"td-post-sharing-visible\"><a class=\"td-social-sharing-button td-social-sharing-button-js td-social-network td-social-facebook\" href=\"https:\/\/www.facebook.com\/sharer.php?u=https%3A%2F%2Forasul-timisoara.ro%2Flocal-39860%2F\" title=\"Facebook\"><\/p>\n<div class=\"td-social-but-text\">Facebook<\/div>\n<p><\/a><a class=\"td-social-sharing-button td-social-sharing-button-js td-social-network td-social-twitter\" href=\"https:\/\/twitter.com\/intent\/tweet?text=Accesul+c%C4%83tre+Aeroportul+Timi%C8%99oara%2C+afectat+de+lucr%C4%83rile+la+calea+ferat%C4%83+p%C3%A2n%C4%83+la+sf%C3%A2r%C8%99itul+lunii+august&amp;url=https%3A%2F%2Forasul-timisoara.ro%2Flocal-39860%2F&amp;via=orasultm\" title=\"Twitter\"><\/p>\n<div class=\"td-social-but-text\">Twitter<\/div>\n<p><\/a><a class=\"td-social-sharing-button td-social-sharing-button-js td-social-network td-social-whatsapp\" href=\"https:\/\/api.whatsapp.com\/send?text=Accesul+c%C4%83tre+Aeroportul+Timi%C8%99oara%2C+afectat+de+lucr%C4%83rile+la+calea+ferat%C4%83+p%C3%A2n%C4%83+la+sf%C3%A2r%C8%99itul+lunii+august%20%0A%0A%20https:\/\/orasul-timisoara.ro\/local-39860\/\" title=\"WhatsApp\"><\/p>\n<div class=\"td-social-but-text\">WhatsApp<\/div>\n<p><\/a><a class=\"td-social-sharing-button td-social-sharing-button-js td-social-network td-social-linkedin\" href=\"https:\/\/www.linkedin.com\/shareArticle?mini=true&amp;url=https:\/\/orasul-timisoara.ro\/local-39860\/&amp;title=Accesul+c%C4%83tre+Aeroportul+Timi%C8%99oara%2C+afectat+de+lucr%C4%83rile+la+calea+ferat%C4%83+p%C3%A2n%C4%83+la+sf%C3%A2r%C8%99itul+lunii+august\" title=\"Linkedin\"><\/p>\n<div class=\"td-social-but-text\">Linkedin<\/div>\n<p><\/a><a class=\"td-social-sharing-button td-social-sharing-button-js td-social-network td-social-reddit\" href=\"https:\/\/reddit.com\/submit?url=https:\/\/orasul-timisoara.ro\/local-39860\/&amp;title=Accesul+c%C4%83tre+Aeroportul+Timi%C8%99oara%2C+afectat+de+lucr%C4%83rile+la+calea+ferat%C4%83+p%C3%A2n%C4%83+la+sf%C3%A2r%C8%99itul+lunii+august\" title=\"ReddIt\"><\/p>\n<div class=\"td-social-but-text\">ReddIt<\/div>\n<p><\/a><a class=\"td-social-sharing-button td-social-sharing-button-js td-social-network td-social-mail\" href=\"mailto:?subject=Accesul%20c%C4%83tre%20Aeroportul%20Timi%C8%99oara,%20afectat%20de%20lucr%C4%83rile%20la%20calea%20ferat%C4%83%20p%C3%A2n%C4%83%20la%20sf%C3%A2r%C8%99itul%20lunii%20august&amp;body=https:\/\/orasul-timisoara.ro\/local-39860\/\" title=\"Email\"><\/p>\n<div class=\"td-social-but-text\">Email<\/div>\n<p><\/a><a class=\"td-social-sharing-button td-social-sharing-button-js td-social-network td-social-print\" href=\"https:\/\/orasul-timisoara.ro\/local-39860\/\" title=\"Imprimare\"><\/p>\n<div class=\"td-social-but-text\">Imprimare<\/div>\n<p><\/a><\/div>\n<\/div>\n<\/div>\n<div class=\"td-post-content tagdiv-type\">\n<p class=\"wp-block-paragraph\">\u0218oferii care circul\u0103 spre Aeroportul Interna\u021bional \u201eTraian Vuia\u201d din Timi\u0219oara trebuie s\u0103 \u021bin\u0103 cont de faptul c\u0103 restric\u021biile de circula\u021bie de pe strada Aeroport din comuna Ghiroda au fost prelungite p\u00e2n\u0103 la data de 31 august 2026. Anun\u021bul a fost f\u0103cut de reprezentan\u021bii aeroportului, care recomand\u0103 pasagerilor s\u0103 \u00ee\u0219i planifice din timp deplas\u0103rile.<\/p>\n<p class=\"wp-block-paragraph\">M\u0103sura este necesar\u0103 pentru continuarea lucr\u0103rilor din cadrul proiectului de modernizare a liniei feroviare Caransebe\u0219 \u2013 Timi\u0219oara \u2013 Arad, Lot 2: Lugoj \u2013 Timi\u0219oara Est, investi\u021bie executat\u0103 de compania FCC Construcci\u00f3n.<\/p>\n<h2 class=\"wp-block-heading\">Circula\u021bia r\u0103m\u00e2ne \u00eenchis\u0103 la trecerea la nivel cu calea ferat\u0103<\/h2>\n<p class=\"wp-block-paragraph\">Restric\u021bia de circula\u021bie este men\u021binut\u0103 la trecerea la nivel cu calea ferat\u0103 situat\u0103 pe DJ 609D \u2013 strada Aeroport, \u00een comuna Ghiroda, \u00een zona kilometrului 0+400 din DN 6, \u00eentre cele dou\u0103 sensuri giratorii.<\/p>\n<p class=\"wp-block-paragraph\">Accesul pentru locuitorii din zon\u0103 este permis, \u00eens\u0103 circula\u021bia general\u0103 r\u0103m\u00e2ne restric\u021bionat\u0103 p\u00e2n\u0103 la finalizarea lucr\u0103rilor programate.<\/p>\n<h2 class=\"wp-block-heading\">Lucr\u0103ri pentru modernizarea infrastructurii feroviare<\/h2>\n<p class=\"wp-block-paragraph\">\u00cen aceast\u0103 perioad\u0103 sunt executate lucr\u0103ri de terasamente \u0219i interven\u021bii la suprastructura feroviar\u0103, necesare noii configura\u021bii a c\u0103ii ferate.<\/p>\n<p class=\"wp-block-paragraph\">Aceste lucr\u0103ri fac parte din proiectul de modernizare a magistralei feroviare Caransebe\u0219 \u2013 Timi\u0219oara \u2013 Arad, una dintre cele mai importante investi\u021bii \u00een infrastructura feroviar\u0103 din vestul Rom\u00e2niei.<\/p>\n<h2 class=\"wp-block-heading\">Rute alternative pentru \u0219oferi<\/h2>\n<p class=\"wp-block-paragraph\">Pe durata restric\u021biilor, traficul rutier este deviat pe DN 6 \u0219i pe Centura Timi\u0219oarei, acestea fiind rutele recomandate pentru accesul c\u0103tre Aeroportul Interna\u021bional Timi\u0219oara \u0219i celelalte destina\u021bii din zon\u0103.<\/p>\n<p class=\"wp-block-paragraph\">Reprezentan\u021bii aeroportului \u00eei sf\u0103tuiesc pe pasageri s\u0103 plece din timp spre terminal, pentru a evita \u00eent\u00e2rzierile cauzate de devierea traficului \u0219i de eventualele aglomer\u0103ri de pe traseele alternative.<\/p>\n<h2 class=\"wp-block-heading\">Recomandare pentru pasageri<\/h2>\n<p class=\"wp-block-paragraph\">Aeroportul Interna\u021bional Timi\u0219oara le recomand\u0103 tuturor celor care au zboruri programate \u00een perioada urm\u0103toare s\u0103 consulte din timp rutele disponibile \u0219i s\u0103 ia \u00een calcul un timp suplimentar pentru deplasare.<\/p>\n<p class=\"wp-block-paragraph\">Restric\u021biile vor r\u0103m\u00e2ne \u00een vigoare p\u00e2n\u0103 la 31 august 2026, termen stabilit pentru aceast\u0103 etap\u0103 a lucr\u0103rilor de modernizare a infrastructurii feroviare.<\/p>\n<\/div>\n<footer>\n<div class=\"td-post-source-tags\">\n<ul class=\"td-tags td-post-small-box clearfix\">\n<li><span>ETICHETE<\/span><\/li>\n<li><a href=\"https:\/\/orasul-timisoara.ro\/local-tag\/aeroportul-international-timioara\/\">aeroportul international timioara<\/a><\/li>\n<li><a href=\"https:\/\/orasul-timisoara.ro\/local-tag\/aeroportul-international-traian-vuia\/\">Aeroportul Interna\u021bional Traian Vuia<\/a><\/li>\n<li><a href=\"https:\/\/orasul-timisoara.ro\/local-tag\/aeroportul-timisoara-2\/\">Aeroportul Timi\u0219oara<\/a><\/li>\n<li><a href=\"https:\/\/orasul-timisoara.ro\/local-tag\/cale-ferata-2\/\">cale ferat\u0103<\/a><\/li>\n<li><a href=\"https:\/\/orasul-timisoara.ro\/local-tag\/centura-timisoarei-2\/\">Centura Timi\u0219oarei<\/a><\/li>\n<li><a href=\"https:\/\/orasul-timisoara.ro\/local-tag\/dj-609d\/\">DJ 609D<\/a><\/li>\n<li><a href=\"https:\/\/orasul-timisoara.ro\/local-tag\/dn6\/\">DN6<\/a><\/li>\n<li><a href=\"https:\/\/orasul-timisoara.ro\/local-tag\/fcc-construccion\/\">FCC Construcci\u00f3n<\/a><\/li>\n<li><a href=\"https:\/\/orasul-timisoara.ro\/local-tag\/ghiroda\/\">ghiroda<\/a><\/li>\n<li><a href=\"https:\/\/orasul-timisoara.ro\/local-tag\/infrastructura-2\/\">infrastructur\u0103<\/a><\/li>\n<li><a href=\"https:\/\/orasul-timisoara.ro\/local-tag\/lugoj-timisoara-est\/\">Lugoj Timi\u0219oara Est<\/a><\/li>\n<li><a href=\"https:\/\/orasul-timisoara.ro\/local-tag\/restrictii-trafic-2\/\">restric\u021bii trafic<\/a><\/li>\n<li><a href=\"https:\/\/orasul-timisoara.ro\/local-tag\/stiri-timisoara\/\">stiri timisoara<\/a><\/li>\n<li><a href=\"https:\/\/orasul-timisoara.ro\/local-tag\/strada-aeroport\/\">strada Aeroport<\/a><\/li>\n<\/ul>\n<\/div>\n<div class=\"td-post-sharing-bottom\">\n<div class=\"td-post-sharing-classic\"><iframe title=\"bottomFacebookLike\" frameborder src=\"https:\/\/www.facebook.com\/plugins\/like.php?href=https:\/\/orasul-timisoara.ro\/local-39860\/&amp;layout=button_count&amp;show_faces=false&amp;width=105&amp;action=like&amp;colorscheme=light&amp;height=21\"><\/iframe><\/div>\n<div id=\"td_social_sharing_article_bottom\" class=\"td-post-sharing td-ps-bg td-ps-notext td-post-sharing-style1 \">\n<div class=\"td-post-sharing-visible\"><a class=\"td-social-sharing-button td-social-sharing-button-js td-social-network td-social-facebook\" href=\"https:\/\/www.facebook.com\/sharer.php?u=https%3A%2F%2Forasul-timisoara.ro%2Flocal-39860%2F\" title=\"Facebook\"><\/p>\n<div class=\"td-social-but-text\">Facebook<\/div>\n<p><\/a><a class=\"td-social-sharing-button td-social-sharing-button-js td-social-network td-social-twitter\" href=\"https:\/\/twitter.com\/intent\/tweet?text=Accesul+c%C4%83tre+Aeroportul+Timi%C8%99oara%2C+afectat+de+lucr%C4%83rile+la+calea+ferat%C4%83+p%C3%A2n%C4%83+la+sf%C3%A2r%C8%99itul+lunii+august&amp;url=https%3A%2F%2Forasul-timisoara.ro%2Flocal-39860%2F&amp;via=orasultm\" title=\"Twitter\"><\/p>\n<div class=\"td-social-but-text\">Twitter<\/div>\n<p><\/a><a class=\"td-social-sharing-button td-social-sharing-button-js td-social-network td-social-whatsapp\" href=\"https:\/\/api.whatsapp.com\/send?text=Accesul+c%C4%83tre+Aeroportul+Timi%C8%99oara%2C+afectat+de+lucr%C4%83rile+la+calea+ferat%C4%83+p%C3%A2n%C4%83+la+sf%C3%A2r%C8%99itul+lunii+august%20%0A%0A%20https:\/\/orasul-timisoara.ro\/local-39860\/\" title=\"WhatsApp\"><\/p>\n<div class=\"td-social-but-text\">WhatsApp<\/div>\n<p><\/a><a class=\"td-social-sharing-button td-social-sharing-button-js td-social-network td-social-linkedin\" href=\"https:\/\/www.linkedin.com\/shareArticle?mini=true&amp;url=https:\/\/orasul-timisoara.ro\/local-39860\/&amp;title=Accesul+c%C4%83tre+Aeroportul+Timi%C8%99oara%2C+afectat+de+lucr%C4%83rile+la+calea+ferat%C4%83+p%C3%A2n%C4%83+la+sf%C3%A2r%C8%99itul+lunii+august\" title=\"Linkedin\"><\/p>\n<div class=\"td-social-but-text\">Linkedin<\/div>\n<p><\/a><a class=\"td-social-sharing-button td-social-sharing-button-js td-social-network td-social-reddit\" href=\"https:\/\/reddit.com\/submit?url=https:\/\/orasul-timisoara.ro\/local-39860\/&amp;title=Accesul+c%C4%83tre+Aeroportul+Timi%C8%99oara%2C+afectat+de+lucr%C4%83rile+la+calea+ferat%C4%83+p%C3%A2n%C4%83+la+sf%C3%A2r%C8%99itul+lunii+august\" title=\"ReddIt\"><\/p>\n<div class=\"td-social-but-text\">ReddIt<\/div>\n<p><\/a><a class=\"td-social-sharing-button td-social-sharing-button-js td-social-network td-social-mail\" href=\"mailto:?subject=Accesul%20c%C4%83tre%20Aeroportul%20Timi%C8%99oara,%20afectat%20de%20lucr%C4%83rile%20la%20calea%20ferat%C4%83%20p%C3%A2n%C4%83%20la%20sf%C3%A2r%C8%99itul%20lunii%20august&amp;body=https:\/\/orasul-timisoara.ro\/local-39860\/\" title=\"Email\"><\/p>\n<div class=\"td-social-but-text\">Email<\/div>\n<p><\/a><a class=\"td-social-sharing-button td-social-sharing-button-js td-social-network td-social-print\" href=\"https:\/\/orasul-timisoara.ro\/local-39860\/\" title=\"Imprimare\"><\/p>\n<div class=\"td-social-but-text\">Imprimare<\/div>\n<p><\/a><\/div>\n<\/div>\n<\/div>\n<div class=\"td-block-row td-post-next-prev\">\n<div class=\"td-block-span6 td-post-prev-post\">\n<div class=\"td-post-next-prev-content\"><span>Articolul precedent<\/span><a href=\"https:\/\/orasul-timisoara.ro\/local-39493\/\">Lucr\u0103ri Aquatim \u00een Timi\u0219oara Sud: alimentarea cu ap\u0103 va fi sistat\u0103 pe mai multe str\u0103zi<\/a><\/div>\n<\/div>\n<div class=\"td-block-span6 td-post-next-post\">\n<div class=\"td-post-next-prev-content\"><span>Articolul urm\u0103tor<\/span><a href=\"https:\/\/orasul-timisoara.ro\/local-39863\/\">Deficitul bugetar al Rom\u00e2niei s-a redus la 2% din PIB \u00een primul semestru din 2026. Veniturile statului cresc cu peste 10%, iar investi\u021biile ajung la aproape 60 de miliarde de lei<\/a><\/div>\n<\/div>\n<\/div>\n<div class=\"td-author-name vcard author\"><span class=\"fn\"><a href=\"https:\/\/orasul-timisoara.ro\/author\/timisoara\/\">redactia<\/a><\/span><\/div>\n<p><span class=\"td-page-meta\"><\/span><span class=\"td-page-meta\"><span class=\"td-page-meta\"><\/span><\/span><span class=\"td-page-meta\"><\/span><\/footer>\n<div class=\"td_block_wrap td_block_related_posts tdi_3 td_with_ajax_pagination td-pb-border-top td_block_template_8\" data-td-block-uid=\"tdi_3\">\n<h4 class=\"td-related-title td-block-title\"><a id=\"tdi_4\" class=\"td-related-left td-cur-simple-item\" data-td_filter_value data-td_block_id=\"tdi_3\" href=\"https:\/\/orasul-timisoara.ro\/local-39860\/\">ARTICOLE SIMILARE<\/a><a id=\"tdi_5\" class=\"td-related-right\" data-td_filter_value=\"td_related_more_from_author\" data-td_block_id=\"tdi_3\" href=\"https:\/\/orasul-timisoara.ro\/local-39860\/\">DE LA ACELA\u0218I AUTOR<\/a><\/h4>\n<div id=\"tdi_3\" class=\"td_block_inner\">\n<div class=\"td-related-row\">\n<div class=\"td-related-span4\">\n<div class=\"td_module_related_posts td-animation-stack td_mod_related_posts\">\n<div class=\"td-module-image\">\n<div class=\"td-module-thumb\"><a href=\"https:\/\/orasul-timisoara.ro\/local-39837\/\" rel=\"bookmark\" class=\"td-image-wrap \" title=\"Senatorul Sorin \u0218ipo\u0219 acuz\u0103 conducerea Aeroportului Timi\u0219oara dup\u0103 anun\u021bul privind \u00eenchiderea pistei\"><img loading=\"lazy\" decoding=\"async\" class=\"entry-thumb\" src=\"https:\/\/orasul-timisoara.ro\/wp-content\/uploads\/2026\/07\/aeroport-international-timisoara-436x300.jpg\" alt title=\"Senatorul Sorin \u0218ipo\u0219 acuz\u0103 conducerea Aeroportului Timi\u0219oara dup\u0103 anun\u021bul privind \u00eenchiderea pistei\" width=\"218\" height=\"150\"><\/a><\/div>\n<\/div>\n<div class=\"item-details\">\n<h3 class=\"entry-title td-module-title\"><a href=\"https:\/\/orasul-timisoara.ro\/local-39837\/\" rel=\"bookmark\" title=\"Senatorul Sorin \u0218ipo\u0219 acuz\u0103 conducerea Aeroportului Timi\u0219oara dup\u0103 anun\u021bul privind \u00eenchiderea pistei\">Senatorul Sorin \u0218ipo\u0219 acuz\u0103 conducerea Aeroportului Timi\u0219oara dup\u0103 anun\u021bul privind \u00eenchiderea pistei<\/a><\/h3>\n<\/div>\n<\/div>\n<\/div>\n<div class=\"td-related-span4\">\n<div class=\"td_module_related_posts td-animation-stack td_mod_related_posts\">\n<div class=\"td-module-image\">\n<div class=\"td-module-thumb\"><a href=\"https:\/\/orasul-timisoara.ro\/local-39152\/\" rel=\"bookmark\" class=\"td-image-wrap \" title=\"Conflict \u00een parcarea Aeroportului Timi\u0219oara. \u0218ofer de transport alternativ, implicat \u00eentr-un conflict reclamat la aeroport\"><img loading=\"lazy\" decoding=\"async\" class=\"entry-thumb\" src=\"https:\/\/orasul-timisoara.ro\/wp-content\/uploads\/2026\/06\/politie-aeroport-436x300.jpg\" alt title=\"Conflict \u00een parcarea Aeroportului Timi\u0219oara. \u0218ofer de transport alternativ, implicat \u00eentr-un conflict reclamat la aeroport\" width=\"218\" height=\"150\"><\/a><\/div>\n<\/div>\n<div class=\"item-details\">\n<h3 class=\"entry-title td-module-title\"><a href=\"https:\/\/orasul-timisoara.ro\/local-39152\/\" rel=\"bookmark\" title=\"Conflict \u00een parcarea Aeroportului Timi\u0219oara. \u0218ofer de transport alternativ, implicat \u00eentr-un conflict reclamat la aeroport\">Conflict \u00een parcarea Aeroportului Timi\u0219oara. \u0218ofer de transport alternativ, implicat \u00eentr-un conflict reclamat la aeroport<\/a><\/h3>\n<\/div>\n<\/div>\n<\/div>\n<div class=\"td-related-span4\">\n<div class=\"td_module_related_posts td-animation-stack td_mod_related_posts\">\n<div class=\"td-module-image\">\n<div class=\"td-module-thumb\"><a href=\"https:\/\/orasul-timisoara.ro\/local-37972\/\" rel=\"bookmark\" class=\"td-image-wrap \" title=\"Trafic reluat la C\u0103rpini\u0219: modernizarea trecerii la nivel pe DN 59B a fost finalizat\u0103\"><img loading=\"lazy\" decoding=\"async\" class=\"entry-thumb\" src=\"https:\/\/orasul-timisoara.ro\/wp-content\/uploads\/2026\/04\/carpinis-trecere-cale-ferata-436x300.jpg\" alt title=\"Trafic reluat la C\u0103rpini\u0219: modernizarea trecerii la nivel pe DN 59B a fost finalizat\u0103\" width=\"218\" height=\"150\"><\/a><\/div>\n<\/div>\n<div class=\"item-details\">\n<h3 class=\"entry-title td-module-title\"><a href=\"https:\/\/orasul-timisoara.ro\/local-37972\/\" rel=\"bookmark\" title=\"Trafic reluat la C\u0103rpini\u0219: modernizarea trecerii la nivel pe DN 59B a fost finalizat\u0103\">Trafic reluat la C\u0103rpini\u0219: modernizarea trecerii la nivel pe DN 59B a fost finalizat\u0103<\/a><\/h3>\n<\/div>\n<\/div>\n<\/div>\n<\/div>\n<\/div>\n<\/div>\n<div class=\"comments\" id=\"comments\">\n<div id=\"respond\" class=\"comment-respond\">\n<h3 id=\"reply-title\" class=\"comment-reply-title\">L\u0102SA\u021aI UN MESAJ<\/h3>\n<div class=\"comment-form-input-wrap td-form-comment\">\n<div class=\"td-warning-comment\">V\u0103 rug\u0103m s\u0103 introduce\u021bi comentariul dvs.!<\/div>\n<\/div>\n<div class=\"comment-form-input-wrap td-form-author\">\n<div class=\"td-warning-author\">Introduce\u021bi aici numele dvs.<\/div>\n<\/div>\n<div class=\"comment-form-input-wrap td-form-email\">\n<div class=\"td-warning-email-error\">A\u021bi introdus o adres\u0103 de e-mail incorect\u0103!<\/div>\n<div class=\"td-warning-email\">V\u0103 rug\u0103m s\u0103 introduce\u021bi adresa dvs. de e-mail aici<\/div>\n<\/div>\n<\/div>\n<p class=\"akismet_comment_form_privacy_notice\">Acest site folose\u0219te Akismet pentru a reduce spamul. <a href=\"https:\/\/akismet.com\/privacy\/\" target=\"_blank\" rel=\"nofollow noopener\">Afl\u0103 cum sunt procesate datele comentariilor tale<\/a>.<\/p>\n<\/div>\n<\/div>\n<\/div>\n<div class=\"td-pb-span4 td-main-sidebar\" role=\"complementary\">\n<div class=\"td-ss-main-sidebar\">\n<aside id=\"block-4\" class=\"td_block_template_8 widget block-4 widget_block widget_media_image\">\n<figure class=\"wp-block-image size-full\"><img loading=\"lazy\" decoding=\"async\" width=\"336\" height=\"280\" src=\"https:\/\/orasul-timisoara.ro\/wp-content\/uploads\/2024\/11\/ReTIM-Abonamentul-Verde-Google-Ads-336x280px.gif\" alt class=\"wp-image-29257\"><\/figure>\n<\/aside>\n<div class=\"td_block_wrap td_block_social_counter td_block_widget tdi_6 td-social-style5 td-social-boxed td-pb-border-top td_block_template_8\">\n<div class=\"td-block-title-wrap\">\n<h4 class=\"td-block-title\"><span>Urm\u0103re\u0219te-ne pe Social Media<\/span><\/h4>\n<\/div>\n<div class=\"td-social-list\">\n<div class=\"td_social_type td-pb-margin-side td_social_facebook\">\n<div class=\"td-social-box\"><span class=\"td_social_info td_social_info_counter\">344,595<\/span><span class=\"td_social_info td_social_info_name\">Fani<\/span><span class=\"td_social_button\"><a href=\"https:\/\/www.facebook.com\/247timisoara\" target=\"_blank\" rel=\"nofollow\">\u00cemi place<\/a><\/span><\/div>\n<\/div>\n<div class=\"td_social_type td-pb-margin-side td_social_instagram\">\n<div class=\"td-social-box\"><span class=\"td_social_info td_social_info_counter\">4,416<\/span><span class=\"td_social_info td_social_info_name\">Cititori<\/span><span class=\"td_social_button\"><a href=\"https:\/\/instagram.com\/orasultimisoararo\/\" target=\"_blank\" rel=\"nofollow\">Conecta\u021bi-v\u0103<\/a><\/span><\/div>\n<\/div>\n<div class=\"td_social_type td-pb-margin-side td_social_rss\">\n<div class=\"td-social-box\"><span class=\"td_social_info td_social_info_counter\">12,506<\/span><span class=\"td_social_info td_social_info_name\">Cititori<\/span><span class=\"td_social_button\"><a href=\"https:\/\/orasul-timisoara.ro\/feed\/\" target=\"_blank\" rel=\"nofollow\">Conecta\u021bi-v\u0103<\/a><\/span><\/div>\n<\/div>\n<div class=\"td_social_type td-pb-margin-side td_social_tiktok\">\n<div class=\"td-social-box\"><span class=\"td_social_info td_social_info_counter\">1,500<\/span><span class=\"td_social_info td_social_info_name\">Cititori<\/span><span class=\"td_social_button\"><a href=\"https:\/\/www.tiktok.com\/@orasultimisoara\" target=\"_blank\" rel=\"nofollow\">Conecta\u021bi-v\u0103<\/a><\/span><\/div>\n<\/div>\n<div class=\"td_social_type td-pb-margin-side td_social_twitter\">\n<div class=\"td-social-box\"><span class=\"td_social_info td_social_info_counter\">1,595<\/span><span class=\"td_social_info td_social_info_name\">Cititori<\/span><span class=\"td_social_button\"><a href=\"https:\/\/twitter.com\/orasultm\" target=\"_blank\" rel=\"nofollow\">Conecta\u021bi-v\u0103<\/a><\/span><\/div>\n<\/div>\n<div class=\"td_social_type td-pb-margin-side td_social_youtube\">\n<div class=\"td-social-box\"><span class=\"td_social_info td_social_info_counter\">3,506<\/span><span class=\"td_social_info td_social_info_name\">Abona\u021bi<\/span><span class=\"td_social_button\"><a href=\"https:\/\/www.youtube.com\/channel\/UCQNsQvs2XCSIm1Z-AHRturw?sub_confirmation=1\" target=\"_blank\" rel=\"nofollow\">Abona\u021bi-v\u0103<\/a><\/span><\/div>\n<\/div>\n<\/div>\n<\/div>\n<aside id=\"text-7\" class=\"td_block_template_8 widget text-7 widget_text\">\n<h4 class=\"td-block-title\"><span>C\u0103ut\u0103ri populare pe OTM<\/span><\/h4>\n<div class=\"textwidget\"><a href=\"https:\/\/orasul-timisoara.ro\/?s=timisoara\"><span>Timisoara<\/span><\/a><a href=\"https:\/\/orasul-timisoara.ro\/?s=calin+dobra\"><span>Calin Dobra<\/span><\/a><a href=\"https:\/\/orasul-timisoara.ro\/?s=primaria+timisoara\"><span>Primaria Timisoara<\/span><\/a><a href=\"https:\/\/orasul-timisoara.ro\/?s=dominic+fritz\"><span>Dominic Fritz<\/span><\/a><a href=\"https:\/\/orasul-timisoara.ro\/?s=nicolae+robu\"><span>Nicolae Robu<\/span><\/a><a href=\"https:\/\/orasul-timisoara.ro\/?s=consiliul+local+timisoara\">Consiliul Local Timisoara<\/a><a href=\"https:\/\/orasul-timisoara.ro\/?s=consiliul+judetean+timis\"><span>Consiliul Judetean Timis<\/span><\/a><a href=\"https:\/\/orasul-timisoara.ro\/?s=cjt\"><span>CJT<\/span><\/a><a href=\"https:\/\/orasul-timisoara.ro\/?s=Alfred+Simonis\"><span>Alfred Simonis<\/span><\/a><a href=\"https:\/\/orasul-timisoara.ro\/?s=PNL\"><span>PNL<\/span><\/a><a href=\"https:\/\/orasul-timisoara.ro\/?s=coronavirus\"><span>coronavirus<\/span><\/a><a href=\"https:\/\/orasul-timisoara.ro\/?s=teatru+timisoara\">teatru Timisoara<\/a><a href=\"https:\/\/orasul-timisoara.ro\/?s=restaurante\"><span>restaurante Timisoara<\/span><\/a><a href=\"https:\/\/orasul-timisoara.ro\/?s=diskoteka\"><span>Diskoteka<\/span><\/a><a href=\"https:\/\/orasul-timisoara.ro\/?s=iulius+town\"><span>Iulius Town<\/span><\/a><a href=\"https:\/\/orasul-timisoara.ro\/?s=iulius+mall\"><span>Iulius Mall<\/span><\/a><a href=\"https:\/\/orasul-timisoara.ro\/?s=stpt\"><span>STPT<\/span><\/a><a href=\"https:\/\/orasul-timisoara.ro\/?s=alin+nica\"><span>Alin Nica<\/span><\/a><a href=\"https:\/\/orasul-timisoara.ro\/?s=psd\"><span>PSD<\/span><\/a><a href=\"https:\/\/orasul-timisoara.ro\/?s=aeroport\"><span>Aeroportul International Timisoara<\/span><\/a><a href=\"https:\/\/orasul-timisoara.ro\/?s=babes\"><span>Spitalul Victor Babes Timisoara<\/span><\/a><a href=\"https:\/\/orasul-timisoara.ro\/?s=poli\"><span>Poli Timi\u0219oara<\/span><\/a><a href=\"https:\/\/orasul-timisoara.ro\/?s=carantina\"><span>carantina<\/span><\/a><a href=\"https:\/\/orasul-timisoara.ro\/?s=aquatim\"><span>Aquatim<\/span><\/a><a href=\"https:\/\/orasul-timisoara.ro\/local-category\/stiri-timisoara\/\"><span>Stiri Timisoara<\/span><\/a><a href=\"https:\/\/orasul-timisoara.ro\/local-category\/investitii-in-timisoara\/\"><span>Investi\u021bii in Timi\u0219oara<\/span><\/a><a href=\"https:\/\/orasul-timisoara.ro\/local-9463\/\"><span>shaorma<\/span><\/a><a href=\"https:\/\/orasul-timisoara.ro\/?s=trafic\"><span>trafic rutier<\/span><\/a><a href=\"https:\/\/orasul-timisoara.ro\/?s=politia\"><span>politia locala timisoara<\/span><\/a><a href=\"https:\/\/orasul-timisoara.ro\/?s=roxana\"><span>Roxana Iliescu<\/span><\/a><a href=\"https:\/\/orasul-timisoara.ro\/?s=colterm\"><span>Colterm<\/span><\/a><a href=\"https:\/\/orasul-timisoara.ro\/?s=latcau\"><span>Ruben La\u021bc\u0103u<\/span><\/a><a href=\"https:\/\/orasul-timisoara.ro\/?s=timis\"><span>\u0218tiri din Timi\u0219<\/span><\/a><a href=\"https:\/\/orasul-timisoara.ro\/?s=spital\"><span>Spitale din Timi\u0219oara<\/span><\/a><a href=\"https:\/\/orasul-timisoara.ro\/?s=tabara\"><span>Cosmin Tab\u0103r\u0103<\/span><\/a><\/div>\n<\/aside>\n<aside id=\"rss-2\" class=\"td_block_template_8 widget rss-2 widget_rss\">\n<h4 class=\"td-block-title\"><span><a class=\"rsswidget rss-widget-feed\" href=\"https:\/\/fashionfridays.ro\/feed\"><img decoding=\"async\" class=\"rss-widget-icon\" width=\"14\" height=\"14\" src=\"https:\/\/orasul-timisoara.ro\/wp-includes\/images\/rss.png\" alt=\"RSS\" loading=\"lazy\"><\/a><a class=\"rsswidget rss-widget-title\" href=\"https:\/\/fashionfridays.ro\/\">Fashion Fridays<\/a><\/span><\/h4>\n<ul>\n<li><a class=\"rsswidget\" href=\"https:\/\/fashionfridays.ro\/romania-devine-a-29-a-piata-vogue-o-noua-era-pentru-industria-locala-de-moda\/\">Rom\u00e2nia devine a 29-a pia\u021b\u0103 Vogue: o nou\u0103 er\u0103 pentru industria local\u0103 de mod\u0103<\/a>\n<div class=\"rssSummary\">Revista Vogue \u00ee\u0219i extinde prezen\u021ba global\u0103 \u0219i va fi lansat\u0103 oficial \u00een Rom\u00e2nia \u00een prim\u0103vara anului 2027, marc\u00e2nd intrarea pe cea de-a 29-a pia\u021b\u0103 interna\u021bional\u0103. Proiectul este realizat \u00een parteneriat cu AEMME Publishing, o companie media recent \u00eenfiin\u021bat\u0103, care va publica edi\u021bia local\u0103 sub licen\u021b\u0103. Noua edi\u021bie, Vogue Rom\u00e2nia, \u00ee\u0219i propune s\u0103 combine autoritatea global\u0103 [\u2026]<\/div>\n<\/li>\n<\/ul>\n<\/aside>\n<aside id=\"rss-4\" class=\"td_block_template_8 widget rss-4 widget_rss\">\n<h4 class=\"td-block-title\"><span><a class=\"rsswidget rss-widget-feed\" href=\"https:\/\/emasini.ro\/feed\"><img decoding=\"async\" class=\"rss-widget-icon\" width=\"14\" height=\"14\" src=\"https:\/\/orasul-timisoara.ro\/wp-includes\/images\/rss.png\" alt=\"RSS\" loading=\"lazy\"><\/a><a class=\"rsswidget rss-widget-title\" href=\"https:\/\/emasini.ro\/\">eMasini<\/a><\/span><\/h4>\n<ul>\n<li><a class=\"rsswidget\" href=\"https:\/\/emasini.ro\/dacia-analizeaza-lansarea-lui-hipster-automobilul-urban-de-doar-3-metri-lungime\/\">Dacia analizeaz\u0103 lansarea lui Hipster, automobilul urban de doar 3 metri lungime (video)<\/a>\n<div class=\"rssSummary\">Dacia ar putea introduce pe pia\u021b\u0103 unul dintre cele mai neobi\u0219nuite modele din istoria sa recent\u0103. Conceptul Hipster, prezentat anul trecut ca o reinterpretare radical\u0103 a automobilului urban accesibil, se afl\u0103 \u00een prezent \u00eentr-o etap\u0103 de evaluare, iar decizia privind produc\u021bia de serie va fi luat\u0103 \u00een func\u021bie de reac\u021bia publicului \u0219i de evolu\u021bia reglement\u0103rilor [\u2026]<\/div>\n<\/li>\n<\/ul>\n<\/aside>\n<\/div>\n<\/div>\n<\/div>\n<\/div>\n<\/article>\n<div class=\"td-post-content tagdiv-type\">\n<p class=\"wp-block-paragraph\">\u0218oferii care circul\u0103 spre Aeroportul Interna\u021bional \u201eTraian Vuia\u201d din Timi\u0219oara trebuie s\u0103 \u021bin\u0103 cont de faptul c\u0103 restric\u021biile de circula\u021bie de pe strada Aeroport din comuna Ghiroda au fost prelungite p\u00e2n\u0103 la data de 31 august 2026. Anun\u021bul a fost f\u0103cut de reprezentan\u021bii aeroportului, care recomand\u0103 pasagerilor s\u0103 \u00ee\u0219i planifice din timp deplas\u0103rile.<\/p>\n<p class=\"wp-block-paragraph\">M\u0103sura este necesar\u0103 pentru continuarea lucr\u0103rilor din cadrul proiectului de modernizare a liniei feroviare Caransebe\u0219 \u2013 Timi\u0219oara \u2013 Arad, Lot 2: Lugoj \u2013 Timi\u0219oara Est, investi\u021bie executat\u0103 de compania FCC Construcci\u00f3n.<\/p>\n<h2 class=\"wp-block-heading\">Circula\u021bia r\u0103m\u00e2ne \u00eenchis\u0103 la trecerea la nivel cu calea ferat\u0103<\/h2>\n<p class=\"wp-block-paragraph\">Restric\u021bia de circula\u021bie este men\u021binut\u0103 la trecerea la nivel cu calea ferat\u0103 situat\u0103 pe DJ 609D \u2013 strada Aeroport, \u00een comuna Ghiroda, \u00een zona kilometrului 0+400 din DN 6, \u00eentre cele dou\u0103 sensuri giratorii.<\/p>\n<p class=\"wp-block-paragraph\">Accesul pentru locuitorii din zon\u0103 este permis, \u00eens\u0103 circula\u021bia general\u0103 r\u0103m\u00e2ne restric\u021bionat\u0103 p\u00e2n\u0103 la finalizarea lucr\u0103rilor programate.<\/p>\n<h2 class=\"wp-block-heading\">Lucr\u0103ri pentru modernizarea infrastructurii feroviare<\/h2>\n<p class=\"wp-block-paragraph\">\u00cen aceast\u0103 perioad\u0103 sunt executate lucr\u0103ri de terasamente \u0219i interven\u021bii la suprastructura feroviar\u0103, necesare noii configura\u021bii a c\u0103ii ferate.<\/p>\n<p class=\"wp-block-paragraph\">Aceste lucr\u0103ri fac parte din proiectul de modernizare a magistralei feroviare Caransebe\u0219 \u2013 Timi\u0219oara \u2013 Arad, una dintre cele mai importante investi\u021bii \u00een infrastructura feroviar\u0103 din vestul Rom\u00e2niei.<\/p>\n<h2 class=\"wp-block-heading\">Rute alternative pentru \u0219oferi<\/h2>\n<p class=\"wp-block-paragraph\">Pe durata restric\u021biilor, traficul rutier este deviat pe DN 6 \u0219i pe Centura Timi\u0219oarei, acestea fiind rutele recomandate pentru accesul c\u0103tre Aeroportul Interna\u021bional Timi\u0219oara \u0219i celelalte destina\u021bii din zon\u0103.<\/p>\n<p class=\"wp-block-paragraph\">Reprezentan\u021bii aeroportului \u00eei sf\u0103tuiesc pe pasageri s\u0103 plece din timp spre terminal, pentru a evita \u00eent\u00e2rzierile cauzate de devierea traficului \u0219i de eventualele aglomer\u0103ri de pe traseele alternative.<\/p>\n<h2 class=\"wp-block-heading\">Recomandare pentru pasageri<\/h2>\n<p class=\"wp-block-paragraph\">Aeroportul Interna\u021bional Timi\u0219oara le recomand\u0103 tuturor celor care au zboruri programate \u00een perioada urm\u0103toare s\u0103 consulte din timp rutele disponibile \u0219i s\u0103 ia \u00een calcul un timp suplimentar pentru deplasare.<\/p>\n<p class=\"wp-block-paragraph\">Restric\u021biile vor r\u0103m\u00e2ne \u00een vigoare p\u00e2n\u0103 la 31 august 2026, termen stabilit pentru aceast\u0103 etap\u0103 a lucr\u0103rilor de modernizare a infrastructurii feroviare.<\/p>\n<\/div>\n<p>[analyse_source url=&#8221;https:\/\/orasul-timisoara.ro\/local-39860\/&#8221;]<\/p>\n","protected":false},"excerpt":{"rendered":"<p>[analyse_image type=&#8221;featured&#8221; src=&#8221;https:\/\/orasul-timisoara.ro\/wp-content\/uploads\/2026\/07\/WhatsApp-Image-2026-07-24-at-14.26.28.jpg&#8221;] \u0218tiri LocaleAccesul c\u0103tre Aeroportul Timi\u0219oara, afectat de lucr\u0103rile la calea ferat\u0103 p\u00e2n\u0103 la&#8230; \u0218tiri Locale Accesul c\u0103tre Aeroportul Timi\u0219oara, afectat de lucr\u0103rile la calea ferat\u0103 p\u00e2n\u0103 la sf\u00e2r\u0219itul lunii august De c\u0103tre redactia &#8211; 24\/07\/2026 Facebook Twitter WhatsApp Linkedin ReddIt Email Imprimare \u0218oferii care circul\u0103 spre Aeroportul Interna\u021bional \u201eTraian Vuia\u201d din Timi\u0219oara [&hellip;]<\/p>\n","protected":false},"author":1,"featured_media":0,"comment_status":"open","ping_status":"","sticky":false,"template":"","format":"standard","meta":{"footnotes":""},"categories":[89],"tags":[226,189],"class_list":["post-2060089","post","type-post","status-publish","format-standard","hentry","category-romania","tag-crawlmanager","tag-orasul-timisoara-ro"],"_links":{"self":[{"href":"https:\/\/analyse.optim.biz\/index.php?rest_route=\/wp\/v2\/posts\/2060089","targetHints":{"allow":["GET"]}}],"collection":[{"href":"https:\/\/analyse.optim.biz\/index.php?rest_route=\/wp\/v2\/posts"}],"about":[{"href":"https:\/\/analyse.optim.biz\/index.php?rest_route=\/wp\/v2\/types\/post"}],"author":[{"embeddable":true,"href":"https:\/\/analyse.optim.biz\/index.php?rest_route=\/wp\/v2\/users\/1"}],"replies":[{"embeddable":true,"href":"https:\/\/analyse.optim.biz\/index.php?rest_route=%2Fwp%2Fv2%2Fcomments&post=2060089"}],"version-history":[{"count":0,"href":"https:\/\/analyse.optim.biz\/index.php?rest_route=\/wp\/v2\/posts\/2060089\/revisions"}],"wp:attachment":[{"href":"https:\/\/analyse.optim.biz\/index.php?rest_route=%2Fwp%2Fv2%2Fmedia&parent=2060089"}],"wp:term":[{"taxonomy":"category","embeddable":true,"href":"https:\/\/analyse.optim.biz\/index.php?rest_route=%2Fwp%2Fv2%2Fcategories&post=2060089"},{"taxonomy":"post_tag","embeddable":true,"href":"https:\/\/analyse.optim.biz\/index.php?rest_route=%2Fwp%2Fv2%2Ftags&post=2060089"}],"curies":[{"name":"wp","href":"https:\/\/api.w.org\/{rel}","templated":true}]}}