{"id":2060088,"date":"2026-07-24T15:30:53","date_gmt":"2026-07-24T12:30:53","guid":{"rendered":"https:\/\/analyse.optim.biz\/?p=2060088"},"modified":"2026-07-24T15:30:53","modified_gmt":"2026-07-24T12:30:53","slug":"biarena-castiga-definitiv-procesul-cu-primaria-sanandrei-comuna-este-obligata-sa-restituie-peste-doua","status":"publish","type":"post","link":"https:\/\/analyse.optim.biz\/?p=2060088","title":{"rendered":"Biarena c\u00e2\u0219tig\u0103 definitiv procesul cu Prim\u0103ria S\u00e2nandrei. Comuna este obligat\u0103 s\u0103 restituie peste dou\u0103"},"content":{"rendered":"<p>[analyse_image type=&#8221;featured&#8221; src=&#8221;https:\/\/orasul-timisoara.ro\/wp-content\/uploads\/2021\/03\/biaren-timisoara.jpg&#8221;]<\/p>\n<article id=\"post-39866\" class=\"td-post-template-7 post-39866 post type-post status-publish format-standard has-post-thumbnail category-stiri-timisoara td-container-wrap\">\n<div class=\"td-full-screen-header-image-wrap\">\n<div class=\"td-container td-post-header\">\n<div class=\"td-crumb-container\">\n<div class=\"entry-crumbs\"><span><a title=\"Vede\u021bi toate articolele \u00een \u0218tiri Locale\" class=\"entry-crumb\" href=\"https:\/\/orasul-timisoara.ro\/local-category\/stiri-timisoara\/\">\u0218tiri Locale<\/a><\/span><span class=\"td-bred-no-url-last\">Biarena c\u00e2\u0219tig\u0103 definitiv procesul cu Prim\u0103ria S\u00e2nandrei. Comuna este obligat\u0103 s\u0103 restituie&#8230;<\/span><\/div>\n<\/div>\n<div class=\"td-post-header-holder\">\n<div class=\"td-parallax-header\">\n<header class=\"td-post-title\">\n<ul class=\"td-category\">\n<li class=\"entry-category\"><a href=\"https:\/\/orasul-timisoara.ro\/local-category\/stiri-timisoara\/\">\u0218tiri Locale<\/a><\/li>\n<\/ul>\n<h1 class=\"entry-title\">Biarena c\u00e2\u0219tig\u0103 definitiv procesul cu Prim\u0103ria S\u00e2nandrei. Comuna este obligat\u0103 s\u0103 restituie peste dou\u0103 milioane de lei \u0219i poate fi executat\u0103 silit dac\u0103 nu pl\u0103te\u0219te<\/h1>\n<div class=\"td-module-meta-info\">\n<div class=\"td-post-author-name\">\n<div class=\"td-author-by\">De c\u0103tre<\/div>\n<p><a href=\"https:\/\/orasul-timisoara.ro\/author\/timisoara\/\">redactia<\/a><\/p>\n<div class=\"td-author-line\"> &#8211; <\/div>\n<\/div>\n<p><span class=\"td-post-date\"><time class=\"entry-date updated td-module-date\" datetime=\"2026-07-24T18:30:53+03:00\">24\/07\/2026<\/time><\/span><\/div>\n<\/header>\n<\/div>\n<\/div>\n<\/div>\n<div id=\"td-full-screen-header-image\" class=\"td-image-gradient-style7\"><img decoding=\"async\" class=\"td-backstretch\" src=\"https:\/\/orasul-timisoara.ro\/wp-content\/uploads\/2021\/03\/biaren-timisoara.jpg\"><\/div>\n<\/div>\n<div class=\"td-container\">\n<div class=\"td-pb-row\">\n<div class=\"td-pb-span8 td-main-content\" role=\"main\">\n<div class=\"td-ss-main-content\">\n<div class=\"td-post-sharing-top\">\n<div class=\"td-post-sharing-classic\"><iframe title=\"topFacebookLike\" frameborder src=\"https:\/\/www.facebook.com\/plugins\/like.php?href=https:\/\/orasul-timisoara.ro\/local-39866\/&amp;layout=button_count&amp;show_faces=false&amp;width=105&amp;action=like&amp;colorscheme=light&amp;height=21\"><\/iframe><\/div>\n<div id=\"td_social_sharing_article_top\" class=\"td-post-sharing td-ps-bg td-ps-notext td-post-sharing-style1 \">\n<div class=\"td-post-sharing-visible\"><a class=\"td-social-sharing-button td-social-sharing-button-js td-social-network td-social-facebook\" href=\"https:\/\/www.facebook.com\/sharer.php?u=https%3A%2F%2Forasul-timisoara.ro%2Flocal-39866%2F\" title=\"Facebook\"><\/p>\n<div class=\"td-social-but-text\">Facebook<\/div>\n<p><\/a><a class=\"td-social-sharing-button td-social-sharing-button-js td-social-network td-social-twitter\" href=\"https:\/\/twitter.com\/intent\/tweet?text=Biarena+c%C3%A2%C8%99tig%C4%83+definitiv+procesul+cu+Prim%C4%83ria+S%C3%A2nandrei.+Comuna+este+obligat%C4%83+s%C4%83+restituie+peste+dou%C4%83+milioane+de+lei+%C8%99i+poate+fi+executat%C4%83+silit+dac%C4%83+nu+pl%C4%83te%C8%99te&amp;url=https%3A%2F%2Forasul-timisoara.ro%2Flocal-39866%2F&amp;via=orasultm\" title=\"Twitter\"><\/p>\n<div class=\"td-social-but-text\">Twitter<\/div>\n<p><\/a><a class=\"td-social-sharing-button td-social-sharing-button-js td-social-network td-social-whatsapp\" href=\"https:\/\/api.whatsapp.com\/send?text=Biarena+c%C3%A2%C8%99tig%C4%83+definitiv+procesul+cu+Prim%C4%83ria+S%C3%A2nandrei.+Comuna+este+obligat%C4%83+s%C4%83+restituie+peste+dou%C4%83+milioane+de+lei+%C8%99i+poate+fi+executat%C4%83+silit+dac%C4%83+nu+pl%C4%83te%C8%99te%20%0A%0A%20https:\/\/orasul-timisoara.ro\/local-39866\/\" title=\"WhatsApp\"><\/p>\n<div class=\"td-social-but-text\">WhatsApp<\/div>\n<p><\/a><a class=\"td-social-sharing-button td-social-sharing-button-js td-social-network td-social-linkedin\" href=\"https:\/\/www.linkedin.com\/shareArticle?mini=true&amp;url=https:\/\/orasul-timisoara.ro\/local-39866\/&amp;title=Biarena+c%C3%A2%C8%99tig%C4%83+definitiv+procesul+cu+Prim%C4%83ria+S%C3%A2nandrei.+Comuna+este+obligat%C4%83+s%C4%83+restituie+peste+dou%C4%83+milioane+de+lei+%C8%99i+poate+fi+executat%C4%83+silit+dac%C4%83+nu+pl%C4%83te%C8%99te\" title=\"Linkedin\"><\/p>\n<div class=\"td-social-but-text\">Linkedin<\/div>\n<p><\/a><a class=\"td-social-sharing-button td-social-sharing-button-js td-social-network td-social-reddit\" href=\"https:\/\/reddit.com\/submit?url=https:\/\/orasul-timisoara.ro\/local-39866\/&amp;title=Biarena+c%C3%A2%C8%99tig%C4%83+definitiv+procesul+cu+Prim%C4%83ria+S%C3%A2nandrei.+Comuna+este+obligat%C4%83+s%C4%83+restituie+peste+dou%C4%83+milioane+de+lei+%C8%99i+poate+fi+executat%C4%83+silit+dac%C4%83+nu+pl%C4%83te%C8%99te\" title=\"ReddIt\"><\/p>\n<div class=\"td-social-but-text\">ReddIt<\/div>\n<p><\/a><a class=\"td-social-sharing-button td-social-sharing-button-js td-social-network td-social-mail\" href=\"mailto:?subject=Biarena%20c%C3%A2%C8%99tig%C4%83%20definitiv%20procesul%20cu%20Prim%C4%83ria%20S%C3%A2nandrei.%20Comuna%20este%20obligat%C4%83%20s%C4%83%20restituie%20peste%20dou%C4%83%20milioane%20de%20lei%20%C8%99i%20poate%20fi%20executat%C4%83%20silit%20dac%C4%83%20nu%20pl%C4%83te%C8%99te&amp;body=https:\/\/orasul-timisoara.ro\/local-39866\/\" title=\"Email\"><\/p>\n<div class=\"td-social-but-text\">Email<\/div>\n<p><\/a><a class=\"td-social-sharing-button td-social-sharing-button-js td-social-network td-social-print\" href=\"https:\/\/orasul-timisoara.ro\/local-39866\/\" title=\"Imprimare\"><\/p>\n<div class=\"td-social-but-text\">Imprimare<\/div>\n<p><\/a><\/div>\n<\/div>\n<\/div>\n<div class=\"td-post-content tagdiv-type\">\n<p class=\"wp-block-paragraph\"><a href=\"https:\/\/portal.just.ro\/59\/SitePages\/Dosar.aspx?id_dosar=3000000000182470&amp;id_inst=59\" data-type=\"link\" data-id=\"https:\/\/portal.just.ro\/59\/SitePages\/Dosar.aspx?id_dosar=3000000000182470&amp;id_inst=59\" target=\"_blank\" rel=\"noopener\">Victoria definitiv\u0103<\/a> ob\u021binut\u0103 de societatea MIKIMOB SRL, cunoscut\u0103 \u00een comuna S\u00e2nandrei prin complexul Biarena, deschide drumul recuper\u0103rii \u00een instan\u021b\u0103 a peste dou\u0103 milioane de lei achita\u021bi cu titlu de taxe locale stabilite \u00een baza unor hot\u0103r\u00e2ri ale Consiliului Local S\u00e2nandrei anulate definitiv de Curtea de Apel Timi\u0219oara.<\/p>\n<p class=\"wp-block-paragraph\">Potrivit documentelor depuse la Tribunalul Timi\u0219, societatea solicit\u0103 obligarea Comunei S\u00e2nandrei la plata sumei de 2.065.953 de lei, reprezent\u00e2nd diferen\u021be de impozit \u0219i major\u0103ri de \u00eent\u00e2rziere achitate \u00een perioada 2019\u20132024 pentru cl\u0103diri cu destina\u021bie nereziden\u021bial\u0103, \u00een baza deciziilor de impunere \u0219i \u00een\u0219tiin\u021b\u0103rilor de plat\u0103 emise de Serviciul Impozite \u0219i Taxe din cadrul Prim\u0103riei S\u00e2nandrei.<\/p>\n<h2 class=\"wp-block-heading\">Hot\u0103r\u00e2rile Consiliului Local au fost anulate definitiv<\/h2>\n<p class=\"wp-block-paragraph\">\u00cen luna martie 2025, Curtea de Apel Timi\u0219oara a admis recursul formulat de MIKIMOB SRL \u0219i a anulat definitiv hot\u0103r\u00e2rile Consiliului Local S\u00e2nandrei prin care au fost stabilite cotele de impozitare pentru cl\u0103dirile nereziden\u021biale aferente anilor fiscali 2019\u20132023.<\/p>\n<p class=\"wp-block-paragraph\">Prin aceea\u0219i hot\u0103r\u00e2re definitiv\u0103, instan\u021ba a obligat Consiliul Local S\u00e2nandrei la plata cheltuielilor de judecat\u0103 \u00een cuantum de 12.000 de lei. Decizia Cur\u021bii de Apel a \u00eenl\u0103turat temeiul juridic care a stat la baza stabilirii \u0219i \u00eencas\u0103rii obliga\u021biilor fiscale contestate de societate.<\/p>\n<h2 class=\"wp-block-heading\">Societatea solicit\u0103 restituirea prejudiciului<\/h2>\n<p class=\"wp-block-paragraph\">Dup\u0103 c\u00e2\u0219tigarea definitiv\u0103 a litigiului privind anularea actelor administrative, MIKIMOB SRL a ini\u021biat o nou\u0103 ac\u021biune \u00een instan\u021b\u0103 prin care solicit\u0103 recuperarea prejudiciului pe care sus\u021bine c\u0103 l-a suferit ca urmare a \u00eencas\u0103rii acestor sume.<\/p>\n<p class=\"wp-block-paragraph\">Cererea formulat\u0103 la Tribunalul Timi\u0219 vizeaz\u0103 obligarea Comunei S\u00e2nandrei la plata desp\u0103gubirilor \u00een valoare de 2.065.953 de lei, reprezent\u00e2nd diferen\u021bele de impozit \u0219i major\u0103rile de \u00eent\u00e2rziere achitate \u00een perioada 2019\u20132024.<\/p>\n<h2 class=\"wp-block-heading\">Un impact financiar important pentru bugetul local<\/h2>\n<p class=\"wp-block-paragraph\">Miza financiar\u0103 a litigiului este una semnificativ\u0103 pentru bugetul Comunei S\u00e2nandrei, suma solicitat\u0103 dep\u0103\u0219ind dou\u0103 milioane de lei.<\/p>\n<p class=\"wp-block-paragraph\">\u00cen situa\u021bia \u00een care instan\u021ba va admite cererea formulat\u0103 de societate, iar obliga\u021biile stabilite prin hot\u0103r\u00e2rea definitiv\u0103 nu vor fi executate de bun\u0103voie, legea permite recuperarea crean\u021bei prin procedurile de executare silit\u0103 prev\u0103zute de Codul de procedur\u0103 civil\u0103.<\/p>\n<h2 class=\"wp-block-heading\">Declara\u021biile recente ale primarului \u0219i pozi\u021bia societ\u0103\u021bii<\/h2>\n<p class=\"wp-block-paragraph\">Evolu\u021bia acestui litigiu coincide cu o perioad\u0103 tensionat\u0103 \u00een rela\u021bia dintre administra\u021bia local\u0103 \u0219i reprezentan\u021bii complexului Biarena. \u00cen ultimele zile, primarul comunei S\u00e2nandrei, Claudiu Coman, a formulat \u00een spa\u021biul public o serie de declara\u021bii critice la adresa complexului, merg\u00e2nd p\u00e2n\u0103 la compara\u021bii cu tragedia produs\u0103 la clubul Colectiv din Bucure\u0219ti.<\/p>\n<p class=\"wp-block-paragraph\">Reprezentan\u021bii societ\u0103\u021bii consider\u0103 c\u0103 aceast\u0103 compara\u021bie este lipsit\u0103 de fundament \u0219i nu reflect\u0103 situa\u021bia concret\u0103 a restaurantului din S\u00e2nandrei. Potrivit acestora, complexul are o capacitate diferit\u0103 fa\u021b\u0103 de clubul \u00een care s-a produs incendiul din 2015 \u0219i dispune de cel pu\u021bin trei c\u0103i de evacuare pentru participan\u021bi.<\/p>\n<p class=\"wp-block-paragraph\">Cronologic, ac\u021biunea privind recuperarea prejudiciului \u0219i declara\u021biile publice formulate recent de primarul Claudiu Coman au avut loc \u00een aceea\u0219i perioad\u0103. P\u00e2n\u0103 \u00een prezent, edilul nu a indicat public existen\u021ba unei leg\u0103turi \u00eentre cele dou\u0103 situa\u021bii, astfel c\u0103 orice asociere \u00eentre acestea r\u0103m\u00e2ne la nivel de ipotez\u0103 \u0219i nu poate fi prezentat\u0103 ca fapt.<\/p>\n<h2 class=\"wp-block-heading\">Urm\u0103toarea etap\u0103: recuperarea efectiv\u0103 a banilor<\/h2>\n<p class=\"wp-block-paragraph\">Dup\u0103 anularea definitiv\u0103 a hot\u0103r\u00e2rilor Consiliului Local privind nivelul taxelor locale, litigiul dintre MIKIMOB SRL \u0219i autorit\u0103\u021bile din S\u00e2nandrei a intrat \u00eentr-o nou\u0103 etap\u0103, cea a recuper\u0103rii sumelor pe care societatea sus\u021bine c\u0103 le-a achitat \u00een baza unor acte administrative declarate definitiv nelegale.<\/p>\n<p class=\"wp-block-paragraph\">Dosarul aflat pe rolul Tribunalului Timi\u0219 va stabili dac\u0103 autoritatea local\u0103 datoreaz\u0103 desp\u0103gubirile solicitate \u0219i, \u00een caz afirmativ, obliga\u021bia de restituire a acestora.<\/p>\n<\/div>\n<footer>\n<div class=\"td-post-sharing-bottom\">\n<div class=\"td-post-sharing-classic\"><iframe title=\"bottomFacebookLike\" frameborder src=\"https:\/\/www.facebook.com\/plugins\/like.php?href=https:\/\/orasul-timisoara.ro\/local-39866\/&amp;layout=button_count&amp;show_faces=false&amp;width=105&amp;action=like&amp;colorscheme=light&amp;height=21\"><\/iframe><\/div>\n<div id=\"td_social_sharing_article_bottom\" class=\"td-post-sharing td-ps-bg td-ps-notext td-post-sharing-style1 \">\n<div class=\"td-post-sharing-visible\"><a class=\"td-social-sharing-button td-social-sharing-button-js td-social-network td-social-facebook\" href=\"https:\/\/www.facebook.com\/sharer.php?u=https%3A%2F%2Forasul-timisoara.ro%2Flocal-39866%2F\" title=\"Facebook\"><\/p>\n<div class=\"td-social-but-text\">Facebook<\/div>\n<p><\/a><a class=\"td-social-sharing-button td-social-sharing-button-js td-social-network td-social-twitter\" href=\"https:\/\/twitter.com\/intent\/tweet?text=Biarena+c%C3%A2%C8%99tig%C4%83+definitiv+procesul+cu+Prim%C4%83ria+S%C3%A2nandrei.+Comuna+este+obligat%C4%83+s%C4%83+restituie+peste+dou%C4%83+milioane+de+lei+%C8%99i+poate+fi+executat%C4%83+silit+dac%C4%83+nu+pl%C4%83te%C8%99te&amp;url=https%3A%2F%2Forasul-timisoara.ro%2Flocal-39866%2F&amp;via=orasultm\" title=\"Twitter\"><\/p>\n<div class=\"td-social-but-text\">Twitter<\/div>\n<p><\/a><a class=\"td-social-sharing-button td-social-sharing-button-js td-social-network td-social-whatsapp\" href=\"https:\/\/api.whatsapp.com\/send?text=Biarena+c%C3%A2%C8%99tig%C4%83+definitiv+procesul+cu+Prim%C4%83ria+S%C3%A2nandrei.+Comuna+este+obligat%C4%83+s%C4%83+restituie+peste+dou%C4%83+milioane+de+lei+%C8%99i+poate+fi+executat%C4%83+silit+dac%C4%83+nu+pl%C4%83te%C8%99te%20%0A%0A%20https:\/\/orasul-timisoara.ro\/local-39866\/\" title=\"WhatsApp\"><\/p>\n<div class=\"td-social-but-text\">WhatsApp<\/div>\n<p><\/a><a class=\"td-social-sharing-button td-social-sharing-button-js td-social-network td-social-linkedin\" href=\"https:\/\/www.linkedin.com\/shareArticle?mini=true&amp;url=https:\/\/orasul-timisoara.ro\/local-39866\/&amp;title=Biarena+c%C3%A2%C8%99tig%C4%83+definitiv+procesul+cu+Prim%C4%83ria+S%C3%A2nandrei.+Comuna+este+obligat%C4%83+s%C4%83+restituie+peste+dou%C4%83+milioane+de+lei+%C8%99i+poate+fi+executat%C4%83+silit+dac%C4%83+nu+pl%C4%83te%C8%99te\" title=\"Linkedin\"><\/p>\n<div class=\"td-social-but-text\">Linkedin<\/div>\n<p><\/a><a class=\"td-social-sharing-button td-social-sharing-button-js td-social-network td-social-reddit\" href=\"https:\/\/reddit.com\/submit?url=https:\/\/orasul-timisoara.ro\/local-39866\/&amp;title=Biarena+c%C3%A2%C8%99tig%C4%83+definitiv+procesul+cu+Prim%C4%83ria+S%C3%A2nandrei.+Comuna+este+obligat%C4%83+s%C4%83+restituie+peste+dou%C4%83+milioane+de+lei+%C8%99i+poate+fi+executat%C4%83+silit+dac%C4%83+nu+pl%C4%83te%C8%99te\" title=\"ReddIt\"><\/p>\n<div class=\"td-social-but-text\">ReddIt<\/div>\n<p><\/a><a class=\"td-social-sharing-button td-social-sharing-button-js td-social-network td-social-mail\" href=\"mailto:?subject=Biarena%20c%C3%A2%C8%99tig%C4%83%20definitiv%20procesul%20cu%20Prim%C4%83ria%20S%C3%A2nandrei.%20Comuna%20este%20obligat%C4%83%20s%C4%83%20restituie%20peste%20dou%C4%83%20milioane%20de%20lei%20%C8%99i%20poate%20fi%20executat%C4%83%20silit%20dac%C4%83%20nu%20pl%C4%83te%C8%99te&amp;body=https:\/\/orasul-timisoara.ro\/local-39866\/\" title=\"Email\"><\/p>\n<div class=\"td-social-but-text\">Email<\/div>\n<p><\/a><a class=\"td-social-sharing-button td-social-sharing-button-js td-social-network td-social-print\" href=\"https:\/\/orasul-timisoara.ro\/local-39866\/\" title=\"Imprimare\"><\/p>\n<div class=\"td-social-but-text\">Imprimare<\/div>\n<p><\/a><\/div>\n<\/div>\n<\/div>\n<div class=\"td-block-row td-post-next-prev\">\n<div class=\"td-block-span6 td-post-prev-post\">\n<div class=\"td-post-next-prev-content\"><span>Articolul precedent<\/span><a href=\"https:\/\/orasul-timisoara.ro\/local-39863\/\">Deficitul bugetar al Rom\u00e2niei s-a redus la 2% din PIB \u00een primul semestru din 2026. Veniturile statului cresc cu peste 10%, iar investi\u021biile ajung la aproape 60 de miliarde de lei<\/a><\/div>\n<\/div>\n<\/div>\n<div class=\"td-author-name vcard author\"><span class=\"fn\"><a href=\"https:\/\/orasul-timisoara.ro\/author\/timisoara\/\">redactia<\/a><\/span><\/div>\n<p><span class=\"td-page-meta\"><\/span><span class=\"td-page-meta\"><span class=\"td-page-meta\"><\/span><\/span><span class=\"td-page-meta\"><\/span><\/footer>\n<div class=\"comments\" id=\"comments\">\n<div id=\"respond\" class=\"comment-respond\">\n<h3 id=\"reply-title\" class=\"comment-reply-title\">L\u0102SA\u021aI UN MESAJ<\/h3>\n<div class=\"comment-form-input-wrap td-form-comment\">\n<div class=\"td-warning-comment\">V\u0103 rug\u0103m s\u0103 introduce\u021bi comentariul dvs.!<\/div>\n<\/div>\n<div class=\"comment-form-input-wrap td-form-author\">\n<div class=\"td-warning-author\">Introduce\u021bi aici numele dvs.<\/div>\n<\/div>\n<div class=\"comment-form-input-wrap td-form-email\">\n<div class=\"td-warning-email-error\">A\u021bi introdus o adres\u0103 de e-mail incorect\u0103!<\/div>\n<div class=\"td-warning-email\">V\u0103 rug\u0103m s\u0103 introduce\u021bi adresa dvs. de e-mail aici<\/div>\n<\/div>\n<\/div>\n<p class=\"akismet_comment_form_privacy_notice\">Acest site folose\u0219te Akismet pentru a reduce spamul. <a href=\"https:\/\/akismet.com\/privacy\/\" target=\"_blank\" rel=\"nofollow noopener\">Afl\u0103 cum sunt procesate datele comentariilor tale<\/a>.<\/p>\n<\/div>\n<\/div>\n<\/div>\n<div class=\"td-pb-span4 td-main-sidebar\" role=\"complementary\">\n<div class=\"td-ss-main-sidebar\">\n<aside id=\"block-4\" class=\"td_block_template_8 widget block-4 widget_block widget_media_image\">\n<figure class=\"wp-block-image size-full\"><img loading=\"lazy\" decoding=\"async\" width=\"336\" height=\"280\" src=\"https:\/\/orasul-timisoara.ro\/wp-content\/uploads\/2024\/11\/ReTIM-Abonamentul-Verde-Google-Ads-336x280px.gif\" alt class=\"wp-image-29257\"><\/figure>\n<\/aside>\n<div class=\"td_block_wrap td_block_social_counter td_block_widget tdi_3 td-social-style5 td-social-boxed td-pb-border-top td_block_template_8\">\n<div class=\"td-block-title-wrap\">\n<h4 class=\"td-block-title\"><span>Urm\u0103re\u0219te-ne pe Social Media<\/span><\/h4>\n<\/div>\n<div class=\"td-social-list\">\n<div class=\"td_social_type td-pb-margin-side td_social_facebook\">\n<div class=\"td-social-box\"><span class=\"td_social_info td_social_info_counter\">344,595<\/span><span class=\"td_social_info td_social_info_name\">Fani<\/span><span class=\"td_social_button\"><a href=\"https:\/\/www.facebook.com\/247timisoara\" target=\"_blank\" rel=\"nofollow\">\u00cemi place<\/a><\/span><\/div>\n<\/div>\n<div class=\"td_social_type td-pb-margin-side td_social_instagram\">\n<div class=\"td-social-box\"><span class=\"td_social_info td_social_info_counter\">4,416<\/span><span class=\"td_social_info td_social_info_name\">Cititori<\/span><span class=\"td_social_button\"><a href=\"https:\/\/instagram.com\/orasultimisoararo\/\" target=\"_blank\" rel=\"nofollow\">Conecta\u021bi-v\u0103<\/a><\/span><\/div>\n<\/div>\n<div class=\"td_social_type td-pb-margin-side td_social_rss\">\n<div class=\"td-social-box\"><span class=\"td_social_info td_social_info_counter\">12,506<\/span><span class=\"td_social_info td_social_info_name\">Cititori<\/span><span class=\"td_social_button\"><a href=\"https:\/\/orasul-timisoara.ro\/feed\/\" target=\"_blank\" rel=\"nofollow\">Conecta\u021bi-v\u0103<\/a><\/span><\/div>\n<\/div>\n<div class=\"td_social_type td-pb-margin-side td_social_tiktok\">\n<div class=\"td-social-box\"><span class=\"td_social_info td_social_info_counter\">1,500<\/span><span class=\"td_social_info td_social_info_name\">Cititori<\/span><span class=\"td_social_button\"><a href=\"https:\/\/www.tiktok.com\/@orasultimisoara\" target=\"_blank\" rel=\"nofollow\">Conecta\u021bi-v\u0103<\/a><\/span><\/div>\n<\/div>\n<div class=\"td_social_type td-pb-margin-side td_social_twitter\">\n<div class=\"td-social-box\"><span class=\"td_social_info td_social_info_counter\">1,595<\/span><span class=\"td_social_info td_social_info_name\">Cititori<\/span><span class=\"td_social_button\"><a href=\"https:\/\/twitter.com\/orasultm\" target=\"_blank\" rel=\"nofollow\">Conecta\u021bi-v\u0103<\/a><\/span><\/div>\n<\/div>\n<div class=\"td_social_type td-pb-margin-side td_social_youtube\">\n<div class=\"td-social-box\"><span class=\"td_social_info td_social_info_counter\">3,506<\/span><span class=\"td_social_info td_social_info_name\">Abona\u021bi<\/span><span class=\"td_social_button\"><a href=\"https:\/\/www.youtube.com\/channel\/UCQNsQvs2XCSIm1Z-AHRturw?sub_confirmation=1\" target=\"_blank\" rel=\"nofollow\">Abona\u021bi-v\u0103<\/a><\/span><\/div>\n<\/div>\n<\/div>\n<\/div>\n<aside id=\"text-7\" class=\"td_block_template_8 widget text-7 widget_text\">\n<h4 class=\"td-block-title\"><span>C\u0103ut\u0103ri populare pe OTM<\/span><\/h4>\n<div class=\"textwidget\"><a href=\"https:\/\/orasul-timisoara.ro\/?s=timisoara\"><span>Timisoara<\/span><\/a><a href=\"https:\/\/orasul-timisoara.ro\/?s=calin+dobra\"><span>Calin Dobra<\/span><\/a><a href=\"https:\/\/orasul-timisoara.ro\/?s=primaria+timisoara\"><span>Primaria Timisoara<\/span><\/a><a href=\"https:\/\/orasul-timisoara.ro\/?s=dominic+fritz\"><span>Dominic Fritz<\/span><\/a><a href=\"https:\/\/orasul-timisoara.ro\/?s=nicolae+robu\"><span>Nicolae Robu<\/span><\/a><a href=\"https:\/\/orasul-timisoara.ro\/?s=consiliul+local+timisoara\">Consiliul Local Timisoara<\/a><a href=\"https:\/\/orasul-timisoara.ro\/?s=consiliul+judetean+timis\"><span>Consiliul Judetean Timis<\/span><\/a><a href=\"https:\/\/orasul-timisoara.ro\/?s=cjt\"><span>CJT<\/span><\/a><a href=\"https:\/\/orasul-timisoara.ro\/?s=Alfred+Simonis\"><span>Alfred Simonis<\/span><\/a><a href=\"https:\/\/orasul-timisoara.ro\/?s=PNL\"><span>PNL<\/span><\/a><a href=\"https:\/\/orasul-timisoara.ro\/?s=coronavirus\"><span>coronavirus<\/span><\/a><a href=\"https:\/\/orasul-timisoara.ro\/?s=teatru+timisoara\">teatru Timisoara<\/a><a href=\"https:\/\/orasul-timisoara.ro\/?s=restaurante\"><span>restaurante Timisoara<\/span><\/a><a href=\"https:\/\/orasul-timisoara.ro\/?s=diskoteka\"><span>Diskoteka<\/span><\/a><a href=\"https:\/\/orasul-timisoara.ro\/?s=iulius+town\"><span>Iulius Town<\/span><\/a><a href=\"https:\/\/orasul-timisoara.ro\/?s=iulius+mall\"><span>Iulius Mall<\/span><\/a><a href=\"https:\/\/orasul-timisoara.ro\/?s=stpt\"><span>STPT<\/span><\/a><a href=\"https:\/\/orasul-timisoara.ro\/?s=alin+nica\"><span>Alin Nica<\/span><\/a><a href=\"https:\/\/orasul-timisoara.ro\/?s=psd\"><span>PSD<\/span><\/a><a href=\"https:\/\/orasul-timisoara.ro\/?s=aeroport\"><span>Aeroportul International Timisoara<\/span><\/a><a href=\"https:\/\/orasul-timisoara.ro\/?s=babes\"><span>Spitalul Victor Babes Timisoara<\/span><\/a><a href=\"https:\/\/orasul-timisoara.ro\/?s=poli\"><span>Poli Timi\u0219oara<\/span><\/a><a href=\"https:\/\/orasul-timisoara.ro\/?s=carantina\"><span>carantina<\/span><\/a><a href=\"https:\/\/orasul-timisoara.ro\/?s=aquatim\"><span>Aquatim<\/span><\/a><a href=\"https:\/\/orasul-timisoara.ro\/local-category\/stiri-timisoara\/\"><span>Stiri Timisoara<\/span><\/a><a href=\"https:\/\/orasul-timisoara.ro\/local-category\/investitii-in-timisoara\/\"><span>Investi\u021bii in Timi\u0219oara<\/span><\/a><a href=\"https:\/\/orasul-timisoara.ro\/local-9463\/\"><span>shaorma<\/span><\/a><a href=\"https:\/\/orasul-timisoara.ro\/?s=trafic\"><span>trafic rutier<\/span><\/a><a href=\"https:\/\/orasul-timisoara.ro\/?s=politia\"><span>politia locala timisoara<\/span><\/a><a href=\"https:\/\/orasul-timisoara.ro\/?s=roxana\"><span>Roxana Iliescu<\/span><\/a><a href=\"https:\/\/orasul-timisoara.ro\/?s=colterm\"><span>Colterm<\/span><\/a><a href=\"https:\/\/orasul-timisoara.ro\/?s=latcau\"><span>Ruben La\u021bc\u0103u<\/span><\/a><a href=\"https:\/\/orasul-timisoara.ro\/?s=timis\"><span>\u0218tiri din Timi\u0219<\/span><\/a><a href=\"https:\/\/orasul-timisoara.ro\/?s=spital\"><span>Spitale din Timi\u0219oara<\/span><\/a><a href=\"https:\/\/orasul-timisoara.ro\/?s=tabara\"><span>Cosmin Tab\u0103r\u0103<\/span><\/a><\/div>\n<\/aside>\n<aside id=\"rss-2\" class=\"td_block_template_8 widget rss-2 widget_rss\">\n<h4 class=\"td-block-title\"><span><a class=\"rsswidget rss-widget-feed\" href=\"https:\/\/fashionfridays.ro\/feed\"><img decoding=\"async\" class=\"rss-widget-icon\" width=\"14\" height=\"14\" src=\"https:\/\/orasul-timisoara.ro\/wp-includes\/images\/rss.png\" alt=\"RSS\" loading=\"lazy\"><\/a><a class=\"rsswidget rss-widget-title\" href=\"https:\/\/fashionfridays.ro\/\">Fashion Fridays<\/a><\/span><\/h4>\n<ul>\n<li><a class=\"rsswidget\" href=\"https:\/\/fashionfridays.ro\/romania-devine-a-29-a-piata-vogue-o-noua-era-pentru-industria-locala-de-moda\/\">Rom\u00e2nia devine a 29-a pia\u021b\u0103 Vogue: o nou\u0103 er\u0103 pentru industria local\u0103 de mod\u0103<\/a>\n<div class=\"rssSummary\">Revista Vogue \u00ee\u0219i extinde prezen\u021ba global\u0103 \u0219i va fi lansat\u0103 oficial \u00een Rom\u00e2nia \u00een prim\u0103vara anului 2027, marc\u00e2nd intrarea pe cea de-a 29-a pia\u021b\u0103 interna\u021bional\u0103. Proiectul este realizat \u00een parteneriat cu AEMME Publishing, o companie media recent \u00eenfiin\u021bat\u0103, care va publica edi\u021bia local\u0103 sub licen\u021b\u0103. Noua edi\u021bie, Vogue Rom\u00e2nia, \u00ee\u0219i propune s\u0103 combine autoritatea global\u0103 [\u2026]<\/div>\n<\/li>\n<\/ul>\n<\/aside>\n<aside id=\"rss-4\" class=\"td_block_template_8 widget rss-4 widget_rss\">\n<h4 class=\"td-block-title\"><span><a class=\"rsswidget rss-widget-feed\" href=\"https:\/\/emasini.ro\/feed\"><img decoding=\"async\" class=\"rss-widget-icon\" width=\"14\" height=\"14\" src=\"https:\/\/orasul-timisoara.ro\/wp-includes\/images\/rss.png\" alt=\"RSS\" loading=\"lazy\"><\/a><a class=\"rsswidget rss-widget-title\" href=\"https:\/\/emasini.ro\/\">eMasini<\/a><\/span><\/h4>\n<ul>\n<li><a class=\"rsswidget\" href=\"https:\/\/emasini.ro\/dacia-analizeaza-lansarea-lui-hipster-automobilul-urban-de-doar-3-metri-lungime\/\">Dacia analizeaz\u0103 lansarea lui Hipster, automobilul urban de doar 3 metri lungime (video)<\/a>\n<div class=\"rssSummary\">Dacia ar putea introduce pe pia\u021b\u0103 unul dintre cele mai neobi\u0219nuite modele din istoria sa recent\u0103. Conceptul Hipster, prezentat anul trecut ca o reinterpretare radical\u0103 a automobilului urban accesibil, se afl\u0103 \u00een prezent \u00eentr-o etap\u0103 de evaluare, iar decizia privind produc\u021bia de serie va fi luat\u0103 \u00een func\u021bie de reac\u021bia publicului \u0219i de evolu\u021bia reglement\u0103rilor [\u2026]<\/div>\n<\/li>\n<\/ul>\n<\/aside>\n<\/div>\n<\/div>\n<\/div>\n<\/div>\n<\/article>\n<div class=\"td-post-content tagdiv-type\">\n<p class=\"wp-block-paragraph\"><a href=\"https:\/\/portal.just.ro\/59\/SitePages\/Dosar.aspx?id_dosar=3000000000182470&amp;id_inst=59\" data-type=\"link\" data-id=\"https:\/\/portal.just.ro\/59\/SitePages\/Dosar.aspx?id_dosar=3000000000182470&amp;id_inst=59\" target=\"_blank\" rel=\"noopener\">Victoria definitiv\u0103<\/a> ob\u021binut\u0103 de societatea MIKIMOB SRL, cunoscut\u0103 \u00een comuna S\u00e2nandrei prin complexul Biarena, deschide drumul recuper\u0103rii \u00een instan\u021b\u0103 a peste dou\u0103 milioane de lei achita\u021bi cu titlu de taxe locale stabilite \u00een baza unor hot\u0103r\u00e2ri ale Consiliului Local S\u00e2nandrei anulate definitiv de Curtea de Apel Timi\u0219oara.<\/p>\n<p class=\"wp-block-paragraph\">Potrivit documentelor depuse la Tribunalul Timi\u0219, societatea solicit\u0103 obligarea Comunei S\u00e2nandrei la plata sumei de 2.065.953 de lei, reprezent\u00e2nd diferen\u021be de impozit \u0219i major\u0103ri de \u00eent\u00e2rziere achitate \u00een perioada 2019\u20132024 pentru cl\u0103diri cu destina\u021bie nereziden\u021bial\u0103, \u00een baza deciziilor de impunere \u0219i \u00een\u0219tiin\u021b\u0103rilor de plat\u0103 emise de Serviciul Impozite \u0219i Taxe din cadrul Prim\u0103riei S\u00e2nandrei.<\/p>\n<h2 class=\"wp-block-heading\">Hot\u0103r\u00e2rile Consiliului Local au fost anulate definitiv<\/h2>\n<p class=\"wp-block-paragraph\">\u00cen luna martie 2025, Curtea de Apel Timi\u0219oara a admis recursul formulat de MIKIMOB SRL \u0219i a anulat definitiv hot\u0103r\u00e2rile Consiliului Local S\u00e2nandrei prin care au fost stabilite cotele de impozitare pentru cl\u0103dirile nereziden\u021biale aferente anilor fiscali 2019\u20132023.<\/p>\n<p class=\"wp-block-paragraph\">Prin aceea\u0219i hot\u0103r\u00e2re definitiv\u0103, instan\u021ba a obligat Consiliul Local S\u00e2nandrei la plata cheltuielilor de judecat\u0103 \u00een cuantum de 12.000 de lei. Decizia Cur\u021bii de Apel a \u00eenl\u0103turat temeiul juridic care a stat la baza stabilirii \u0219i \u00eencas\u0103rii obliga\u021biilor fiscale contestate de societate.<\/p>\n<h2 class=\"wp-block-heading\">Societatea solicit\u0103 restituirea prejudiciului<\/h2>\n<p class=\"wp-block-paragraph\">Dup\u0103 c\u00e2\u0219tigarea definitiv\u0103 a litigiului privind anularea actelor administrative, MIKIMOB SRL a ini\u021biat o nou\u0103 ac\u021biune \u00een instan\u021b\u0103 prin care solicit\u0103 recuperarea prejudiciului pe care sus\u021bine c\u0103 l-a suferit ca urmare a \u00eencas\u0103rii acestor sume.<\/p>\n<p class=\"wp-block-paragraph\">Cererea formulat\u0103 la Tribunalul Timi\u0219 vizeaz\u0103 obligarea Comunei S\u00e2nandrei la plata desp\u0103gubirilor \u00een valoare de 2.065.953 de lei, reprezent\u00e2nd diferen\u021bele de impozit \u0219i major\u0103rile de \u00eent\u00e2rziere achitate \u00een perioada 2019\u20132024.<\/p>\n<h2 class=\"wp-block-heading\">Un impact financiar important pentru bugetul local<\/h2>\n<p class=\"wp-block-paragraph\">Miza financiar\u0103 a litigiului este una semnificativ\u0103 pentru bugetul Comunei S\u00e2nandrei, suma solicitat\u0103 dep\u0103\u0219ind dou\u0103 milioane de lei.<\/p>\n<p class=\"wp-block-paragraph\">\u00cen situa\u021bia \u00een care instan\u021ba va admite cererea formulat\u0103 de societate, iar obliga\u021biile stabilite prin hot\u0103r\u00e2rea definitiv\u0103 nu vor fi executate de bun\u0103voie, legea permite recuperarea crean\u021bei prin procedurile de executare silit\u0103 prev\u0103zute de Codul de procedur\u0103 civil\u0103.<\/p>\n<h2 class=\"wp-block-heading\">Declara\u021biile recente ale primarului \u0219i pozi\u021bia societ\u0103\u021bii<\/h2>\n<p class=\"wp-block-paragraph\">Evolu\u021bia acestui litigiu coincide cu o perioad\u0103 tensionat\u0103 \u00een rela\u021bia dintre administra\u021bia local\u0103 \u0219i reprezentan\u021bii complexului Biarena. \u00cen ultimele zile, primarul comunei S\u00e2nandrei, Claudiu Coman, a formulat \u00een spa\u021biul public o serie de declara\u021bii critice la adresa complexului, merg\u00e2nd p\u00e2n\u0103 la compara\u021bii cu tragedia produs\u0103 la clubul Colectiv din Bucure\u0219ti.<\/p>\n<p class=\"wp-block-paragraph\">Reprezentan\u021bii societ\u0103\u021bii consider\u0103 c\u0103 aceast\u0103 compara\u021bie este lipsit\u0103 de fundament \u0219i nu reflect\u0103 situa\u021bia concret\u0103 a restaurantului din S\u00e2nandrei. Potrivit acestora, complexul are o capacitate diferit\u0103 fa\u021b\u0103 de clubul \u00een care s-a produs incendiul din 2015 \u0219i dispune de cel pu\u021bin trei c\u0103i de evacuare pentru participan\u021bi.<\/p>\n<p class=\"wp-block-paragraph\">Cronologic, ac\u021biunea privind recuperarea prejudiciului \u0219i declara\u021biile publice formulate recent de primarul Claudiu Coman au avut loc \u00een aceea\u0219i perioad\u0103. P\u00e2n\u0103 \u00een prezent, edilul nu a indicat public existen\u021ba unei leg\u0103turi \u00eentre cele dou\u0103 situa\u021bii, astfel c\u0103 orice asociere \u00eentre acestea r\u0103m\u00e2ne la nivel de ipotez\u0103 \u0219i nu poate fi prezentat\u0103 ca fapt.<\/p>\n<h2 class=\"wp-block-heading\">Urm\u0103toarea etap\u0103: recuperarea efectiv\u0103 a banilor<\/h2>\n<p class=\"wp-block-paragraph\">Dup\u0103 anularea definitiv\u0103 a hot\u0103r\u00e2rilor Consiliului Local privind nivelul taxelor locale, litigiul dintre MIKIMOB SRL \u0219i autorit\u0103\u021bile din S\u00e2nandrei a intrat \u00eentr-o nou\u0103 etap\u0103, cea a recuper\u0103rii sumelor pe care societatea sus\u021bine c\u0103 le-a achitat \u00een baza unor acte administrative declarate definitiv nelegale.<\/p>\n<p class=\"wp-block-paragraph\">Dosarul aflat pe rolul Tribunalului Timi\u0219 va stabili dac\u0103 autoritatea local\u0103 datoreaz\u0103 desp\u0103gubirile solicitate \u0219i, \u00een caz afirmativ, obliga\u021bia de restituire a acestora.<\/p>\n<\/div>\n<p>[analyse_source url=&#8221;https:\/\/orasul-timisoara.ro\/local-39866\/&#8221;]<\/p>\n","protected":false},"excerpt":{"rendered":"<p>[analyse_image type=&#8221;featured&#8221; src=&#8221;https:\/\/orasul-timisoara.ro\/wp-content\/uploads\/2021\/03\/biaren-timisoara.jpg&#8221;] \u0218tiri LocaleBiarena c\u00e2\u0219tig\u0103 definitiv procesul cu Prim\u0103ria S\u00e2nandrei. Comuna este obligat\u0103 s\u0103 restituie&#8230; \u0218tiri Locale Biarena c\u00e2\u0219tig\u0103 definitiv procesul cu Prim\u0103ria S\u00e2nandrei. Comuna este obligat\u0103 s\u0103 restituie peste dou\u0103 milioane de lei \u0219i poate fi executat\u0103 silit dac\u0103 nu pl\u0103te\u0219te De c\u0103tre redactia &#8211; 24\/07\/2026 Facebook Twitter WhatsApp Linkedin ReddIt Email Imprimare [&hellip;]<\/p>\n","protected":false},"author":1,"featured_media":0,"comment_status":"open","ping_status":"","sticky":false,"template":"","format":"standard","meta":{"footnotes":""},"categories":[89],"tags":[226,189],"class_list":["post-2060088","post","type-post","status-publish","format-standard","hentry","category-romania","tag-crawlmanager","tag-orasul-timisoara-ro"],"_links":{"self":[{"href":"https:\/\/analyse.optim.biz\/index.php?rest_route=\/wp\/v2\/posts\/2060088","targetHints":{"allow":["GET"]}}],"collection":[{"href":"https:\/\/analyse.optim.biz\/index.php?rest_route=\/wp\/v2\/posts"}],"about":[{"href":"https:\/\/analyse.optim.biz\/index.php?rest_route=\/wp\/v2\/types\/post"}],"author":[{"embeddable":true,"href":"https:\/\/analyse.optim.biz\/index.php?rest_route=\/wp\/v2\/users\/1"}],"replies":[{"embeddable":true,"href":"https:\/\/analyse.optim.biz\/index.php?rest_route=%2Fwp%2Fv2%2Fcomments&post=2060088"}],"version-history":[{"count":0,"href":"https:\/\/analyse.optim.biz\/index.php?rest_route=\/wp\/v2\/posts\/2060088\/revisions"}],"wp:attachment":[{"href":"https:\/\/analyse.optim.biz\/index.php?rest_route=%2Fwp%2Fv2%2Fmedia&parent=2060088"}],"wp:term":[{"taxonomy":"category","embeddable":true,"href":"https:\/\/analyse.optim.biz\/index.php?rest_route=%2Fwp%2Fv2%2Fcategories&post=2060088"},{"taxonomy":"post_tag","embeddable":true,"href":"https:\/\/analyse.optim.biz\/index.php?rest_route=%2Fwp%2Fv2%2Ftags&post=2060088"}],"curies":[{"name":"wp","href":"https:\/\/api.w.org\/{rel}","templated":true}]}}